{"id":4555,"date":"2025-12-08T14:33:34","date_gmt":"2025-12-08T18:33:34","guid":{"rendered":"https:\/\/elglobal.do\/?p=4555"},"modified":"2025-12-08T14:33:36","modified_gmt":"2025-12-08T18:33:36","slug":"ente-electoral-en-honduras-anuncia-que-se-reinicia-el-escrutinio-de-las-elecciones","status":"publish","type":"post","link":"https:\/\/elglobal.do\/index.php\/2025\/12\/08\/ente-electoral-en-honduras-anuncia-que-se-reinicia-el-escrutinio-de-las-elecciones\/","title":{"rendered":"Ente electoral en Honduras anuncia que se reinicia el escrutinio de las elecciones"},"content":{"rendered":"\n<figure class=\"wp-block-image size-full\"><img loading=\"lazy\" decoding=\"async\" width=\"896\" height=\"504\" src=\"https:\/\/elglobal.do\/wp-content\/uploads\/2025\/12\/image-50.png\" alt=\"\" class=\"wp-image-4556\" srcset=\"https:\/\/elglobal.do\/wp-content\/uploads\/2025\/12\/image-50.png 896w, https:\/\/elglobal.do\/wp-content\/uploads\/2025\/12\/image-50-300x169.png 300w, https:\/\/elglobal.do\/wp-content\/uploads\/2025\/12\/image-50-768x432.png 768w\" sizes=\"auto, (max-width: 896px) 100vw, 896px\" \/><\/figure>\n\n\n\n<p><strong>Honduras.-<\/strong> La consejera presidenta del Consejo Nacional Electoral (CNE),&nbsp;<strong>Ana Paola Hall<\/strong>, anunci\u00f3 este domingo que se \u00ab<strong>reinicia de inmediato<\/strong>\u00bb el&nbsp;<strong>escrutinio<\/strong>&nbsp;de las&nbsp;<strong>elecciones generales<\/strong>&nbsp;que se celebraron el pasado 30 de noviembre, detenido desde el viernes por&nbsp;<strong>fallas t\u00e9cnicas<\/strong>.<\/p>\n\n\n\n<p>\u00abEn suma, se&nbsp;<strong>reinicia de inmediato<\/strong>&nbsp;en los pr\u00f3ximos minutos la&nbsp;<strong>divulgaci\u00f3n<\/strong>&nbsp;una vez que se hayan cumplido los \u00faltimos acciones t\u00e9cnicas de la empresa (que lleva el&nbsp;<strong>escrutinio<\/strong>), con la&nbsp;<strong>auditor\u00eda externa<\/strong>, y el personal est\u00e1 a la espera para poder reiniciarla\u00bb, subray\u00f3 Hall en una declaraci\u00f3n, acompa\u00f1ada de la consejera&nbsp;<strong>Cossette L\u00f3pez<\/strong>.<\/p>\n\n\n\n<p>Agreg\u00f3 que el d\u00eda de las elecciones, \u00aba pesar de todos los presagios,\u00a0<strong>Honduras<\/strong>\u00a0dio un\u00a0<strong>maravilloso ejemplo<\/strong>\u00bb y que el CNE se mantiene y se mantendr\u00e1 firme hasta el \u00faltimo momento el proceso, que se producir\u00e1 con la\u00a0<strong>declaratoria oficial<\/strong>\u00a0de resultados\u00bb.<\/p>\n\n\n\n<p>La consejera L\u00f3pez se\u00f1al\u00f3 que el pleno del CNE adopt\u00f3 \u00abla decisi\u00f3n por mayor\u00eda de votos de proceder al&nbsp;<strong>triple sellado<\/strong>&nbsp;del sistema, etapa previa indispensable para reactivar el sistema de la&nbsp;<strong>divulgaci\u00f3n<\/strong>&nbsp;de actas\u00bb.<\/p>\n\n\n\n<p>Adem\u00e1s, explic\u00f3 que la&nbsp;<strong>divulgaci\u00f3n<\/strong>&nbsp;de los datos incorpora informaci\u00f3n estad\u00edstica de dos vertientes, por un lado incluye los datos de las&nbsp;<strong>juntas receptoras<\/strong>&nbsp;de votos que hab\u00edan sido transmitidas, pero que figuraban con&nbsp;<strong>valor cero<\/strong>&nbsp;en cada uno de los partidos\u00bb.<\/p>\n\n\n\n<p>\u00abSon&nbsp;<strong>1,476 actas<\/strong>&nbsp;del&nbsp;<strong>nivel presidencial<\/strong>, 1,677 actas del nivel de diputados y 1,798 actas del nivel de corporaciones municipales. Esas actas provienen de&nbsp;<strong>todos los departamentos<\/strong>\u00bb del pa\u00eds, acot\u00f3.<\/p>\n\n\n\n<p>El tercer consejero del CNE,&nbsp;<strong>Marlon Ochoa<\/strong>, representante del oficialista&nbsp;<strong>Partido Libertad y Refundaci\u00f3n<\/strong>&nbsp;(Libre, izquierda), no acompa\u00f1\u00f3 a Hall, del Partido Liberal, y L\u00f3pez, del&nbsp;<strong>Partido Nacional<\/strong>, ambos conservadores.<\/p>\n\n\n\n<p>El&nbsp;<strong>escrutinio<\/strong>&nbsp;en la&nbsp;<strong>p\u00e1gina web<\/strong>&nbsp;del CNE se cay\u00f3 desde el pasado viernes por \u00ab<strong>fallas t\u00e9cnicas<\/strong>\u00ab, seg\u00fan inform\u00f3 el organismo, el s\u00e1bado, m\u00e1s de 24 horas despu\u00e9s de la falla.<\/p>\n\n\n\n<h2 class=\"wp-block-heading\">Aumenta la incertidumbre<\/h2>\n\n\n\n<p>La par\u00e1lisis ha aumentado la&nbsp;<strong>incertidumbre<\/strong>&nbsp;y&nbsp;<strong>suspicacia<\/strong>&nbsp;entre los hondure\u00f1os, que votaron para elegir a un presidente, tres designados presidenciales, 298 alcald\u00edas, 128 diputados para el Parlamento local y 20 para el Centroamericano.<\/p>\n\n\n\n<p>El \u00faltimo registro del CNE dej\u00f3 al candidato presidencial Nasry &#8216;Tito&#8217;&nbsp;<strong>Asfura<\/strong>, del&nbsp;<strong>Partido Nacional<\/strong>, quien es apoyado por Trump, encabezando los resultados con el 40,19 % de los votos, y Salvador Nasralla, del Partido Liberal, con el 39,49 %, con el 80,02 % de las actas escrutadas.<\/p>\n\n\n\n<p>La candidata de Libre, Rixi Moncada, es tercera con el 19,30 % de los votos<\/p>\n\n\n\n<p><\/p>\n","protected":false},"excerpt":{"rendered":"<p>Honduras.- La consejera presidenta del Consejo Nacional Electoral (CNE),&nbsp;Ana Paola Hall, anunci\u00f3 este domingo que se \u00abreinicia de inmediato\u00bb el&nbsp;escrutinio&nbsp;de las&nbsp;elecciones generales&nbsp;que se celebraron el pasado 30 de noviembre, detenido&hellip; <\/p>\n","protected":false},"author":1,"featured_media":4556,"comment_status":"open","ping_status":"open","sticky":false,"template":"","format":"standard","meta":{"_jetpack_memberships_contains_paid_content":false,"footnotes":""},"categories":[1],"tags":[608,2485,2313,2484],"class_list":["post-4555","post","type-post","status-publish","format-standard","has-post-thumbnail","hentry","category-categoria-internacionales","tag-elecciones","tag-escrutinio","tag-honduras","tag-reinicia"],"yoast_head":"<!-- This site is optimized with the Yoast SEO plugin v26.9 - https:\/\/yoast.com\/product\/yoast-seo-wordpress\/ -->\n<title>Ente electoral en Honduras anuncia que se reinicia el escrutinio de las elecciones - EL GLOBAL INFORMATIVO<\/title>\n<meta name=\"robots\" content=\"index, follow, max-snippet:-1, max-image-preview:large, max-video-preview:-1\" \/>\n<link rel=\"canonical\" href=\"https:\/\/elglobal.do\/index.php\/2025\/12\/08\/ente-electoral-en-honduras-anuncia-que-se-reinicia-el-escrutinio-de-las-elecciones\/\" \/>\n<meta property=\"og:locale\" content=\"es_ES\" \/>\n<meta property=\"og:type\" content=\"article\" \/>\n<meta property=\"og:title\" content=\"Ente electoral en Honduras anuncia que se reinicia el escrutinio de las elecciones - EL GLOBAL INFORMATIVO\" \/>\n<meta property=\"og:description\" content=\"Honduras.- La consejera presidenta del Consejo Nacional Electoral (CNE),&nbsp;Ana Paola Hall, anunci\u00f3 este domingo que se \u00abreinicia de inmediato\u00bb el&nbsp;escrutinio&nbsp;de las&nbsp;elecciones generales&nbsp;que se celebraron el pasado 30 de noviembre, detenido&hellip;\" \/>\n<meta property=\"og:url\" content=\"https:\/\/elglobal.do\/index.php\/2025\/12\/08\/ente-electoral-en-honduras-anuncia-que-se-reinicia-el-escrutinio-de-las-elecciones\/\" \/>\n<meta property=\"og:site_name\" content=\"EL GLOBAL INFORMATIVO\" \/>\n<meta property=\"article:published_time\" content=\"2025-12-08T18:33:34+00:00\" \/>\n<meta property=\"article:modified_time\" content=\"2025-12-08T18:33:36+00:00\" \/>\n<meta property=\"og:image\" content=\"https:\/\/elglobal.do\/wp-content\/uploads\/2025\/12\/image-50.png\" \/>\n\t<meta property=\"og:image:width\" content=\"896\" \/>\n\t<meta property=\"og:image:height\" content=\"504\" \/>\n\t<meta property=\"og:image:type\" content=\"image\/png\" \/>\n<meta name=\"author\" content=\"EL GLOBAL\" \/>\n<meta name=\"twitter:card\" content=\"summary_large_image\" \/>\n<meta name=\"twitter:label1\" content=\"Escrito por\" \/>\n\t<meta name=\"twitter:data1\" content=\"EL GLOBAL\" \/>\n\t<meta name=\"twitter:label2\" content=\"Tiempo de lectura\" \/>\n\t<meta name=\"twitter:data2\" content=\"3 minutos\" \/>\n<script type=\"application\/ld+json\" class=\"yoast-schema-graph\">{\"@context\":\"https:\/\/schema.org\",\"@graph\":[{\"@type\":\"Article\",\"@id\":\"https:\/\/elglobal.do\/index.php\/2025\/12\/08\/ente-electoral-en-honduras-anuncia-que-se-reinicia-el-escrutinio-de-las-elecciones\/#article\",\"isPartOf\":{\"@id\":\"https:\/\/elglobal.do\/index.php\/2025\/12\/08\/ente-electoral-en-honduras-anuncia-que-se-reinicia-el-escrutinio-de-las-elecciones\/\"},\"author\":{\"name\":\"EL GLOBAL\",\"@id\":\"https:\/\/elglobal.do\/#\/schema\/person\/0c97ec2c7714fb605d230c292f64d55f\"},\"headline\":\"Ente electoral en Honduras anuncia que se reinicia el escrutinio de las elecciones\",\"datePublished\":\"2025-12-08T18:33:34+00:00\",\"dateModified\":\"2025-12-08T18:33:36+00:00\",\"mainEntityOfPage\":{\"@id\":\"https:\/\/elglobal.do\/index.php\/2025\/12\/08\/ente-electoral-en-honduras-anuncia-que-se-reinicia-el-escrutinio-de-las-elecciones\/\"},\"wordCount\":476,\"commentCount\":0,\"publisher\":{\"@id\":\"https:\/\/elglobal.do\/#organization\"},\"image\":{\"@id\":\"https:\/\/elglobal.do\/index.php\/2025\/12\/08\/ente-electoral-en-honduras-anuncia-que-se-reinicia-el-escrutinio-de-las-elecciones\/#primaryimage\"},\"thumbnailUrl\":\"https:\/\/elglobal.do\/wp-content\/uploads\/2025\/12\/image-50.png\",\"keywords\":[\"#elecciones\",\"#Escrutinio\",\"#Honduras\",\"#Reinicia\"],\"articleSection\":[\"INTERNACIONALES\"],\"inLanguage\":\"es\",\"potentialAction\":[{\"@type\":\"CommentAction\",\"name\":\"Comment\",\"target\":[\"https:\/\/elglobal.do\/index.php\/2025\/12\/08\/ente-electoral-en-honduras-anuncia-que-se-reinicia-el-escrutinio-de-las-elecciones\/#respond\"]}]},{\"@type\":\"WebPage\",\"@id\":\"https:\/\/elglobal.do\/index.php\/2025\/12\/08\/ente-electoral-en-honduras-anuncia-que-se-reinicia-el-escrutinio-de-las-elecciones\/\",\"url\":\"https:\/\/elglobal.do\/index.php\/2025\/12\/08\/ente-electoral-en-honduras-anuncia-que-se-reinicia-el-escrutinio-de-las-elecciones\/\",\"name\":\"Ente electoral en Honduras anuncia que se reinicia el escrutinio de las elecciones - EL GLOBAL INFORMATIVO\",\"isPartOf\":{\"@id\":\"https:\/\/elglobal.do\/#website\"},\"primaryImageOfPage\":{\"@id\":\"https:\/\/elglobal.do\/index.php\/2025\/12\/08\/ente-electoral-en-honduras-anuncia-que-se-reinicia-el-escrutinio-de-las-elecciones\/#primaryimage\"},\"image\":{\"@id\":\"https:\/\/elglobal.do\/index.php\/2025\/12\/08\/ente-electoral-en-honduras-anuncia-que-se-reinicia-el-escrutinio-de-las-elecciones\/#primaryimage\"},\"thumbnailUrl\":\"https:\/\/elglobal.do\/wp-content\/uploads\/2025\/12\/image-50.png\",\"datePublished\":\"2025-12-08T18:33:34+00:00\",\"dateModified\":\"2025-12-08T18:33:36+00:00\",\"breadcrumb\":{\"@id\":\"https:\/\/elglobal.do\/index.php\/2025\/12\/08\/ente-electoral-en-honduras-anuncia-que-se-reinicia-el-escrutinio-de-las-elecciones\/#breadcrumb\"},\"inLanguage\":\"es\",\"potentialAction\":[{\"@type\":\"ReadAction\",\"target\":[\"https:\/\/elglobal.do\/index.php\/2025\/12\/08\/ente-electoral-en-honduras-anuncia-que-se-reinicia-el-escrutinio-de-las-elecciones\/\"]}]},{\"@type\":\"ImageObject\",\"inLanguage\":\"es\",\"@id\":\"https:\/\/elglobal.do\/index.php\/2025\/12\/08\/ente-electoral-en-honduras-anuncia-que-se-reinicia-el-escrutinio-de-las-elecciones\/#primaryimage\",\"url\":\"https:\/\/elglobal.do\/wp-content\/uploads\/2025\/12\/image-50.png\",\"contentUrl\":\"https:\/\/elglobal.do\/wp-content\/uploads\/2025\/12\/image-50.png\",\"width\":896,\"height\":504},{\"@type\":\"BreadcrumbList\",\"@id\":\"https:\/\/elglobal.do\/index.php\/2025\/12\/08\/ente-electoral-en-honduras-anuncia-que-se-reinicia-el-escrutinio-de-las-elecciones\/#breadcrumb\",\"itemListElement\":[{\"@type\":\"ListItem\",\"position\":1,\"name\":\"Portada\",\"item\":\"https:\/\/elglobal.do\/\"},{\"@type\":\"ListItem\",\"position\":2,\"name\":\"Ente electoral en Honduras anuncia que se reinicia el escrutinio de las elecciones\"}]},{\"@type\":\"WebSite\",\"@id\":\"https:\/\/elglobal.do\/#website\",\"url\":\"https:\/\/elglobal.do\/\",\"name\":\"EL GLOBAL INFORMATIVO\",\"description\":\"Peri\u00f3dico digital de la Rep\u00fablica Dominicana que ofrece noticias, novedades, pol\u00edtica y las \u00faltimas actualidades, con informaci\u00f3n veraz y oportuna para mantenerte siempre informad\",\"publisher\":{\"@id\":\"https:\/\/elglobal.do\/#organization\"},\"potentialAction\":[{\"@type\":\"SearchAction\",\"target\":{\"@type\":\"EntryPoint\",\"urlTemplate\":\"https:\/\/elglobal.do\/?s={search_term_string}\"},\"query-input\":{\"@type\":\"PropertyValueSpecification\",\"valueRequired\":true,\"valueName\":\"search_term_string\"}}],\"inLanguage\":\"es\"},{\"@type\":\"Organization\",\"@id\":\"https:\/\/elglobal.do\/#organization\",\"name\":\"EL GLOBAL.DO INFORMATIVO\",\"url\":\"https:\/\/elglobal.do\/\",\"logo\":{\"@type\":\"ImageObject\",\"inLanguage\":\"es\",\"@id\":\"https:\/\/elglobal.do\/#\/schema\/logo\/image\/\",\"url\":\"https:\/\/elglobal.do\/wp-content\/uploads\/2025\/08\/icon.png\",\"contentUrl\":\"https:\/\/elglobal.do\/wp-content\/uploads\/2025\/08\/icon.png\",\"width\":512,\"height\":512,\"caption\":\"EL GLOBAL.DO INFORMATIVO\"},\"image\":{\"@id\":\"https:\/\/elglobal.do\/#\/schema\/logo\/image\/\"}},{\"@type\":\"Person\",\"@id\":\"https:\/\/elglobal.do\/#\/schema\/person\/0c97ec2c7714fb605d230c292f64d55f\",\"name\":\"EL GLOBAL\",\"image\":{\"@type\":\"ImageObject\",\"inLanguage\":\"es\",\"@id\":\"https:\/\/elglobal.do\/#\/schema\/person\/image\/\",\"url\":\"https:\/\/secure.gravatar.com\/avatar\/081cfb6cf99faddc6f4e23a0c11ab98c5cf302925382d1c88dc3ed757ab910a3?s=96&d=mm&r=g\",\"contentUrl\":\"https:\/\/secure.gravatar.com\/avatar\/081cfb6cf99faddc6f4e23a0c11ab98c5cf302925382d1c88dc3ed757ab910a3?s=96&d=mm&r=g\",\"caption\":\"EL GLOBAL\"},\"description\":\"El Global Informativo es un peri\u00f3dico digital de Rep\u00fablica Dominicana que se dedica a cubrir temas importantes, como la pol\u00edtica local, geopol\u00edtica, econom\u00eda, tecnolog\u00eda, noticias internacionales y eventos relacionados con la gesti\u00f3n social, cultural y humana. Su objetivo principal es mantener a la poblaci\u00f3n informada, ofreciendo una visi\u00f3n amplia y actualizada de lo que sucede tanto en el pa\u00eds como en el mundo. Est\u00e1 dirigido por un grupo de periodistas experimentados, lo que garantiza la calidad y la precisi\u00f3n de la informaci\u00f3n que ofrecen. Tiene su sede en la ciudad de Santo Domingo y es parte integral del portafolio de la empresa, MC Global S.R.L.\",\"sameAs\":[\"https:\/\/elglobal.do\",\"https:\/\/www.instagram.com\/elglobal.do_informativo\/\"],\"url\":\"https:\/\/elglobal.do\/index.php\/author\/elglobaluserpro\/\"}]}<\/script>\n<!-- \/ Yoast SEO plugin. -->","yoast_head_json":{"title":"Ente electoral en Honduras anuncia que se reinicia el escrutinio de las elecciones - EL GLOBAL INFORMATIVO","robots":{"index":"index","follow":"follow","max-snippet":"max-snippet:-1","max-image-preview":"max-image-preview:large","max-video-preview":"max-video-preview:-1"},"canonical":"https:\/\/elglobal.do\/index.php\/2025\/12\/08\/ente-electoral-en-honduras-anuncia-que-se-reinicia-el-escrutinio-de-las-elecciones\/","og_locale":"es_ES","og_type":"article","og_title":"Ente electoral en Honduras anuncia que se reinicia el escrutinio de las elecciones - EL GLOBAL INFORMATIVO","og_description":"Honduras.- La consejera presidenta del Consejo Nacional Electoral (CNE),&nbsp;Ana Paola Hall, anunci\u00f3 este domingo que se \u00abreinicia de inmediato\u00bb el&nbsp;escrutinio&nbsp;de las&nbsp;elecciones generales&nbsp;que se celebraron el pasado 30 de noviembre, detenido&hellip;","og_url":"https:\/\/elglobal.do\/index.php\/2025\/12\/08\/ente-electoral-en-honduras-anuncia-que-se-reinicia-el-escrutinio-de-las-elecciones\/","og_site_name":"EL GLOBAL INFORMATIVO","article_published_time":"2025-12-08T18:33:34+00:00","article_modified_time":"2025-12-08T18:33:36+00:00","og_image":[{"width":896,"height":504,"url":"https:\/\/elglobal.do\/wp-content\/uploads\/2025\/12\/image-50.png","type":"image\/png"}],"author":"EL GLOBAL","twitter_card":"summary_large_image","twitter_misc":{"Escrito por":"EL GLOBAL","Tiempo de lectura":"3 minutos"},"schema":{"@context":"https:\/\/schema.org","@graph":[{"@type":"Article","@id":"https:\/\/elglobal.do\/index.php\/2025\/12\/08\/ente-electoral-en-honduras-anuncia-que-se-reinicia-el-escrutinio-de-las-elecciones\/#article","isPartOf":{"@id":"https:\/\/elglobal.do\/index.php\/2025\/12\/08\/ente-electoral-en-honduras-anuncia-que-se-reinicia-el-escrutinio-de-las-elecciones\/"},"author":{"name":"EL GLOBAL","@id":"https:\/\/elglobal.do\/#\/schema\/person\/0c97ec2c7714fb605d230c292f64d55f"},"headline":"Ente electoral en Honduras anuncia que se reinicia el escrutinio de las elecciones","datePublished":"2025-12-08T18:33:34+00:00","dateModified":"2025-12-08T18:33:36+00:00","mainEntityOfPage":{"@id":"https:\/\/elglobal.do\/index.php\/2025\/12\/08\/ente-electoral-en-honduras-anuncia-que-se-reinicia-el-escrutinio-de-las-elecciones\/"},"wordCount":476,"commentCount":0,"publisher":{"@id":"https:\/\/elglobal.do\/#organization"},"image":{"@id":"https:\/\/elglobal.do\/index.php\/2025\/12\/08\/ente-electoral-en-honduras-anuncia-que-se-reinicia-el-escrutinio-de-las-elecciones\/#primaryimage"},"thumbnailUrl":"https:\/\/elglobal.do\/wp-content\/uploads\/2025\/12\/image-50.png","keywords":["#elecciones","#Escrutinio","#Honduras","#Reinicia"],"articleSection":["INTERNACIONALES"],"inLanguage":"es","potentialAction":[{"@type":"CommentAction","name":"Comment","target":["https:\/\/elglobal.do\/index.php\/2025\/12\/08\/ente-electoral-en-honduras-anuncia-que-se-reinicia-el-escrutinio-de-las-elecciones\/#respond"]}]},{"@type":"WebPage","@id":"https:\/\/elglobal.do\/index.php\/2025\/12\/08\/ente-electoral-en-honduras-anuncia-que-se-reinicia-el-escrutinio-de-las-elecciones\/","url":"https:\/\/elglobal.do\/index.php\/2025\/12\/08\/ente-electoral-en-honduras-anuncia-que-se-reinicia-el-escrutinio-de-las-elecciones\/","name":"Ente electoral en Honduras anuncia que se reinicia el escrutinio de las elecciones - EL GLOBAL INFORMATIVO","isPartOf":{"@id":"https:\/\/elglobal.do\/#website"},"primaryImageOfPage":{"@id":"https:\/\/elglobal.do\/index.php\/2025\/12\/08\/ente-electoral-en-honduras-anuncia-que-se-reinicia-el-escrutinio-de-las-elecciones\/#primaryimage"},"image":{"@id":"https:\/\/elglobal.do\/index.php\/2025\/12\/08\/ente-electoral-en-honduras-anuncia-que-se-reinicia-el-escrutinio-de-las-elecciones\/#primaryimage"},"thumbnailUrl":"https:\/\/elglobal.do\/wp-content\/uploads\/2025\/12\/image-50.png","datePublished":"2025-12-08T18:33:34+00:00","dateModified":"2025-12-08T18:33:36+00:00","breadcrumb":{"@id":"https:\/\/elglobal.do\/index.php\/2025\/12\/08\/ente-electoral-en-honduras-anuncia-que-se-reinicia-el-escrutinio-de-las-elecciones\/#breadcrumb"},"inLanguage":"es","potentialAction":[{"@type":"ReadAction","target":["https:\/\/elglobal.do\/index.php\/2025\/12\/08\/ente-electoral-en-honduras-anuncia-que-se-reinicia-el-escrutinio-de-las-elecciones\/"]}]},{"@type":"ImageObject","inLanguage":"es","@id":"https:\/\/elglobal.do\/index.php\/2025\/12\/08\/ente-electoral-en-honduras-anuncia-que-se-reinicia-el-escrutinio-de-las-elecciones\/#primaryimage","url":"https:\/\/elglobal.do\/wp-content\/uploads\/2025\/12\/image-50.png","contentUrl":"https:\/\/elglobal.do\/wp-content\/uploads\/2025\/12\/image-50.png","width":896,"height":504},{"@type":"BreadcrumbList","@id":"https:\/\/elglobal.do\/index.php\/2025\/12\/08\/ente-electoral-en-honduras-anuncia-que-se-reinicia-el-escrutinio-de-las-elecciones\/#breadcrumb","itemListElement":[{"@type":"ListItem","position":1,"name":"Portada","item":"https:\/\/elglobal.do\/"},{"@type":"ListItem","position":2,"name":"Ente electoral en Honduras anuncia que se reinicia el escrutinio de las elecciones"}]},{"@type":"WebSite","@id":"https:\/\/elglobal.do\/#website","url":"https:\/\/elglobal.do\/","name":"EL GLOBAL INFORMATIVO","description":"Peri\u00f3dico digital de la Rep\u00fablica Dominicana que ofrece noticias, novedades, pol\u00edtica y las \u00faltimas actualidades, con informaci\u00f3n veraz y oportuna para mantenerte siempre informad","publisher":{"@id":"https:\/\/elglobal.do\/#organization"},"potentialAction":[{"@type":"SearchAction","target":{"@type":"EntryPoint","urlTemplate":"https:\/\/elglobal.do\/?s={search_term_string}"},"query-input":{"@type":"PropertyValueSpecification","valueRequired":true,"valueName":"search_term_string"}}],"inLanguage":"es"},{"@type":"Organization","@id":"https:\/\/elglobal.do\/#organization","name":"EL GLOBAL.DO INFORMATIVO","url":"https:\/\/elglobal.do\/","logo":{"@type":"ImageObject","inLanguage":"es","@id":"https:\/\/elglobal.do\/#\/schema\/logo\/image\/","url":"https:\/\/elglobal.do\/wp-content\/uploads\/2025\/08\/icon.png","contentUrl":"https:\/\/elglobal.do\/wp-content\/uploads\/2025\/08\/icon.png","width":512,"height":512,"caption":"EL GLOBAL.DO INFORMATIVO"},"image":{"@id":"https:\/\/elglobal.do\/#\/schema\/logo\/image\/"}},{"@type":"Person","@id":"https:\/\/elglobal.do\/#\/schema\/person\/0c97ec2c7714fb605d230c292f64d55f","name":"EL GLOBAL","image":{"@type":"ImageObject","inLanguage":"es","@id":"https:\/\/elglobal.do\/#\/schema\/person\/image\/","url":"https:\/\/secure.gravatar.com\/avatar\/081cfb6cf99faddc6f4e23a0c11ab98c5cf302925382d1c88dc3ed757ab910a3?s=96&d=mm&r=g","contentUrl":"https:\/\/secure.gravatar.com\/avatar\/081cfb6cf99faddc6f4e23a0c11ab98c5cf302925382d1c88dc3ed757ab910a3?s=96&d=mm&r=g","caption":"EL GLOBAL"},"description":"El Global Informativo es un peri\u00f3dico digital de Rep\u00fablica Dominicana que se dedica a cubrir temas importantes, como la pol\u00edtica local, geopol\u00edtica, econom\u00eda, tecnolog\u00eda, noticias internacionales y eventos relacionados con la gesti\u00f3n social, cultural y humana. Su objetivo principal es mantener a la poblaci\u00f3n informada, ofreciendo una visi\u00f3n amplia y actualizada de lo que sucede tanto en el pa\u00eds como en el mundo. Est\u00e1 dirigido por un grupo de periodistas experimentados, lo que garantiza la calidad y la precisi\u00f3n de la informaci\u00f3n que ofrecen. Tiene su sede en la ciudad de Santo Domingo y es parte integral del portafolio de la empresa, MC Global S.R.L.","sameAs":["https:\/\/elglobal.do","https:\/\/www.instagram.com\/elglobal.do_informativo\/"],"url":"https:\/\/elglobal.do\/index.php\/author\/elglobaluserpro\/"}]}},"jetpack_featured_media_url":"https:\/\/elglobal.do\/wp-content\/uploads\/2025\/12\/image-50.png","jetpack_sharing_enabled":true,"_links":{"self":[{"href":"https:\/\/elglobal.do\/index.php\/wp-json\/wp\/v2\/posts\/4555","targetHints":{"allow":["GET"]}}],"collection":[{"href":"https:\/\/elglobal.do\/index.php\/wp-json\/wp\/v2\/posts"}],"about":[{"href":"https:\/\/elglobal.do\/index.php\/wp-json\/wp\/v2\/types\/post"}],"author":[{"embeddable":true,"href":"https:\/\/elglobal.do\/index.php\/wp-json\/wp\/v2\/users\/1"}],"replies":[{"embeddable":true,"href":"https:\/\/elglobal.do\/index.php\/wp-json\/wp\/v2\/comments?post=4555"}],"version-history":[{"count":1,"href":"https:\/\/elglobal.do\/index.php\/wp-json\/wp\/v2\/posts\/4555\/revisions"}],"predecessor-version":[{"id":4560,"href":"https:\/\/elglobal.do\/index.php\/wp-json\/wp\/v2\/posts\/4555\/revisions\/4560"}],"wp:featuredmedia":[{"embeddable":true,"href":"https:\/\/elglobal.do\/index.php\/wp-json\/wp\/v2\/media\/4556"}],"wp:attachment":[{"href":"https:\/\/elglobal.do\/index.php\/wp-json\/wp\/v2\/media?parent=4555"}],"wp:term":[{"taxonomy":"category","embeddable":true,"href":"https:\/\/elglobal.do\/index.php\/wp-json\/wp\/v2\/categories?post=4555"},{"taxonomy":"post_tag","embeddable":true,"href":"https:\/\/elglobal.do\/index.php\/wp-json\/wp\/v2\/tags?post=4555"}],"curies":[{"name":"wp","href":"https:\/\/api.w.org\/{rel}","templated":true}]}}