{"id":4576,"date":"2025-12-09T10:40:02","date_gmt":"2025-12-09T14:40:02","guid":{"rendered":"https:\/\/elglobal.do\/?p=4576"},"modified":"2025-12-09T10:40:04","modified_gmt":"2025-12-09T14:40:04","slug":"wander-franco-enfrentara-un-nuevo-juicio-por-disposicion-de-la-corte-de-apelacion","status":"publish","type":"post","link":"https:\/\/elglobal.do\/index.php\/2025\/12\/09\/wander-franco-enfrentara-un-nuevo-juicio-por-disposicion-de-la-corte-de-apelacion\/","title":{"rendered":"Wander Franco enfrentar\u00e1 un nuevo juicio por disposici\u00f3n de la corte de apelaci\u00f3n"},"content":{"rendered":"\n<figure class=\"wp-block-image size-full\"><img loading=\"lazy\" decoding=\"async\" width=\"800\" height=\"536\" src=\"https:\/\/elglobal.do\/wp-content\/uploads\/2025\/12\/image-55.png\" alt=\"\" class=\"wp-image-4577\" srcset=\"https:\/\/elglobal.do\/wp-content\/uploads\/2025\/12\/image-55.png 800w, https:\/\/elglobal.do\/wp-content\/uploads\/2025\/12\/image-55-300x201.png 300w, https:\/\/elglobal.do\/wp-content\/uploads\/2025\/12\/image-55-768x515.png 768w\" sizes=\"auto, (max-width: 800px) 100vw, 800px\" \/><\/figure>\n\n\n\n<p><strong>Puerto Plata.-<\/strong> La\u00a0<strong>Corte de Apelaci\u00f3n de Puerto Plata<\/strong>\u00a0acogi\u00f3 el recurso de apelaci\u00f3n presentado por los abogados de\u00a0<strong>Martha Vanessa Chevalier<\/strong>\u00a0y dispuso la realizaci\u00f3n de un nuevo juicio en el caso contra esta y el jugador de Grandes Ligas\u00a0<strong>Wander Franco<\/strong>.<\/p>\n\n\n\n<p id=\"m66018-66017-66019\">Los jueces Xiomara Tineo, Onassis Pelegr\u00edn y Manuel Ure\u00f1a acogieron los alegatos presentados por los abogados Jos\u00e9 Thomas Diaz y Jan Carlos Cid, que deja sin efecto la sentencia que afect\u00f3 a Franco y a Chevalier, acusados de abuso sexual a una menor el primero y de explotaci\u00f3n sexual la segunda.<\/p>\n\n\n\n<p>La\u00a0<strong>Fiscal\u00eda<\/strong>\u00a0tiene opci\u00f3n de recurrir en casaci\u00f3n la sentencia o acogerse a la realizaci\u00f3n de un nuevo juicio como dispone la misma.<\/p>\n\n\n\n<p>Uno de los elementos claves que tendr\u00eda un nuevo juicio es que la joven que habr\u00eda sido objeto del\u00a0<strong>abuso<\/strong>, ya es mayor de edad por lo que podr\u00eda comparecer y declarar en el mismo.<\/p>\n\n\n\n<p><\/p>\n","protected":false},"excerpt":{"rendered":"<p>Puerto Plata.- La\u00a0Corte de Apelaci\u00f3n de Puerto Plata\u00a0acogi\u00f3 el recurso de apelaci\u00f3n presentado por los abogados de\u00a0Martha Vanessa Chevalier\u00a0y dispuso la realizaci\u00f3n de un nuevo juicio en el caso contra&hellip; <\/p>\n","protected":false},"author":1,"featured_media":4577,"comment_status":"open","ping_status":"open","sticky":false,"template":"","format":"standard","meta":{"_jetpack_memberships_contains_paid_content":false,"footnotes":""},"categories":[313,14],"tags":[2503,2502,876,1735],"class_list":["post-4576","post","type-post","status-publish","format-standard","has-post-thumbnail","hentry","category-justicia","category-slider","tag-cortedeapelacion","tag-nuevojuicio","tag-puertoplata","tag-wanderfranco"],"yoast_head":"<!-- This site is optimized with the Yoast SEO plugin v26.9 - https:\/\/yoast.com\/product\/yoast-seo-wordpress\/ -->\n<title>Wander Franco enfrentar\u00e1 un nuevo juicio por disposici\u00f3n de la corte de apelaci\u00f3n - EL GLOBAL INFORMATIVO<\/title>\n<meta name=\"robots\" content=\"index, follow, max-snippet:-1, max-image-preview:large, max-video-preview:-1\" \/>\n<link rel=\"canonical\" href=\"https:\/\/elglobal.do\/index.php\/2025\/12\/09\/wander-franco-enfrentara-un-nuevo-juicio-por-disposicion-de-la-corte-de-apelacion\/\" \/>\n<meta property=\"og:locale\" content=\"es_ES\" \/>\n<meta property=\"og:type\" content=\"article\" \/>\n<meta property=\"og:title\" content=\"Wander Franco enfrentar\u00e1 un nuevo juicio por disposici\u00f3n de la corte de apelaci\u00f3n - EL GLOBAL INFORMATIVO\" \/>\n<meta property=\"og:description\" content=\"Puerto Plata.- La\u00a0Corte de Apelaci\u00f3n de Puerto Plata\u00a0acogi\u00f3 el recurso de apelaci\u00f3n presentado por los abogados de\u00a0Martha Vanessa Chevalier\u00a0y dispuso la realizaci\u00f3n de un nuevo juicio en el caso contra&hellip;\" \/>\n<meta property=\"og:url\" content=\"https:\/\/elglobal.do\/index.php\/2025\/12\/09\/wander-franco-enfrentara-un-nuevo-juicio-por-disposicion-de-la-corte-de-apelacion\/\" \/>\n<meta property=\"og:site_name\" content=\"EL GLOBAL INFORMATIVO\" \/>\n<meta property=\"article:published_time\" content=\"2025-12-09T14:40:02+00:00\" \/>\n<meta property=\"article:modified_time\" content=\"2025-12-09T14:40:04+00:00\" \/>\n<meta property=\"og:image\" content=\"https:\/\/elglobal.do\/wp-content\/uploads\/2025\/12\/image-55.png\" \/>\n\t<meta property=\"og:image:width\" content=\"800\" \/>\n\t<meta property=\"og:image:height\" content=\"536\" \/>\n\t<meta property=\"og:image:type\" content=\"image\/png\" \/>\n<meta name=\"author\" content=\"EL GLOBAL\" \/>\n<meta name=\"twitter:card\" content=\"summary_large_image\" \/>\n<meta name=\"twitter:label1\" content=\"Escrito por\" \/>\n\t<meta name=\"twitter:data1\" content=\"EL GLOBAL\" \/>\n\t<meta name=\"twitter:label2\" content=\"Tiempo de lectura\" \/>\n\t<meta name=\"twitter:data2\" content=\"2 minutos\" \/>\n<script type=\"application\/ld+json\" class=\"yoast-schema-graph\">{\"@context\":\"https:\/\/schema.org\",\"@graph\":[{\"@type\":\"Article\",\"@id\":\"https:\/\/elglobal.do\/index.php\/2025\/12\/09\/wander-franco-enfrentara-un-nuevo-juicio-por-disposicion-de-la-corte-de-apelacion\/#article\",\"isPartOf\":{\"@id\":\"https:\/\/elglobal.do\/index.php\/2025\/12\/09\/wander-franco-enfrentara-un-nuevo-juicio-por-disposicion-de-la-corte-de-apelacion\/\"},\"author\":{\"name\":\"EL GLOBAL\",\"@id\":\"https:\/\/elglobal.do\/#\/schema\/person\/0c97ec2c7714fb605d230c292f64d55f\"},\"headline\":\"Wander Franco enfrentar\u00e1 un nuevo juicio por disposici\u00f3n de la corte de apelaci\u00f3n\",\"datePublished\":\"2025-12-09T14:40:02+00:00\",\"dateModified\":\"2025-12-09T14:40:04+00:00\",\"mainEntityOfPage\":{\"@id\":\"https:\/\/elglobal.do\/index.php\/2025\/12\/09\/wander-franco-enfrentara-un-nuevo-juicio-por-disposicion-de-la-corte-de-apelacion\/\"},\"wordCount\":181,\"commentCount\":0,\"publisher\":{\"@id\":\"https:\/\/elglobal.do\/#organization\"},\"image\":{\"@id\":\"https:\/\/elglobal.do\/index.php\/2025\/12\/09\/wander-franco-enfrentara-un-nuevo-juicio-por-disposicion-de-la-corte-de-apelacion\/#primaryimage\"},\"thumbnailUrl\":\"https:\/\/elglobal.do\/wp-content\/uploads\/2025\/12\/image-55.png\",\"keywords\":[\"#Cortedeapelaci\u00f3n\",\"#NuevoJuicio\",\"#PuertoPlata\",\"#WanderFranco\"],\"articleSection\":[\"JUSTICIA\",\"NOTICIAS RELEVANTES\"],\"inLanguage\":\"es\",\"potentialAction\":[{\"@type\":\"CommentAction\",\"name\":\"Comment\",\"target\":[\"https:\/\/elglobal.do\/index.php\/2025\/12\/09\/wander-franco-enfrentara-un-nuevo-juicio-por-disposicion-de-la-corte-de-apelacion\/#respond\"]}]},{\"@type\":\"WebPage\",\"@id\":\"https:\/\/elglobal.do\/index.php\/2025\/12\/09\/wander-franco-enfrentara-un-nuevo-juicio-por-disposicion-de-la-corte-de-apelacion\/\",\"url\":\"https:\/\/elglobal.do\/index.php\/2025\/12\/09\/wander-franco-enfrentara-un-nuevo-juicio-por-disposicion-de-la-corte-de-apelacion\/\",\"name\":\"Wander Franco enfrentar\u00e1 un nuevo juicio por disposici\u00f3n de la corte de apelaci\u00f3n - EL GLOBAL INFORMATIVO\",\"isPartOf\":{\"@id\":\"https:\/\/elglobal.do\/#website\"},\"primaryImageOfPage\":{\"@id\":\"https:\/\/elglobal.do\/index.php\/2025\/12\/09\/wander-franco-enfrentara-un-nuevo-juicio-por-disposicion-de-la-corte-de-apelacion\/#primaryimage\"},\"image\":{\"@id\":\"https:\/\/elglobal.do\/index.php\/2025\/12\/09\/wander-franco-enfrentara-un-nuevo-juicio-por-disposicion-de-la-corte-de-apelacion\/#primaryimage\"},\"thumbnailUrl\":\"https:\/\/elglobal.do\/wp-content\/uploads\/2025\/12\/image-55.png\",\"datePublished\":\"2025-12-09T14:40:02+00:00\",\"dateModified\":\"2025-12-09T14:40:04+00:00\",\"breadcrumb\":{\"@id\":\"https:\/\/elglobal.do\/index.php\/2025\/12\/09\/wander-franco-enfrentara-un-nuevo-juicio-por-disposicion-de-la-corte-de-apelacion\/#breadcrumb\"},\"inLanguage\":\"es\",\"potentialAction\":[{\"@type\":\"ReadAction\",\"target\":[\"https:\/\/elglobal.do\/index.php\/2025\/12\/09\/wander-franco-enfrentara-un-nuevo-juicio-por-disposicion-de-la-corte-de-apelacion\/\"]}]},{\"@type\":\"ImageObject\",\"inLanguage\":\"es\",\"@id\":\"https:\/\/elglobal.do\/index.php\/2025\/12\/09\/wander-franco-enfrentara-un-nuevo-juicio-por-disposicion-de-la-corte-de-apelacion\/#primaryimage\",\"url\":\"https:\/\/elglobal.do\/wp-content\/uploads\/2025\/12\/image-55.png\",\"contentUrl\":\"https:\/\/elglobal.do\/wp-content\/uploads\/2025\/12\/image-55.png\",\"width\":800,\"height\":536},{\"@type\":\"BreadcrumbList\",\"@id\":\"https:\/\/elglobal.do\/index.php\/2025\/12\/09\/wander-franco-enfrentara-un-nuevo-juicio-por-disposicion-de-la-corte-de-apelacion\/#breadcrumb\",\"itemListElement\":[{\"@type\":\"ListItem\",\"position\":1,\"name\":\"Portada\",\"item\":\"https:\/\/elglobal.do\/\"},{\"@type\":\"ListItem\",\"position\":2,\"name\":\"Wander Franco enfrentar\u00e1 un nuevo juicio por disposici\u00f3n de la corte de apelaci\u00f3n\"}]},{\"@type\":\"WebSite\",\"@id\":\"https:\/\/elglobal.do\/#website\",\"url\":\"https:\/\/elglobal.do\/\",\"name\":\"EL GLOBAL INFORMATIVO\",\"description\":\"Peri\u00f3dico digital de la Rep\u00fablica Dominicana que ofrece noticias, novedades, pol\u00edtica y las \u00faltimas actualidades, con informaci\u00f3n veraz y oportuna para mantenerte siempre informad\",\"publisher\":{\"@id\":\"https:\/\/elglobal.do\/#organization\"},\"potentialAction\":[{\"@type\":\"SearchAction\",\"target\":{\"@type\":\"EntryPoint\",\"urlTemplate\":\"https:\/\/elglobal.do\/?s={search_term_string}\"},\"query-input\":{\"@type\":\"PropertyValueSpecification\",\"valueRequired\":true,\"valueName\":\"search_term_string\"}}],\"inLanguage\":\"es\"},{\"@type\":\"Organization\",\"@id\":\"https:\/\/elglobal.do\/#organization\",\"name\":\"EL GLOBAL.DO INFORMATIVO\",\"url\":\"https:\/\/elglobal.do\/\",\"logo\":{\"@type\":\"ImageObject\",\"inLanguage\":\"es\",\"@id\":\"https:\/\/elglobal.do\/#\/schema\/logo\/image\/\",\"url\":\"https:\/\/elglobal.do\/wp-content\/uploads\/2025\/08\/icon.png\",\"contentUrl\":\"https:\/\/elglobal.do\/wp-content\/uploads\/2025\/08\/icon.png\",\"width\":512,\"height\":512,\"caption\":\"EL GLOBAL.DO INFORMATIVO\"},\"image\":{\"@id\":\"https:\/\/elglobal.do\/#\/schema\/logo\/image\/\"}},{\"@type\":\"Person\",\"@id\":\"https:\/\/elglobal.do\/#\/schema\/person\/0c97ec2c7714fb605d230c292f64d55f\",\"name\":\"EL GLOBAL\",\"image\":{\"@type\":\"ImageObject\",\"inLanguage\":\"es\",\"@id\":\"https:\/\/elglobal.do\/#\/schema\/person\/image\/\",\"url\":\"https:\/\/secure.gravatar.com\/avatar\/081cfb6cf99faddc6f4e23a0c11ab98c5cf302925382d1c88dc3ed757ab910a3?s=96&d=mm&r=g\",\"contentUrl\":\"https:\/\/secure.gravatar.com\/avatar\/081cfb6cf99faddc6f4e23a0c11ab98c5cf302925382d1c88dc3ed757ab910a3?s=96&d=mm&r=g\",\"caption\":\"EL GLOBAL\"},\"description\":\"El Global Informativo es un peri\u00f3dico digital de Rep\u00fablica Dominicana que se dedica a cubrir temas importantes, como la pol\u00edtica local, geopol\u00edtica, econom\u00eda, tecnolog\u00eda, noticias internacionales y eventos relacionados con la gesti\u00f3n social, cultural y humana. Su objetivo principal es mantener a la poblaci\u00f3n informada, ofreciendo una visi\u00f3n amplia y actualizada de lo que sucede tanto en el pa\u00eds como en el mundo. Est\u00e1 dirigido por un grupo de periodistas experimentados, lo que garantiza la calidad y la precisi\u00f3n de la informaci\u00f3n que ofrecen. Tiene su sede en la ciudad de Santo Domingo y es parte integral del portafolio de la empresa, MC Global S.R.L.\",\"sameAs\":[\"https:\/\/elglobal.do\",\"https:\/\/www.instagram.com\/elglobal.do_informativo\/\"],\"url\":\"https:\/\/elglobal.do\/index.php\/author\/elglobaluserpro\/\"}]}<\/script>\n<!-- \/ Yoast SEO plugin. -->","yoast_head_json":{"title":"Wander Franco enfrentar\u00e1 un nuevo juicio por disposici\u00f3n de la corte de apelaci\u00f3n - EL GLOBAL INFORMATIVO","robots":{"index":"index","follow":"follow","max-snippet":"max-snippet:-1","max-image-preview":"max-image-preview:large","max-video-preview":"max-video-preview:-1"},"canonical":"https:\/\/elglobal.do\/index.php\/2025\/12\/09\/wander-franco-enfrentara-un-nuevo-juicio-por-disposicion-de-la-corte-de-apelacion\/","og_locale":"es_ES","og_type":"article","og_title":"Wander Franco enfrentar\u00e1 un nuevo juicio por disposici\u00f3n de la corte de apelaci\u00f3n - EL GLOBAL INFORMATIVO","og_description":"Puerto Plata.- La\u00a0Corte de Apelaci\u00f3n de Puerto Plata\u00a0acogi\u00f3 el recurso de apelaci\u00f3n presentado por los abogados de\u00a0Martha Vanessa Chevalier\u00a0y dispuso la realizaci\u00f3n de un nuevo juicio en el caso contra&hellip;","og_url":"https:\/\/elglobal.do\/index.php\/2025\/12\/09\/wander-franco-enfrentara-un-nuevo-juicio-por-disposicion-de-la-corte-de-apelacion\/","og_site_name":"EL GLOBAL INFORMATIVO","article_published_time":"2025-12-09T14:40:02+00:00","article_modified_time":"2025-12-09T14:40:04+00:00","og_image":[{"width":800,"height":536,"url":"https:\/\/elglobal.do\/wp-content\/uploads\/2025\/12\/image-55.png","type":"image\/png"}],"author":"EL GLOBAL","twitter_card":"summary_large_image","twitter_misc":{"Escrito por":"EL GLOBAL","Tiempo de lectura":"2 minutos"},"schema":{"@context":"https:\/\/schema.org","@graph":[{"@type":"Article","@id":"https:\/\/elglobal.do\/index.php\/2025\/12\/09\/wander-franco-enfrentara-un-nuevo-juicio-por-disposicion-de-la-corte-de-apelacion\/#article","isPartOf":{"@id":"https:\/\/elglobal.do\/index.php\/2025\/12\/09\/wander-franco-enfrentara-un-nuevo-juicio-por-disposicion-de-la-corte-de-apelacion\/"},"author":{"name":"EL GLOBAL","@id":"https:\/\/elglobal.do\/#\/schema\/person\/0c97ec2c7714fb605d230c292f64d55f"},"headline":"Wander Franco enfrentar\u00e1 un nuevo juicio por disposici\u00f3n de la corte de apelaci\u00f3n","datePublished":"2025-12-09T14:40:02+00:00","dateModified":"2025-12-09T14:40:04+00:00","mainEntityOfPage":{"@id":"https:\/\/elglobal.do\/index.php\/2025\/12\/09\/wander-franco-enfrentara-un-nuevo-juicio-por-disposicion-de-la-corte-de-apelacion\/"},"wordCount":181,"commentCount":0,"publisher":{"@id":"https:\/\/elglobal.do\/#organization"},"image":{"@id":"https:\/\/elglobal.do\/index.php\/2025\/12\/09\/wander-franco-enfrentara-un-nuevo-juicio-por-disposicion-de-la-corte-de-apelacion\/#primaryimage"},"thumbnailUrl":"https:\/\/elglobal.do\/wp-content\/uploads\/2025\/12\/image-55.png","keywords":["#Cortedeapelaci\u00f3n","#NuevoJuicio","#PuertoPlata","#WanderFranco"],"articleSection":["JUSTICIA","NOTICIAS RELEVANTES"],"inLanguage":"es","potentialAction":[{"@type":"CommentAction","name":"Comment","target":["https:\/\/elglobal.do\/index.php\/2025\/12\/09\/wander-franco-enfrentara-un-nuevo-juicio-por-disposicion-de-la-corte-de-apelacion\/#respond"]}]},{"@type":"WebPage","@id":"https:\/\/elglobal.do\/index.php\/2025\/12\/09\/wander-franco-enfrentara-un-nuevo-juicio-por-disposicion-de-la-corte-de-apelacion\/","url":"https:\/\/elglobal.do\/index.php\/2025\/12\/09\/wander-franco-enfrentara-un-nuevo-juicio-por-disposicion-de-la-corte-de-apelacion\/","name":"Wander Franco enfrentar\u00e1 un nuevo juicio por disposici\u00f3n de la corte de apelaci\u00f3n - EL GLOBAL INFORMATIVO","isPartOf":{"@id":"https:\/\/elglobal.do\/#website"},"primaryImageOfPage":{"@id":"https:\/\/elglobal.do\/index.php\/2025\/12\/09\/wander-franco-enfrentara-un-nuevo-juicio-por-disposicion-de-la-corte-de-apelacion\/#primaryimage"},"image":{"@id":"https:\/\/elglobal.do\/index.php\/2025\/12\/09\/wander-franco-enfrentara-un-nuevo-juicio-por-disposicion-de-la-corte-de-apelacion\/#primaryimage"},"thumbnailUrl":"https:\/\/elglobal.do\/wp-content\/uploads\/2025\/12\/image-55.png","datePublished":"2025-12-09T14:40:02+00:00","dateModified":"2025-12-09T14:40:04+00:00","breadcrumb":{"@id":"https:\/\/elglobal.do\/index.php\/2025\/12\/09\/wander-franco-enfrentara-un-nuevo-juicio-por-disposicion-de-la-corte-de-apelacion\/#breadcrumb"},"inLanguage":"es","potentialAction":[{"@type":"ReadAction","target":["https:\/\/elglobal.do\/index.php\/2025\/12\/09\/wander-franco-enfrentara-un-nuevo-juicio-por-disposicion-de-la-corte-de-apelacion\/"]}]},{"@type":"ImageObject","inLanguage":"es","@id":"https:\/\/elglobal.do\/index.php\/2025\/12\/09\/wander-franco-enfrentara-un-nuevo-juicio-por-disposicion-de-la-corte-de-apelacion\/#primaryimage","url":"https:\/\/elglobal.do\/wp-content\/uploads\/2025\/12\/image-55.png","contentUrl":"https:\/\/elglobal.do\/wp-content\/uploads\/2025\/12\/image-55.png","width":800,"height":536},{"@type":"BreadcrumbList","@id":"https:\/\/elglobal.do\/index.php\/2025\/12\/09\/wander-franco-enfrentara-un-nuevo-juicio-por-disposicion-de-la-corte-de-apelacion\/#breadcrumb","itemListElement":[{"@type":"ListItem","position":1,"name":"Portada","item":"https:\/\/elglobal.do\/"},{"@type":"ListItem","position":2,"name":"Wander Franco enfrentar\u00e1 un nuevo juicio por disposici\u00f3n de la corte de apelaci\u00f3n"}]},{"@type":"WebSite","@id":"https:\/\/elglobal.do\/#website","url":"https:\/\/elglobal.do\/","name":"EL GLOBAL INFORMATIVO","description":"Peri\u00f3dico digital de la Rep\u00fablica Dominicana que ofrece noticias, novedades, pol\u00edtica y las \u00faltimas actualidades, con informaci\u00f3n veraz y oportuna para mantenerte siempre informad","publisher":{"@id":"https:\/\/elglobal.do\/#organization"},"potentialAction":[{"@type":"SearchAction","target":{"@type":"EntryPoint","urlTemplate":"https:\/\/elglobal.do\/?s={search_term_string}"},"query-input":{"@type":"PropertyValueSpecification","valueRequired":true,"valueName":"search_term_string"}}],"inLanguage":"es"},{"@type":"Organization","@id":"https:\/\/elglobal.do\/#organization","name":"EL GLOBAL.DO INFORMATIVO","url":"https:\/\/elglobal.do\/","logo":{"@type":"ImageObject","inLanguage":"es","@id":"https:\/\/elglobal.do\/#\/schema\/logo\/image\/","url":"https:\/\/elglobal.do\/wp-content\/uploads\/2025\/08\/icon.png","contentUrl":"https:\/\/elglobal.do\/wp-content\/uploads\/2025\/08\/icon.png","width":512,"height":512,"caption":"EL GLOBAL.DO INFORMATIVO"},"image":{"@id":"https:\/\/elglobal.do\/#\/schema\/logo\/image\/"}},{"@type":"Person","@id":"https:\/\/elglobal.do\/#\/schema\/person\/0c97ec2c7714fb605d230c292f64d55f","name":"EL GLOBAL","image":{"@type":"ImageObject","inLanguage":"es","@id":"https:\/\/elglobal.do\/#\/schema\/person\/image\/","url":"https:\/\/secure.gravatar.com\/avatar\/081cfb6cf99faddc6f4e23a0c11ab98c5cf302925382d1c88dc3ed757ab910a3?s=96&d=mm&r=g","contentUrl":"https:\/\/secure.gravatar.com\/avatar\/081cfb6cf99faddc6f4e23a0c11ab98c5cf302925382d1c88dc3ed757ab910a3?s=96&d=mm&r=g","caption":"EL GLOBAL"},"description":"El Global Informativo es un peri\u00f3dico digital de Rep\u00fablica Dominicana que se dedica a cubrir temas importantes, como la pol\u00edtica local, geopol\u00edtica, econom\u00eda, tecnolog\u00eda, noticias internacionales y eventos relacionados con la gesti\u00f3n social, cultural y humana. Su objetivo principal es mantener a la poblaci\u00f3n informada, ofreciendo una visi\u00f3n amplia y actualizada de lo que sucede tanto en el pa\u00eds como en el mundo. Est\u00e1 dirigido por un grupo de periodistas experimentados, lo que garantiza la calidad y la precisi\u00f3n de la informaci\u00f3n que ofrecen. Tiene su sede en la ciudad de Santo Domingo y es parte integral del portafolio de la empresa, MC Global S.R.L.","sameAs":["https:\/\/elglobal.do","https:\/\/www.instagram.com\/elglobal.do_informativo\/"],"url":"https:\/\/elglobal.do\/index.php\/author\/elglobaluserpro\/"}]}},"jetpack_featured_media_url":"https:\/\/elglobal.do\/wp-content\/uploads\/2025\/12\/image-55.png","jetpack_sharing_enabled":true,"_links":{"self":[{"href":"https:\/\/elglobal.do\/index.php\/wp-json\/wp\/v2\/posts\/4576","targetHints":{"allow":["GET"]}}],"collection":[{"href":"https:\/\/elglobal.do\/index.php\/wp-json\/wp\/v2\/posts"}],"about":[{"href":"https:\/\/elglobal.do\/index.php\/wp-json\/wp\/v2\/types\/post"}],"author":[{"embeddable":true,"href":"https:\/\/elglobal.do\/index.php\/wp-json\/wp\/v2\/users\/1"}],"replies":[{"embeddable":true,"href":"https:\/\/elglobal.do\/index.php\/wp-json\/wp\/v2\/comments?post=4576"}],"version-history":[{"count":1,"href":"https:\/\/elglobal.do\/index.php\/wp-json\/wp\/v2\/posts\/4576\/revisions"}],"predecessor-version":[{"id":4578,"href":"https:\/\/elglobal.do\/index.php\/wp-json\/wp\/v2\/posts\/4576\/revisions\/4578"}],"wp:featuredmedia":[{"embeddable":true,"href":"https:\/\/elglobal.do\/index.php\/wp-json\/wp\/v2\/media\/4577"}],"wp:attachment":[{"href":"https:\/\/elglobal.do\/index.php\/wp-json\/wp\/v2\/media?parent=4576"}],"wp:term":[{"taxonomy":"category","embeddable":true,"href":"https:\/\/elglobal.do\/index.php\/wp-json\/wp\/v2\/categories?post=4576"},{"taxonomy":"post_tag","embeddable":true,"href":"https:\/\/elglobal.do\/index.php\/wp-json\/wp\/v2\/tags?post=4576"}],"curies":[{"name":"wp","href":"https:\/\/api.w.org\/{rel}","templated":true}]}}