{"id":4582,"date":"2025-12-09T11:56:25","date_gmt":"2025-12-09T15:56:25","guid":{"rendered":"https:\/\/elglobal.do\/?p=4582"},"modified":"2025-12-09T11:56:27","modified_gmt":"2025-12-09T15:56:27","slug":"llegan-a-haiti-230-policias-kenianos-para-la-lucha-contra-los-pandilleros","status":"publish","type":"post","link":"https:\/\/elglobal.do\/index.php\/2025\/12\/09\/llegan-a-haiti-230-policias-kenianos-para-la-lucha-contra-los-pandilleros\/","title":{"rendered":"Llegan a Hait\u00ed\u00a0 230 pol\u00edcias kenianos para la lucha contra los pandilleros"},"content":{"rendered":"\n<figure class=\"wp-block-image size-full\"><img loading=\"lazy\" decoding=\"async\" width=\"800\" height=\"561\" src=\"https:\/\/elglobal.do\/wp-content\/uploads\/2025\/12\/image-57.png\" alt=\"\" class=\"wp-image-4583\" srcset=\"https:\/\/elglobal.do\/wp-content\/uploads\/2025\/12\/image-57.png 800w, https:\/\/elglobal.do\/wp-content\/uploads\/2025\/12\/image-57-300x210.png 300w, https:\/\/elglobal.do\/wp-content\/uploads\/2025\/12\/image-57-768x539.png 768w\" sizes=\"auto, (max-width: 800px) 100vw, 800px\" \/><\/figure>\n\n\n\n<p><strong>Hait\u00ed.-<\/strong>Un nuevo contingente de 230 polic\u00edas kenianos \u00abaltamente especializados\u00bb lleg\u00f3 este lunes al Aeropuerto Internacional Toussaint Louverture, en Puerto Pr\u00edncipe, con el fin de reforzar la Fuerza de Represi\u00f3n de Pandillas (GSF) en Hait\u00ed, que lucha contra la inseguridad en este pa\u00eds devastado por la violencia armada.<\/p>\n\n\n\n<p id=\"m60519-60518-60520\">Este quinto contingente fue recibido por miembros del Gobierno haitiano, por el director general de la Polic\u00eda Nacional de Hait\u00ed (PNH) y por miembros del cuerpo diplom\u00e1tico.<\/p>\n\n\n\n<p id=\"m60524-60523-60525\">\u00abLlegan en un momento crucial, tras la ampliaci\u00f3n del mandato de la GSF publicada el 3 de octubre de 2025. Su misi\u00f3n es clara: reforzar, consolidar y dinamizar los progresos ya realizados por la GSF\u00bb, declar\u00f3 el comandante en jefe de la Fuerza, Godfrey Otunge, en su discurso.<\/p>\n\n\n\n<p id=\"m60529-60528-60530\">Para \u00e9l, la llegada de este nuevo contingente keniano env\u00eda un mensaje fuerte e inequ\u00edvoco: Kenia est\u00e1 al lado de Hait\u00ed, todo el tiempo que sea necesario, hasta que prevalezca la paz.<\/p>\n\n\n\n<p id=\"m60534-60533-60535\">El 26 de junio de 2025, el primer contingente keniano, compuesto por 200 polic\u00edas, aterriz\u00f3 en este aeropuerto y recibi\u00f3 una c\u00e1lida y memorable bienvenida, recuerda Otunge. El Gobierno haitiano, el director general de la PNH, los embajadores y un p\u00fablico haitiano entusiasta les recibieron con los brazos abiertos, mientras los periodistas captaban ese momento hist\u00f3rico, afirm\u00f3.<\/p>\n\n\n\n<p id=\"m60539-60538-60540\">Desde ese primer aterrizaje de Kenya Airways en julio de este a\u00f1o, le han seguido otros tres contingentes. Hoy en d\u00eda, Kenia se ha convertido en el pa\u00eds que ha desplegado m\u00e1s de 700 polic\u00edas especializados, lo que ha garantizado una transici\u00f3n fluida de la antigua Misi\u00f3n de Apoyo a la Seguridad (MSS) a la nueva GSF, continu\u00f3 el responsable.<\/p>\n\n\n\n<p id=\"m60544-60543-60545\">\u00abEstos agentes han trabajado sin descanso, codo con codo con la PNH, llevando a cabo operaciones espec\u00edficas y basadas en la inteligencia, especialmente en los departamentos de Oeste y Artibonite\u00bb, afirm\u00f3 Otunge.<\/p>\n\n\n\n<p id=\"m60549-60548-60550\">Con la llegada de este nuevo contingente, unos 100 agentes kenianos que formaban parte del primer despliegue en julio de 2025 se marchan.<\/p>\n\n\n\n<p id=\"m60554-60553-60555\">\u00abCuando pasamos del MSS al GSF, algunos esc\u00e9pticos, incluidas las propias bandas, esperaban caos y un vac\u00edo de seguridad. Por el contrario, el GSF ha demostrado ser m\u00e1s centrado, mejor coordinado y mejor equipado, bas\u00e1ndose en las duras lecciones aprendidas durante la misi\u00f3n MSS\u00bb, agreg\u00f3 el militar.<\/p>\n\n\n\n<h3 class=\"wp-block-heading\">compromiso constante<\/h3>\n\n\n\n<p id=\"m60559-60558-60560\">El comandante tambi\u00e9n elogi\u00f3 el \u00abcompromiso constante\u00bb de otras naciones presentes sobre el terreno: Bahamas, Jamaica, El Salvador y Guatemala, que han demostrado su voluntad de reforzar a\u00fan m\u00e1s la GSF con nuevas capacidades.<\/p>\n\n\n\n<p id=\"m60564-60563-60565\">Otunge expres\u00f3 su \u00abprofunda\u00bb gratitud al Gobierno haitiano y a la PNH. Destaca que su apoyo, coordinaci\u00f3n y voluntad pol\u00edtica han sido indispensables.<\/p>\n\n\n\n<p id=\"m60569-60568-60570\">\u00abNuestros esfuerzos conjuntos, liderados desde la Oficina del Primer Ministro, la PNH y el mando de la GSF, han permitido operaciones bien sincronizadas que han asestado golpes significativos a las bandas que atormentan a esta naci\u00f3n. Esta unidad de acci\u00f3n ha sido esencial para movilizar todos los recursos disponibles hacia un \u00fanico objetivo: restablecer la seguridad y la dignidad del pueblo haitiano\u00bb, insisti\u00f3.<\/p>\n\n\n\n<p id=\"m60574-60573-60575\">Sin embargo, estos avances no se han logrado sin sacrificios, remach\u00f3 el militar keniano.<\/p>\n\n\n\n<p id=\"m60579-60578-60580\">\u00abHemos perdido a oficiales de la PNH y de la GSF en el cumplimiento de su deber. Que sus almas descansen en paz. Su valent\u00eda nos recuerda que el precio de la paz es a menudo elevado, pero es un precio que estamos dispuestos a pagar para que Hait\u00ed recupere su leg\u00edtimo lugar como naci\u00f3n fuerte, segura y pr\u00f3spera\u00bb, expuso.&nbsp;<\/p>\n\n\n\n<p><\/p>\n","protected":false},"excerpt":{"rendered":"<p>Hait\u00ed.-Un nuevo contingente de 230 polic\u00edas kenianos \u00abaltamente especializados\u00bb lleg\u00f3 este lunes al Aeropuerto Internacional Toussaint Louverture, en Puerto Pr\u00edncipe, con el fin de reforzar la Fuerza de Represi\u00f3n de&hellip; <\/p>\n","protected":false},"author":1,"featured_media":4583,"comment_status":"open","ping_status":"open","sticky":false,"template":"","format":"standard","meta":{"_jetpack_memberships_contains_paid_content":false,"footnotes":""},"categories":[1],"tags":[46,2507,2508,2506],"class_list":["post-4582","post","type-post","status-publish","format-standard","has-post-thumbnail","hentry","category-categoria-internacionales","tag-haiti","tag-kenianos","tag-luchacontrapandillas","tag-policias-2"],"yoast_head":"<!-- This site is optimized with the Yoast SEO plugin v26.9 - https:\/\/yoast.com\/product\/yoast-seo-wordpress\/ -->\n<title>Llegan a Hait\u00ed\u00a0 230 pol\u00edcias kenianos para la lucha contra los pandilleros - EL GLOBAL INFORMATIVO<\/title>\n<meta name=\"robots\" content=\"index, follow, max-snippet:-1, max-image-preview:large, max-video-preview:-1\" \/>\n<link rel=\"canonical\" href=\"https:\/\/elglobal.do\/index.php\/2025\/12\/09\/llegan-a-haiti-230-policias-kenianos-para-la-lucha-contra-los-pandilleros\/\" \/>\n<meta property=\"og:locale\" content=\"es_ES\" \/>\n<meta property=\"og:type\" content=\"article\" \/>\n<meta property=\"og:title\" content=\"Llegan a Hait\u00ed\u00a0 230 pol\u00edcias kenianos para la lucha contra los pandilleros - EL GLOBAL INFORMATIVO\" \/>\n<meta property=\"og:description\" content=\"Hait\u00ed.-Un nuevo contingente de 230 polic\u00edas kenianos \u00abaltamente especializados\u00bb lleg\u00f3 este lunes al Aeropuerto Internacional Toussaint Louverture, en Puerto Pr\u00edncipe, con el fin de reforzar la Fuerza de Represi\u00f3n de&hellip;\" \/>\n<meta property=\"og:url\" content=\"https:\/\/elglobal.do\/index.php\/2025\/12\/09\/llegan-a-haiti-230-policias-kenianos-para-la-lucha-contra-los-pandilleros\/\" \/>\n<meta property=\"og:site_name\" content=\"EL GLOBAL INFORMATIVO\" \/>\n<meta property=\"article:published_time\" content=\"2025-12-09T15:56:25+00:00\" \/>\n<meta property=\"article:modified_time\" content=\"2025-12-09T15:56:27+00:00\" \/>\n<meta property=\"og:image\" content=\"https:\/\/elglobal.do\/wp-content\/uploads\/2025\/12\/image-57.png\" \/>\n\t<meta property=\"og:image:width\" content=\"800\" \/>\n\t<meta property=\"og:image:height\" content=\"561\" \/>\n\t<meta property=\"og:image:type\" content=\"image\/png\" \/>\n<meta name=\"author\" content=\"EL GLOBAL\" \/>\n<meta name=\"twitter:card\" content=\"summary_large_image\" \/>\n<meta name=\"twitter:label1\" content=\"Escrito por\" \/>\n\t<meta name=\"twitter:data1\" content=\"EL GLOBAL\" \/>\n\t<meta name=\"twitter:label2\" content=\"Tiempo de lectura\" \/>\n\t<meta name=\"twitter:data2\" content=\"4 minutos\" \/>\n<script type=\"application\/ld+json\" class=\"yoast-schema-graph\">{\"@context\":\"https:\/\/schema.org\",\"@graph\":[{\"@type\":\"Article\",\"@id\":\"https:\/\/elglobal.do\/index.php\/2025\/12\/09\/llegan-a-haiti-230-policias-kenianos-para-la-lucha-contra-los-pandilleros\/#article\",\"isPartOf\":{\"@id\":\"https:\/\/elglobal.do\/index.php\/2025\/12\/09\/llegan-a-haiti-230-policias-kenianos-para-la-lucha-contra-los-pandilleros\/\"},\"author\":{\"name\":\"EL GLOBAL\",\"@id\":\"https:\/\/elglobal.do\/#\/schema\/person\/0c97ec2c7714fb605d230c292f64d55f\"},\"headline\":\"Llegan a Hait\u00ed\u00a0 230 pol\u00edcias kenianos para la lucha contra los pandilleros\",\"datePublished\":\"2025-12-09T15:56:25+00:00\",\"dateModified\":\"2025-12-09T15:56:27+00:00\",\"mainEntityOfPage\":{\"@id\":\"https:\/\/elglobal.do\/index.php\/2025\/12\/09\/llegan-a-haiti-230-policias-kenianos-para-la-lucha-contra-los-pandilleros\/\"},\"wordCount\":612,\"commentCount\":0,\"publisher\":{\"@id\":\"https:\/\/elglobal.do\/#organization\"},\"image\":{\"@id\":\"https:\/\/elglobal.do\/index.php\/2025\/12\/09\/llegan-a-haiti-230-policias-kenianos-para-la-lucha-contra-los-pandilleros\/#primaryimage\"},\"thumbnailUrl\":\"https:\/\/elglobal.do\/wp-content\/uploads\/2025\/12\/image-57.png\",\"keywords\":[\"#Hait\u00ed\",\"#Kenianos\",\"#LuchaContraPandillas\",\"#pol\u00edcias\"],\"articleSection\":[\"INTERNACIONALES\"],\"inLanguage\":\"es\",\"potentialAction\":[{\"@type\":\"CommentAction\",\"name\":\"Comment\",\"target\":[\"https:\/\/elglobal.do\/index.php\/2025\/12\/09\/llegan-a-haiti-230-policias-kenianos-para-la-lucha-contra-los-pandilleros\/#respond\"]}]},{\"@type\":\"WebPage\",\"@id\":\"https:\/\/elglobal.do\/index.php\/2025\/12\/09\/llegan-a-haiti-230-policias-kenianos-para-la-lucha-contra-los-pandilleros\/\",\"url\":\"https:\/\/elglobal.do\/index.php\/2025\/12\/09\/llegan-a-haiti-230-policias-kenianos-para-la-lucha-contra-los-pandilleros\/\",\"name\":\"Llegan a Hait\u00ed\u00a0 230 pol\u00edcias kenianos para la lucha contra los pandilleros - EL GLOBAL INFORMATIVO\",\"isPartOf\":{\"@id\":\"https:\/\/elglobal.do\/#website\"},\"primaryImageOfPage\":{\"@id\":\"https:\/\/elglobal.do\/index.php\/2025\/12\/09\/llegan-a-haiti-230-policias-kenianos-para-la-lucha-contra-los-pandilleros\/#primaryimage\"},\"image\":{\"@id\":\"https:\/\/elglobal.do\/index.php\/2025\/12\/09\/llegan-a-haiti-230-policias-kenianos-para-la-lucha-contra-los-pandilleros\/#primaryimage\"},\"thumbnailUrl\":\"https:\/\/elglobal.do\/wp-content\/uploads\/2025\/12\/image-57.png\",\"datePublished\":\"2025-12-09T15:56:25+00:00\",\"dateModified\":\"2025-12-09T15:56:27+00:00\",\"breadcrumb\":{\"@id\":\"https:\/\/elglobal.do\/index.php\/2025\/12\/09\/llegan-a-haiti-230-policias-kenianos-para-la-lucha-contra-los-pandilleros\/#breadcrumb\"},\"inLanguage\":\"es\",\"potentialAction\":[{\"@type\":\"ReadAction\",\"target\":[\"https:\/\/elglobal.do\/index.php\/2025\/12\/09\/llegan-a-haiti-230-policias-kenianos-para-la-lucha-contra-los-pandilleros\/\"]}]},{\"@type\":\"ImageObject\",\"inLanguage\":\"es\",\"@id\":\"https:\/\/elglobal.do\/index.php\/2025\/12\/09\/llegan-a-haiti-230-policias-kenianos-para-la-lucha-contra-los-pandilleros\/#primaryimage\",\"url\":\"https:\/\/elglobal.do\/wp-content\/uploads\/2025\/12\/image-57.png\",\"contentUrl\":\"https:\/\/elglobal.do\/wp-content\/uploads\/2025\/12\/image-57.png\",\"width\":800,\"height\":561},{\"@type\":\"BreadcrumbList\",\"@id\":\"https:\/\/elglobal.do\/index.php\/2025\/12\/09\/llegan-a-haiti-230-policias-kenianos-para-la-lucha-contra-los-pandilleros\/#breadcrumb\",\"itemListElement\":[{\"@type\":\"ListItem\",\"position\":1,\"name\":\"Portada\",\"item\":\"https:\/\/elglobal.do\/\"},{\"@type\":\"ListItem\",\"position\":2,\"name\":\"Llegan a Hait\u00ed\u00a0 230 pol\u00edcias kenianos para la lucha contra los pandilleros\"}]},{\"@type\":\"WebSite\",\"@id\":\"https:\/\/elglobal.do\/#website\",\"url\":\"https:\/\/elglobal.do\/\",\"name\":\"EL GLOBAL INFORMATIVO\",\"description\":\"Peri\u00f3dico digital de la Rep\u00fablica Dominicana que ofrece noticias, novedades, pol\u00edtica y las \u00faltimas actualidades, con informaci\u00f3n veraz y oportuna para mantenerte siempre informad\",\"publisher\":{\"@id\":\"https:\/\/elglobal.do\/#organization\"},\"potentialAction\":[{\"@type\":\"SearchAction\",\"target\":{\"@type\":\"EntryPoint\",\"urlTemplate\":\"https:\/\/elglobal.do\/?s={search_term_string}\"},\"query-input\":{\"@type\":\"PropertyValueSpecification\",\"valueRequired\":true,\"valueName\":\"search_term_string\"}}],\"inLanguage\":\"es\"},{\"@type\":\"Organization\",\"@id\":\"https:\/\/elglobal.do\/#organization\",\"name\":\"EL GLOBAL.DO INFORMATIVO\",\"url\":\"https:\/\/elglobal.do\/\",\"logo\":{\"@type\":\"ImageObject\",\"inLanguage\":\"es\",\"@id\":\"https:\/\/elglobal.do\/#\/schema\/logo\/image\/\",\"url\":\"https:\/\/elglobal.do\/wp-content\/uploads\/2025\/08\/icon.png\",\"contentUrl\":\"https:\/\/elglobal.do\/wp-content\/uploads\/2025\/08\/icon.png\",\"width\":512,\"height\":512,\"caption\":\"EL GLOBAL.DO INFORMATIVO\"},\"image\":{\"@id\":\"https:\/\/elglobal.do\/#\/schema\/logo\/image\/\"}},{\"@type\":\"Person\",\"@id\":\"https:\/\/elglobal.do\/#\/schema\/person\/0c97ec2c7714fb605d230c292f64d55f\",\"name\":\"EL GLOBAL\",\"image\":{\"@type\":\"ImageObject\",\"inLanguage\":\"es\",\"@id\":\"https:\/\/elglobal.do\/#\/schema\/person\/image\/\",\"url\":\"https:\/\/secure.gravatar.com\/avatar\/081cfb6cf99faddc6f4e23a0c11ab98c5cf302925382d1c88dc3ed757ab910a3?s=96&d=mm&r=g\",\"contentUrl\":\"https:\/\/secure.gravatar.com\/avatar\/081cfb6cf99faddc6f4e23a0c11ab98c5cf302925382d1c88dc3ed757ab910a3?s=96&d=mm&r=g\",\"caption\":\"EL GLOBAL\"},\"description\":\"El Global Informativo es un peri\u00f3dico digital de Rep\u00fablica Dominicana que se dedica a cubrir temas importantes, como la pol\u00edtica local, geopol\u00edtica, econom\u00eda, tecnolog\u00eda, noticias internacionales y eventos relacionados con la gesti\u00f3n social, cultural y humana. Su objetivo principal es mantener a la poblaci\u00f3n informada, ofreciendo una visi\u00f3n amplia y actualizada de lo que sucede tanto en el pa\u00eds como en el mundo. Est\u00e1 dirigido por un grupo de periodistas experimentados, lo que garantiza la calidad y la precisi\u00f3n de la informaci\u00f3n que ofrecen. Tiene su sede en la ciudad de Santo Domingo y es parte integral del portafolio de la empresa, MC Global S.R.L.\",\"sameAs\":[\"https:\/\/elglobal.do\",\"https:\/\/www.instagram.com\/elglobal.do_informativo\/\"],\"url\":\"https:\/\/elglobal.do\/index.php\/author\/elglobaluserpro\/\"}]}<\/script>\n<!-- \/ Yoast SEO plugin. -->","yoast_head_json":{"title":"Llegan a Hait\u00ed\u00a0 230 pol\u00edcias kenianos para la lucha contra los pandilleros - EL GLOBAL INFORMATIVO","robots":{"index":"index","follow":"follow","max-snippet":"max-snippet:-1","max-image-preview":"max-image-preview:large","max-video-preview":"max-video-preview:-1"},"canonical":"https:\/\/elglobal.do\/index.php\/2025\/12\/09\/llegan-a-haiti-230-policias-kenianos-para-la-lucha-contra-los-pandilleros\/","og_locale":"es_ES","og_type":"article","og_title":"Llegan a Hait\u00ed\u00a0 230 pol\u00edcias kenianos para la lucha contra los pandilleros - EL GLOBAL INFORMATIVO","og_description":"Hait\u00ed.-Un nuevo contingente de 230 polic\u00edas kenianos \u00abaltamente especializados\u00bb lleg\u00f3 este lunes al Aeropuerto Internacional Toussaint Louverture, en Puerto Pr\u00edncipe, con el fin de reforzar la Fuerza de Represi\u00f3n de&hellip;","og_url":"https:\/\/elglobal.do\/index.php\/2025\/12\/09\/llegan-a-haiti-230-policias-kenianos-para-la-lucha-contra-los-pandilleros\/","og_site_name":"EL GLOBAL INFORMATIVO","article_published_time":"2025-12-09T15:56:25+00:00","article_modified_time":"2025-12-09T15:56:27+00:00","og_image":[{"width":800,"height":561,"url":"https:\/\/elglobal.do\/wp-content\/uploads\/2025\/12\/image-57.png","type":"image\/png"}],"author":"EL GLOBAL","twitter_card":"summary_large_image","twitter_misc":{"Escrito por":"EL GLOBAL","Tiempo de lectura":"4 minutos"},"schema":{"@context":"https:\/\/schema.org","@graph":[{"@type":"Article","@id":"https:\/\/elglobal.do\/index.php\/2025\/12\/09\/llegan-a-haiti-230-policias-kenianos-para-la-lucha-contra-los-pandilleros\/#article","isPartOf":{"@id":"https:\/\/elglobal.do\/index.php\/2025\/12\/09\/llegan-a-haiti-230-policias-kenianos-para-la-lucha-contra-los-pandilleros\/"},"author":{"name":"EL GLOBAL","@id":"https:\/\/elglobal.do\/#\/schema\/person\/0c97ec2c7714fb605d230c292f64d55f"},"headline":"Llegan a Hait\u00ed\u00a0 230 pol\u00edcias kenianos para la lucha contra los pandilleros","datePublished":"2025-12-09T15:56:25+00:00","dateModified":"2025-12-09T15:56:27+00:00","mainEntityOfPage":{"@id":"https:\/\/elglobal.do\/index.php\/2025\/12\/09\/llegan-a-haiti-230-policias-kenianos-para-la-lucha-contra-los-pandilleros\/"},"wordCount":612,"commentCount":0,"publisher":{"@id":"https:\/\/elglobal.do\/#organization"},"image":{"@id":"https:\/\/elglobal.do\/index.php\/2025\/12\/09\/llegan-a-haiti-230-policias-kenianos-para-la-lucha-contra-los-pandilleros\/#primaryimage"},"thumbnailUrl":"https:\/\/elglobal.do\/wp-content\/uploads\/2025\/12\/image-57.png","keywords":["#Hait\u00ed","#Kenianos","#LuchaContraPandillas","#pol\u00edcias"],"articleSection":["INTERNACIONALES"],"inLanguage":"es","potentialAction":[{"@type":"CommentAction","name":"Comment","target":["https:\/\/elglobal.do\/index.php\/2025\/12\/09\/llegan-a-haiti-230-policias-kenianos-para-la-lucha-contra-los-pandilleros\/#respond"]}]},{"@type":"WebPage","@id":"https:\/\/elglobal.do\/index.php\/2025\/12\/09\/llegan-a-haiti-230-policias-kenianos-para-la-lucha-contra-los-pandilleros\/","url":"https:\/\/elglobal.do\/index.php\/2025\/12\/09\/llegan-a-haiti-230-policias-kenianos-para-la-lucha-contra-los-pandilleros\/","name":"Llegan a Hait\u00ed\u00a0 230 pol\u00edcias kenianos para la lucha contra los pandilleros - EL GLOBAL INFORMATIVO","isPartOf":{"@id":"https:\/\/elglobal.do\/#website"},"primaryImageOfPage":{"@id":"https:\/\/elglobal.do\/index.php\/2025\/12\/09\/llegan-a-haiti-230-policias-kenianos-para-la-lucha-contra-los-pandilleros\/#primaryimage"},"image":{"@id":"https:\/\/elglobal.do\/index.php\/2025\/12\/09\/llegan-a-haiti-230-policias-kenianos-para-la-lucha-contra-los-pandilleros\/#primaryimage"},"thumbnailUrl":"https:\/\/elglobal.do\/wp-content\/uploads\/2025\/12\/image-57.png","datePublished":"2025-12-09T15:56:25+00:00","dateModified":"2025-12-09T15:56:27+00:00","breadcrumb":{"@id":"https:\/\/elglobal.do\/index.php\/2025\/12\/09\/llegan-a-haiti-230-policias-kenianos-para-la-lucha-contra-los-pandilleros\/#breadcrumb"},"inLanguage":"es","potentialAction":[{"@type":"ReadAction","target":["https:\/\/elglobal.do\/index.php\/2025\/12\/09\/llegan-a-haiti-230-policias-kenianos-para-la-lucha-contra-los-pandilleros\/"]}]},{"@type":"ImageObject","inLanguage":"es","@id":"https:\/\/elglobal.do\/index.php\/2025\/12\/09\/llegan-a-haiti-230-policias-kenianos-para-la-lucha-contra-los-pandilleros\/#primaryimage","url":"https:\/\/elglobal.do\/wp-content\/uploads\/2025\/12\/image-57.png","contentUrl":"https:\/\/elglobal.do\/wp-content\/uploads\/2025\/12\/image-57.png","width":800,"height":561},{"@type":"BreadcrumbList","@id":"https:\/\/elglobal.do\/index.php\/2025\/12\/09\/llegan-a-haiti-230-policias-kenianos-para-la-lucha-contra-los-pandilleros\/#breadcrumb","itemListElement":[{"@type":"ListItem","position":1,"name":"Portada","item":"https:\/\/elglobal.do\/"},{"@type":"ListItem","position":2,"name":"Llegan a Hait\u00ed\u00a0 230 pol\u00edcias kenianos para la lucha contra los pandilleros"}]},{"@type":"WebSite","@id":"https:\/\/elglobal.do\/#website","url":"https:\/\/elglobal.do\/","name":"EL GLOBAL INFORMATIVO","description":"Peri\u00f3dico digital de la Rep\u00fablica Dominicana que ofrece noticias, novedades, pol\u00edtica y las \u00faltimas actualidades, con informaci\u00f3n veraz y oportuna para mantenerte siempre informad","publisher":{"@id":"https:\/\/elglobal.do\/#organization"},"potentialAction":[{"@type":"SearchAction","target":{"@type":"EntryPoint","urlTemplate":"https:\/\/elglobal.do\/?s={search_term_string}"},"query-input":{"@type":"PropertyValueSpecification","valueRequired":true,"valueName":"search_term_string"}}],"inLanguage":"es"},{"@type":"Organization","@id":"https:\/\/elglobal.do\/#organization","name":"EL GLOBAL.DO INFORMATIVO","url":"https:\/\/elglobal.do\/","logo":{"@type":"ImageObject","inLanguage":"es","@id":"https:\/\/elglobal.do\/#\/schema\/logo\/image\/","url":"https:\/\/elglobal.do\/wp-content\/uploads\/2025\/08\/icon.png","contentUrl":"https:\/\/elglobal.do\/wp-content\/uploads\/2025\/08\/icon.png","width":512,"height":512,"caption":"EL GLOBAL.DO INFORMATIVO"},"image":{"@id":"https:\/\/elglobal.do\/#\/schema\/logo\/image\/"}},{"@type":"Person","@id":"https:\/\/elglobal.do\/#\/schema\/person\/0c97ec2c7714fb605d230c292f64d55f","name":"EL GLOBAL","image":{"@type":"ImageObject","inLanguage":"es","@id":"https:\/\/elglobal.do\/#\/schema\/person\/image\/","url":"https:\/\/secure.gravatar.com\/avatar\/081cfb6cf99faddc6f4e23a0c11ab98c5cf302925382d1c88dc3ed757ab910a3?s=96&d=mm&r=g","contentUrl":"https:\/\/secure.gravatar.com\/avatar\/081cfb6cf99faddc6f4e23a0c11ab98c5cf302925382d1c88dc3ed757ab910a3?s=96&d=mm&r=g","caption":"EL GLOBAL"},"description":"El Global Informativo es un peri\u00f3dico digital de Rep\u00fablica Dominicana que se dedica a cubrir temas importantes, como la pol\u00edtica local, geopol\u00edtica, econom\u00eda, tecnolog\u00eda, noticias internacionales y eventos relacionados con la gesti\u00f3n social, cultural y humana. Su objetivo principal es mantener a la poblaci\u00f3n informada, ofreciendo una visi\u00f3n amplia y actualizada de lo que sucede tanto en el pa\u00eds como en el mundo. Est\u00e1 dirigido por un grupo de periodistas experimentados, lo que garantiza la calidad y la precisi\u00f3n de la informaci\u00f3n que ofrecen. Tiene su sede en la ciudad de Santo Domingo y es parte integral del portafolio de la empresa, MC Global S.R.L.","sameAs":["https:\/\/elglobal.do","https:\/\/www.instagram.com\/elglobal.do_informativo\/"],"url":"https:\/\/elglobal.do\/index.php\/author\/elglobaluserpro\/"}]}},"jetpack_featured_media_url":"https:\/\/elglobal.do\/wp-content\/uploads\/2025\/12\/image-57.png","jetpack_sharing_enabled":true,"_links":{"self":[{"href":"https:\/\/elglobal.do\/index.php\/wp-json\/wp\/v2\/posts\/4582","targetHints":{"allow":["GET"]}}],"collection":[{"href":"https:\/\/elglobal.do\/index.php\/wp-json\/wp\/v2\/posts"}],"about":[{"href":"https:\/\/elglobal.do\/index.php\/wp-json\/wp\/v2\/types\/post"}],"author":[{"embeddable":true,"href":"https:\/\/elglobal.do\/index.php\/wp-json\/wp\/v2\/users\/1"}],"replies":[{"embeddable":true,"href":"https:\/\/elglobal.do\/index.php\/wp-json\/wp\/v2\/comments?post=4582"}],"version-history":[{"count":1,"href":"https:\/\/elglobal.do\/index.php\/wp-json\/wp\/v2\/posts\/4582\/revisions"}],"predecessor-version":[{"id":4584,"href":"https:\/\/elglobal.do\/index.php\/wp-json\/wp\/v2\/posts\/4582\/revisions\/4584"}],"wp:featuredmedia":[{"embeddable":true,"href":"https:\/\/elglobal.do\/index.php\/wp-json\/wp\/v2\/media\/4583"}],"wp:attachment":[{"href":"https:\/\/elglobal.do\/index.php\/wp-json\/wp\/v2\/media?parent=4582"}],"wp:term":[{"taxonomy":"category","embeddable":true,"href":"https:\/\/elglobal.do\/index.php\/wp-json\/wp\/v2\/categories?post=4582"},{"taxonomy":"post_tag","embeddable":true,"href":"https:\/\/elglobal.do\/index.php\/wp-json\/wp\/v2\/tags?post=4582"}],"curies":[{"name":"wp","href":"https:\/\/api.w.org\/{rel}","templated":true}]}}