{"id":464,"date":"2025-08-03T23:15:02","date_gmt":"2025-08-04T03:15:02","guid":{"rendered":"https:\/\/elglobal.do\/?p=464"},"modified":"2025-08-04T00:57:17","modified_gmt":"2025-08-04T04:57:17","slug":"de-emprendedor-a-empresario-fue-la-mision-del-taller-educativo-comportamiento-social-y-empresarial","status":"publish","type":"post","link":"https:\/\/elglobal.do\/index.php\/2025\/08\/03\/de-emprendedor-a-empresario-fue-la-mision-del-taller-educativo-comportamiento-social-y-empresarial\/","title":{"rendered":"De emprendedor a empresario, fue la misi\u00f3n del taller educativo \u201cComportamiento Social y Empresarial\u201d"},"content":{"rendered":"\n<p><strong>Santo Domingo. \u2013<\/strong> El taller educativo<strong> \u201cComportamiento Social y Empresarial\u201d<\/strong> se llev\u00f3 a cabo este domingo, con el objetivo de desarrollar competencias entre iniciativas empresariales y la reafirmaci\u00f3n de otras, ya creadas. El grupo <strong>Project Line,<\/strong> imparti\u00f3 con exitos en santo domingo, este seminario donde se aplicaron herramientas que permitir\u00e1n crear planes de negocios para empresas sostenible en las que se generen empleos y bienestar para el pa\u00eds.<\/p>\n\n\n\n<p>El taller, impartido por <strong>la CEO de Project Line, Margarita Alm\u00e1nzar<\/strong>, tuvo un alcance de participantes interesados en aprender a tener un buen manejo para impactar e influir frente a los clientes de sus respectivos negocios y empresas.<\/p>\n\n\n\n<p><strong>Alm\u00e1nzar, defini\u00f3 <\/strong>el \u00e1rea empresarial como susceptible sobre las personas que comienzan un negocio, y en ocasiones no saben qu\u00e9 hacer con el dinero que les genera su emprendimiento, acudiendo a mal gastar sus ingresos en pocos d\u00edas. <strong>\u201cEntonces, debemos aprender a que nuestros negocios deben tener una formalidad y rentabilidad diaria, para llevarla semanal, mensual y despu\u00e9s anual, y as\u00ed con los c\u00e1lculos y buena administraci\u00f3n de estos beneficios obtenidos de nuestras empresas podamos alcanzar ingresos fijos\u201d<\/strong>, apunt\u00f3 la CEO de <a href=\"https:\/\/do.linkedin.com\/in\/margarita-alm%C3%A1nzar-rosario-80b1404b\">Project Line <\/a>durante el taller.<\/p>\n\n\n\n<figure class=\"wp-block-image size-large\"><img loading=\"lazy\" decoding=\"async\" width=\"655\" height=\"1024\" src=\"https:\/\/elglobal.do\/wp-content\/uploads\/2025\/08\/Clase-655x1024.jpeg\" alt=\"\" class=\"wp-image-466\"\/><\/figure>\n\n\n\n<p><strong>Esta iniciativa de Project Line<\/strong>, logr\u00f3 motivar a los asistentes con un nuevo despertar de su emprendimiento y propiciar una actitud proactiva a la creaci\u00f3n de una empresa, hacer un reconocimiento personal como emprendedor para tener iniciativas de negocio,<strong> (de emprendedor a empresario)<\/strong>.<\/p>\n\n\n\n<p><strong>Sobre la Coach<\/strong><\/p>\n\n\n\n<p><strong>Margarita Alm\u00e1nzar<\/strong>, es licenciada en publicidad, egresada de la Universidad Aut\u00f3noma de Santo Domingo (UASD), es mercad\u00f3loga, con una habilitaci\u00f3n docente en la Universidad del Caribe (UNICARIBE), realiz\u00f3 estudios magistrales en Estilismo Profesional. A nivel t\u00e9cnico, estudi\u00f3 en el Instituto Nacional de Formaci\u00f3n T\u00e9cnico Profesional (INFOTEP), donde se form\u00f3 bajo una habilitaci\u00f3n docente como facilitador de facilitadores, sobre las que imparte clases y forma profesores en esa misma \u00e1rea.<\/p>\n\n\n\n<p>Es directora de la empresa <strong>Project Line <\/strong>que se dedica a ayudar y apoyar a empresas, a trav\u00e9s de servicios profesionales, consultor\u00edas, soluciones tecnol\u00f3gicas y evaluaci\u00f3n de costos, para mejorar su eficiencia y productividad.&nbsp;<\/p>\n","protected":false},"excerpt":{"rendered":"<p>Santo Domingo. \u2013 El taller educativo \u201cComportamiento Social y Empresarial\u201d se llev\u00f3 a cabo este domingo, con el objetivo de desarrollar competencias entre iniciativas empresariales y la reafirmaci\u00f3n de otras,&hellip; <\/p>\n","protected":false},"author":1,"featured_media":465,"comment_status":"open","ping_status":"open","sticky":false,"template":"","format":"standard","meta":{"_jetpack_memberships_contains_paid_content":false,"footnotes":""},"categories":[119,40],"tags":[101,104,98,103,102],"class_list":["post-464","post","type-post","status-publish","format-standard","has-post-thumbnail","hentry","category-educacion","category-nacionales","tag-educacionempresarial","tag-educaionglobal","tag-elglobalinformativo","tag-emprenedores","tag-taller"],"yoast_head":"<!-- This site is optimized with the Yoast SEO plugin v26.9 - https:\/\/yoast.com\/product\/yoast-seo-wordpress\/ -->\n<title>De emprendedor a empresario, fue la misi\u00f3n del taller educativo \u201cComportamiento Social y Empresarial\u201d - EL GLOBAL INFORMATIVO<\/title>\n<meta name=\"robots\" content=\"index, follow, max-snippet:-1, max-image-preview:large, max-video-preview:-1\" \/>\n<link rel=\"canonical\" href=\"https:\/\/elglobal.do\/index.php\/2025\/08\/03\/de-emprendedor-a-empresario-fue-la-mision-del-taller-educativo-comportamiento-social-y-empresarial\/\" \/>\n<meta property=\"og:locale\" content=\"es_ES\" \/>\n<meta property=\"og:type\" content=\"article\" \/>\n<meta property=\"og:title\" content=\"De emprendedor a empresario, fue la misi\u00f3n del taller educativo \u201cComportamiento Social y Empresarial\u201d - EL GLOBAL INFORMATIVO\" \/>\n<meta property=\"og:description\" content=\"Santo Domingo. \u2013 El taller educativo \u201cComportamiento Social y Empresarial\u201d se llev\u00f3 a cabo este domingo, con el objetivo de desarrollar competencias entre iniciativas empresariales y la reafirmaci\u00f3n de otras,&hellip;\" \/>\n<meta property=\"og:url\" content=\"https:\/\/elglobal.do\/index.php\/2025\/08\/03\/de-emprendedor-a-empresario-fue-la-mision-del-taller-educativo-comportamiento-social-y-empresarial\/\" \/>\n<meta property=\"og:site_name\" content=\"EL GLOBAL INFORMATIVO\" \/>\n<meta property=\"article:published_time\" content=\"2025-08-04T03:15:02+00:00\" \/>\n<meta property=\"article:modified_time\" content=\"2025-08-04T04:57:17+00:00\" \/>\n<meta property=\"og:image\" content=\"https:\/\/elglobal.do\/wp-content\/uploads\/2025\/08\/Margarita.jpeg\" \/>\n\t<meta property=\"og:image:width\" content=\"959\" \/>\n\t<meta property=\"og:image:height\" content=\"1280\" \/>\n\t<meta property=\"og:image:type\" content=\"image\/jpeg\" \/>\n<meta name=\"author\" content=\"EL GLOBAL\" \/>\n<meta name=\"twitter:card\" content=\"summary_large_image\" \/>\n<meta name=\"twitter:label1\" content=\"Escrito por\" \/>\n\t<meta name=\"twitter:data1\" content=\"EL GLOBAL\" \/>\n\t<meta name=\"twitter:label2\" content=\"Tiempo de lectura\" \/>\n\t<meta name=\"twitter:data2\" content=\"2 minutos\" \/>\n<script type=\"application\/ld+json\" class=\"yoast-schema-graph\">{\"@context\":\"https:\/\/schema.org\",\"@graph\":[{\"@type\":\"Article\",\"@id\":\"https:\/\/elglobal.do\/index.php\/2025\/08\/03\/de-emprendedor-a-empresario-fue-la-mision-del-taller-educativo-comportamiento-social-y-empresarial\/#article\",\"isPartOf\":{\"@id\":\"https:\/\/elglobal.do\/index.php\/2025\/08\/03\/de-emprendedor-a-empresario-fue-la-mision-del-taller-educativo-comportamiento-social-y-empresarial\/\"},\"author\":{\"name\":\"EL GLOBAL\",\"@id\":\"https:\/\/elglobal.do\/#\/schema\/person\/0c97ec2c7714fb605d230c292f64d55f\"},\"headline\":\"De emprendedor a empresario, fue la misi\u00f3n del taller educativo \u201cComportamiento Social y Empresarial\u201d\",\"datePublished\":\"2025-08-04T03:15:02+00:00\",\"dateModified\":\"2025-08-04T04:57:17+00:00\",\"mainEntityOfPage\":{\"@id\":\"https:\/\/elglobal.do\/index.php\/2025\/08\/03\/de-emprendedor-a-empresario-fue-la-mision-del-taller-educativo-comportamiento-social-y-empresarial\/\"},\"wordCount\":379,\"commentCount\":0,\"publisher\":{\"@id\":\"https:\/\/elglobal.do\/#organization\"},\"image\":{\"@id\":\"https:\/\/elglobal.do\/index.php\/2025\/08\/03\/de-emprendedor-a-empresario-fue-la-mision-del-taller-educativo-comportamiento-social-y-empresarial\/#primaryimage\"},\"thumbnailUrl\":\"https:\/\/elglobal.do\/wp-content\/uploads\/2025\/08\/Margarita.jpeg\",\"keywords\":[\"#Educaci\u00f3nEmpresarial\",\"#Educai\u00f3nGlobal\",\"#ElGlobalInformativo\",\"#Emprenedores\",\"#Taller\"],\"articleSection\":[\"EDUCACI\u00d3N\",\"NACIONALES\"],\"inLanguage\":\"es\",\"potentialAction\":[{\"@type\":\"CommentAction\",\"name\":\"Comment\",\"target\":[\"https:\/\/elglobal.do\/index.php\/2025\/08\/03\/de-emprendedor-a-empresario-fue-la-mision-del-taller-educativo-comportamiento-social-y-empresarial\/#respond\"]}]},{\"@type\":\"WebPage\",\"@id\":\"https:\/\/elglobal.do\/index.php\/2025\/08\/03\/de-emprendedor-a-empresario-fue-la-mision-del-taller-educativo-comportamiento-social-y-empresarial\/\",\"url\":\"https:\/\/elglobal.do\/index.php\/2025\/08\/03\/de-emprendedor-a-empresario-fue-la-mision-del-taller-educativo-comportamiento-social-y-empresarial\/\",\"name\":\"De emprendedor a empresario, fue la misi\u00f3n del taller educativo \u201cComportamiento Social y Empresarial\u201d - EL GLOBAL INFORMATIVO\",\"isPartOf\":{\"@id\":\"https:\/\/elglobal.do\/#website\"},\"primaryImageOfPage\":{\"@id\":\"https:\/\/elglobal.do\/index.php\/2025\/08\/03\/de-emprendedor-a-empresario-fue-la-mision-del-taller-educativo-comportamiento-social-y-empresarial\/#primaryimage\"},\"image\":{\"@id\":\"https:\/\/elglobal.do\/index.php\/2025\/08\/03\/de-emprendedor-a-empresario-fue-la-mision-del-taller-educativo-comportamiento-social-y-empresarial\/#primaryimage\"},\"thumbnailUrl\":\"https:\/\/elglobal.do\/wp-content\/uploads\/2025\/08\/Margarita.jpeg\",\"datePublished\":\"2025-08-04T03:15:02+00:00\",\"dateModified\":\"2025-08-04T04:57:17+00:00\",\"breadcrumb\":{\"@id\":\"https:\/\/elglobal.do\/index.php\/2025\/08\/03\/de-emprendedor-a-empresario-fue-la-mision-del-taller-educativo-comportamiento-social-y-empresarial\/#breadcrumb\"},\"inLanguage\":\"es\",\"potentialAction\":[{\"@type\":\"ReadAction\",\"target\":[\"https:\/\/elglobal.do\/index.php\/2025\/08\/03\/de-emprendedor-a-empresario-fue-la-mision-del-taller-educativo-comportamiento-social-y-empresarial\/\"]}]},{\"@type\":\"ImageObject\",\"inLanguage\":\"es\",\"@id\":\"https:\/\/elglobal.do\/index.php\/2025\/08\/03\/de-emprendedor-a-empresario-fue-la-mision-del-taller-educativo-comportamiento-social-y-empresarial\/#primaryimage\",\"url\":\"https:\/\/elglobal.do\/wp-content\/uploads\/2025\/08\/Margarita.jpeg\",\"contentUrl\":\"https:\/\/elglobal.do\/wp-content\/uploads\/2025\/08\/Margarita.jpeg\",\"width\":959,\"height\":1280},{\"@type\":\"BreadcrumbList\",\"@id\":\"https:\/\/elglobal.do\/index.php\/2025\/08\/03\/de-emprendedor-a-empresario-fue-la-mision-del-taller-educativo-comportamiento-social-y-empresarial\/#breadcrumb\",\"itemListElement\":[{\"@type\":\"ListItem\",\"position\":1,\"name\":\"Portada\",\"item\":\"https:\/\/elglobal.do\/\"},{\"@type\":\"ListItem\",\"position\":2,\"name\":\"De emprendedor a empresario, fue la misi\u00f3n del taller educativo \u201cComportamiento Social y Empresarial\u201d\"}]},{\"@type\":\"WebSite\",\"@id\":\"https:\/\/elglobal.do\/#website\",\"url\":\"https:\/\/elglobal.do\/\",\"name\":\"EL GLOBAL INFORMATIVO\",\"description\":\"Peri\u00f3dico digital de la Rep\u00fablica Dominicana que ofrece noticias, novedades, pol\u00edtica y las \u00faltimas actualidades, con informaci\u00f3n veraz y oportuna para mantenerte siempre informad\",\"publisher\":{\"@id\":\"https:\/\/elglobal.do\/#organization\"},\"potentialAction\":[{\"@type\":\"SearchAction\",\"target\":{\"@type\":\"EntryPoint\",\"urlTemplate\":\"https:\/\/elglobal.do\/?s={search_term_string}\"},\"query-input\":{\"@type\":\"PropertyValueSpecification\",\"valueRequired\":true,\"valueName\":\"search_term_string\"}}],\"inLanguage\":\"es\"},{\"@type\":\"Organization\",\"@id\":\"https:\/\/elglobal.do\/#organization\",\"name\":\"EL GLOBAL.DO INFORMATIVO\",\"url\":\"https:\/\/elglobal.do\/\",\"logo\":{\"@type\":\"ImageObject\",\"inLanguage\":\"es\",\"@id\":\"https:\/\/elglobal.do\/#\/schema\/logo\/image\/\",\"url\":\"https:\/\/elglobal.do\/wp-content\/uploads\/2025\/08\/icon.png\",\"contentUrl\":\"https:\/\/elglobal.do\/wp-content\/uploads\/2025\/08\/icon.png\",\"width\":512,\"height\":512,\"caption\":\"EL GLOBAL.DO INFORMATIVO\"},\"image\":{\"@id\":\"https:\/\/elglobal.do\/#\/schema\/logo\/image\/\"}},{\"@type\":\"Person\",\"@id\":\"https:\/\/elglobal.do\/#\/schema\/person\/0c97ec2c7714fb605d230c292f64d55f\",\"name\":\"EL GLOBAL\",\"image\":{\"@type\":\"ImageObject\",\"inLanguage\":\"es\",\"@id\":\"https:\/\/elglobal.do\/#\/schema\/person\/image\/\",\"url\":\"https:\/\/secure.gravatar.com\/avatar\/081cfb6cf99faddc6f4e23a0c11ab98c5cf302925382d1c88dc3ed757ab910a3?s=96&d=mm&r=g\",\"contentUrl\":\"https:\/\/secure.gravatar.com\/avatar\/081cfb6cf99faddc6f4e23a0c11ab98c5cf302925382d1c88dc3ed757ab910a3?s=96&d=mm&r=g\",\"caption\":\"EL GLOBAL\"},\"description\":\"El Global Informativo es un peri\u00f3dico digital de Rep\u00fablica Dominicana que se dedica a cubrir temas importantes, como la pol\u00edtica local, geopol\u00edtica, econom\u00eda, tecnolog\u00eda, noticias internacionales y eventos relacionados con la gesti\u00f3n social, cultural y humana. Su objetivo principal es mantener a la poblaci\u00f3n informada, ofreciendo una visi\u00f3n amplia y actualizada de lo que sucede tanto en el pa\u00eds como en el mundo. Est\u00e1 dirigido por un grupo de periodistas experimentados, lo que garantiza la calidad y la precisi\u00f3n de la informaci\u00f3n que ofrecen. Tiene su sede en la ciudad de Santo Domingo y es parte integral del portafolio de la empresa, MC Global S.R.L.\",\"sameAs\":[\"https:\/\/elglobal.do\",\"https:\/\/www.instagram.com\/elglobal.do_informativo\/\"],\"url\":\"https:\/\/elglobal.do\/index.php\/author\/elglobaluserpro\/\"}]}<\/script>\n<!-- \/ Yoast SEO plugin. -->","yoast_head_json":{"title":"De emprendedor a empresario, fue la misi\u00f3n del taller educativo \u201cComportamiento Social y Empresarial\u201d - EL GLOBAL INFORMATIVO","robots":{"index":"index","follow":"follow","max-snippet":"max-snippet:-1","max-image-preview":"max-image-preview:large","max-video-preview":"max-video-preview:-1"},"canonical":"https:\/\/elglobal.do\/index.php\/2025\/08\/03\/de-emprendedor-a-empresario-fue-la-mision-del-taller-educativo-comportamiento-social-y-empresarial\/","og_locale":"es_ES","og_type":"article","og_title":"De emprendedor a empresario, fue la misi\u00f3n del taller educativo \u201cComportamiento Social y Empresarial\u201d - EL GLOBAL INFORMATIVO","og_description":"Santo Domingo. \u2013 El taller educativo \u201cComportamiento Social y Empresarial\u201d se llev\u00f3 a cabo este domingo, con el objetivo de desarrollar competencias entre iniciativas empresariales y la reafirmaci\u00f3n de otras,&hellip;","og_url":"https:\/\/elglobal.do\/index.php\/2025\/08\/03\/de-emprendedor-a-empresario-fue-la-mision-del-taller-educativo-comportamiento-social-y-empresarial\/","og_site_name":"EL GLOBAL INFORMATIVO","article_published_time":"2025-08-04T03:15:02+00:00","article_modified_time":"2025-08-04T04:57:17+00:00","og_image":[{"width":959,"height":1280,"url":"https:\/\/elglobal.do\/wp-content\/uploads\/2025\/08\/Margarita.jpeg","type":"image\/jpeg"}],"author":"EL GLOBAL","twitter_card":"summary_large_image","twitter_misc":{"Escrito por":"EL GLOBAL","Tiempo de lectura":"2 minutos"},"schema":{"@context":"https:\/\/schema.org","@graph":[{"@type":"Article","@id":"https:\/\/elglobal.do\/index.php\/2025\/08\/03\/de-emprendedor-a-empresario-fue-la-mision-del-taller-educativo-comportamiento-social-y-empresarial\/#article","isPartOf":{"@id":"https:\/\/elglobal.do\/index.php\/2025\/08\/03\/de-emprendedor-a-empresario-fue-la-mision-del-taller-educativo-comportamiento-social-y-empresarial\/"},"author":{"name":"EL GLOBAL","@id":"https:\/\/elglobal.do\/#\/schema\/person\/0c97ec2c7714fb605d230c292f64d55f"},"headline":"De emprendedor a empresario, fue la misi\u00f3n del taller educativo \u201cComportamiento Social y Empresarial\u201d","datePublished":"2025-08-04T03:15:02+00:00","dateModified":"2025-08-04T04:57:17+00:00","mainEntityOfPage":{"@id":"https:\/\/elglobal.do\/index.php\/2025\/08\/03\/de-emprendedor-a-empresario-fue-la-mision-del-taller-educativo-comportamiento-social-y-empresarial\/"},"wordCount":379,"commentCount":0,"publisher":{"@id":"https:\/\/elglobal.do\/#organization"},"image":{"@id":"https:\/\/elglobal.do\/index.php\/2025\/08\/03\/de-emprendedor-a-empresario-fue-la-mision-del-taller-educativo-comportamiento-social-y-empresarial\/#primaryimage"},"thumbnailUrl":"https:\/\/elglobal.do\/wp-content\/uploads\/2025\/08\/Margarita.jpeg","keywords":["#Educaci\u00f3nEmpresarial","#Educai\u00f3nGlobal","#ElGlobalInformativo","#Emprenedores","#Taller"],"articleSection":["EDUCACI\u00d3N","NACIONALES"],"inLanguage":"es","potentialAction":[{"@type":"CommentAction","name":"Comment","target":["https:\/\/elglobal.do\/index.php\/2025\/08\/03\/de-emprendedor-a-empresario-fue-la-mision-del-taller-educativo-comportamiento-social-y-empresarial\/#respond"]}]},{"@type":"WebPage","@id":"https:\/\/elglobal.do\/index.php\/2025\/08\/03\/de-emprendedor-a-empresario-fue-la-mision-del-taller-educativo-comportamiento-social-y-empresarial\/","url":"https:\/\/elglobal.do\/index.php\/2025\/08\/03\/de-emprendedor-a-empresario-fue-la-mision-del-taller-educativo-comportamiento-social-y-empresarial\/","name":"De emprendedor a empresario, fue la misi\u00f3n del taller educativo \u201cComportamiento Social y Empresarial\u201d - EL GLOBAL INFORMATIVO","isPartOf":{"@id":"https:\/\/elglobal.do\/#website"},"primaryImageOfPage":{"@id":"https:\/\/elglobal.do\/index.php\/2025\/08\/03\/de-emprendedor-a-empresario-fue-la-mision-del-taller-educativo-comportamiento-social-y-empresarial\/#primaryimage"},"image":{"@id":"https:\/\/elglobal.do\/index.php\/2025\/08\/03\/de-emprendedor-a-empresario-fue-la-mision-del-taller-educativo-comportamiento-social-y-empresarial\/#primaryimage"},"thumbnailUrl":"https:\/\/elglobal.do\/wp-content\/uploads\/2025\/08\/Margarita.jpeg","datePublished":"2025-08-04T03:15:02+00:00","dateModified":"2025-08-04T04:57:17+00:00","breadcrumb":{"@id":"https:\/\/elglobal.do\/index.php\/2025\/08\/03\/de-emprendedor-a-empresario-fue-la-mision-del-taller-educativo-comportamiento-social-y-empresarial\/#breadcrumb"},"inLanguage":"es","potentialAction":[{"@type":"ReadAction","target":["https:\/\/elglobal.do\/index.php\/2025\/08\/03\/de-emprendedor-a-empresario-fue-la-mision-del-taller-educativo-comportamiento-social-y-empresarial\/"]}]},{"@type":"ImageObject","inLanguage":"es","@id":"https:\/\/elglobal.do\/index.php\/2025\/08\/03\/de-emprendedor-a-empresario-fue-la-mision-del-taller-educativo-comportamiento-social-y-empresarial\/#primaryimage","url":"https:\/\/elglobal.do\/wp-content\/uploads\/2025\/08\/Margarita.jpeg","contentUrl":"https:\/\/elglobal.do\/wp-content\/uploads\/2025\/08\/Margarita.jpeg","width":959,"height":1280},{"@type":"BreadcrumbList","@id":"https:\/\/elglobal.do\/index.php\/2025\/08\/03\/de-emprendedor-a-empresario-fue-la-mision-del-taller-educativo-comportamiento-social-y-empresarial\/#breadcrumb","itemListElement":[{"@type":"ListItem","position":1,"name":"Portada","item":"https:\/\/elglobal.do\/"},{"@type":"ListItem","position":2,"name":"De emprendedor a empresario, fue la misi\u00f3n del taller educativo \u201cComportamiento Social y Empresarial\u201d"}]},{"@type":"WebSite","@id":"https:\/\/elglobal.do\/#website","url":"https:\/\/elglobal.do\/","name":"EL GLOBAL INFORMATIVO","description":"Peri\u00f3dico digital de la Rep\u00fablica Dominicana que ofrece noticias, novedades, pol\u00edtica y las \u00faltimas actualidades, con informaci\u00f3n veraz y oportuna para mantenerte siempre informad","publisher":{"@id":"https:\/\/elglobal.do\/#organization"},"potentialAction":[{"@type":"SearchAction","target":{"@type":"EntryPoint","urlTemplate":"https:\/\/elglobal.do\/?s={search_term_string}"},"query-input":{"@type":"PropertyValueSpecification","valueRequired":true,"valueName":"search_term_string"}}],"inLanguage":"es"},{"@type":"Organization","@id":"https:\/\/elglobal.do\/#organization","name":"EL GLOBAL.DO INFORMATIVO","url":"https:\/\/elglobal.do\/","logo":{"@type":"ImageObject","inLanguage":"es","@id":"https:\/\/elglobal.do\/#\/schema\/logo\/image\/","url":"https:\/\/elglobal.do\/wp-content\/uploads\/2025\/08\/icon.png","contentUrl":"https:\/\/elglobal.do\/wp-content\/uploads\/2025\/08\/icon.png","width":512,"height":512,"caption":"EL GLOBAL.DO INFORMATIVO"},"image":{"@id":"https:\/\/elglobal.do\/#\/schema\/logo\/image\/"}},{"@type":"Person","@id":"https:\/\/elglobal.do\/#\/schema\/person\/0c97ec2c7714fb605d230c292f64d55f","name":"EL GLOBAL","image":{"@type":"ImageObject","inLanguage":"es","@id":"https:\/\/elglobal.do\/#\/schema\/person\/image\/","url":"https:\/\/secure.gravatar.com\/avatar\/081cfb6cf99faddc6f4e23a0c11ab98c5cf302925382d1c88dc3ed757ab910a3?s=96&d=mm&r=g","contentUrl":"https:\/\/secure.gravatar.com\/avatar\/081cfb6cf99faddc6f4e23a0c11ab98c5cf302925382d1c88dc3ed757ab910a3?s=96&d=mm&r=g","caption":"EL GLOBAL"},"description":"El Global Informativo es un peri\u00f3dico digital de Rep\u00fablica Dominicana que se dedica a cubrir temas importantes, como la pol\u00edtica local, geopol\u00edtica, econom\u00eda, tecnolog\u00eda, noticias internacionales y eventos relacionados con la gesti\u00f3n social, cultural y humana. Su objetivo principal es mantener a la poblaci\u00f3n informada, ofreciendo una visi\u00f3n amplia y actualizada de lo que sucede tanto en el pa\u00eds como en el mundo. Est\u00e1 dirigido por un grupo de periodistas experimentados, lo que garantiza la calidad y la precisi\u00f3n de la informaci\u00f3n que ofrecen. Tiene su sede en la ciudad de Santo Domingo y es parte integral del portafolio de la empresa, MC Global S.R.L.","sameAs":["https:\/\/elglobal.do","https:\/\/www.instagram.com\/elglobal.do_informativo\/"],"url":"https:\/\/elglobal.do\/index.php\/author\/elglobaluserpro\/"}]}},"jetpack_featured_media_url":"https:\/\/elglobal.do\/wp-content\/uploads\/2025\/08\/Margarita.jpeg","jetpack_sharing_enabled":true,"_links":{"self":[{"href":"https:\/\/elglobal.do\/index.php\/wp-json\/wp\/v2\/posts\/464","targetHints":{"allow":["GET"]}}],"collection":[{"href":"https:\/\/elglobal.do\/index.php\/wp-json\/wp\/v2\/posts"}],"about":[{"href":"https:\/\/elglobal.do\/index.php\/wp-json\/wp\/v2\/types\/post"}],"author":[{"embeddable":true,"href":"https:\/\/elglobal.do\/index.php\/wp-json\/wp\/v2\/users\/1"}],"replies":[{"embeddable":true,"href":"https:\/\/elglobal.do\/index.php\/wp-json\/wp\/v2\/comments?post=464"}],"version-history":[{"count":1,"href":"https:\/\/elglobal.do\/index.php\/wp-json\/wp\/v2\/posts\/464\/revisions"}],"predecessor-version":[{"id":467,"href":"https:\/\/elglobal.do\/index.php\/wp-json\/wp\/v2\/posts\/464\/revisions\/467"}],"wp:featuredmedia":[{"embeddable":true,"href":"https:\/\/elglobal.do\/index.php\/wp-json\/wp\/v2\/media\/465"}],"wp:attachment":[{"href":"https:\/\/elglobal.do\/index.php\/wp-json\/wp\/v2\/media?parent=464"}],"wp:term":[{"taxonomy":"category","embeddable":true,"href":"https:\/\/elglobal.do\/index.php\/wp-json\/wp\/v2\/categories?post=464"},{"taxonomy":"post_tag","embeddable":true,"href":"https:\/\/elglobal.do\/index.php\/wp-json\/wp\/v2\/tags?post=464"}],"curies":[{"name":"wp","href":"https:\/\/api.w.org\/{rel}","templated":true}]}}