{"id":4919,"date":"2025-12-29T15:33:46","date_gmt":"2025-12-29T19:33:46","guid":{"rendered":"https:\/\/elglobal.do\/?p=4919"},"modified":"2025-12-29T15:33:48","modified_gmt":"2025-12-29T19:33:48","slug":"la-prudencia-apunta-al-uso-de-los-depositos","status":"publish","type":"post","link":"https:\/\/elglobal.do\/index.php\/2025\/12\/29\/la-prudencia-apunta-al-uso-de-los-depositos\/","title":{"rendered":"La prudencia apunta al uso de los dep\u00f3sitos"},"content":{"rendered":"\n<p><strong>Por Andr\u00e9s Dauhajre Hijo<\/strong><\/p>\n\n\n<div class=\"wp-block-image\">\n<figure class=\"alignright size-full is-resized\"><img loading=\"lazy\" decoding=\"async\" width=\"1024\" height=\"1024\" src=\"https:\/\/elglobal.do\/wp-content\/uploads\/2025\/12\/image-156.png\" alt=\"\" class=\"wp-image-4925\" style=\"width:369px;height:auto\" srcset=\"https:\/\/elglobal.do\/wp-content\/uploads\/2025\/12\/image-156.png 1024w, https:\/\/elglobal.do\/wp-content\/uploads\/2025\/12\/image-156-300x300.png 300w, https:\/\/elglobal.do\/wp-content\/uploads\/2025\/12\/image-156-150x150.png 150w, https:\/\/elglobal.do\/wp-content\/uploads\/2025\/12\/image-156-768x768.png 768w\" sizes=\"auto, (max-width: 1024px) 100vw, 1024px\" \/><\/figure>\n<\/div>\n\n\n<p>El Gobierno est\u00e1 preocupado por el d\u00e9ficit fiscal de 3.2% del PIB presupuestado para el 2026 y la necesidad de financiarlo con endeudamiento. Dado que en adici\u00f3n al d\u00e9ficit de RD$280,575 millones, el Gobierno tendr\u00e1 que amortizar vencimientos de deuda interna y externa equivalentes a RD$96,075 millones, reducir cuentas por pagar en RD$20,000 millones y aumentar sus activos financieros en RD$5,118 millones, las necesidades brutas de financiamiento para 2026 ascender\u00edan a RD$401,768 millones, equivalentes a 4.64% del PIB. Al reconocer que los RD$20,000 millones de cuentas por pagar posiblemente no aparecen en los registros de la deuda p\u00fablica y el aumento de los activos financieros de RD$5,118 millones posibilitado con bonos o pr\u00e9stamos eleva la deuda p\u00fablica, se proyecta que esta \u00faltima aumentar\u00eda en RD$305,693 millones (US$4,667 millones) en 2026. La deuda del sector p\u00fablico consolidado, en consecuencia, terminar\u00eda el a\u00f1o pr\u00f3ximo en US$79,151 millones (si la del Banco Central, medida en d\u00f3lares, se mantiene inalterada). Con un PIB nominal proyectado de US$130,305 millones en 2026, la deuda del sector p\u00fablico consolidado cerrar\u00eda el a\u00f1o pr\u00f3ximo en 60.7% del PIB, por encima del 58.6% de 2025.<\/p>\n\n\n\n<p>No hay dudas de que lo ideal ser\u00eda reducir la magnitud del d\u00e9ficit fiscal a trav\u00e9s de la eliminaci\u00f3n de todo gasto corriente improductivo y una reforma del sistema tributario que cierre los agujeros por donde penetra la evasi\u00f3n fiscal. Lamentablemente, el esc\u00e1ndalo reciente sobre supuestos actos de corrupci\u00f3n ha provocado un nivel de indignaci\u00f3n y crispaci\u00f3n en la sociedad dominicana que, aunque dif\u00edcil de cuantificar, muchos lo sit\u00faan en el tramo de lo gigantesco. Cualquier asesor pol\u00edtico experimentado, posiblemente, aconsejar\u00eda al Poder Ejecutivo posponer aumentos de impuestos y ajustes de tarifas que la poblaci\u00f3n percibir\u00eda que le sacar\u00edan de los bolsillos para compensar el dinero p\u00fablico sustra\u00eddo por las personas se\u00f1aladas por el Ministerio P\u00fablico. El recorte del gasto improductivo, el regreso a una focalizaci\u00f3n precisa de los hogares pobres beneficiados a trav\u00e9s de la tarjeta Sup\u00e9rate y la eliminaci\u00f3n de la privatizaci\u00f3n parcial de la recaudaci\u00f3n del ITBIS que prevalece en algunos sectores de la econom\u00eda, deben permanecer como opciones econ\u00f3micamente sensatas y pol\u00edticamente viables en la agenda del Gobierno.<\/p>\n\n\n\n<p>En lo que el Poder Ejecutivo decide el curso de acci\u00f3n a seguir, queremos presentar una propuesta que, a todas luces, resulta ser la m\u00e1s apropiada para reducir el nivel de preocupaci\u00f3n del Gobierno ante la posibilidad de que, en ausencia de una reingenier\u00eda fiscal, la deuda p\u00fablica retome la tendencia creciente en 2026. En agosto de 2020, pocos d\u00edas despu\u00e9s de haber asumido el presidente Abinader, el Gobierno Central ten\u00eda dep\u00f3sitos ascendentes a RD$5,746 millones en el Banco Central y RD$32,404 millones en el Banco de Reservas, para un total de RD$38,150 millones. A final del pasado mes de noviembre, el Gobierno Central manten\u00eda dep\u00f3sitos por RD$105,260 millones en el Banco Central y RD$213,205 millones en el Banco de Reservas, para un total de RD$318,465 millones, m\u00e1s de 8 veces los dep\u00f3sitos heredados en agosto de 2020.<\/p>\n\n\n\n<p>Si el objetivo de la reforma tributaria es recaudar unos RD$120,000 millones (1.4% del PIB), lo que permitir\u00eda reducir el d\u00e9ficit fiscal y generar espacio fiscal para un aumento de la inversi\u00f3n p\u00fablica, una alternativa sensata ser\u00eda el uso de una parte del enorme excedente de dep\u00f3sitos que mantiene el Gobierno Central en el Banco Central y el Banco de Reservas, los cuales ascienden a 4.0% del PIB.<\/p>\n\n\n\n<p>\u00bfQu\u00e9 sentido tiene mantener un excedente abrumador de dep\u00f3sitos derivado de la masiva colocaci\u00f3n de deuda p\u00fablica global en 2020-2021, sobre la cual pagamos intereses mayores a los que reciben el Gobierno Central del Banco de Reservas y el Banco Central del Tesoro de EE. UU.? Nuestra recomendaci\u00f3n es que el Gobierno gire contra estos dep\u00f3sitos y elimine toda la emisi\u00f3n y colocaci\u00f3n de nueva deuda interna y externa que tiene previsto realizar para hacer frente a las aplicaciones financieras (amortizaci\u00f3n de las deudas interna y externa, reducci\u00f3n de cuentas por pagar y aumento de activos financieros) que totalizan RD$121,193 millones (1.4% del PIB). De esa manera, la deuda p\u00fablica aumentar\u00eda en US$2,817 millones en 2026, cerrando en 59.3% del PIB, bastante cercana a la de 2025.<\/p>\n\n\n\n<p>A\u00fan reduciendo los dep\u00f3sitos en el Banco Central y Banco de Reservas en RD$121,193 millones, el Gobierno Central terminar\u00eda con dep\u00f3sitos ascendentes a RD$197,272 millones a final de 2026, m\u00e1s de 5 veces el nivel heredado en agosto de 2020. Tendr\u00eda margen, si lo desea, para reducir a\u00fan m\u00e1s la colocaci\u00f3n de nueva deuda p\u00fablica o para estimular gradualmente la inversi\u00f3n p\u00fablica y acelerar la recuperaci\u00f3n del ritmo de crecimiento que perdimos en 2025. Alguien podr\u00eda decir que la sustituci\u00f3n de endeudamiento interno y externo por el uso de dep\u00f3sitos podr\u00eda generar presiones devaluatorias e inflacionarias. En la medida en que el Banco Central mantenga su credibilidad, su firmeza en la defensa de la meta de inflaci\u00f3n y la disposici\u00f3n de utilizar sus elevadas reservas internacionales netas para moderar la depreciaci\u00f3n y la volatilidad de la tasa de cambio, no hay motivos para preocupaci\u00f3n. Para 2026 se proyecta una depreciaci\u00f3n anual promedio de 5.6%. Con un efecto traspaso (\u201cpass-through\u201d) de la depreciaci\u00f3n del peso a la inflaci\u00f3n que ha promediado 0.36 (36% en los \u00faltimos 5 a\u00f1os), seg\u00fan estimaciones realizadas por el Banco Central, una depreciaci\u00f3n de 5.6% o ligeramente mayor mantendr\u00eda la inflaci\u00f3n dentro del rango meta (4% +\/- 1%).<\/p>\n\n\n\n<p>Hace tiempo que el Gobierno debi\u00f3 haber reducido la colocaci\u00f3n de nueva deuda p\u00fablica interna y externa dado el exceso sin precedentes de sus dep\u00f3sitos en el Banco Central y el Banco de Reservas.<\/p>\n\n\n\n<p>Haber emitido nueva deuda p\u00fablica mientras manten\u00eda liquidez de hasta un 5% del PIB depositada en ambos bancos, constituy\u00f3 una pol\u00edtica econ\u00f3mica errada, m\u00e1s a\u00fan, cuando la misma implicaba un \u201ccarry\u201d negativo (intereses pagados mayores a los intereses recibidos). Ha llegado el momento de corregir el error.<\/p>\n\n\n\n<p>El Poder Legislativo olvid\u00f3 su rol de fiscalizador. Pudo haber recortado sensiblemente los montos de las necesidades brutas de financiamiento establecidas en los proyectos de presupuesto que les someti\u00f3 el Poder Ejecutivo y no lo hizo. Algunos dir\u00e1n que por ignorancia; otros, por incapacidad; y los m\u00e1s cr\u00edticos, por irresponsabilidad. Los legisladores deben saber que autorizar nueva deuda al Poder Ejecutivo mientras este manten\u00eda y mantiene un excedente anormal de dep\u00f3sitos producto de una masiva sobrecolocaci\u00f3n de deuda p\u00fablica externa en 2020-2021, le ha costado al pueblo dominicano RD$45,000 millones entre septiembre de 2020 y diciembre de 2025. Les podr\u00e1 parecer poco, pero esos recursos habr\u00edan permitido construir la Autov\u00eda del \u00c1mbar y compensado totalmente el agujero \u201cpreliminar\u201d de SeNaSa. \u00bfAparecer\u00e1 alg\u00fan legislador que convenza a sus compa\u00f1eros a detener esta hemorragia de recursos pagados por los contribuyentes?<\/p>\n","protected":false},"excerpt":{"rendered":"<p>Por Andr\u00e9s Dauhajre Hijo El Gobierno est\u00e1 preocupado por el d\u00e9ficit fiscal de 3.2% del PIB presupuestado para el 2026 y la necesidad de financiarlo con endeudamiento. Dado que en&hellip; <\/p>\n","protected":false},"author":1,"featured_media":4925,"comment_status":"open","ping_status":"open","sticky":false,"template":"","format":"standard","meta":{"_jetpack_memberships_contains_paid_content":false,"footnotes":""},"categories":[20],"tags":[956,2729,1697,62,688,2664],"class_list":["post-4919","post","type-post","status-publish","format-standard","has-post-thumbnail","hentry","category-opinion","tag-deficit","tag-depositos","tag-endeudamiento","tag-gobierno","tag-opinion","tag-prudencia"],"yoast_head":"<!-- This site is optimized with the Yoast SEO plugin v26.9 - https:\/\/yoast.com\/product\/yoast-seo-wordpress\/ -->\n<title>La prudencia apunta al uso de los dep\u00f3sitos - EL GLOBAL INFORMATIVO<\/title>\n<meta name=\"robots\" content=\"index, follow, max-snippet:-1, max-image-preview:large, max-video-preview:-1\" \/>\n<link rel=\"canonical\" href=\"https:\/\/elglobal.do\/index.php\/2025\/12\/29\/la-prudencia-apunta-al-uso-de-los-depositos\/\" \/>\n<meta property=\"og:locale\" content=\"es_ES\" \/>\n<meta property=\"og:type\" content=\"article\" \/>\n<meta property=\"og:title\" content=\"La prudencia apunta al uso de los dep\u00f3sitos - EL GLOBAL INFORMATIVO\" \/>\n<meta property=\"og:description\" content=\"Por Andr\u00e9s Dauhajre Hijo El Gobierno est\u00e1 preocupado por el d\u00e9ficit fiscal de 3.2% del PIB presupuestado para el 2026 y la necesidad de financiarlo con endeudamiento. Dado que en&hellip;\" \/>\n<meta property=\"og:url\" content=\"https:\/\/elglobal.do\/index.php\/2025\/12\/29\/la-prudencia-apunta-al-uso-de-los-depositos\/\" \/>\n<meta property=\"og:site_name\" content=\"EL GLOBAL INFORMATIVO\" \/>\n<meta property=\"article:published_time\" content=\"2025-12-29T19:33:46+00:00\" \/>\n<meta property=\"article:modified_time\" content=\"2025-12-29T19:33:48+00:00\" \/>\n<meta property=\"og:image\" content=\"https:\/\/elglobal.do\/wp-content\/uploads\/2025\/12\/image-156.png\" \/>\n\t<meta property=\"og:image:width\" content=\"1024\" \/>\n\t<meta property=\"og:image:height\" content=\"1024\" \/>\n\t<meta property=\"og:image:type\" content=\"image\/png\" \/>\n<meta name=\"author\" content=\"EL GLOBAL\" \/>\n<meta name=\"twitter:card\" content=\"summary_large_image\" \/>\n<meta name=\"twitter:label1\" content=\"Escrito por\" \/>\n\t<meta name=\"twitter:data1\" content=\"EL GLOBAL\" \/>\n\t<meta name=\"twitter:label2\" content=\"Tiempo de lectura\" \/>\n\t<meta name=\"twitter:data2\" content=\"6 minutos\" \/>\n<script type=\"application\/ld+json\" class=\"yoast-schema-graph\">{\"@context\":\"https:\/\/schema.org\",\"@graph\":[{\"@type\":\"Article\",\"@id\":\"https:\/\/elglobal.do\/index.php\/2025\/12\/29\/la-prudencia-apunta-al-uso-de-los-depositos\/#article\",\"isPartOf\":{\"@id\":\"https:\/\/elglobal.do\/index.php\/2025\/12\/29\/la-prudencia-apunta-al-uso-de-los-depositos\/\"},\"author\":{\"name\":\"EL GLOBAL\",\"@id\":\"https:\/\/elglobal.do\/#\/schema\/person\/0c97ec2c7714fb605d230c292f64d55f\"},\"headline\":\"La prudencia apunta al uso de los dep\u00f3sitos\",\"datePublished\":\"2025-12-29T19:33:46+00:00\",\"dateModified\":\"2025-12-29T19:33:48+00:00\",\"mainEntityOfPage\":{\"@id\":\"https:\/\/elglobal.do\/index.php\/2025\/12\/29\/la-prudencia-apunta-al-uso-de-los-depositos\/\"},\"wordCount\":1216,\"commentCount\":0,\"publisher\":{\"@id\":\"https:\/\/elglobal.do\/#organization\"},\"image\":{\"@id\":\"https:\/\/elglobal.do\/index.php\/2025\/12\/29\/la-prudencia-apunta-al-uso-de-los-depositos\/#primaryimage\"},\"thumbnailUrl\":\"https:\/\/elglobal.do\/wp-content\/uploads\/2025\/12\/image-156.png\",\"keywords\":[\"#d\u00e9ficit\",\"#Dep\u00f3sitos\",\"#Endeudamiento\",\"#Gobierno\",\"#Opini\u00f3n\",\"#Prudencia\"],\"articleSection\":[\"OPINI\u00d3N\"],\"inLanguage\":\"es\",\"potentialAction\":[{\"@type\":\"CommentAction\",\"name\":\"Comment\",\"target\":[\"https:\/\/elglobal.do\/index.php\/2025\/12\/29\/la-prudencia-apunta-al-uso-de-los-depositos\/#respond\"]}]},{\"@type\":\"WebPage\",\"@id\":\"https:\/\/elglobal.do\/index.php\/2025\/12\/29\/la-prudencia-apunta-al-uso-de-los-depositos\/\",\"url\":\"https:\/\/elglobal.do\/index.php\/2025\/12\/29\/la-prudencia-apunta-al-uso-de-los-depositos\/\",\"name\":\"La prudencia apunta al uso de los dep\u00f3sitos - EL GLOBAL INFORMATIVO\",\"isPartOf\":{\"@id\":\"https:\/\/elglobal.do\/#website\"},\"primaryImageOfPage\":{\"@id\":\"https:\/\/elglobal.do\/index.php\/2025\/12\/29\/la-prudencia-apunta-al-uso-de-los-depositos\/#primaryimage\"},\"image\":{\"@id\":\"https:\/\/elglobal.do\/index.php\/2025\/12\/29\/la-prudencia-apunta-al-uso-de-los-depositos\/#primaryimage\"},\"thumbnailUrl\":\"https:\/\/elglobal.do\/wp-content\/uploads\/2025\/12\/image-156.png\",\"datePublished\":\"2025-12-29T19:33:46+00:00\",\"dateModified\":\"2025-12-29T19:33:48+00:00\",\"breadcrumb\":{\"@id\":\"https:\/\/elglobal.do\/index.php\/2025\/12\/29\/la-prudencia-apunta-al-uso-de-los-depositos\/#breadcrumb\"},\"inLanguage\":\"es\",\"potentialAction\":[{\"@type\":\"ReadAction\",\"target\":[\"https:\/\/elglobal.do\/index.php\/2025\/12\/29\/la-prudencia-apunta-al-uso-de-los-depositos\/\"]}]},{\"@type\":\"ImageObject\",\"inLanguage\":\"es\",\"@id\":\"https:\/\/elglobal.do\/index.php\/2025\/12\/29\/la-prudencia-apunta-al-uso-de-los-depositos\/#primaryimage\",\"url\":\"https:\/\/elglobal.do\/wp-content\/uploads\/2025\/12\/image-156.png\",\"contentUrl\":\"https:\/\/elglobal.do\/wp-content\/uploads\/2025\/12\/image-156.png\",\"width\":1024,\"height\":1024},{\"@type\":\"BreadcrumbList\",\"@id\":\"https:\/\/elglobal.do\/index.php\/2025\/12\/29\/la-prudencia-apunta-al-uso-de-los-depositos\/#breadcrumb\",\"itemListElement\":[{\"@type\":\"ListItem\",\"position\":1,\"name\":\"Portada\",\"item\":\"https:\/\/elglobal.do\/\"},{\"@type\":\"ListItem\",\"position\":2,\"name\":\"La prudencia apunta al uso de los dep\u00f3sitos\"}]},{\"@type\":\"WebSite\",\"@id\":\"https:\/\/elglobal.do\/#website\",\"url\":\"https:\/\/elglobal.do\/\",\"name\":\"EL GLOBAL INFORMATIVO\",\"description\":\"Peri\u00f3dico digital de la Rep\u00fablica Dominicana que ofrece noticias, novedades, pol\u00edtica y las \u00faltimas actualidades, con informaci\u00f3n veraz y oportuna para mantenerte siempre informad\",\"publisher\":{\"@id\":\"https:\/\/elglobal.do\/#organization\"},\"potentialAction\":[{\"@type\":\"SearchAction\",\"target\":{\"@type\":\"EntryPoint\",\"urlTemplate\":\"https:\/\/elglobal.do\/?s={search_term_string}\"},\"query-input\":{\"@type\":\"PropertyValueSpecification\",\"valueRequired\":true,\"valueName\":\"search_term_string\"}}],\"inLanguage\":\"es\"},{\"@type\":\"Organization\",\"@id\":\"https:\/\/elglobal.do\/#organization\",\"name\":\"EL GLOBAL.DO INFORMATIVO\",\"url\":\"https:\/\/elglobal.do\/\",\"logo\":{\"@type\":\"ImageObject\",\"inLanguage\":\"es\",\"@id\":\"https:\/\/elglobal.do\/#\/schema\/logo\/image\/\",\"url\":\"https:\/\/elglobal.do\/wp-content\/uploads\/2025\/08\/icon.png\",\"contentUrl\":\"https:\/\/elglobal.do\/wp-content\/uploads\/2025\/08\/icon.png\",\"width\":512,\"height\":512,\"caption\":\"EL GLOBAL.DO INFORMATIVO\"},\"image\":{\"@id\":\"https:\/\/elglobal.do\/#\/schema\/logo\/image\/\"}},{\"@type\":\"Person\",\"@id\":\"https:\/\/elglobal.do\/#\/schema\/person\/0c97ec2c7714fb605d230c292f64d55f\",\"name\":\"EL GLOBAL\",\"image\":{\"@type\":\"ImageObject\",\"inLanguage\":\"es\",\"@id\":\"https:\/\/elglobal.do\/#\/schema\/person\/image\/\",\"url\":\"https:\/\/secure.gravatar.com\/avatar\/081cfb6cf99faddc6f4e23a0c11ab98c5cf302925382d1c88dc3ed757ab910a3?s=96&d=mm&r=g\",\"contentUrl\":\"https:\/\/secure.gravatar.com\/avatar\/081cfb6cf99faddc6f4e23a0c11ab98c5cf302925382d1c88dc3ed757ab910a3?s=96&d=mm&r=g\",\"caption\":\"EL GLOBAL\"},\"description\":\"El Global Informativo es un peri\u00f3dico digital de Rep\u00fablica Dominicana que se dedica a cubrir temas importantes, como la pol\u00edtica local, geopol\u00edtica, econom\u00eda, tecnolog\u00eda, noticias internacionales y eventos relacionados con la gesti\u00f3n social, cultural y humana. Su objetivo principal es mantener a la poblaci\u00f3n informada, ofreciendo una visi\u00f3n amplia y actualizada de lo que sucede tanto en el pa\u00eds como en el mundo. Est\u00e1 dirigido por un grupo de periodistas experimentados, lo que garantiza la calidad y la precisi\u00f3n de la informaci\u00f3n que ofrecen. Tiene su sede en la ciudad de Santo Domingo y es parte integral del portafolio de la empresa, MC Global S.R.L.\",\"sameAs\":[\"https:\/\/elglobal.do\",\"https:\/\/www.instagram.com\/elglobal.do_informativo\/\"],\"url\":\"https:\/\/elglobal.do\/index.php\/author\/elglobaluserpro\/\"}]}<\/script>\n<!-- \/ Yoast SEO plugin. -->","yoast_head_json":{"title":"La prudencia apunta al uso de los dep\u00f3sitos - EL GLOBAL INFORMATIVO","robots":{"index":"index","follow":"follow","max-snippet":"max-snippet:-1","max-image-preview":"max-image-preview:large","max-video-preview":"max-video-preview:-1"},"canonical":"https:\/\/elglobal.do\/index.php\/2025\/12\/29\/la-prudencia-apunta-al-uso-de-los-depositos\/","og_locale":"es_ES","og_type":"article","og_title":"La prudencia apunta al uso de los dep\u00f3sitos - EL GLOBAL INFORMATIVO","og_description":"Por Andr\u00e9s Dauhajre Hijo El Gobierno est\u00e1 preocupado por el d\u00e9ficit fiscal de 3.2% del PIB presupuestado para el 2026 y la necesidad de financiarlo con endeudamiento. Dado que en&hellip;","og_url":"https:\/\/elglobal.do\/index.php\/2025\/12\/29\/la-prudencia-apunta-al-uso-de-los-depositos\/","og_site_name":"EL GLOBAL INFORMATIVO","article_published_time":"2025-12-29T19:33:46+00:00","article_modified_time":"2025-12-29T19:33:48+00:00","og_image":[{"width":1024,"height":1024,"url":"https:\/\/elglobal.do\/wp-content\/uploads\/2025\/12\/image-156.png","type":"image\/png"}],"author":"EL GLOBAL","twitter_card":"summary_large_image","twitter_misc":{"Escrito por":"EL GLOBAL","Tiempo de lectura":"6 minutos"},"schema":{"@context":"https:\/\/schema.org","@graph":[{"@type":"Article","@id":"https:\/\/elglobal.do\/index.php\/2025\/12\/29\/la-prudencia-apunta-al-uso-de-los-depositos\/#article","isPartOf":{"@id":"https:\/\/elglobal.do\/index.php\/2025\/12\/29\/la-prudencia-apunta-al-uso-de-los-depositos\/"},"author":{"name":"EL GLOBAL","@id":"https:\/\/elglobal.do\/#\/schema\/person\/0c97ec2c7714fb605d230c292f64d55f"},"headline":"La prudencia apunta al uso de los dep\u00f3sitos","datePublished":"2025-12-29T19:33:46+00:00","dateModified":"2025-12-29T19:33:48+00:00","mainEntityOfPage":{"@id":"https:\/\/elglobal.do\/index.php\/2025\/12\/29\/la-prudencia-apunta-al-uso-de-los-depositos\/"},"wordCount":1216,"commentCount":0,"publisher":{"@id":"https:\/\/elglobal.do\/#organization"},"image":{"@id":"https:\/\/elglobal.do\/index.php\/2025\/12\/29\/la-prudencia-apunta-al-uso-de-los-depositos\/#primaryimage"},"thumbnailUrl":"https:\/\/elglobal.do\/wp-content\/uploads\/2025\/12\/image-156.png","keywords":["#d\u00e9ficit","#Dep\u00f3sitos","#Endeudamiento","#Gobierno","#Opini\u00f3n","#Prudencia"],"articleSection":["OPINI\u00d3N"],"inLanguage":"es","potentialAction":[{"@type":"CommentAction","name":"Comment","target":["https:\/\/elglobal.do\/index.php\/2025\/12\/29\/la-prudencia-apunta-al-uso-de-los-depositos\/#respond"]}]},{"@type":"WebPage","@id":"https:\/\/elglobal.do\/index.php\/2025\/12\/29\/la-prudencia-apunta-al-uso-de-los-depositos\/","url":"https:\/\/elglobal.do\/index.php\/2025\/12\/29\/la-prudencia-apunta-al-uso-de-los-depositos\/","name":"La prudencia apunta al uso de los dep\u00f3sitos - EL GLOBAL INFORMATIVO","isPartOf":{"@id":"https:\/\/elglobal.do\/#website"},"primaryImageOfPage":{"@id":"https:\/\/elglobal.do\/index.php\/2025\/12\/29\/la-prudencia-apunta-al-uso-de-los-depositos\/#primaryimage"},"image":{"@id":"https:\/\/elglobal.do\/index.php\/2025\/12\/29\/la-prudencia-apunta-al-uso-de-los-depositos\/#primaryimage"},"thumbnailUrl":"https:\/\/elglobal.do\/wp-content\/uploads\/2025\/12\/image-156.png","datePublished":"2025-12-29T19:33:46+00:00","dateModified":"2025-12-29T19:33:48+00:00","breadcrumb":{"@id":"https:\/\/elglobal.do\/index.php\/2025\/12\/29\/la-prudencia-apunta-al-uso-de-los-depositos\/#breadcrumb"},"inLanguage":"es","potentialAction":[{"@type":"ReadAction","target":["https:\/\/elglobal.do\/index.php\/2025\/12\/29\/la-prudencia-apunta-al-uso-de-los-depositos\/"]}]},{"@type":"ImageObject","inLanguage":"es","@id":"https:\/\/elglobal.do\/index.php\/2025\/12\/29\/la-prudencia-apunta-al-uso-de-los-depositos\/#primaryimage","url":"https:\/\/elglobal.do\/wp-content\/uploads\/2025\/12\/image-156.png","contentUrl":"https:\/\/elglobal.do\/wp-content\/uploads\/2025\/12\/image-156.png","width":1024,"height":1024},{"@type":"BreadcrumbList","@id":"https:\/\/elglobal.do\/index.php\/2025\/12\/29\/la-prudencia-apunta-al-uso-de-los-depositos\/#breadcrumb","itemListElement":[{"@type":"ListItem","position":1,"name":"Portada","item":"https:\/\/elglobal.do\/"},{"@type":"ListItem","position":2,"name":"La prudencia apunta al uso de los dep\u00f3sitos"}]},{"@type":"WebSite","@id":"https:\/\/elglobal.do\/#website","url":"https:\/\/elglobal.do\/","name":"EL GLOBAL INFORMATIVO","description":"Peri\u00f3dico digital de la Rep\u00fablica Dominicana que ofrece noticias, novedades, pol\u00edtica y las \u00faltimas actualidades, con informaci\u00f3n veraz y oportuna para mantenerte siempre informad","publisher":{"@id":"https:\/\/elglobal.do\/#organization"},"potentialAction":[{"@type":"SearchAction","target":{"@type":"EntryPoint","urlTemplate":"https:\/\/elglobal.do\/?s={search_term_string}"},"query-input":{"@type":"PropertyValueSpecification","valueRequired":true,"valueName":"search_term_string"}}],"inLanguage":"es"},{"@type":"Organization","@id":"https:\/\/elglobal.do\/#organization","name":"EL GLOBAL.DO INFORMATIVO","url":"https:\/\/elglobal.do\/","logo":{"@type":"ImageObject","inLanguage":"es","@id":"https:\/\/elglobal.do\/#\/schema\/logo\/image\/","url":"https:\/\/elglobal.do\/wp-content\/uploads\/2025\/08\/icon.png","contentUrl":"https:\/\/elglobal.do\/wp-content\/uploads\/2025\/08\/icon.png","width":512,"height":512,"caption":"EL GLOBAL.DO INFORMATIVO"},"image":{"@id":"https:\/\/elglobal.do\/#\/schema\/logo\/image\/"}},{"@type":"Person","@id":"https:\/\/elglobal.do\/#\/schema\/person\/0c97ec2c7714fb605d230c292f64d55f","name":"EL GLOBAL","image":{"@type":"ImageObject","inLanguage":"es","@id":"https:\/\/elglobal.do\/#\/schema\/person\/image\/","url":"https:\/\/secure.gravatar.com\/avatar\/081cfb6cf99faddc6f4e23a0c11ab98c5cf302925382d1c88dc3ed757ab910a3?s=96&d=mm&r=g","contentUrl":"https:\/\/secure.gravatar.com\/avatar\/081cfb6cf99faddc6f4e23a0c11ab98c5cf302925382d1c88dc3ed757ab910a3?s=96&d=mm&r=g","caption":"EL GLOBAL"},"description":"El Global Informativo es un peri\u00f3dico digital de Rep\u00fablica Dominicana que se dedica a cubrir temas importantes, como la pol\u00edtica local, geopol\u00edtica, econom\u00eda, tecnolog\u00eda, noticias internacionales y eventos relacionados con la gesti\u00f3n social, cultural y humana. Su objetivo principal es mantener a la poblaci\u00f3n informada, ofreciendo una visi\u00f3n amplia y actualizada de lo que sucede tanto en el pa\u00eds como en el mundo. Est\u00e1 dirigido por un grupo de periodistas experimentados, lo que garantiza la calidad y la precisi\u00f3n de la informaci\u00f3n que ofrecen. Tiene su sede en la ciudad de Santo Domingo y es parte integral del portafolio de la empresa, MC Global S.R.L.","sameAs":["https:\/\/elglobal.do","https:\/\/www.instagram.com\/elglobal.do_informativo\/"],"url":"https:\/\/elglobal.do\/index.php\/author\/elglobaluserpro\/"}]}},"jetpack_featured_media_url":"https:\/\/elglobal.do\/wp-content\/uploads\/2025\/12\/image-156.png","jetpack_sharing_enabled":true,"_links":{"self":[{"href":"https:\/\/elglobal.do\/index.php\/wp-json\/wp\/v2\/posts\/4919","targetHints":{"allow":["GET"]}}],"collection":[{"href":"https:\/\/elglobal.do\/index.php\/wp-json\/wp\/v2\/posts"}],"about":[{"href":"https:\/\/elglobal.do\/index.php\/wp-json\/wp\/v2\/types\/post"}],"author":[{"embeddable":true,"href":"https:\/\/elglobal.do\/index.php\/wp-json\/wp\/v2\/users\/1"}],"replies":[{"embeddable":true,"href":"https:\/\/elglobal.do\/index.php\/wp-json\/wp\/v2\/comments?post=4919"}],"version-history":[{"count":2,"href":"https:\/\/elglobal.do\/index.php\/wp-json\/wp\/v2\/posts\/4919\/revisions"}],"predecessor-version":[{"id":4926,"href":"https:\/\/elglobal.do\/index.php\/wp-json\/wp\/v2\/posts\/4919\/revisions\/4926"}],"wp:featuredmedia":[{"embeddable":true,"href":"https:\/\/elglobal.do\/index.php\/wp-json\/wp\/v2\/media\/4925"}],"wp:attachment":[{"href":"https:\/\/elglobal.do\/index.php\/wp-json\/wp\/v2\/media?parent=4919"}],"wp:term":[{"taxonomy":"category","embeddable":true,"href":"https:\/\/elglobal.do\/index.php\/wp-json\/wp\/v2\/categories?post=4919"},{"taxonomy":"post_tag","embeddable":true,"href":"https:\/\/elglobal.do\/index.php\/wp-json\/wp\/v2\/tags?post=4919"}],"curies":[{"name":"wp","href":"https:\/\/api.w.org\/{rel}","templated":true}]}}