{"id":492,"date":"2025-08-04T10:42:39","date_gmt":"2025-08-04T14:42:39","guid":{"rendered":"https:\/\/elglobal.do\/?p=492"},"modified":"2025-08-12T05:20:02","modified_gmt":"2025-08-12T09:20:02","slug":"yeni-berenice-nuestra-conclusion-es-que-tenemos-un-buen-codigo-penal","status":"publish","type":"post","link":"https:\/\/elglobal.do\/index.php\/2025\/08\/04\/yeni-berenice-nuestra-conclusion-es-que-tenemos-un-buen-codigo-penal\/","title":{"rendered":"Yeni Berenice: \u201cNuestra conclusi\u00f3n es que tenemos un buen C\u00f3digo Penal\u201d"},"content":{"rendered":"\n<p><em>La procuradora general de la Rep\u00fablica, agradeci\u00f3 a todas las personas que alzaron su voz para tener un nuevo C\u00f3digo Penal y a los \u201clegisladores por escuchar<\/em>\u201d<\/p>\n\n\n\n<p><strong>Santo Domingo.<\/strong>&#8211;\u00a0La\u00a0<strong>procuradora\u00a0<\/strong>general de la Rep\u00fablica,\u00a0<strong>Yeni Berenice Reynoso<\/strong>, valor\u00f3 como positiva la promulgaci\u00f3n de un<strong>\u00a0nuevo C\u00f3digo Penal<\/strong>, debido a que en t\u00e9rminos generales \u201cest\u00e1 acorde a las nuevas tendencias de la teor\u00eda del delito\u201d.<\/p>\n\n\n\n<p>Indic\u00f3 que el&nbsp;<strong>Ministerio P\u00fablico&nbsp;<\/strong>analiz\u00f3 este c\u00f3digo penal haciendo comparaciones con leyes, \u201cla jurisprudencia y la doctrina, no solo de la regi\u00f3n, y nuestra conclusi\u00f3n es que tenemos un buen C\u00f3digo Penal\u201d.<\/p>\n\n\n\n<p>Asimismo, la procuradora reconoci\u00f3 el trabajo de algunos&nbsp;<strong>legisladores&nbsp;<\/strong>y<strong>&nbsp;l\u00edderes pol\u00edticos&nbsp;<\/strong>que \u201chicieron m\u00e1s de lo que se puede ver\u201d para que el C\u00f3digo Penal tuviera un car\u00e1cter \u201cprogresivo con relaci\u00f3n a los avances asentados en la&nbsp;<strong>Ley 24-97&nbsp;<\/strong>y otras legislaciones; a pesar de que otros quer\u00edan retroceder, la razonabilidad llev\u00f3 a decidir lo correcto\u201d.<\/p>\n\n\n\n<p>\u201cHoy estamos ante el&nbsp;<strong>cambio legislativo m\u00e1s importante<\/strong>&nbsp;en materia de derecho penal desde el a\u00f1o 1884, porque era necesario no s\u00f3lo tener un&nbsp;<strong>nuevo C\u00f3digo Penal<\/strong>, sino avanzar en una nueva visi\u00f3n de&nbsp;<strong>justicia&nbsp;<\/strong>centrada en las personas, la cual estamos comprometidos a impulsar desde el&nbsp;<strong>Ministerio P\u00fablico<\/strong>\u201d, indic\u00f3 en el comunicado.<\/p>\n\n\n\n<p>La<strong>&nbsp;procuradora general de la Rep\u00fablica<\/strong>, agradeci\u00f3 a todas las personas que alzaron su voz para tener un nuevo C\u00f3digo Penal y a los \u201clegisladores por escuchar\u201d.<\/p>\n\n\n\n<p>\u201c\u00a1Aunque siempre toda ley es perfectible, hoy hemos avanzado por el bien de la sociedad!\u201d, concluy\u00f3.<\/p>\n\n\n\n<p><\/p>\n\n\n\n<p><\/p>\n","protected":false},"excerpt":{"rendered":"<p>La procuradora general de la Rep\u00fablica, agradeci\u00f3 a todas las personas que alzaron su voz para tener un nuevo C\u00f3digo Penal y a los \u201clegisladores por escuchar\u201d Santo Domingo.&#8211;\u00a0La\u00a0procuradora\u00a0general de&hellip; <\/p>\n","protected":false},"author":1,"featured_media":493,"comment_status":"open","ping_status":"open","sticky":false,"template":"","format":"standard","meta":{"_jetpack_memberships_contains_paid_content":false,"footnotes":""},"categories":[40],"tags":[55,126,125],"class_list":["post-492","post","type-post","status-publish","format-standard","has-post-thumbnail","hentry","category-nacionales","tag-codigopenal","tag-ministeriopublico","tag-yeniberenice"],"yoast_head":"<!-- This site is optimized with the Yoast SEO plugin v26.9 - https:\/\/yoast.com\/product\/yoast-seo-wordpress\/ -->\n<title>Yeni Berenice: \u201cNuestra conclusi\u00f3n es que tenemos un buen C\u00f3digo Penal\u201d - EL GLOBAL INFORMATIVO<\/title>\n<meta name=\"robots\" content=\"index, follow, max-snippet:-1, max-image-preview:large, max-video-preview:-1\" \/>\n<link rel=\"canonical\" href=\"https:\/\/elglobal.do\/index.php\/2025\/08\/04\/yeni-berenice-nuestra-conclusion-es-que-tenemos-un-buen-codigo-penal\/\" \/>\n<meta property=\"og:locale\" content=\"es_ES\" \/>\n<meta property=\"og:type\" content=\"article\" \/>\n<meta property=\"og:title\" content=\"Yeni Berenice: \u201cNuestra conclusi\u00f3n es que tenemos un buen C\u00f3digo Penal\u201d - EL GLOBAL INFORMATIVO\" \/>\n<meta property=\"og:description\" content=\"La procuradora general de la Rep\u00fablica, agradeci\u00f3 a todas las personas que alzaron su voz para tener un nuevo C\u00f3digo Penal y a los \u201clegisladores por escuchar\u201d Santo Domingo.&#8211;\u00a0La\u00a0procuradora\u00a0general de&hellip;\" \/>\n<meta property=\"og:url\" content=\"https:\/\/elglobal.do\/index.php\/2025\/08\/04\/yeni-berenice-nuestra-conclusion-es-que-tenemos-un-buen-codigo-penal\/\" \/>\n<meta property=\"og:site_name\" content=\"EL GLOBAL INFORMATIVO\" \/>\n<meta property=\"article:published_time\" content=\"2025-08-04T14:42:39+00:00\" \/>\n<meta property=\"article:modified_time\" content=\"2025-08-12T09:20:02+00:00\" \/>\n<meta property=\"og:image\" content=\"https:\/\/elglobal.do\/wp-content\/uploads\/2025\/08\/yeni.jpg\" \/>\n\t<meta property=\"og:image:width\" content=\"1040\" \/>\n\t<meta property=\"og:image:height\" content=\"694\" \/>\n\t<meta property=\"og:image:type\" content=\"image\/jpeg\" \/>\n<meta name=\"author\" content=\"EL GLOBAL\" \/>\n<meta name=\"twitter:card\" content=\"summary_large_image\" \/>\n<meta name=\"twitter:label1\" content=\"Escrito por\" \/>\n\t<meta name=\"twitter:data1\" content=\"EL GLOBAL\" \/>\n\t<meta name=\"twitter:label2\" content=\"Tiempo de lectura\" \/>\n\t<meta name=\"twitter:data2\" content=\"1 minuto\" \/>\n<script type=\"application\/ld+json\" class=\"yoast-schema-graph\">{\"@context\":\"https:\/\/schema.org\",\"@graph\":[{\"@type\":\"Article\",\"@id\":\"https:\/\/elglobal.do\/index.php\/2025\/08\/04\/yeni-berenice-nuestra-conclusion-es-que-tenemos-un-buen-codigo-penal\/#article\",\"isPartOf\":{\"@id\":\"https:\/\/elglobal.do\/index.php\/2025\/08\/04\/yeni-berenice-nuestra-conclusion-es-que-tenemos-un-buen-codigo-penal\/\"},\"author\":{\"name\":\"EL GLOBAL\",\"@id\":\"https:\/\/elglobal.do\/#\/schema\/person\/0c97ec2c7714fb605d230c292f64d55f\"},\"headline\":\"Yeni Berenice: \u201cNuestra conclusi\u00f3n es que tenemos un buen C\u00f3digo Penal\u201d\",\"datePublished\":\"2025-08-04T14:42:39+00:00\",\"dateModified\":\"2025-08-12T09:20:02+00:00\",\"mainEntityOfPage\":{\"@id\":\"https:\/\/elglobal.do\/index.php\/2025\/08\/04\/yeni-berenice-nuestra-conclusion-es-que-tenemos-un-buen-codigo-penal\/\"},\"wordCount\":306,\"commentCount\":0,\"publisher\":{\"@id\":\"https:\/\/elglobal.do\/#organization\"},\"image\":{\"@id\":\"https:\/\/elglobal.do\/index.php\/2025\/08\/04\/yeni-berenice-nuestra-conclusion-es-que-tenemos-un-buen-codigo-penal\/#primaryimage\"},\"thumbnailUrl\":\"https:\/\/elglobal.do\/wp-content\/uploads\/2025\/08\/yeni.jpg\",\"keywords\":[\"#C\u00f3digoPenal\",\"#MinisterioP\u00fablico\",\"#YeniBerenice\"],\"articleSection\":[\"NACIONALES\"],\"inLanguage\":\"es\",\"potentialAction\":[{\"@type\":\"CommentAction\",\"name\":\"Comment\",\"target\":[\"https:\/\/elglobal.do\/index.php\/2025\/08\/04\/yeni-berenice-nuestra-conclusion-es-que-tenemos-un-buen-codigo-penal\/#respond\"]}]},{\"@type\":\"WebPage\",\"@id\":\"https:\/\/elglobal.do\/index.php\/2025\/08\/04\/yeni-berenice-nuestra-conclusion-es-que-tenemos-un-buen-codigo-penal\/\",\"url\":\"https:\/\/elglobal.do\/index.php\/2025\/08\/04\/yeni-berenice-nuestra-conclusion-es-que-tenemos-un-buen-codigo-penal\/\",\"name\":\"Yeni Berenice: \u201cNuestra conclusi\u00f3n es que tenemos un buen C\u00f3digo Penal\u201d - EL GLOBAL INFORMATIVO\",\"isPartOf\":{\"@id\":\"https:\/\/elglobal.do\/#website\"},\"primaryImageOfPage\":{\"@id\":\"https:\/\/elglobal.do\/index.php\/2025\/08\/04\/yeni-berenice-nuestra-conclusion-es-que-tenemos-un-buen-codigo-penal\/#primaryimage\"},\"image\":{\"@id\":\"https:\/\/elglobal.do\/index.php\/2025\/08\/04\/yeni-berenice-nuestra-conclusion-es-que-tenemos-un-buen-codigo-penal\/#primaryimage\"},\"thumbnailUrl\":\"https:\/\/elglobal.do\/wp-content\/uploads\/2025\/08\/yeni.jpg\",\"datePublished\":\"2025-08-04T14:42:39+00:00\",\"dateModified\":\"2025-08-12T09:20:02+00:00\",\"breadcrumb\":{\"@id\":\"https:\/\/elglobal.do\/index.php\/2025\/08\/04\/yeni-berenice-nuestra-conclusion-es-que-tenemos-un-buen-codigo-penal\/#breadcrumb\"},\"inLanguage\":\"es\",\"potentialAction\":[{\"@type\":\"ReadAction\",\"target\":[\"https:\/\/elglobal.do\/index.php\/2025\/08\/04\/yeni-berenice-nuestra-conclusion-es-que-tenemos-un-buen-codigo-penal\/\"]}]},{\"@type\":\"ImageObject\",\"inLanguage\":\"es\",\"@id\":\"https:\/\/elglobal.do\/index.php\/2025\/08\/04\/yeni-berenice-nuestra-conclusion-es-que-tenemos-un-buen-codigo-penal\/#primaryimage\",\"url\":\"https:\/\/elglobal.do\/wp-content\/uploads\/2025\/08\/yeni.jpg\",\"contentUrl\":\"https:\/\/elglobal.do\/wp-content\/uploads\/2025\/08\/yeni.jpg\",\"width\":1040,\"height\":694},{\"@type\":\"BreadcrumbList\",\"@id\":\"https:\/\/elglobal.do\/index.php\/2025\/08\/04\/yeni-berenice-nuestra-conclusion-es-que-tenemos-un-buen-codigo-penal\/#breadcrumb\",\"itemListElement\":[{\"@type\":\"ListItem\",\"position\":1,\"name\":\"Portada\",\"item\":\"https:\/\/elglobal.do\/\"},{\"@type\":\"ListItem\",\"position\":2,\"name\":\"Yeni Berenice: \u201cNuestra conclusi\u00f3n es que tenemos un buen C\u00f3digo Penal\u201d\"}]},{\"@type\":\"WebSite\",\"@id\":\"https:\/\/elglobal.do\/#website\",\"url\":\"https:\/\/elglobal.do\/\",\"name\":\"EL GLOBAL INFORMATIVO\",\"description\":\"Peri\u00f3dico digital de la Rep\u00fablica Dominicana que ofrece noticias, novedades, pol\u00edtica y las \u00faltimas actualidades, con informaci\u00f3n veraz y oportuna para mantenerte siempre informad\",\"publisher\":{\"@id\":\"https:\/\/elglobal.do\/#organization\"},\"potentialAction\":[{\"@type\":\"SearchAction\",\"target\":{\"@type\":\"EntryPoint\",\"urlTemplate\":\"https:\/\/elglobal.do\/?s={search_term_string}\"},\"query-input\":{\"@type\":\"PropertyValueSpecification\",\"valueRequired\":true,\"valueName\":\"search_term_string\"}}],\"inLanguage\":\"es\"},{\"@type\":\"Organization\",\"@id\":\"https:\/\/elglobal.do\/#organization\",\"name\":\"EL GLOBAL.DO INFORMATIVO\",\"url\":\"https:\/\/elglobal.do\/\",\"logo\":{\"@type\":\"ImageObject\",\"inLanguage\":\"es\",\"@id\":\"https:\/\/elglobal.do\/#\/schema\/logo\/image\/\",\"url\":\"https:\/\/elglobal.do\/wp-content\/uploads\/2025\/08\/icon.png\",\"contentUrl\":\"https:\/\/elglobal.do\/wp-content\/uploads\/2025\/08\/icon.png\",\"width\":512,\"height\":512,\"caption\":\"EL GLOBAL.DO INFORMATIVO\"},\"image\":{\"@id\":\"https:\/\/elglobal.do\/#\/schema\/logo\/image\/\"}},{\"@type\":\"Person\",\"@id\":\"https:\/\/elglobal.do\/#\/schema\/person\/0c97ec2c7714fb605d230c292f64d55f\",\"name\":\"EL GLOBAL\",\"image\":{\"@type\":\"ImageObject\",\"inLanguage\":\"es\",\"@id\":\"https:\/\/elglobal.do\/#\/schema\/person\/image\/\",\"url\":\"https:\/\/secure.gravatar.com\/avatar\/081cfb6cf99faddc6f4e23a0c11ab98c5cf302925382d1c88dc3ed757ab910a3?s=96&d=mm&r=g\",\"contentUrl\":\"https:\/\/secure.gravatar.com\/avatar\/081cfb6cf99faddc6f4e23a0c11ab98c5cf302925382d1c88dc3ed757ab910a3?s=96&d=mm&r=g\",\"caption\":\"EL GLOBAL\"},\"description\":\"El Global Informativo es un peri\u00f3dico digital de Rep\u00fablica Dominicana que se dedica a cubrir temas importantes, como la pol\u00edtica local, geopol\u00edtica, econom\u00eda, tecnolog\u00eda, noticias internacionales y eventos relacionados con la gesti\u00f3n social, cultural y humana. Su objetivo principal es mantener a la poblaci\u00f3n informada, ofreciendo una visi\u00f3n amplia y actualizada de lo que sucede tanto en el pa\u00eds como en el mundo. Est\u00e1 dirigido por un grupo de periodistas experimentados, lo que garantiza la calidad y la precisi\u00f3n de la informaci\u00f3n que ofrecen. Tiene su sede en la ciudad de Santo Domingo y es parte integral del portafolio de la empresa, MC Global S.R.L.\",\"sameAs\":[\"https:\/\/elglobal.do\",\"https:\/\/www.instagram.com\/elglobal.do_informativo\/\"],\"url\":\"https:\/\/elglobal.do\/index.php\/author\/elglobaluserpro\/\"}]}<\/script>\n<!-- \/ Yoast SEO plugin. -->","yoast_head_json":{"title":"Yeni Berenice: \u201cNuestra conclusi\u00f3n es que tenemos un buen C\u00f3digo Penal\u201d - EL GLOBAL INFORMATIVO","robots":{"index":"index","follow":"follow","max-snippet":"max-snippet:-1","max-image-preview":"max-image-preview:large","max-video-preview":"max-video-preview:-1"},"canonical":"https:\/\/elglobal.do\/index.php\/2025\/08\/04\/yeni-berenice-nuestra-conclusion-es-que-tenemos-un-buen-codigo-penal\/","og_locale":"es_ES","og_type":"article","og_title":"Yeni Berenice: \u201cNuestra conclusi\u00f3n es que tenemos un buen C\u00f3digo Penal\u201d - EL GLOBAL INFORMATIVO","og_description":"La procuradora general de la Rep\u00fablica, agradeci\u00f3 a todas las personas que alzaron su voz para tener un nuevo C\u00f3digo Penal y a los \u201clegisladores por escuchar\u201d Santo Domingo.&#8211;\u00a0La\u00a0procuradora\u00a0general de&hellip;","og_url":"https:\/\/elglobal.do\/index.php\/2025\/08\/04\/yeni-berenice-nuestra-conclusion-es-que-tenemos-un-buen-codigo-penal\/","og_site_name":"EL GLOBAL INFORMATIVO","article_published_time":"2025-08-04T14:42:39+00:00","article_modified_time":"2025-08-12T09:20:02+00:00","og_image":[{"width":1040,"height":694,"url":"https:\/\/elglobal.do\/wp-content\/uploads\/2025\/08\/yeni.jpg","type":"image\/jpeg"}],"author":"EL GLOBAL","twitter_card":"summary_large_image","twitter_misc":{"Escrito por":"EL GLOBAL","Tiempo de lectura":"1 minuto"},"schema":{"@context":"https:\/\/schema.org","@graph":[{"@type":"Article","@id":"https:\/\/elglobal.do\/index.php\/2025\/08\/04\/yeni-berenice-nuestra-conclusion-es-que-tenemos-un-buen-codigo-penal\/#article","isPartOf":{"@id":"https:\/\/elglobal.do\/index.php\/2025\/08\/04\/yeni-berenice-nuestra-conclusion-es-que-tenemos-un-buen-codigo-penal\/"},"author":{"name":"EL GLOBAL","@id":"https:\/\/elglobal.do\/#\/schema\/person\/0c97ec2c7714fb605d230c292f64d55f"},"headline":"Yeni Berenice: \u201cNuestra conclusi\u00f3n es que tenemos un buen C\u00f3digo Penal\u201d","datePublished":"2025-08-04T14:42:39+00:00","dateModified":"2025-08-12T09:20:02+00:00","mainEntityOfPage":{"@id":"https:\/\/elglobal.do\/index.php\/2025\/08\/04\/yeni-berenice-nuestra-conclusion-es-que-tenemos-un-buen-codigo-penal\/"},"wordCount":306,"commentCount":0,"publisher":{"@id":"https:\/\/elglobal.do\/#organization"},"image":{"@id":"https:\/\/elglobal.do\/index.php\/2025\/08\/04\/yeni-berenice-nuestra-conclusion-es-que-tenemos-un-buen-codigo-penal\/#primaryimage"},"thumbnailUrl":"https:\/\/elglobal.do\/wp-content\/uploads\/2025\/08\/yeni.jpg","keywords":["#C\u00f3digoPenal","#MinisterioP\u00fablico","#YeniBerenice"],"articleSection":["NACIONALES"],"inLanguage":"es","potentialAction":[{"@type":"CommentAction","name":"Comment","target":["https:\/\/elglobal.do\/index.php\/2025\/08\/04\/yeni-berenice-nuestra-conclusion-es-que-tenemos-un-buen-codigo-penal\/#respond"]}]},{"@type":"WebPage","@id":"https:\/\/elglobal.do\/index.php\/2025\/08\/04\/yeni-berenice-nuestra-conclusion-es-que-tenemos-un-buen-codigo-penal\/","url":"https:\/\/elglobal.do\/index.php\/2025\/08\/04\/yeni-berenice-nuestra-conclusion-es-que-tenemos-un-buen-codigo-penal\/","name":"Yeni Berenice: \u201cNuestra conclusi\u00f3n es que tenemos un buen C\u00f3digo Penal\u201d - EL GLOBAL INFORMATIVO","isPartOf":{"@id":"https:\/\/elglobal.do\/#website"},"primaryImageOfPage":{"@id":"https:\/\/elglobal.do\/index.php\/2025\/08\/04\/yeni-berenice-nuestra-conclusion-es-que-tenemos-un-buen-codigo-penal\/#primaryimage"},"image":{"@id":"https:\/\/elglobal.do\/index.php\/2025\/08\/04\/yeni-berenice-nuestra-conclusion-es-que-tenemos-un-buen-codigo-penal\/#primaryimage"},"thumbnailUrl":"https:\/\/elglobal.do\/wp-content\/uploads\/2025\/08\/yeni.jpg","datePublished":"2025-08-04T14:42:39+00:00","dateModified":"2025-08-12T09:20:02+00:00","breadcrumb":{"@id":"https:\/\/elglobal.do\/index.php\/2025\/08\/04\/yeni-berenice-nuestra-conclusion-es-que-tenemos-un-buen-codigo-penal\/#breadcrumb"},"inLanguage":"es","potentialAction":[{"@type":"ReadAction","target":["https:\/\/elglobal.do\/index.php\/2025\/08\/04\/yeni-berenice-nuestra-conclusion-es-que-tenemos-un-buen-codigo-penal\/"]}]},{"@type":"ImageObject","inLanguage":"es","@id":"https:\/\/elglobal.do\/index.php\/2025\/08\/04\/yeni-berenice-nuestra-conclusion-es-que-tenemos-un-buen-codigo-penal\/#primaryimage","url":"https:\/\/elglobal.do\/wp-content\/uploads\/2025\/08\/yeni.jpg","contentUrl":"https:\/\/elglobal.do\/wp-content\/uploads\/2025\/08\/yeni.jpg","width":1040,"height":694},{"@type":"BreadcrumbList","@id":"https:\/\/elglobal.do\/index.php\/2025\/08\/04\/yeni-berenice-nuestra-conclusion-es-que-tenemos-un-buen-codigo-penal\/#breadcrumb","itemListElement":[{"@type":"ListItem","position":1,"name":"Portada","item":"https:\/\/elglobal.do\/"},{"@type":"ListItem","position":2,"name":"Yeni Berenice: \u201cNuestra conclusi\u00f3n es que tenemos un buen C\u00f3digo Penal\u201d"}]},{"@type":"WebSite","@id":"https:\/\/elglobal.do\/#website","url":"https:\/\/elglobal.do\/","name":"EL GLOBAL INFORMATIVO","description":"Peri\u00f3dico digital de la Rep\u00fablica Dominicana que ofrece noticias, novedades, pol\u00edtica y las \u00faltimas actualidades, con informaci\u00f3n veraz y oportuna para mantenerte siempre informad","publisher":{"@id":"https:\/\/elglobal.do\/#organization"},"potentialAction":[{"@type":"SearchAction","target":{"@type":"EntryPoint","urlTemplate":"https:\/\/elglobal.do\/?s={search_term_string}"},"query-input":{"@type":"PropertyValueSpecification","valueRequired":true,"valueName":"search_term_string"}}],"inLanguage":"es"},{"@type":"Organization","@id":"https:\/\/elglobal.do\/#organization","name":"EL GLOBAL.DO INFORMATIVO","url":"https:\/\/elglobal.do\/","logo":{"@type":"ImageObject","inLanguage":"es","@id":"https:\/\/elglobal.do\/#\/schema\/logo\/image\/","url":"https:\/\/elglobal.do\/wp-content\/uploads\/2025\/08\/icon.png","contentUrl":"https:\/\/elglobal.do\/wp-content\/uploads\/2025\/08\/icon.png","width":512,"height":512,"caption":"EL GLOBAL.DO INFORMATIVO"},"image":{"@id":"https:\/\/elglobal.do\/#\/schema\/logo\/image\/"}},{"@type":"Person","@id":"https:\/\/elglobal.do\/#\/schema\/person\/0c97ec2c7714fb605d230c292f64d55f","name":"EL GLOBAL","image":{"@type":"ImageObject","inLanguage":"es","@id":"https:\/\/elglobal.do\/#\/schema\/person\/image\/","url":"https:\/\/secure.gravatar.com\/avatar\/081cfb6cf99faddc6f4e23a0c11ab98c5cf302925382d1c88dc3ed757ab910a3?s=96&d=mm&r=g","contentUrl":"https:\/\/secure.gravatar.com\/avatar\/081cfb6cf99faddc6f4e23a0c11ab98c5cf302925382d1c88dc3ed757ab910a3?s=96&d=mm&r=g","caption":"EL GLOBAL"},"description":"El Global Informativo es un peri\u00f3dico digital de Rep\u00fablica Dominicana que se dedica a cubrir temas importantes, como la pol\u00edtica local, geopol\u00edtica, econom\u00eda, tecnolog\u00eda, noticias internacionales y eventos relacionados con la gesti\u00f3n social, cultural y humana. Su objetivo principal es mantener a la poblaci\u00f3n informada, ofreciendo una visi\u00f3n amplia y actualizada de lo que sucede tanto en el pa\u00eds como en el mundo. Est\u00e1 dirigido por un grupo de periodistas experimentados, lo que garantiza la calidad y la precisi\u00f3n de la informaci\u00f3n que ofrecen. Tiene su sede en la ciudad de Santo Domingo y es parte integral del portafolio de la empresa, MC Global S.R.L.","sameAs":["https:\/\/elglobal.do","https:\/\/www.instagram.com\/elglobal.do_informativo\/"],"url":"https:\/\/elglobal.do\/index.php\/author\/elglobaluserpro\/"}]}},"jetpack_featured_media_url":"https:\/\/elglobal.do\/wp-content\/uploads\/2025\/08\/yeni.jpg","jetpack_sharing_enabled":true,"_links":{"self":[{"href":"https:\/\/elglobal.do\/index.php\/wp-json\/wp\/v2\/posts\/492","targetHints":{"allow":["GET"]}}],"collection":[{"href":"https:\/\/elglobal.do\/index.php\/wp-json\/wp\/v2\/posts"}],"about":[{"href":"https:\/\/elglobal.do\/index.php\/wp-json\/wp\/v2\/types\/post"}],"author":[{"embeddable":true,"href":"https:\/\/elglobal.do\/index.php\/wp-json\/wp\/v2\/users\/1"}],"replies":[{"embeddable":true,"href":"https:\/\/elglobal.do\/index.php\/wp-json\/wp\/v2\/comments?post=492"}],"version-history":[{"count":2,"href":"https:\/\/elglobal.do\/index.php\/wp-json\/wp\/v2\/posts\/492\/revisions"}],"predecessor-version":[{"id":500,"href":"https:\/\/elglobal.do\/index.php\/wp-json\/wp\/v2\/posts\/492\/revisions\/500"}],"wp:featuredmedia":[{"embeddable":true,"href":"https:\/\/elglobal.do\/index.php\/wp-json\/wp\/v2\/media\/493"}],"wp:attachment":[{"href":"https:\/\/elglobal.do\/index.php\/wp-json\/wp\/v2\/media?parent=492"}],"wp:term":[{"taxonomy":"category","embeddable":true,"href":"https:\/\/elglobal.do\/index.php\/wp-json\/wp\/v2\/categories?post=492"},{"taxonomy":"post_tag","embeddable":true,"href":"https:\/\/elglobal.do\/index.php\/wp-json\/wp\/v2\/tags?post=492"}],"curies":[{"name":"wp","href":"https:\/\/api.w.org\/{rel}","templated":true}]}}