{"id":507,"date":"2025-08-04T11:52:50","date_gmt":"2025-08-04T15:52:50","guid":{"rendered":"https:\/\/elglobal.do\/?p=507"},"modified":"2025-08-04T11:52:51","modified_gmt":"2025-08-04T15:52:51","slug":"las-exportaciones-dominicanas-hacia-haiti-crecen-un-30-en-primer-semestre-de-2025","status":"publish","type":"post","link":"https:\/\/elglobal.do\/index.php\/2025\/08\/04\/las-exportaciones-dominicanas-hacia-haiti-crecen-un-30-en-primer-semestre-de-2025\/","title":{"rendered":"Las exportaciones dominicanas hacia Hait\u00ed crecen un 30 % en primer semestre de 2025"},"content":{"rendered":"\n<p><em>Las exportaciones del r\u00e9gimen nacional experimentaron un crecimiento de 51.70 %<\/em><\/p>\n\n\n\n<p><strong>Santo Domingo.-<\/strong>Entre los a\u00f1os 2020 y 2024,<strong>\u00a0el intercambio comercial\u00a0<\/strong>entre la Rep\u00fablica Dominicana y Hait\u00ed alcanz\u00f3 los 4,567.1 millones de d\u00f3lares, con una balanza favorable para la parte dominicana por un total de 4,469.3 millones. Durante ese per\u00edodo, Hait\u00ed export\u00f3 bienes hacia la Rep\u00fablica Dominicana por un valor acumulado de 48.9 millones de d\u00f3lares.<\/p>\n\n\n\n<p>En 2024,&nbsp;<strong>las exportaciones dominicanas<\/strong>&nbsp;hacia Hait\u00ed ascendieron a 899.5 millones de d\u00f3lares, mientras que las importaciones desde ese pa\u00eds totalizaron 13.9 millones.<\/p>\n\n\n\n<p>En julio pasado se cumplieron cuatro a\u00f1os del magnicidio del presidente Jovenel Mo\u00efse, el \u00faltimo mandatario electo de Hait\u00ed. El crimen, a\u00fan sin esclarecer, marc\u00f3 el inicio de una creciente ola de violencia, con&nbsp;<strong>el control territorial&nbsp;<\/strong>en manos de grupos armados.<\/p>\n\n\n\n<h2 class=\"wp-block-heading\">Escenario 2025<\/h2>\n\n\n\n<p>Pese al&nbsp;<strong>contexto sociopol\u00edtico<\/strong>&nbsp;adverso,&nbsp;<strong>las exportaciones dominicanas<\/strong>&nbsp;hacia Hait\u00ed durante el per\u00edodo enero-junio de 2025 totalizaron 555.46 millones de d\u00f3lares, lo que representa un incremento del 30 % en comparaci\u00f3n con el mismo per\u00edodo del a\u00f1o anterior.<\/p>\n\n\n\n<p>Seg\u00fan datos de la Direcci\u00f3n General de&nbsp;<strong>Aduanas<\/strong>&nbsp;(<strong>DGA<\/strong>),&nbsp;<strong>las exportaciones&nbsp;<\/strong>del r\u00e9gimen nacional experimentaron un crecimiento del 51.70 %, mientras que las correspondientes a zonas francas registraron una ca\u00edda del 12.22 %.<\/p>\n\n\n\n<p>En cuanto a la participaci\u00f3n por r\u00e9gimen, la\u00a0<strong>DGA<\/strong>\u00a0detalla que el 67.39 % de\u00a0<strong>las exportaciones<\/strong>\u00a0correspondi\u00f3 al r\u00e9gimen nacional, el 25.22 % a zonas francas, el 3.76 % a admisi\u00f3n temporal y el 3.62 % al r\u00e9gimen de reexportaci\u00f3n.<\/p>\n\n\n\n<p>Durante el primer semestre de 2025, el 90.66 % de las&nbsp;<strong>exportaciones<\/strong>&nbsp;hacia Hait\u00ed bajo el r\u00e9gimen de&nbsp;<strong>zonas francas<\/strong>&nbsp;se concentr\u00f3 en diez productos, entre los que destacan:<\/p>\n\n\n\n<ul class=\"wp-block-list\">\n<li>Camisetas y T-shirts de punto (34.92 %)<\/li>\n\n\n\n<li>Tejidos de algod\u00f3n (30.81 %)<\/li>\n\n\n\n<li>Trapos, cordeles, cuerdas y cordajes de materia textil (6.29 %).<\/li>\n<\/ul>\n\n\n\n<p>Para el per\u00edodo enero &#8211; junio 2025 el 56.26 % de&nbsp;<strong>las exportaciones&nbsp;<\/strong>hacia Hait\u00ed dentro del r\u00e9gimen nacional se concentra en 10 productos, destac\u00e1ndose:<\/p>\n\n\n\n<ul class=\"wp-block-list\">\n<li>Cementos hidr\u00e1ulicos, incluso coloreados (10.39 %)<\/li>\n\n\n\n<li>Barras de hierro o acero sin alear, simplemente forjadas, laminadas o extrudidas (9.55 %)<\/li>\n\n\n\n<li>Aceite de soja y sus fracciones (7.28 %).<\/li>\n<\/ul>\n\n\n\n<p><strong>Las importaciones totales&nbsp;<\/strong>provenientes de Hait\u00ed para el per\u00edodo enero &#8211; junio 2025 ascendieron a 4.38 millones de d\u00f3lares, presentando una disminuci\u00f3n de -54.27 % en relaci\u00f3n con el mismo per\u00edodo de 2024.<\/p>\n\n\n\n<h2 class=\"wp-block-heading\">Zonas francas<\/h2>\n\n\n\n<p>Las importaciones del r\u00e9gimen&nbsp;<strong>zonas francas<\/strong>&nbsp;presentaron una variaci\u00f3n de -57.22 % mientras que las de despacho a consumo de 91.89 %. Al verlo por participaci\u00f3n, el 91.71 % de las importaciones pertenecen al r\u00e9gimen zonas francas, el restante 8.29 % a despacho a consumo.<\/p>\n\n\n\n<p>Entre enero &#8211; junio 2025 el 98.18 % de las importaciones provenientes de Hait\u00ed dentro del r\u00e9gimen de&nbsp;<strong>zonas francas<\/strong>&nbsp;se concentra en cinco productos, destac\u00e1ndose:<\/p>\n\n\n\n<ol class=\"wp-block-list\">\n<li><em>T-shirts<\/em>&nbsp;y camisetas interiores, de punto (72.78 %)<\/li>\n\n\n\n<li>Trapos; cordeles, cuerdas y cordajes, de materia textil (18.79 %)<\/li>\n\n\n\n<li>Alcohol et\u00edlico sin desnaturalizar con grado alcoh\u00f3lico inferior al 80 % vol. (2.52 %).<\/li>\n<\/ol>\n\n\n\n<p>Los datos de&nbsp;<strong>Aduanas<\/strong>&nbsp;precisan que, para el per\u00edodo enero &#8211; junio 2025, el 82.30 % de&nbsp;<strong>las importaciones<\/strong>&nbsp;provenientes Hait\u00ed dentro del r\u00e9gimen nacional se concentra en cinco productos, destac\u00e1ndose:<\/p>\n\n\n\n<ol class=\"wp-block-list\">\n<li>Alcohol et\u00edlico sin desnaturalizar con&nbsp;<strong>grado alcoh\u00f3lico<\/strong>&nbsp;inferior al 80 % vol. (39.66 %)<\/li>\n\n\n\n<li>Trapos; cordeles, cuerdas y cordajes, de materia textil (16.79 %)<\/li>\n\n\n\n<li>Insecticidas, raticidas y dem\u00e1s antirroedores (16.31 %). &nbsp;<\/li>\n<\/ol>\n\n\n\n<p>Fuente: <a href=\"https:\/\/www.diariolibre.com\/economia\/negocios\/2025\/08\/03\/hasta-junio-2025-exportaciones-rd-hacia-haiti-crecen-un-30-\/3201319\">https:\/\/www.diariolibre.com\/economia\/negocios\/2025\/08\/03\/hasta-junio-2025-exportaciones-rd-hacia-haiti-crecen-un-30-\/3201319<\/a><\/p>\n\n\n\n<p><\/p>\n","protected":false},"excerpt":{"rendered":"<p>Las exportaciones del r\u00e9gimen nacional experimentaron un crecimiento de 51.70 % Santo Domingo.-Entre los a\u00f1os 2020 y 2024,\u00a0el intercambio comercial\u00a0entre la Rep\u00fablica Dominicana y Hait\u00ed alcanz\u00f3 los 4,567.1 millones de&hellip; <\/p>\n","protected":false},"author":1,"featured_media":508,"comment_status":"open","ping_status":"open","sticky":false,"template":"","format":"standard","meta":{"_jetpack_memberships_contains_paid_content":false,"footnotes":""},"categories":[10],"tags":[135,46],"class_list":["post-507","post","type-post","status-publish","format-standard","has-post-thumbnail","hentry","category-economia","tag-exportaciones","tag-haiti"],"yoast_head":"<!-- This site is optimized with the Yoast SEO plugin v26.9 - https:\/\/yoast.com\/product\/yoast-seo-wordpress\/ -->\n<title>Las exportaciones dominicanas hacia Hait\u00ed crecen un 30 % en primer semestre de 2025 - EL GLOBAL INFORMATIVO<\/title>\n<meta name=\"robots\" content=\"index, follow, max-snippet:-1, max-image-preview:large, max-video-preview:-1\" \/>\n<link rel=\"canonical\" href=\"https:\/\/elglobal.do\/index.php\/2025\/08\/04\/las-exportaciones-dominicanas-hacia-haiti-crecen-un-30-en-primer-semestre-de-2025\/\" \/>\n<meta property=\"og:locale\" content=\"es_ES\" \/>\n<meta property=\"og:type\" content=\"article\" \/>\n<meta property=\"og:title\" content=\"Las exportaciones dominicanas hacia Hait\u00ed crecen un 30 % en primer semestre de 2025 - EL GLOBAL INFORMATIVO\" \/>\n<meta property=\"og:description\" content=\"Las exportaciones del r\u00e9gimen nacional experimentaron un crecimiento de 51.70 % Santo Domingo.-Entre los a\u00f1os 2020 y 2024,\u00a0el intercambio comercial\u00a0entre la Rep\u00fablica Dominicana y Hait\u00ed alcanz\u00f3 los 4,567.1 millones de&hellip;\" \/>\n<meta property=\"og:url\" content=\"https:\/\/elglobal.do\/index.php\/2025\/08\/04\/las-exportaciones-dominicanas-hacia-haiti-crecen-un-30-en-primer-semestre-de-2025\/\" \/>\n<meta property=\"og:site_name\" content=\"EL GLOBAL INFORMATIVO\" \/>\n<meta property=\"article:published_time\" content=\"2025-08-04T15:52:50+00:00\" \/>\n<meta property=\"article:modified_time\" content=\"2025-08-04T15:52:51+00:00\" \/>\n<meta property=\"og:image\" content=\"https:\/\/elglobal.do\/wp-content\/uploads\/2025\/08\/Haiti.jpg\" \/>\n\t<meta property=\"og:image:width\" content=\"896\" \/>\n\t<meta property=\"og:image:height\" content=\"504\" \/>\n\t<meta property=\"og:image:type\" content=\"image\/jpeg\" \/>\n<meta name=\"author\" content=\"EL GLOBAL\" \/>\n<meta name=\"twitter:card\" content=\"summary_large_image\" \/>\n<meta name=\"twitter:label1\" content=\"Escrito por\" \/>\n\t<meta name=\"twitter:data1\" content=\"EL GLOBAL\" \/>\n\t<meta name=\"twitter:label2\" content=\"Tiempo de lectura\" \/>\n\t<meta name=\"twitter:data2\" content=\"3 minutos\" \/>\n<script type=\"application\/ld+json\" class=\"yoast-schema-graph\">{\"@context\":\"https:\/\/schema.org\",\"@graph\":[{\"@type\":\"Article\",\"@id\":\"https:\/\/elglobal.do\/index.php\/2025\/08\/04\/las-exportaciones-dominicanas-hacia-haiti-crecen-un-30-en-primer-semestre-de-2025\/#article\",\"isPartOf\":{\"@id\":\"https:\/\/elglobal.do\/index.php\/2025\/08\/04\/las-exportaciones-dominicanas-hacia-haiti-crecen-un-30-en-primer-semestre-de-2025\/\"},\"author\":{\"name\":\"EL GLOBAL\",\"@id\":\"https:\/\/elglobal.do\/#\/schema\/person\/0c97ec2c7714fb605d230c292f64d55f\"},\"headline\":\"Las exportaciones dominicanas hacia Hait\u00ed crecen un 30 % en primer semestre de 2025\",\"datePublished\":\"2025-08-04T15:52:50+00:00\",\"dateModified\":\"2025-08-04T15:52:51+00:00\",\"mainEntityOfPage\":{\"@id\":\"https:\/\/elglobal.do\/index.php\/2025\/08\/04\/las-exportaciones-dominicanas-hacia-haiti-crecen-un-30-en-primer-semestre-de-2025\/\"},\"wordCount\":576,\"commentCount\":0,\"publisher\":{\"@id\":\"https:\/\/elglobal.do\/#organization\"},\"image\":{\"@id\":\"https:\/\/elglobal.do\/index.php\/2025\/08\/04\/las-exportaciones-dominicanas-hacia-haiti-crecen-un-30-en-primer-semestre-de-2025\/#primaryimage\"},\"thumbnailUrl\":\"https:\/\/elglobal.do\/wp-content\/uploads\/2025\/08\/Haiti.jpg\",\"keywords\":[\"#Exportaciones\",\"#Hait\u00ed\"],\"articleSection\":[\"ECONOM\u00cdA\"],\"inLanguage\":\"es\",\"potentialAction\":[{\"@type\":\"CommentAction\",\"name\":\"Comment\",\"target\":[\"https:\/\/elglobal.do\/index.php\/2025\/08\/04\/las-exportaciones-dominicanas-hacia-haiti-crecen-un-30-en-primer-semestre-de-2025\/#respond\"]}]},{\"@type\":\"WebPage\",\"@id\":\"https:\/\/elglobal.do\/index.php\/2025\/08\/04\/las-exportaciones-dominicanas-hacia-haiti-crecen-un-30-en-primer-semestre-de-2025\/\",\"url\":\"https:\/\/elglobal.do\/index.php\/2025\/08\/04\/las-exportaciones-dominicanas-hacia-haiti-crecen-un-30-en-primer-semestre-de-2025\/\",\"name\":\"Las exportaciones dominicanas hacia Hait\u00ed crecen un 30 % en primer semestre de 2025 - EL GLOBAL INFORMATIVO\",\"isPartOf\":{\"@id\":\"https:\/\/elglobal.do\/#website\"},\"primaryImageOfPage\":{\"@id\":\"https:\/\/elglobal.do\/index.php\/2025\/08\/04\/las-exportaciones-dominicanas-hacia-haiti-crecen-un-30-en-primer-semestre-de-2025\/#primaryimage\"},\"image\":{\"@id\":\"https:\/\/elglobal.do\/index.php\/2025\/08\/04\/las-exportaciones-dominicanas-hacia-haiti-crecen-un-30-en-primer-semestre-de-2025\/#primaryimage\"},\"thumbnailUrl\":\"https:\/\/elglobal.do\/wp-content\/uploads\/2025\/08\/Haiti.jpg\",\"datePublished\":\"2025-08-04T15:52:50+00:00\",\"dateModified\":\"2025-08-04T15:52:51+00:00\",\"breadcrumb\":{\"@id\":\"https:\/\/elglobal.do\/index.php\/2025\/08\/04\/las-exportaciones-dominicanas-hacia-haiti-crecen-un-30-en-primer-semestre-de-2025\/#breadcrumb\"},\"inLanguage\":\"es\",\"potentialAction\":[{\"@type\":\"ReadAction\",\"target\":[\"https:\/\/elglobal.do\/index.php\/2025\/08\/04\/las-exportaciones-dominicanas-hacia-haiti-crecen-un-30-en-primer-semestre-de-2025\/\"]}]},{\"@type\":\"ImageObject\",\"inLanguage\":\"es\",\"@id\":\"https:\/\/elglobal.do\/index.php\/2025\/08\/04\/las-exportaciones-dominicanas-hacia-haiti-crecen-un-30-en-primer-semestre-de-2025\/#primaryimage\",\"url\":\"https:\/\/elglobal.do\/wp-content\/uploads\/2025\/08\/Haiti.jpg\",\"contentUrl\":\"https:\/\/elglobal.do\/wp-content\/uploads\/2025\/08\/Haiti.jpg\",\"width\":896,\"height\":504},{\"@type\":\"BreadcrumbList\",\"@id\":\"https:\/\/elglobal.do\/index.php\/2025\/08\/04\/las-exportaciones-dominicanas-hacia-haiti-crecen-un-30-en-primer-semestre-de-2025\/#breadcrumb\",\"itemListElement\":[{\"@type\":\"ListItem\",\"position\":1,\"name\":\"Portada\",\"item\":\"https:\/\/elglobal.do\/\"},{\"@type\":\"ListItem\",\"position\":2,\"name\":\"Las exportaciones dominicanas hacia Hait\u00ed crecen un 30 % en primer semestre de 2025\"}]},{\"@type\":\"WebSite\",\"@id\":\"https:\/\/elglobal.do\/#website\",\"url\":\"https:\/\/elglobal.do\/\",\"name\":\"EL GLOBAL INFORMATIVO\",\"description\":\"Peri\u00f3dico digital de la Rep\u00fablica Dominicana que ofrece noticias, novedades, pol\u00edtica y las \u00faltimas actualidades, con informaci\u00f3n veraz y oportuna para mantenerte siempre informad\",\"publisher\":{\"@id\":\"https:\/\/elglobal.do\/#organization\"},\"potentialAction\":[{\"@type\":\"SearchAction\",\"target\":{\"@type\":\"EntryPoint\",\"urlTemplate\":\"https:\/\/elglobal.do\/?s={search_term_string}\"},\"query-input\":{\"@type\":\"PropertyValueSpecification\",\"valueRequired\":true,\"valueName\":\"search_term_string\"}}],\"inLanguage\":\"es\"},{\"@type\":\"Organization\",\"@id\":\"https:\/\/elglobal.do\/#organization\",\"name\":\"EL GLOBAL.DO INFORMATIVO\",\"url\":\"https:\/\/elglobal.do\/\",\"logo\":{\"@type\":\"ImageObject\",\"inLanguage\":\"es\",\"@id\":\"https:\/\/elglobal.do\/#\/schema\/logo\/image\/\",\"url\":\"https:\/\/elglobal.do\/wp-content\/uploads\/2025\/08\/icon.png\",\"contentUrl\":\"https:\/\/elglobal.do\/wp-content\/uploads\/2025\/08\/icon.png\",\"width\":512,\"height\":512,\"caption\":\"EL GLOBAL.DO INFORMATIVO\"},\"image\":{\"@id\":\"https:\/\/elglobal.do\/#\/schema\/logo\/image\/\"}},{\"@type\":\"Person\",\"@id\":\"https:\/\/elglobal.do\/#\/schema\/person\/0c97ec2c7714fb605d230c292f64d55f\",\"name\":\"EL GLOBAL\",\"image\":{\"@type\":\"ImageObject\",\"inLanguage\":\"es\",\"@id\":\"https:\/\/elglobal.do\/#\/schema\/person\/image\/\",\"url\":\"https:\/\/secure.gravatar.com\/avatar\/081cfb6cf99faddc6f4e23a0c11ab98c5cf302925382d1c88dc3ed757ab910a3?s=96&d=mm&r=g\",\"contentUrl\":\"https:\/\/secure.gravatar.com\/avatar\/081cfb6cf99faddc6f4e23a0c11ab98c5cf302925382d1c88dc3ed757ab910a3?s=96&d=mm&r=g\",\"caption\":\"EL GLOBAL\"},\"description\":\"El Global Informativo es un peri\u00f3dico digital de Rep\u00fablica Dominicana que se dedica a cubrir temas importantes, como la pol\u00edtica local, geopol\u00edtica, econom\u00eda, tecnolog\u00eda, noticias internacionales y eventos relacionados con la gesti\u00f3n social, cultural y humana. Su objetivo principal es mantener a la poblaci\u00f3n informada, ofreciendo una visi\u00f3n amplia y actualizada de lo que sucede tanto en el pa\u00eds como en el mundo. Est\u00e1 dirigido por un grupo de periodistas experimentados, lo que garantiza la calidad y la precisi\u00f3n de la informaci\u00f3n que ofrecen. Tiene su sede en la ciudad de Santo Domingo y es parte integral del portafolio de la empresa, MC Global S.R.L.\",\"sameAs\":[\"https:\/\/elglobal.do\",\"https:\/\/www.instagram.com\/elglobal.do_informativo\/\"],\"url\":\"https:\/\/elglobal.do\/index.php\/author\/elglobaluserpro\/\"}]}<\/script>\n<!-- \/ Yoast SEO plugin. -->","yoast_head_json":{"title":"Las exportaciones dominicanas hacia Hait\u00ed crecen un 30 % en primer semestre de 2025 - EL GLOBAL INFORMATIVO","robots":{"index":"index","follow":"follow","max-snippet":"max-snippet:-1","max-image-preview":"max-image-preview:large","max-video-preview":"max-video-preview:-1"},"canonical":"https:\/\/elglobal.do\/index.php\/2025\/08\/04\/las-exportaciones-dominicanas-hacia-haiti-crecen-un-30-en-primer-semestre-de-2025\/","og_locale":"es_ES","og_type":"article","og_title":"Las exportaciones dominicanas hacia Hait\u00ed crecen un 30 % en primer semestre de 2025 - EL GLOBAL INFORMATIVO","og_description":"Las exportaciones del r\u00e9gimen nacional experimentaron un crecimiento de 51.70 % Santo Domingo.-Entre los a\u00f1os 2020 y 2024,\u00a0el intercambio comercial\u00a0entre la Rep\u00fablica Dominicana y Hait\u00ed alcanz\u00f3 los 4,567.1 millones de&hellip;","og_url":"https:\/\/elglobal.do\/index.php\/2025\/08\/04\/las-exportaciones-dominicanas-hacia-haiti-crecen-un-30-en-primer-semestre-de-2025\/","og_site_name":"EL GLOBAL INFORMATIVO","article_published_time":"2025-08-04T15:52:50+00:00","article_modified_time":"2025-08-04T15:52:51+00:00","og_image":[{"width":896,"height":504,"url":"https:\/\/elglobal.do\/wp-content\/uploads\/2025\/08\/Haiti.jpg","type":"image\/jpeg"}],"author":"EL GLOBAL","twitter_card":"summary_large_image","twitter_misc":{"Escrito por":"EL GLOBAL","Tiempo de lectura":"3 minutos"},"schema":{"@context":"https:\/\/schema.org","@graph":[{"@type":"Article","@id":"https:\/\/elglobal.do\/index.php\/2025\/08\/04\/las-exportaciones-dominicanas-hacia-haiti-crecen-un-30-en-primer-semestre-de-2025\/#article","isPartOf":{"@id":"https:\/\/elglobal.do\/index.php\/2025\/08\/04\/las-exportaciones-dominicanas-hacia-haiti-crecen-un-30-en-primer-semestre-de-2025\/"},"author":{"name":"EL GLOBAL","@id":"https:\/\/elglobal.do\/#\/schema\/person\/0c97ec2c7714fb605d230c292f64d55f"},"headline":"Las exportaciones dominicanas hacia Hait\u00ed crecen un 30 % en primer semestre de 2025","datePublished":"2025-08-04T15:52:50+00:00","dateModified":"2025-08-04T15:52:51+00:00","mainEntityOfPage":{"@id":"https:\/\/elglobal.do\/index.php\/2025\/08\/04\/las-exportaciones-dominicanas-hacia-haiti-crecen-un-30-en-primer-semestre-de-2025\/"},"wordCount":576,"commentCount":0,"publisher":{"@id":"https:\/\/elglobal.do\/#organization"},"image":{"@id":"https:\/\/elglobal.do\/index.php\/2025\/08\/04\/las-exportaciones-dominicanas-hacia-haiti-crecen-un-30-en-primer-semestre-de-2025\/#primaryimage"},"thumbnailUrl":"https:\/\/elglobal.do\/wp-content\/uploads\/2025\/08\/Haiti.jpg","keywords":["#Exportaciones","#Hait\u00ed"],"articleSection":["ECONOM\u00cdA"],"inLanguage":"es","potentialAction":[{"@type":"CommentAction","name":"Comment","target":["https:\/\/elglobal.do\/index.php\/2025\/08\/04\/las-exportaciones-dominicanas-hacia-haiti-crecen-un-30-en-primer-semestre-de-2025\/#respond"]}]},{"@type":"WebPage","@id":"https:\/\/elglobal.do\/index.php\/2025\/08\/04\/las-exportaciones-dominicanas-hacia-haiti-crecen-un-30-en-primer-semestre-de-2025\/","url":"https:\/\/elglobal.do\/index.php\/2025\/08\/04\/las-exportaciones-dominicanas-hacia-haiti-crecen-un-30-en-primer-semestre-de-2025\/","name":"Las exportaciones dominicanas hacia Hait\u00ed crecen un 30 % en primer semestre de 2025 - EL GLOBAL INFORMATIVO","isPartOf":{"@id":"https:\/\/elglobal.do\/#website"},"primaryImageOfPage":{"@id":"https:\/\/elglobal.do\/index.php\/2025\/08\/04\/las-exportaciones-dominicanas-hacia-haiti-crecen-un-30-en-primer-semestre-de-2025\/#primaryimage"},"image":{"@id":"https:\/\/elglobal.do\/index.php\/2025\/08\/04\/las-exportaciones-dominicanas-hacia-haiti-crecen-un-30-en-primer-semestre-de-2025\/#primaryimage"},"thumbnailUrl":"https:\/\/elglobal.do\/wp-content\/uploads\/2025\/08\/Haiti.jpg","datePublished":"2025-08-04T15:52:50+00:00","dateModified":"2025-08-04T15:52:51+00:00","breadcrumb":{"@id":"https:\/\/elglobal.do\/index.php\/2025\/08\/04\/las-exportaciones-dominicanas-hacia-haiti-crecen-un-30-en-primer-semestre-de-2025\/#breadcrumb"},"inLanguage":"es","potentialAction":[{"@type":"ReadAction","target":["https:\/\/elglobal.do\/index.php\/2025\/08\/04\/las-exportaciones-dominicanas-hacia-haiti-crecen-un-30-en-primer-semestre-de-2025\/"]}]},{"@type":"ImageObject","inLanguage":"es","@id":"https:\/\/elglobal.do\/index.php\/2025\/08\/04\/las-exportaciones-dominicanas-hacia-haiti-crecen-un-30-en-primer-semestre-de-2025\/#primaryimage","url":"https:\/\/elglobal.do\/wp-content\/uploads\/2025\/08\/Haiti.jpg","contentUrl":"https:\/\/elglobal.do\/wp-content\/uploads\/2025\/08\/Haiti.jpg","width":896,"height":504},{"@type":"BreadcrumbList","@id":"https:\/\/elglobal.do\/index.php\/2025\/08\/04\/las-exportaciones-dominicanas-hacia-haiti-crecen-un-30-en-primer-semestre-de-2025\/#breadcrumb","itemListElement":[{"@type":"ListItem","position":1,"name":"Portada","item":"https:\/\/elglobal.do\/"},{"@type":"ListItem","position":2,"name":"Las exportaciones dominicanas hacia Hait\u00ed crecen un 30 % en primer semestre de 2025"}]},{"@type":"WebSite","@id":"https:\/\/elglobal.do\/#website","url":"https:\/\/elglobal.do\/","name":"EL GLOBAL INFORMATIVO","description":"Peri\u00f3dico digital de la Rep\u00fablica Dominicana que ofrece noticias, novedades, pol\u00edtica y las \u00faltimas actualidades, con informaci\u00f3n veraz y oportuna para mantenerte siempre informad","publisher":{"@id":"https:\/\/elglobal.do\/#organization"},"potentialAction":[{"@type":"SearchAction","target":{"@type":"EntryPoint","urlTemplate":"https:\/\/elglobal.do\/?s={search_term_string}"},"query-input":{"@type":"PropertyValueSpecification","valueRequired":true,"valueName":"search_term_string"}}],"inLanguage":"es"},{"@type":"Organization","@id":"https:\/\/elglobal.do\/#organization","name":"EL GLOBAL.DO INFORMATIVO","url":"https:\/\/elglobal.do\/","logo":{"@type":"ImageObject","inLanguage":"es","@id":"https:\/\/elglobal.do\/#\/schema\/logo\/image\/","url":"https:\/\/elglobal.do\/wp-content\/uploads\/2025\/08\/icon.png","contentUrl":"https:\/\/elglobal.do\/wp-content\/uploads\/2025\/08\/icon.png","width":512,"height":512,"caption":"EL GLOBAL.DO INFORMATIVO"},"image":{"@id":"https:\/\/elglobal.do\/#\/schema\/logo\/image\/"}},{"@type":"Person","@id":"https:\/\/elglobal.do\/#\/schema\/person\/0c97ec2c7714fb605d230c292f64d55f","name":"EL GLOBAL","image":{"@type":"ImageObject","inLanguage":"es","@id":"https:\/\/elglobal.do\/#\/schema\/person\/image\/","url":"https:\/\/secure.gravatar.com\/avatar\/081cfb6cf99faddc6f4e23a0c11ab98c5cf302925382d1c88dc3ed757ab910a3?s=96&d=mm&r=g","contentUrl":"https:\/\/secure.gravatar.com\/avatar\/081cfb6cf99faddc6f4e23a0c11ab98c5cf302925382d1c88dc3ed757ab910a3?s=96&d=mm&r=g","caption":"EL GLOBAL"},"description":"El Global Informativo es un peri\u00f3dico digital de Rep\u00fablica Dominicana que se dedica a cubrir temas importantes, como la pol\u00edtica local, geopol\u00edtica, econom\u00eda, tecnolog\u00eda, noticias internacionales y eventos relacionados con la gesti\u00f3n social, cultural y humana. Su objetivo principal es mantener a la poblaci\u00f3n informada, ofreciendo una visi\u00f3n amplia y actualizada de lo que sucede tanto en el pa\u00eds como en el mundo. Est\u00e1 dirigido por un grupo de periodistas experimentados, lo que garantiza la calidad y la precisi\u00f3n de la informaci\u00f3n que ofrecen. Tiene su sede en la ciudad de Santo Domingo y es parte integral del portafolio de la empresa, MC Global S.R.L.","sameAs":["https:\/\/elglobal.do","https:\/\/www.instagram.com\/elglobal.do_informativo\/"],"url":"https:\/\/elglobal.do\/index.php\/author\/elglobaluserpro\/"}]}},"jetpack_featured_media_url":"https:\/\/elglobal.do\/wp-content\/uploads\/2025\/08\/Haiti.jpg","jetpack_sharing_enabled":true,"_links":{"self":[{"href":"https:\/\/elglobal.do\/index.php\/wp-json\/wp\/v2\/posts\/507","targetHints":{"allow":["GET"]}}],"collection":[{"href":"https:\/\/elglobal.do\/index.php\/wp-json\/wp\/v2\/posts"}],"about":[{"href":"https:\/\/elglobal.do\/index.php\/wp-json\/wp\/v2\/types\/post"}],"author":[{"embeddable":true,"href":"https:\/\/elglobal.do\/index.php\/wp-json\/wp\/v2\/users\/1"}],"replies":[{"embeddable":true,"href":"https:\/\/elglobal.do\/index.php\/wp-json\/wp\/v2\/comments?post=507"}],"version-history":[{"count":1,"href":"https:\/\/elglobal.do\/index.php\/wp-json\/wp\/v2\/posts\/507\/revisions"}],"predecessor-version":[{"id":509,"href":"https:\/\/elglobal.do\/index.php\/wp-json\/wp\/v2\/posts\/507\/revisions\/509"}],"wp:featuredmedia":[{"embeddable":true,"href":"https:\/\/elglobal.do\/index.php\/wp-json\/wp\/v2\/media\/508"}],"wp:attachment":[{"href":"https:\/\/elglobal.do\/index.php\/wp-json\/wp\/v2\/media?parent=507"}],"wp:term":[{"taxonomy":"category","embeddable":true,"href":"https:\/\/elglobal.do\/index.php\/wp-json\/wp\/v2\/categories?post=507"},{"taxonomy":"post_tag","embeddable":true,"href":"https:\/\/elglobal.do\/index.php\/wp-json\/wp\/v2\/tags?post=507"}],"curies":[{"name":"wp","href":"https:\/\/api.w.org\/{rel}","templated":true}]}}