{"id":5070,"date":"2026-01-06T13:14:37","date_gmt":"2026-01-06T17:14:37","guid":{"rendered":"https:\/\/elglobal.do\/?p=5070"},"modified":"2026-01-06T13:14:40","modified_gmt":"2026-01-06T17:14:40","slug":"carolina-resalta-responsabilidad-historica-de-organizar-los-xxv-juegos-centroamericanos-y-del-caribe-sd-2026","status":"publish","type":"post","link":"https:\/\/elglobal.do\/index.php\/2026\/01\/06\/carolina-resalta-responsabilidad-historica-de-organizar-los-xxv-juegos-centroamericanos-y-del-caribe-sd-2026\/","title":{"rendered":"Carolina resalta responsabilidad hist\u00f3rica de organizar los XXV Juegos Centroamericanos y del Caribe SD 2026"},"content":{"rendered":"\n<figure class=\"wp-block-image size-full\"><img loading=\"lazy\" decoding=\"async\" width=\"776\" height=\"598\" src=\"https:\/\/elglobal.do\/wp-content\/uploads\/2026\/01\/image-36.png\" alt=\"\" class=\"wp-image-5071\" srcset=\"https:\/\/elglobal.do\/wp-content\/uploads\/2026\/01\/image-36.png 776w, https:\/\/elglobal.do\/wp-content\/uploads\/2026\/01\/image-36-300x231.png 300w, https:\/\/elglobal.do\/wp-content\/uploads\/2026\/01\/image-36-768x592.png 768w\" sizes=\"auto, (max-width: 776px) 100vw, 776px\" \/><\/figure>\n\n\n\n<p><strong>Santo Domingo.-<\/strong> Carolina Mej\u00eda resalt\u00f3 la importancia de haber asumido la responsabilidad hist\u00f3rica de organizar los XXV Juegos Centroamericanos y del Caribe Santo Domingo 2026 y la gran oportunidad que representa para el pa\u00eds.<\/p>\n\n\n\n<p>A trav\u00e9s de un art\u00edculo de opini\u00f3n, la alcaldesa del Distrito Nacional record\u00f3 el momento en que, en la clausura de la edici\u00f3n de 2023, recibi\u00f3 en San Salvador la bandera de Centro Caribe Sport de la mano de su presidente Luis Mej\u00eda Oviedo, la cual simboliza la sede futura del magno evento deportivo.<\/p>\n\n\n\n<p>\u201cEse gesto no fue un protocolo ceremonial. Fue un acto de traspaso de confianza entre naciones. La confirmaci\u00f3n de que la Rep\u00fablica Dominicana asum\u00eda, ante la regi\u00f3n, un compromiso de alto nivel. Para m\u00ed, como alcaldesa de Santo Domingo y como dominicana, fue tambi\u00e9n un recordatorio inequ\u00edvoco: el futuro dej\u00f3 de ser expectativa para convertirse en una obligaci\u00f3n concreta\u201d, escribi\u00f3.<\/p>\n\n\n\n<p>Consider\u00f3 que en la organizaci\u00f3n de Santo Domingo 2026 recae una exigencia excepcional porque coincide con el centenario de los Juegos. <strong>\u201cOrganizar bien no basta: el centenario exige excelencia, rigor y respeto institucional\u201d.<\/strong><\/p>\n\n\n\n<p>\u201cEl desaf\u00edo central es el legado. Los Juegos no pueden convertirse en un par\u00e9ntesis costoso ni en una postal ef\u00edmera. Deben dejar transformaciones reales y medibles en la ciudad y en la vida de la gente. En ese sentido, uno de los legados m\u00e1s relevantes ser\u00e1 la construcci\u00f3n de m\u00e1s de mil unidades habitacionales que servir\u00e1n, en una primera etapa, como un albergue moderno, seguro y dise\u00f1ado bajo las m\u00e1s estrictas reglamentaciones deportivas internacionales\u201d, estim\u00f3.<\/p>\n\n\n\n<p>Un modelo que, aduce, convierte una necesidad operativa temporal en una pol\u00edtica p\u00fablica permanente, alineando deporte, vivienda y desarrollo social, viniendo de la mano de un esquema de alianzas p\u00fablico-privadas y facilidades del Banco de Reservas y el Gobierno central.<\/p>\n\n\n\n<p>A juicio de la ejecutiva municipal, la preparaci\u00f3n de los Juegos solo tiene sentido si se traduce en resultados duraderos que apunten hacia el fortalecimiento del deporte escolar, la recuperaci\u00f3n de espacios comunitarios, la promoci\u00f3n de h\u00e1bitos saludables y una articulaci\u00f3n real entre instituciones educativas, deportivas y municipales. \u201cLa inversi\u00f3n que exige un evento de esta magnitud se justifica \u00fanicamente si deja capacidades instaladas y beneficios sostenibles\u201d, precis\u00f3.<\/p>\n\n\n\n<p>Carolina expres\u00f3 que ese enfoque se refleja en la estructura organizativa del proyecto, ya que el Comit\u00e9 Organizador de Santo Domingo 2026 fue formalizado mediante el Decreto n\u00fam. 201-22, emitido el 27 de abril de 2022, que establece responsabilidades claras y la obligaci\u00f3n de apoyo de todas las instituciones del Poder Ejecutivo.<\/p>\n\n\n\n<p>Prosigui\u00f3 que, desde su juramentaci\u00f3n, el Comit\u00e9 Organizador ha operado como un espacio de trabajo t\u00e9cnico, continuo y exigente. En ese sentido, puntualiz\u00f3 que bajo el liderazgo de su presidente, Jos\u00e9 Monegro, el Comit\u00e9 integra una combinaci\u00f3n de experiencia p\u00fablica, capacidad t\u00e9cnica y compromiso c\u00edvico.<\/p>\n\n\n\n<p>Resalt\u00f3 que junto a Monegro, integran el Comit\u00e9 Felipe Vicini, Garybaldy Batista, Mercedes Canalda, Jos\u00e9 Manuel Ramos, Frank El\u00edas Rainieri, Carlos Iglesias, Fernando Langa y Andr\u00e9s Vander Horst, quienes han asumido, desde distintos \u00e1mbitos, la responsabilidad de planificar y ejecutar una cita que no admite improvisaci\u00f3n.<\/p>\n\n\n\n<p>Carolina Mej\u00eda asegur\u00f3 que el presidente Luis Abinader ha asumido Santo Domingo 2026 como una prioridad de alto nivel, integr\u00e1ndose activamente a la conducci\u00f3n estrat\u00e9gica del proyecto e incorporando al Comit\u00e9 Organizador a actores clave del Estado.<\/p>\n\n\n\n<p>Asimismo, valor\u00f3 la experiencia que aporta el ministro de Deportes, Kelvin Cruz, y de Eduardo Estrella desde el Ministerio de Obras P\u00fablicas, y Carlos Bonilla en el Ministerio de la Vivienda.<\/p>\n\n\n\n<p>\u201cEste enfoque confirma que el verdadero legado no se mide en semanas de competencia, sino en d\u00e9cadas de impacto. Las infraestructuras, los est\u00e1ndares urbanos y las capacidades\u201d, afirm\u00f3.<\/p>\n\n\n\n<p>Carolina entiende que en el \u00e1mbito tur\u00edstico se abre una oportunidad estrat\u00e9gica hacia el turismo deportivo y cultural, albergando a visitantes en la Ciudad Colonial, el malec\u00f3n, la gastronom\u00eda y una ciudad con historia viva.<\/p>\n\n\n\n<p>\u201cSanto Domingo 2026 es la oportunidad de demostrar que el pa\u00eds puede organizar con seriedad, coordinar con eficiencia y planificar con visi\u00f3n de Estado. Si se hace bien, el resultado ser\u00e1 una ciudad m\u00e1s preparada, instituciones m\u00e1s s\u00f3lidas y un legado que trascienda el evento\u201d, finaliz\u00f3 Mej\u00eda.<\/p>\n\n\n\n<p><\/p>\n","protected":false},"excerpt":{"rendered":"<p>Santo Domingo.- Carolina Mej\u00eda resalt\u00f3 la importancia de haber asumido la responsabilidad hist\u00f3rica de organizar los XXV Juegos Centroamericanos y del Caribe Santo Domingo 2026 y la gran oportunidad que&hellip; <\/p>\n","protected":false},"author":1,"featured_media":5071,"comment_status":"open","ping_status":"open","sticky":false,"template":"","format":"standard","meta":{"_jetpack_memberships_contains_paid_content":false,"footnotes":""},"categories":[40],"tags":[1636,2820,2819],"class_list":["post-5070","post","type-post","status-publish","format-standard","has-post-thumbnail","hentry","category-nacionales","tag-carolina","tag-importancia","tag-xxvjuegoscentroamericanos"],"yoast_head":"<!-- This site is optimized with the Yoast SEO plugin v26.9 - https:\/\/yoast.com\/product\/yoast-seo-wordpress\/ -->\n<title>Carolina resalta responsabilidad hist\u00f3rica de organizar los XXV Juegos Centroamericanos y del Caribe SD 2026 - EL GLOBAL INFORMATIVO<\/title>\n<meta name=\"robots\" content=\"index, follow, max-snippet:-1, max-image-preview:large, max-video-preview:-1\" \/>\n<link rel=\"canonical\" href=\"https:\/\/elglobal.do\/index.php\/2026\/01\/06\/carolina-resalta-responsabilidad-historica-de-organizar-los-xxv-juegos-centroamericanos-y-del-caribe-sd-2026\/\" \/>\n<meta property=\"og:locale\" content=\"es_ES\" \/>\n<meta property=\"og:type\" content=\"article\" \/>\n<meta property=\"og:title\" content=\"Carolina resalta responsabilidad hist\u00f3rica de organizar los XXV Juegos Centroamericanos y del Caribe SD 2026 - EL GLOBAL INFORMATIVO\" \/>\n<meta property=\"og:description\" content=\"Santo Domingo.- Carolina Mej\u00eda resalt\u00f3 la importancia de haber asumido la responsabilidad hist\u00f3rica de organizar los XXV Juegos Centroamericanos y del Caribe Santo Domingo 2026 y la gran oportunidad que&hellip;\" \/>\n<meta property=\"og:url\" content=\"https:\/\/elglobal.do\/index.php\/2026\/01\/06\/carolina-resalta-responsabilidad-historica-de-organizar-los-xxv-juegos-centroamericanos-y-del-caribe-sd-2026\/\" \/>\n<meta property=\"og:site_name\" content=\"EL GLOBAL INFORMATIVO\" \/>\n<meta property=\"article:published_time\" content=\"2026-01-06T17:14:37+00:00\" \/>\n<meta property=\"article:modified_time\" content=\"2026-01-06T17:14:40+00:00\" \/>\n<meta property=\"og:image\" content=\"https:\/\/elglobal.do\/wp-content\/uploads\/2026\/01\/image-36.png\" \/>\n\t<meta property=\"og:image:width\" content=\"776\" \/>\n\t<meta property=\"og:image:height\" content=\"598\" \/>\n\t<meta property=\"og:image:type\" content=\"image\/png\" \/>\n<meta name=\"author\" content=\"EL GLOBAL\" \/>\n<meta name=\"twitter:card\" content=\"summary_large_image\" \/>\n<meta name=\"twitter:label1\" content=\"Escrito por\" \/>\n\t<meta name=\"twitter:data1\" content=\"EL GLOBAL\" \/>\n\t<meta name=\"twitter:label2\" content=\"Tiempo de lectura\" \/>\n\t<meta name=\"twitter:data2\" content=\"4 minutos\" \/>\n<script type=\"application\/ld+json\" class=\"yoast-schema-graph\">{\"@context\":\"https:\/\/schema.org\",\"@graph\":[{\"@type\":\"Article\",\"@id\":\"https:\/\/elglobal.do\/index.php\/2026\/01\/06\/carolina-resalta-responsabilidad-historica-de-organizar-los-xxv-juegos-centroamericanos-y-del-caribe-sd-2026\/#article\",\"isPartOf\":{\"@id\":\"https:\/\/elglobal.do\/index.php\/2026\/01\/06\/carolina-resalta-responsabilidad-historica-de-organizar-los-xxv-juegos-centroamericanos-y-del-caribe-sd-2026\/\"},\"author\":{\"name\":\"EL GLOBAL\",\"@id\":\"https:\/\/elglobal.do\/#\/schema\/person\/0c97ec2c7714fb605d230c292f64d55f\"},\"headline\":\"Carolina resalta responsabilidad hist\u00f3rica de organizar los XXV Juegos Centroamericanos y del Caribe SD 2026\",\"datePublished\":\"2026-01-06T17:14:37+00:00\",\"dateModified\":\"2026-01-06T17:14:40+00:00\",\"mainEntityOfPage\":{\"@id\":\"https:\/\/elglobal.do\/index.php\/2026\/01\/06\/carolina-resalta-responsabilidad-historica-de-organizar-los-xxv-juegos-centroamericanos-y-del-caribe-sd-2026\/\"},\"wordCount\":755,\"commentCount\":0,\"publisher\":{\"@id\":\"https:\/\/elglobal.do\/#organization\"},\"image\":{\"@id\":\"https:\/\/elglobal.do\/index.php\/2026\/01\/06\/carolina-resalta-responsabilidad-historica-de-organizar-los-xxv-juegos-centroamericanos-y-del-caribe-sd-2026\/#primaryimage\"},\"thumbnailUrl\":\"https:\/\/elglobal.do\/wp-content\/uploads\/2026\/01\/image-36.png\",\"keywords\":[\"#Carolina\",\"#Importancia\",\"#XXVJuegosCentroamericanos\"],\"articleSection\":[\"NACIONALES\"],\"inLanguage\":\"es\",\"potentialAction\":[{\"@type\":\"CommentAction\",\"name\":\"Comment\",\"target\":[\"https:\/\/elglobal.do\/index.php\/2026\/01\/06\/carolina-resalta-responsabilidad-historica-de-organizar-los-xxv-juegos-centroamericanos-y-del-caribe-sd-2026\/#respond\"]}]},{\"@type\":\"WebPage\",\"@id\":\"https:\/\/elglobal.do\/index.php\/2026\/01\/06\/carolina-resalta-responsabilidad-historica-de-organizar-los-xxv-juegos-centroamericanos-y-del-caribe-sd-2026\/\",\"url\":\"https:\/\/elglobal.do\/index.php\/2026\/01\/06\/carolina-resalta-responsabilidad-historica-de-organizar-los-xxv-juegos-centroamericanos-y-del-caribe-sd-2026\/\",\"name\":\"Carolina resalta responsabilidad hist\u00f3rica de organizar los XXV Juegos Centroamericanos y del Caribe SD 2026 - EL GLOBAL INFORMATIVO\",\"isPartOf\":{\"@id\":\"https:\/\/elglobal.do\/#website\"},\"primaryImageOfPage\":{\"@id\":\"https:\/\/elglobal.do\/index.php\/2026\/01\/06\/carolina-resalta-responsabilidad-historica-de-organizar-los-xxv-juegos-centroamericanos-y-del-caribe-sd-2026\/#primaryimage\"},\"image\":{\"@id\":\"https:\/\/elglobal.do\/index.php\/2026\/01\/06\/carolina-resalta-responsabilidad-historica-de-organizar-los-xxv-juegos-centroamericanos-y-del-caribe-sd-2026\/#primaryimage\"},\"thumbnailUrl\":\"https:\/\/elglobal.do\/wp-content\/uploads\/2026\/01\/image-36.png\",\"datePublished\":\"2026-01-06T17:14:37+00:00\",\"dateModified\":\"2026-01-06T17:14:40+00:00\",\"breadcrumb\":{\"@id\":\"https:\/\/elglobal.do\/index.php\/2026\/01\/06\/carolina-resalta-responsabilidad-historica-de-organizar-los-xxv-juegos-centroamericanos-y-del-caribe-sd-2026\/#breadcrumb\"},\"inLanguage\":\"es\",\"potentialAction\":[{\"@type\":\"ReadAction\",\"target\":[\"https:\/\/elglobal.do\/index.php\/2026\/01\/06\/carolina-resalta-responsabilidad-historica-de-organizar-los-xxv-juegos-centroamericanos-y-del-caribe-sd-2026\/\"]}]},{\"@type\":\"ImageObject\",\"inLanguage\":\"es\",\"@id\":\"https:\/\/elglobal.do\/index.php\/2026\/01\/06\/carolina-resalta-responsabilidad-historica-de-organizar-los-xxv-juegos-centroamericanos-y-del-caribe-sd-2026\/#primaryimage\",\"url\":\"https:\/\/elglobal.do\/wp-content\/uploads\/2026\/01\/image-36.png\",\"contentUrl\":\"https:\/\/elglobal.do\/wp-content\/uploads\/2026\/01\/image-36.png\",\"width\":776,\"height\":598},{\"@type\":\"BreadcrumbList\",\"@id\":\"https:\/\/elglobal.do\/index.php\/2026\/01\/06\/carolina-resalta-responsabilidad-historica-de-organizar-los-xxv-juegos-centroamericanos-y-del-caribe-sd-2026\/#breadcrumb\",\"itemListElement\":[{\"@type\":\"ListItem\",\"position\":1,\"name\":\"Portada\",\"item\":\"https:\/\/elglobal.do\/\"},{\"@type\":\"ListItem\",\"position\":2,\"name\":\"Carolina resalta responsabilidad hist\u00f3rica de organizar los XXV Juegos Centroamericanos y del Caribe SD 2026\"}]},{\"@type\":\"WebSite\",\"@id\":\"https:\/\/elglobal.do\/#website\",\"url\":\"https:\/\/elglobal.do\/\",\"name\":\"EL GLOBAL INFORMATIVO\",\"description\":\"Peri\u00f3dico digital de la Rep\u00fablica Dominicana que ofrece noticias, novedades, pol\u00edtica y las \u00faltimas actualidades, con informaci\u00f3n veraz y oportuna para mantenerte siempre informad\",\"publisher\":{\"@id\":\"https:\/\/elglobal.do\/#organization\"},\"potentialAction\":[{\"@type\":\"SearchAction\",\"target\":{\"@type\":\"EntryPoint\",\"urlTemplate\":\"https:\/\/elglobal.do\/?s={search_term_string}\"},\"query-input\":{\"@type\":\"PropertyValueSpecification\",\"valueRequired\":true,\"valueName\":\"search_term_string\"}}],\"inLanguage\":\"es\"},{\"@type\":\"Organization\",\"@id\":\"https:\/\/elglobal.do\/#organization\",\"name\":\"EL GLOBAL.DO INFORMATIVO\",\"url\":\"https:\/\/elglobal.do\/\",\"logo\":{\"@type\":\"ImageObject\",\"inLanguage\":\"es\",\"@id\":\"https:\/\/elglobal.do\/#\/schema\/logo\/image\/\",\"url\":\"https:\/\/elglobal.do\/wp-content\/uploads\/2025\/08\/icon.png\",\"contentUrl\":\"https:\/\/elglobal.do\/wp-content\/uploads\/2025\/08\/icon.png\",\"width\":512,\"height\":512,\"caption\":\"EL GLOBAL.DO INFORMATIVO\"},\"image\":{\"@id\":\"https:\/\/elglobal.do\/#\/schema\/logo\/image\/\"}},{\"@type\":\"Person\",\"@id\":\"https:\/\/elglobal.do\/#\/schema\/person\/0c97ec2c7714fb605d230c292f64d55f\",\"name\":\"EL GLOBAL\",\"image\":{\"@type\":\"ImageObject\",\"inLanguage\":\"es\",\"@id\":\"https:\/\/elglobal.do\/#\/schema\/person\/image\/\",\"url\":\"https:\/\/secure.gravatar.com\/avatar\/081cfb6cf99faddc6f4e23a0c11ab98c5cf302925382d1c88dc3ed757ab910a3?s=96&d=mm&r=g\",\"contentUrl\":\"https:\/\/secure.gravatar.com\/avatar\/081cfb6cf99faddc6f4e23a0c11ab98c5cf302925382d1c88dc3ed757ab910a3?s=96&d=mm&r=g\",\"caption\":\"EL GLOBAL\"},\"description\":\"El Global Informativo es un peri\u00f3dico digital de Rep\u00fablica Dominicana que se dedica a cubrir temas importantes, como la pol\u00edtica local, geopol\u00edtica, econom\u00eda, tecnolog\u00eda, noticias internacionales y eventos relacionados con la gesti\u00f3n social, cultural y humana. Su objetivo principal es mantener a la poblaci\u00f3n informada, ofreciendo una visi\u00f3n amplia y actualizada de lo que sucede tanto en el pa\u00eds como en el mundo. Est\u00e1 dirigido por un grupo de periodistas experimentados, lo que garantiza la calidad y la precisi\u00f3n de la informaci\u00f3n que ofrecen. Tiene su sede en la ciudad de Santo Domingo y es parte integral del portafolio de la empresa, MC Global S.R.L.\",\"sameAs\":[\"https:\/\/elglobal.do\",\"https:\/\/www.instagram.com\/elglobal.do_informativo\/\"],\"url\":\"https:\/\/elglobal.do\/index.php\/author\/elglobaluserpro\/\"}]}<\/script>\n<!-- \/ Yoast SEO plugin. -->","yoast_head_json":{"title":"Carolina resalta responsabilidad hist\u00f3rica de organizar los XXV Juegos Centroamericanos y del Caribe SD 2026 - EL GLOBAL INFORMATIVO","robots":{"index":"index","follow":"follow","max-snippet":"max-snippet:-1","max-image-preview":"max-image-preview:large","max-video-preview":"max-video-preview:-1"},"canonical":"https:\/\/elglobal.do\/index.php\/2026\/01\/06\/carolina-resalta-responsabilidad-historica-de-organizar-los-xxv-juegos-centroamericanos-y-del-caribe-sd-2026\/","og_locale":"es_ES","og_type":"article","og_title":"Carolina resalta responsabilidad hist\u00f3rica de organizar los XXV Juegos Centroamericanos y del Caribe SD 2026 - EL GLOBAL INFORMATIVO","og_description":"Santo Domingo.- Carolina Mej\u00eda resalt\u00f3 la importancia de haber asumido la responsabilidad hist\u00f3rica de organizar los XXV Juegos Centroamericanos y del Caribe Santo Domingo 2026 y la gran oportunidad que&hellip;","og_url":"https:\/\/elglobal.do\/index.php\/2026\/01\/06\/carolina-resalta-responsabilidad-historica-de-organizar-los-xxv-juegos-centroamericanos-y-del-caribe-sd-2026\/","og_site_name":"EL GLOBAL INFORMATIVO","article_published_time":"2026-01-06T17:14:37+00:00","article_modified_time":"2026-01-06T17:14:40+00:00","og_image":[{"width":776,"height":598,"url":"https:\/\/elglobal.do\/wp-content\/uploads\/2026\/01\/image-36.png","type":"image\/png"}],"author":"EL GLOBAL","twitter_card":"summary_large_image","twitter_misc":{"Escrito por":"EL GLOBAL","Tiempo de lectura":"4 minutos"},"schema":{"@context":"https:\/\/schema.org","@graph":[{"@type":"Article","@id":"https:\/\/elglobal.do\/index.php\/2026\/01\/06\/carolina-resalta-responsabilidad-historica-de-organizar-los-xxv-juegos-centroamericanos-y-del-caribe-sd-2026\/#article","isPartOf":{"@id":"https:\/\/elglobal.do\/index.php\/2026\/01\/06\/carolina-resalta-responsabilidad-historica-de-organizar-los-xxv-juegos-centroamericanos-y-del-caribe-sd-2026\/"},"author":{"name":"EL GLOBAL","@id":"https:\/\/elglobal.do\/#\/schema\/person\/0c97ec2c7714fb605d230c292f64d55f"},"headline":"Carolina resalta responsabilidad hist\u00f3rica de organizar los XXV Juegos Centroamericanos y del Caribe SD 2026","datePublished":"2026-01-06T17:14:37+00:00","dateModified":"2026-01-06T17:14:40+00:00","mainEntityOfPage":{"@id":"https:\/\/elglobal.do\/index.php\/2026\/01\/06\/carolina-resalta-responsabilidad-historica-de-organizar-los-xxv-juegos-centroamericanos-y-del-caribe-sd-2026\/"},"wordCount":755,"commentCount":0,"publisher":{"@id":"https:\/\/elglobal.do\/#organization"},"image":{"@id":"https:\/\/elglobal.do\/index.php\/2026\/01\/06\/carolina-resalta-responsabilidad-historica-de-organizar-los-xxv-juegos-centroamericanos-y-del-caribe-sd-2026\/#primaryimage"},"thumbnailUrl":"https:\/\/elglobal.do\/wp-content\/uploads\/2026\/01\/image-36.png","keywords":["#Carolina","#Importancia","#XXVJuegosCentroamericanos"],"articleSection":["NACIONALES"],"inLanguage":"es","potentialAction":[{"@type":"CommentAction","name":"Comment","target":["https:\/\/elglobal.do\/index.php\/2026\/01\/06\/carolina-resalta-responsabilidad-historica-de-organizar-los-xxv-juegos-centroamericanos-y-del-caribe-sd-2026\/#respond"]}]},{"@type":"WebPage","@id":"https:\/\/elglobal.do\/index.php\/2026\/01\/06\/carolina-resalta-responsabilidad-historica-de-organizar-los-xxv-juegos-centroamericanos-y-del-caribe-sd-2026\/","url":"https:\/\/elglobal.do\/index.php\/2026\/01\/06\/carolina-resalta-responsabilidad-historica-de-organizar-los-xxv-juegos-centroamericanos-y-del-caribe-sd-2026\/","name":"Carolina resalta responsabilidad hist\u00f3rica de organizar los XXV Juegos Centroamericanos y del Caribe SD 2026 - EL GLOBAL INFORMATIVO","isPartOf":{"@id":"https:\/\/elglobal.do\/#website"},"primaryImageOfPage":{"@id":"https:\/\/elglobal.do\/index.php\/2026\/01\/06\/carolina-resalta-responsabilidad-historica-de-organizar-los-xxv-juegos-centroamericanos-y-del-caribe-sd-2026\/#primaryimage"},"image":{"@id":"https:\/\/elglobal.do\/index.php\/2026\/01\/06\/carolina-resalta-responsabilidad-historica-de-organizar-los-xxv-juegos-centroamericanos-y-del-caribe-sd-2026\/#primaryimage"},"thumbnailUrl":"https:\/\/elglobal.do\/wp-content\/uploads\/2026\/01\/image-36.png","datePublished":"2026-01-06T17:14:37+00:00","dateModified":"2026-01-06T17:14:40+00:00","breadcrumb":{"@id":"https:\/\/elglobal.do\/index.php\/2026\/01\/06\/carolina-resalta-responsabilidad-historica-de-organizar-los-xxv-juegos-centroamericanos-y-del-caribe-sd-2026\/#breadcrumb"},"inLanguage":"es","potentialAction":[{"@type":"ReadAction","target":["https:\/\/elglobal.do\/index.php\/2026\/01\/06\/carolina-resalta-responsabilidad-historica-de-organizar-los-xxv-juegos-centroamericanos-y-del-caribe-sd-2026\/"]}]},{"@type":"ImageObject","inLanguage":"es","@id":"https:\/\/elglobal.do\/index.php\/2026\/01\/06\/carolina-resalta-responsabilidad-historica-de-organizar-los-xxv-juegos-centroamericanos-y-del-caribe-sd-2026\/#primaryimage","url":"https:\/\/elglobal.do\/wp-content\/uploads\/2026\/01\/image-36.png","contentUrl":"https:\/\/elglobal.do\/wp-content\/uploads\/2026\/01\/image-36.png","width":776,"height":598},{"@type":"BreadcrumbList","@id":"https:\/\/elglobal.do\/index.php\/2026\/01\/06\/carolina-resalta-responsabilidad-historica-de-organizar-los-xxv-juegos-centroamericanos-y-del-caribe-sd-2026\/#breadcrumb","itemListElement":[{"@type":"ListItem","position":1,"name":"Portada","item":"https:\/\/elglobal.do\/"},{"@type":"ListItem","position":2,"name":"Carolina resalta responsabilidad hist\u00f3rica de organizar los XXV Juegos Centroamericanos y del Caribe SD 2026"}]},{"@type":"WebSite","@id":"https:\/\/elglobal.do\/#website","url":"https:\/\/elglobal.do\/","name":"EL GLOBAL INFORMATIVO","description":"Peri\u00f3dico digital de la Rep\u00fablica Dominicana que ofrece noticias, novedades, pol\u00edtica y las \u00faltimas actualidades, con informaci\u00f3n veraz y oportuna para mantenerte siempre informad","publisher":{"@id":"https:\/\/elglobal.do\/#organization"},"potentialAction":[{"@type":"SearchAction","target":{"@type":"EntryPoint","urlTemplate":"https:\/\/elglobal.do\/?s={search_term_string}"},"query-input":{"@type":"PropertyValueSpecification","valueRequired":true,"valueName":"search_term_string"}}],"inLanguage":"es"},{"@type":"Organization","@id":"https:\/\/elglobal.do\/#organization","name":"EL GLOBAL.DO INFORMATIVO","url":"https:\/\/elglobal.do\/","logo":{"@type":"ImageObject","inLanguage":"es","@id":"https:\/\/elglobal.do\/#\/schema\/logo\/image\/","url":"https:\/\/elglobal.do\/wp-content\/uploads\/2025\/08\/icon.png","contentUrl":"https:\/\/elglobal.do\/wp-content\/uploads\/2025\/08\/icon.png","width":512,"height":512,"caption":"EL GLOBAL.DO INFORMATIVO"},"image":{"@id":"https:\/\/elglobal.do\/#\/schema\/logo\/image\/"}},{"@type":"Person","@id":"https:\/\/elglobal.do\/#\/schema\/person\/0c97ec2c7714fb605d230c292f64d55f","name":"EL GLOBAL","image":{"@type":"ImageObject","inLanguage":"es","@id":"https:\/\/elglobal.do\/#\/schema\/person\/image\/","url":"https:\/\/secure.gravatar.com\/avatar\/081cfb6cf99faddc6f4e23a0c11ab98c5cf302925382d1c88dc3ed757ab910a3?s=96&d=mm&r=g","contentUrl":"https:\/\/secure.gravatar.com\/avatar\/081cfb6cf99faddc6f4e23a0c11ab98c5cf302925382d1c88dc3ed757ab910a3?s=96&d=mm&r=g","caption":"EL GLOBAL"},"description":"El Global Informativo es un peri\u00f3dico digital de Rep\u00fablica Dominicana que se dedica a cubrir temas importantes, como la pol\u00edtica local, geopol\u00edtica, econom\u00eda, tecnolog\u00eda, noticias internacionales y eventos relacionados con la gesti\u00f3n social, cultural y humana. Su objetivo principal es mantener a la poblaci\u00f3n informada, ofreciendo una visi\u00f3n amplia y actualizada de lo que sucede tanto en el pa\u00eds como en el mundo. Est\u00e1 dirigido por un grupo de periodistas experimentados, lo que garantiza la calidad y la precisi\u00f3n de la informaci\u00f3n que ofrecen. Tiene su sede en la ciudad de Santo Domingo y es parte integral del portafolio de la empresa, MC Global S.R.L.","sameAs":["https:\/\/elglobal.do","https:\/\/www.instagram.com\/elglobal.do_informativo\/"],"url":"https:\/\/elglobal.do\/index.php\/author\/elglobaluserpro\/"}]}},"jetpack_featured_media_url":"https:\/\/elglobal.do\/wp-content\/uploads\/2026\/01\/image-36.png","jetpack_sharing_enabled":true,"_links":{"self":[{"href":"https:\/\/elglobal.do\/index.php\/wp-json\/wp\/v2\/posts\/5070","targetHints":{"allow":["GET"]}}],"collection":[{"href":"https:\/\/elglobal.do\/index.php\/wp-json\/wp\/v2\/posts"}],"about":[{"href":"https:\/\/elglobal.do\/index.php\/wp-json\/wp\/v2\/types\/post"}],"author":[{"embeddable":true,"href":"https:\/\/elglobal.do\/index.php\/wp-json\/wp\/v2\/users\/1"}],"replies":[{"embeddable":true,"href":"https:\/\/elglobal.do\/index.php\/wp-json\/wp\/v2\/comments?post=5070"}],"version-history":[{"count":1,"href":"https:\/\/elglobal.do\/index.php\/wp-json\/wp\/v2\/posts\/5070\/revisions"}],"predecessor-version":[{"id":5072,"href":"https:\/\/elglobal.do\/index.php\/wp-json\/wp\/v2\/posts\/5070\/revisions\/5072"}],"wp:featuredmedia":[{"embeddable":true,"href":"https:\/\/elglobal.do\/index.php\/wp-json\/wp\/v2\/media\/5071"}],"wp:attachment":[{"href":"https:\/\/elglobal.do\/index.php\/wp-json\/wp\/v2\/media?parent=5070"}],"wp:term":[{"taxonomy":"category","embeddable":true,"href":"https:\/\/elglobal.do\/index.php\/wp-json\/wp\/v2\/categories?post=5070"},{"taxonomy":"post_tag","embeddable":true,"href":"https:\/\/elglobal.do\/index.php\/wp-json\/wp\/v2\/tags?post=5070"}],"curies":[{"name":"wp","href":"https:\/\/api.w.org\/{rel}","templated":true}]}}