{"id":5089,"date":"2026-01-07T09:24:02","date_gmt":"2026-01-07T13:24:02","guid":{"rendered":"https:\/\/elglobal.do\/?p=5089"},"modified":"2026-01-07T09:24:05","modified_gmt":"2026-01-07T13:24:05","slug":"nasa-prepara-primer-paseo-espacial-del-ano-para-optimizar-suministro-de-energia","status":"publish","type":"post","link":"https:\/\/elglobal.do\/index.php\/2026\/01\/07\/nasa-prepara-primer-paseo-espacial-del-ano-para-optimizar-suministro-de-energia\/","title":{"rendered":"NASA prepara primer paseo espacial del a\u00f1o para optimizar  suministro de energ\u00eda"},"content":{"rendered":"\n<figure class=\"wp-block-image size-full\"><img loading=\"lazy\" decoding=\"async\" width=\"800\" height=\"500\" src=\"https:\/\/elglobal.do\/wp-content\/uploads\/2026\/01\/image-43.png\" alt=\"\" class=\"wp-image-5090\" srcset=\"https:\/\/elglobal.do\/wp-content\/uploads\/2026\/01\/image-43.png 800w, https:\/\/elglobal.do\/wp-content\/uploads\/2026\/01\/image-43-300x188.png 300w, https:\/\/elglobal.do\/wp-content\/uploads\/2026\/01\/image-43-768x480.png 768w\" sizes=\"auto, (max-width: 800px) 100vw, 800px\" \/><\/figure>\n\n\n\n<p><strong>Estados Unidos.-<\/strong> Los astronautas de la\u00a0<strong>NASA,\u00a0\u00a0<\/strong>Mike Fincke y Zena Cardman realizar\u00e1n el pr\u00f3ximo jueves la primera caminata espacial del a\u00f1o en la<strong>\u00a0Estaci\u00f3n Espacial Internacional\u00a0<\/strong>(ISS, en ingl\u00e9s), que tendr\u00e1 por objetivo mejorar el suministro de energ\u00eda solar y apoyar la desorbitaci\u00f3n segura del laboratorio espacial en el futuro.<\/p>\n\n\n\n<p id=\"m26132-26131-26133\">\u00ab<strong>Mike Fincke<\/strong>&nbsp;y&nbsp;<strong>Zena Cardman<\/strong>&nbsp;saldr\u00e1n de la esclusa &#8216;Quest&#8217; de la ISS para finalizar la preparaci\u00f3n del canal de energ\u00eda 2A para el despliegue de los paneles solares, que una vez instalados, proporcionar\u00e1n generaci\u00f3n de energ\u00eda adicional para la ISS\u00bb, dijo en una rueda de prensa el gerente de integraci\u00f3n de operaciones de la&nbsp;<strong>NASA<\/strong>,&nbsp;<strong>Bill Spetch<\/strong>.<\/p>\n\n\n\n<p id=\"m26137-26136-26138\">Parte de esa energ\u00eda ser\u00e1 \u00fatil en el momento de la desorbitaci\u00f3n del laboratorio espacial, prevista para 2030, a\u00f1adi\u00f3.<\/p>\n\n\n\n<p id=\"m26142-26141-26143\">La tripulaci\u00f3n tambi\u00e9n realizar\u00e1 otra actividad durante la caminata que incluir\u00e1 \u00abexperimentos con microbios y microorganismos\u00bb, seg\u00fan&nbsp;<strong>Spetch<\/strong>.<\/p>\n\n\n\n<p id=\"m26147-26146-26148\">El paseo espacial comenzar\u00e1 a las 8:00 hora del este de\u00a0<strong>Estados Unidos<\/strong>\u00a0(13:00 GMT) y ser\u00e1 retransmitida en vivo en varias plataformas, incluida\u00a0<strong>NASA\u00a0<\/strong>+. La duraci\u00f3n ser\u00e1 de unas seis horas, durante las que ambos astronautas no podr\u00e1n ingerir alimentos, y se tendr\u00e1n que limitar a beber agua.<\/p>\n\n\n\n<p id=\"m26152-26151-26153\">Ser\u00e1 la d\u00e9cima caminata espacial para\u00a0<strong>Fincke<\/strong>, quien se convertir\u00e1 en el sexto astronauta de la\u00a0<strong>NASA\u00a0<\/strong>en alcanzar esta cifra, y la primera para\u00a0<strong>Cardmand<\/strong>.<\/p>\n\n\n\n<p id=\"m26162-26161-26163\">Para prepararse de cara a la baja gravedad y cuando todav\u00eda estaban en la&nbsp;<strong>Tierra<\/strong>, los astronautas de la&nbsp;<strong>NASA<\/strong>&nbsp;se entrenaron sumergidos en piscinas con sus trajes e imitando las tareas que realizar\u00e1n en el exterior de la&nbsp;<strong>Estaci\u00f3n Espacial<\/strong>.<\/p>\n\n\n\n<p id=\"m26167-26166-26168\">Otros dos astronautas de la&nbsp;<strong>NASA&nbsp;<\/strong>realizar\u00e1n otra caminata espacial el pr\u00f3ximo 15 de enero en la que reemplazar\u00e1n una c\u00e1mara de alta definici\u00f3n, instalar\u00e1n una nueva ayuda de navegaci\u00f3n para naves espaciales visitantes, y reubicar\u00e1n un antiguo puente de servicio de amon\u00edaco, un conjunto de mangueras flexibles que conecta partes de un sistema de fluidos.<\/p>\n\n\n\n<p id=\"m26172-26171-26173\">La agencia espacial estadounidense dar\u00e1 a conocer los nombres de los dos astronautas una vez concluya la caminata espacial de este jueves.<\/p>\n\n\n\n<p id=\"m26177-26176-26178\">En total se han realizado 270 caminatas espaciales en la ISS desde diciembre de 1998. La m\u00e1s larga tuvo lugar en marzo de 2001, cuando&nbsp;<strong>James Voss<\/strong>&nbsp;y&nbsp;<strong>Susan Helms<\/strong>&nbsp;permanecieron ocho horas y 56 minutos en el exterior.<\/p>\n\n\n\n<p><\/p>\n","protected":false},"excerpt":{"rendered":"<p>Estados Unidos.- Los astronautas de la\u00a0NASA,\u00a0\u00a0Mike Fincke y Zena Cardman realizar\u00e1n el pr\u00f3ximo jueves la primera caminata espacial del a\u00f1o en la\u00a0Estaci\u00f3n Espacial Internacional\u00a0(ISS, en ingl\u00e9s), que tendr\u00e1 por objetivo&hellip; <\/p>\n","protected":false},"author":1,"featured_media":5090,"comment_status":"open","ping_status":"open","sticky":false,"template":"","format":"standard","meta":{"_jetpack_memberships_contains_paid_content":false,"footnotes":""},"categories":[14,8],"tags":[438,154,2833,2832,2831,2834],"class_list":["post-5089","post","type-post","status-publish","format-standard","has-post-thumbnail","hentry","category-slider","category-tegnologia","tag-ee-uu-3","tag-nasa","tag-optimizar","tag-paseoespacial","tag-primerpaseo","tag-suministroenergia"],"yoast_head":"<!-- This site is optimized with the Yoast SEO plugin v26.9 - https:\/\/yoast.com\/product\/yoast-seo-wordpress\/ -->\n<title>NASA prepara primer paseo espacial del a\u00f1o para optimizar suministro de energ\u00eda - EL GLOBAL INFORMATIVO<\/title>\n<meta name=\"robots\" content=\"index, follow, max-snippet:-1, max-image-preview:large, max-video-preview:-1\" \/>\n<link rel=\"canonical\" href=\"https:\/\/elglobal.do\/index.php\/2026\/01\/07\/nasa-prepara-primer-paseo-espacial-del-ano-para-optimizar-suministro-de-energia\/\" \/>\n<meta property=\"og:locale\" content=\"es_ES\" \/>\n<meta property=\"og:type\" content=\"article\" \/>\n<meta property=\"og:title\" content=\"NASA prepara primer paseo espacial del a\u00f1o para optimizar suministro de energ\u00eda - EL GLOBAL INFORMATIVO\" \/>\n<meta property=\"og:description\" content=\"Estados Unidos.- Los astronautas de la\u00a0NASA,\u00a0\u00a0Mike Fincke y Zena Cardman realizar\u00e1n el pr\u00f3ximo jueves la primera caminata espacial del a\u00f1o en la\u00a0Estaci\u00f3n Espacial Internacional\u00a0(ISS, en ingl\u00e9s), que tendr\u00e1 por objetivo&hellip;\" \/>\n<meta property=\"og:url\" content=\"https:\/\/elglobal.do\/index.php\/2026\/01\/07\/nasa-prepara-primer-paseo-espacial-del-ano-para-optimizar-suministro-de-energia\/\" \/>\n<meta property=\"og:site_name\" content=\"EL GLOBAL INFORMATIVO\" \/>\n<meta property=\"article:published_time\" content=\"2026-01-07T13:24:02+00:00\" \/>\n<meta property=\"article:modified_time\" content=\"2026-01-07T13:24:05+00:00\" \/>\n<meta property=\"og:image\" content=\"https:\/\/elglobal.do\/wp-content\/uploads\/2026\/01\/image-43.png\" \/>\n\t<meta property=\"og:image:width\" content=\"800\" \/>\n\t<meta property=\"og:image:height\" content=\"500\" \/>\n\t<meta property=\"og:image:type\" content=\"image\/png\" \/>\n<meta name=\"author\" content=\"EL GLOBAL\" \/>\n<meta name=\"twitter:card\" content=\"summary_large_image\" \/>\n<meta name=\"twitter:label1\" content=\"Escrito por\" \/>\n\t<meta name=\"twitter:data1\" content=\"EL GLOBAL\" \/>\n\t<meta name=\"twitter:label2\" content=\"Tiempo de lectura\" \/>\n\t<meta name=\"twitter:data2\" content=\"3 minutos\" \/>\n<script type=\"application\/ld+json\" class=\"yoast-schema-graph\">{\"@context\":\"https:\/\/schema.org\",\"@graph\":[{\"@type\":\"Article\",\"@id\":\"https:\/\/elglobal.do\/index.php\/2026\/01\/07\/nasa-prepara-primer-paseo-espacial-del-ano-para-optimizar-suministro-de-energia\/#article\",\"isPartOf\":{\"@id\":\"https:\/\/elglobal.do\/index.php\/2026\/01\/07\/nasa-prepara-primer-paseo-espacial-del-ano-para-optimizar-suministro-de-energia\/\"},\"author\":{\"name\":\"EL GLOBAL\",\"@id\":\"https:\/\/elglobal.do\/#\/schema\/person\/0c97ec2c7714fb605d230c292f64d55f\"},\"headline\":\"NASA prepara primer paseo espacial del a\u00f1o para optimizar suministro de energ\u00eda\",\"datePublished\":\"2026-01-07T13:24:02+00:00\",\"dateModified\":\"2026-01-07T13:24:05+00:00\",\"mainEntityOfPage\":{\"@id\":\"https:\/\/elglobal.do\/index.php\/2026\/01\/07\/nasa-prepara-primer-paseo-espacial-del-ano-para-optimizar-suministro-de-energia\/\"},\"wordCount\":439,\"commentCount\":0,\"publisher\":{\"@id\":\"https:\/\/elglobal.do\/#organization\"},\"image\":{\"@id\":\"https:\/\/elglobal.do\/index.php\/2026\/01\/07\/nasa-prepara-primer-paseo-espacial-del-ano-para-optimizar-suministro-de-energia\/#primaryimage\"},\"thumbnailUrl\":\"https:\/\/elglobal.do\/wp-content\/uploads\/2026\/01\/image-43.png\",\"keywords\":[\"#EE.UU.\",\"#NASA\",\"#Optimizar\",\"#PaseoEspacial\",\"#PrimerPaseo\",\"#SuministroEnergia\"],\"articleSection\":[\"NOTICIAS RELEVANTES\",\"TEGNOLOG\u00cdA\"],\"inLanguage\":\"es\",\"potentialAction\":[{\"@type\":\"CommentAction\",\"name\":\"Comment\",\"target\":[\"https:\/\/elglobal.do\/index.php\/2026\/01\/07\/nasa-prepara-primer-paseo-espacial-del-ano-para-optimizar-suministro-de-energia\/#respond\"]}]},{\"@type\":\"WebPage\",\"@id\":\"https:\/\/elglobal.do\/index.php\/2026\/01\/07\/nasa-prepara-primer-paseo-espacial-del-ano-para-optimizar-suministro-de-energia\/\",\"url\":\"https:\/\/elglobal.do\/index.php\/2026\/01\/07\/nasa-prepara-primer-paseo-espacial-del-ano-para-optimizar-suministro-de-energia\/\",\"name\":\"NASA prepara primer paseo espacial del a\u00f1o para optimizar suministro de energ\u00eda - EL GLOBAL INFORMATIVO\",\"isPartOf\":{\"@id\":\"https:\/\/elglobal.do\/#website\"},\"primaryImageOfPage\":{\"@id\":\"https:\/\/elglobal.do\/index.php\/2026\/01\/07\/nasa-prepara-primer-paseo-espacial-del-ano-para-optimizar-suministro-de-energia\/#primaryimage\"},\"image\":{\"@id\":\"https:\/\/elglobal.do\/index.php\/2026\/01\/07\/nasa-prepara-primer-paseo-espacial-del-ano-para-optimizar-suministro-de-energia\/#primaryimage\"},\"thumbnailUrl\":\"https:\/\/elglobal.do\/wp-content\/uploads\/2026\/01\/image-43.png\",\"datePublished\":\"2026-01-07T13:24:02+00:00\",\"dateModified\":\"2026-01-07T13:24:05+00:00\",\"breadcrumb\":{\"@id\":\"https:\/\/elglobal.do\/index.php\/2026\/01\/07\/nasa-prepara-primer-paseo-espacial-del-ano-para-optimizar-suministro-de-energia\/#breadcrumb\"},\"inLanguage\":\"es\",\"potentialAction\":[{\"@type\":\"ReadAction\",\"target\":[\"https:\/\/elglobal.do\/index.php\/2026\/01\/07\/nasa-prepara-primer-paseo-espacial-del-ano-para-optimizar-suministro-de-energia\/\"]}]},{\"@type\":\"ImageObject\",\"inLanguage\":\"es\",\"@id\":\"https:\/\/elglobal.do\/index.php\/2026\/01\/07\/nasa-prepara-primer-paseo-espacial-del-ano-para-optimizar-suministro-de-energia\/#primaryimage\",\"url\":\"https:\/\/elglobal.do\/wp-content\/uploads\/2026\/01\/image-43.png\",\"contentUrl\":\"https:\/\/elglobal.do\/wp-content\/uploads\/2026\/01\/image-43.png\",\"width\":800,\"height\":500},{\"@type\":\"BreadcrumbList\",\"@id\":\"https:\/\/elglobal.do\/index.php\/2026\/01\/07\/nasa-prepara-primer-paseo-espacial-del-ano-para-optimizar-suministro-de-energia\/#breadcrumb\",\"itemListElement\":[{\"@type\":\"ListItem\",\"position\":1,\"name\":\"Portada\",\"item\":\"https:\/\/elglobal.do\/\"},{\"@type\":\"ListItem\",\"position\":2,\"name\":\"NASA prepara primer paseo espacial del a\u00f1o para optimizar suministro de energ\u00eda\"}]},{\"@type\":\"WebSite\",\"@id\":\"https:\/\/elglobal.do\/#website\",\"url\":\"https:\/\/elglobal.do\/\",\"name\":\"EL GLOBAL INFORMATIVO\",\"description\":\"Peri\u00f3dico digital de la Rep\u00fablica Dominicana que ofrece noticias, novedades, pol\u00edtica y las \u00faltimas actualidades, con informaci\u00f3n veraz y oportuna para mantenerte siempre informad\",\"publisher\":{\"@id\":\"https:\/\/elglobal.do\/#organization\"},\"potentialAction\":[{\"@type\":\"SearchAction\",\"target\":{\"@type\":\"EntryPoint\",\"urlTemplate\":\"https:\/\/elglobal.do\/?s={search_term_string}\"},\"query-input\":{\"@type\":\"PropertyValueSpecification\",\"valueRequired\":true,\"valueName\":\"search_term_string\"}}],\"inLanguage\":\"es\"},{\"@type\":\"Organization\",\"@id\":\"https:\/\/elglobal.do\/#organization\",\"name\":\"EL GLOBAL.DO INFORMATIVO\",\"url\":\"https:\/\/elglobal.do\/\",\"logo\":{\"@type\":\"ImageObject\",\"inLanguage\":\"es\",\"@id\":\"https:\/\/elglobal.do\/#\/schema\/logo\/image\/\",\"url\":\"https:\/\/elglobal.do\/wp-content\/uploads\/2025\/08\/icon.png\",\"contentUrl\":\"https:\/\/elglobal.do\/wp-content\/uploads\/2025\/08\/icon.png\",\"width\":512,\"height\":512,\"caption\":\"EL GLOBAL.DO INFORMATIVO\"},\"image\":{\"@id\":\"https:\/\/elglobal.do\/#\/schema\/logo\/image\/\"}},{\"@type\":\"Person\",\"@id\":\"https:\/\/elglobal.do\/#\/schema\/person\/0c97ec2c7714fb605d230c292f64d55f\",\"name\":\"EL GLOBAL\",\"image\":{\"@type\":\"ImageObject\",\"inLanguage\":\"es\",\"@id\":\"https:\/\/elglobal.do\/#\/schema\/person\/image\/\",\"url\":\"https:\/\/secure.gravatar.com\/avatar\/081cfb6cf99faddc6f4e23a0c11ab98c5cf302925382d1c88dc3ed757ab910a3?s=96&d=mm&r=g\",\"contentUrl\":\"https:\/\/secure.gravatar.com\/avatar\/081cfb6cf99faddc6f4e23a0c11ab98c5cf302925382d1c88dc3ed757ab910a3?s=96&d=mm&r=g\",\"caption\":\"EL GLOBAL\"},\"description\":\"El Global Informativo es un peri\u00f3dico digital de Rep\u00fablica Dominicana que se dedica a cubrir temas importantes, como la pol\u00edtica local, geopol\u00edtica, econom\u00eda, tecnolog\u00eda, noticias internacionales y eventos relacionados con la gesti\u00f3n social, cultural y humana. Su objetivo principal es mantener a la poblaci\u00f3n informada, ofreciendo una visi\u00f3n amplia y actualizada de lo que sucede tanto en el pa\u00eds como en el mundo. Est\u00e1 dirigido por un grupo de periodistas experimentados, lo que garantiza la calidad y la precisi\u00f3n de la informaci\u00f3n que ofrecen. Tiene su sede en la ciudad de Santo Domingo y es parte integral del portafolio de la empresa, MC Global S.R.L.\",\"sameAs\":[\"https:\/\/elglobal.do\",\"https:\/\/www.instagram.com\/elglobal.do_informativo\/\"],\"url\":\"https:\/\/elglobal.do\/index.php\/author\/elglobaluserpro\/\"}]}<\/script>\n<!-- \/ Yoast SEO plugin. -->","yoast_head_json":{"title":"NASA prepara primer paseo espacial del a\u00f1o para optimizar suministro de energ\u00eda - EL GLOBAL INFORMATIVO","robots":{"index":"index","follow":"follow","max-snippet":"max-snippet:-1","max-image-preview":"max-image-preview:large","max-video-preview":"max-video-preview:-1"},"canonical":"https:\/\/elglobal.do\/index.php\/2026\/01\/07\/nasa-prepara-primer-paseo-espacial-del-ano-para-optimizar-suministro-de-energia\/","og_locale":"es_ES","og_type":"article","og_title":"NASA prepara primer paseo espacial del a\u00f1o para optimizar suministro de energ\u00eda - EL GLOBAL INFORMATIVO","og_description":"Estados Unidos.- Los astronautas de la\u00a0NASA,\u00a0\u00a0Mike Fincke y Zena Cardman realizar\u00e1n el pr\u00f3ximo jueves la primera caminata espacial del a\u00f1o en la\u00a0Estaci\u00f3n Espacial Internacional\u00a0(ISS, en ingl\u00e9s), que tendr\u00e1 por objetivo&hellip;","og_url":"https:\/\/elglobal.do\/index.php\/2026\/01\/07\/nasa-prepara-primer-paseo-espacial-del-ano-para-optimizar-suministro-de-energia\/","og_site_name":"EL GLOBAL INFORMATIVO","article_published_time":"2026-01-07T13:24:02+00:00","article_modified_time":"2026-01-07T13:24:05+00:00","og_image":[{"width":800,"height":500,"url":"https:\/\/elglobal.do\/wp-content\/uploads\/2026\/01\/image-43.png","type":"image\/png"}],"author":"EL GLOBAL","twitter_card":"summary_large_image","twitter_misc":{"Escrito por":"EL GLOBAL","Tiempo de lectura":"3 minutos"},"schema":{"@context":"https:\/\/schema.org","@graph":[{"@type":"Article","@id":"https:\/\/elglobal.do\/index.php\/2026\/01\/07\/nasa-prepara-primer-paseo-espacial-del-ano-para-optimizar-suministro-de-energia\/#article","isPartOf":{"@id":"https:\/\/elglobal.do\/index.php\/2026\/01\/07\/nasa-prepara-primer-paseo-espacial-del-ano-para-optimizar-suministro-de-energia\/"},"author":{"name":"EL GLOBAL","@id":"https:\/\/elglobal.do\/#\/schema\/person\/0c97ec2c7714fb605d230c292f64d55f"},"headline":"NASA prepara primer paseo espacial del a\u00f1o para optimizar suministro de energ\u00eda","datePublished":"2026-01-07T13:24:02+00:00","dateModified":"2026-01-07T13:24:05+00:00","mainEntityOfPage":{"@id":"https:\/\/elglobal.do\/index.php\/2026\/01\/07\/nasa-prepara-primer-paseo-espacial-del-ano-para-optimizar-suministro-de-energia\/"},"wordCount":439,"commentCount":0,"publisher":{"@id":"https:\/\/elglobal.do\/#organization"},"image":{"@id":"https:\/\/elglobal.do\/index.php\/2026\/01\/07\/nasa-prepara-primer-paseo-espacial-del-ano-para-optimizar-suministro-de-energia\/#primaryimage"},"thumbnailUrl":"https:\/\/elglobal.do\/wp-content\/uploads\/2026\/01\/image-43.png","keywords":["#EE.UU.","#NASA","#Optimizar","#PaseoEspacial","#PrimerPaseo","#SuministroEnergia"],"articleSection":["NOTICIAS RELEVANTES","TEGNOLOG\u00cdA"],"inLanguage":"es","potentialAction":[{"@type":"CommentAction","name":"Comment","target":["https:\/\/elglobal.do\/index.php\/2026\/01\/07\/nasa-prepara-primer-paseo-espacial-del-ano-para-optimizar-suministro-de-energia\/#respond"]}]},{"@type":"WebPage","@id":"https:\/\/elglobal.do\/index.php\/2026\/01\/07\/nasa-prepara-primer-paseo-espacial-del-ano-para-optimizar-suministro-de-energia\/","url":"https:\/\/elglobal.do\/index.php\/2026\/01\/07\/nasa-prepara-primer-paseo-espacial-del-ano-para-optimizar-suministro-de-energia\/","name":"NASA prepara primer paseo espacial del a\u00f1o para optimizar suministro de energ\u00eda - EL GLOBAL INFORMATIVO","isPartOf":{"@id":"https:\/\/elglobal.do\/#website"},"primaryImageOfPage":{"@id":"https:\/\/elglobal.do\/index.php\/2026\/01\/07\/nasa-prepara-primer-paseo-espacial-del-ano-para-optimizar-suministro-de-energia\/#primaryimage"},"image":{"@id":"https:\/\/elglobal.do\/index.php\/2026\/01\/07\/nasa-prepara-primer-paseo-espacial-del-ano-para-optimizar-suministro-de-energia\/#primaryimage"},"thumbnailUrl":"https:\/\/elglobal.do\/wp-content\/uploads\/2026\/01\/image-43.png","datePublished":"2026-01-07T13:24:02+00:00","dateModified":"2026-01-07T13:24:05+00:00","breadcrumb":{"@id":"https:\/\/elglobal.do\/index.php\/2026\/01\/07\/nasa-prepara-primer-paseo-espacial-del-ano-para-optimizar-suministro-de-energia\/#breadcrumb"},"inLanguage":"es","potentialAction":[{"@type":"ReadAction","target":["https:\/\/elglobal.do\/index.php\/2026\/01\/07\/nasa-prepara-primer-paseo-espacial-del-ano-para-optimizar-suministro-de-energia\/"]}]},{"@type":"ImageObject","inLanguage":"es","@id":"https:\/\/elglobal.do\/index.php\/2026\/01\/07\/nasa-prepara-primer-paseo-espacial-del-ano-para-optimizar-suministro-de-energia\/#primaryimage","url":"https:\/\/elglobal.do\/wp-content\/uploads\/2026\/01\/image-43.png","contentUrl":"https:\/\/elglobal.do\/wp-content\/uploads\/2026\/01\/image-43.png","width":800,"height":500},{"@type":"BreadcrumbList","@id":"https:\/\/elglobal.do\/index.php\/2026\/01\/07\/nasa-prepara-primer-paseo-espacial-del-ano-para-optimizar-suministro-de-energia\/#breadcrumb","itemListElement":[{"@type":"ListItem","position":1,"name":"Portada","item":"https:\/\/elglobal.do\/"},{"@type":"ListItem","position":2,"name":"NASA prepara primer paseo espacial del a\u00f1o para optimizar suministro de energ\u00eda"}]},{"@type":"WebSite","@id":"https:\/\/elglobal.do\/#website","url":"https:\/\/elglobal.do\/","name":"EL GLOBAL INFORMATIVO","description":"Peri\u00f3dico digital de la Rep\u00fablica Dominicana que ofrece noticias, novedades, pol\u00edtica y las \u00faltimas actualidades, con informaci\u00f3n veraz y oportuna para mantenerte siempre informad","publisher":{"@id":"https:\/\/elglobal.do\/#organization"},"potentialAction":[{"@type":"SearchAction","target":{"@type":"EntryPoint","urlTemplate":"https:\/\/elglobal.do\/?s={search_term_string}"},"query-input":{"@type":"PropertyValueSpecification","valueRequired":true,"valueName":"search_term_string"}}],"inLanguage":"es"},{"@type":"Organization","@id":"https:\/\/elglobal.do\/#organization","name":"EL GLOBAL.DO INFORMATIVO","url":"https:\/\/elglobal.do\/","logo":{"@type":"ImageObject","inLanguage":"es","@id":"https:\/\/elglobal.do\/#\/schema\/logo\/image\/","url":"https:\/\/elglobal.do\/wp-content\/uploads\/2025\/08\/icon.png","contentUrl":"https:\/\/elglobal.do\/wp-content\/uploads\/2025\/08\/icon.png","width":512,"height":512,"caption":"EL GLOBAL.DO INFORMATIVO"},"image":{"@id":"https:\/\/elglobal.do\/#\/schema\/logo\/image\/"}},{"@type":"Person","@id":"https:\/\/elglobal.do\/#\/schema\/person\/0c97ec2c7714fb605d230c292f64d55f","name":"EL GLOBAL","image":{"@type":"ImageObject","inLanguage":"es","@id":"https:\/\/elglobal.do\/#\/schema\/person\/image\/","url":"https:\/\/secure.gravatar.com\/avatar\/081cfb6cf99faddc6f4e23a0c11ab98c5cf302925382d1c88dc3ed757ab910a3?s=96&d=mm&r=g","contentUrl":"https:\/\/secure.gravatar.com\/avatar\/081cfb6cf99faddc6f4e23a0c11ab98c5cf302925382d1c88dc3ed757ab910a3?s=96&d=mm&r=g","caption":"EL GLOBAL"},"description":"El Global Informativo es un peri\u00f3dico digital de Rep\u00fablica Dominicana que se dedica a cubrir temas importantes, como la pol\u00edtica local, geopol\u00edtica, econom\u00eda, tecnolog\u00eda, noticias internacionales y eventos relacionados con la gesti\u00f3n social, cultural y humana. Su objetivo principal es mantener a la poblaci\u00f3n informada, ofreciendo una visi\u00f3n amplia y actualizada de lo que sucede tanto en el pa\u00eds como en el mundo. Est\u00e1 dirigido por un grupo de periodistas experimentados, lo que garantiza la calidad y la precisi\u00f3n de la informaci\u00f3n que ofrecen. Tiene su sede en la ciudad de Santo Domingo y es parte integral del portafolio de la empresa, MC Global S.R.L.","sameAs":["https:\/\/elglobal.do","https:\/\/www.instagram.com\/elglobal.do_informativo\/"],"url":"https:\/\/elglobal.do\/index.php\/author\/elglobaluserpro\/"}]}},"jetpack_featured_media_url":"https:\/\/elglobal.do\/wp-content\/uploads\/2026\/01\/image-43.png","jetpack_sharing_enabled":true,"_links":{"self":[{"href":"https:\/\/elglobal.do\/index.php\/wp-json\/wp\/v2\/posts\/5089","targetHints":{"allow":["GET"]}}],"collection":[{"href":"https:\/\/elglobal.do\/index.php\/wp-json\/wp\/v2\/posts"}],"about":[{"href":"https:\/\/elglobal.do\/index.php\/wp-json\/wp\/v2\/types\/post"}],"author":[{"embeddable":true,"href":"https:\/\/elglobal.do\/index.php\/wp-json\/wp\/v2\/users\/1"}],"replies":[{"embeddable":true,"href":"https:\/\/elglobal.do\/index.php\/wp-json\/wp\/v2\/comments?post=5089"}],"version-history":[{"count":1,"href":"https:\/\/elglobal.do\/index.php\/wp-json\/wp\/v2\/posts\/5089\/revisions"}],"predecessor-version":[{"id":5091,"href":"https:\/\/elglobal.do\/index.php\/wp-json\/wp\/v2\/posts\/5089\/revisions\/5091"}],"wp:featuredmedia":[{"embeddable":true,"href":"https:\/\/elglobal.do\/index.php\/wp-json\/wp\/v2\/media\/5090"}],"wp:attachment":[{"href":"https:\/\/elglobal.do\/index.php\/wp-json\/wp\/v2\/media?parent=5089"}],"wp:term":[{"taxonomy":"category","embeddable":true,"href":"https:\/\/elglobal.do\/index.php\/wp-json\/wp\/v2\/categories?post=5089"},{"taxonomy":"post_tag","embeddable":true,"href":"https:\/\/elglobal.do\/index.php\/wp-json\/wp\/v2\/tags?post=5089"}],"curies":[{"name":"wp","href":"https:\/\/api.w.org\/{rel}","templated":true}]}}