{"id":515,"date":"2025-08-04T17:14:18","date_gmt":"2025-08-04T21:14:18","guid":{"rendered":"https:\/\/elglobal.do\/?p=515"},"modified":"2025-08-12T05:24:42","modified_gmt":"2025-08-12T09:24:42","slug":"rusia-se-abre-a-una-reunion-entre-putin-y-zelenski-en-medio-de-la-presion-de-trump-para-sellar-una-tregua","status":"publish","type":"post","link":"https:\/\/elglobal.do\/index.php\/2025\/08\/04\/rusia-se-abre-a-una-reunion-entre-putin-y-zelenski-en-medio-de-la-presion-de-trump-para-sellar-una-tregua\/","title":{"rendered":"Rusia se abre a una reuni\u00f3n entre Putin y Zelenski en medio de la presi\u00f3n de Trump para sellar una tregua"},"content":{"rendered":"\n<p>El portavoz del Kremlin, hasta ahora reacio a la posibilidad de un encuentro, pone como condici\u00f3n que expertos de los dos pa\u00edses se citen previamente<\/p>\n\n\n\n<p>Dmitri Peskov, portavoz del Kremlin, ha asegurado este lunes que es posible una reuni\u00f3n entre su presidente, Vlad\u00edmir Putin, y el l\u00edder ucranio, Volod\u00edmir Zelenski. La \u00fanica condici\u00f3n, seg\u00fan Peskov, es que expertos de ambos presidentes se re\u00fanan previamente para preparar la cumbre. El tono ha cambiado en Mosc\u00fa, que&nbsp;<a href=\"https:\/\/elpais.com\/internacional\/2025-05-12\/putin-elude-el-cara-a-cara-propuesto-por-zelenski.html\">hasta ahora hab\u00eda descartado la cita entre ambos mandatarios<\/a>, alegando que ser\u00eda posible si aporta resultados: es decir, si la reuni\u00f3n sirve para confirmar que Rusia ha conseguido los objetivos de su invasi\u00f3n.<\/p>\n\n\n\n<p>El cambio de rasante del Kremlin coincide con la creciente presi\u00f3n desde Estados Unidos sobre Rusia. El presidente estadounidense, Donald Trump, ha pasado de ser conciliador con Putin a mostrarse convencido de que el aut\u00f3crata ruso no tiene intenci\u00f3n de negociar paz alguna. Trump ha aceptado por primera vez este julio que armamento estadounidense sea transferido a Ucrania, a cambio de que sea previamente adquirido por los aliados europeos. Adem\u00e1s,&nbsp;<a href=\"https:\/\/elpais.com\/internacional\/2025-07-28\/trump-da-a-putin-10-o-12-dias-para-resolver-la-guerra-en-ucrania-o-afrontar-sanciones-en-forma-de-aranceles.html\">ha impuesto un ultim\u00e1tum que finaliza el viernes 8 de agosto:<\/a>&nbsp;si antes de esta fecha Mosc\u00fa no demuestra que acepta una tregua en el conflicto y negociar la paz, aplicar\u00e1 un paquete de sanciones econ\u00f3micas sobre Rusia y sobre los pa\u00edses que compran sus recursos energ\u00e9ticos.<\/p>\n\n\n\n<p>El principal pa\u00eds amenazado por estas sanciones secundarias es la India, el segundo mayor importador de petr\u00f3leo ruso tras China. La Casa Blanca ha puesto en la diana a Nueva Delhi, pero de momento evita el choque con Pek\u00edn, que ya ha advertido de que no piensa dejar de adquirir petr\u00f3leo y gas ruso.<\/p>\n\n\n\n<p>Tanto Trump como&nbsp;<a href=\"https:\/\/elpais.com\/internacional\/2025-07-20\/zelenski-propone-a-rusia-reanudar-esta-semana-las-negociaciones-de-paz.html\">Zelenski han insistido desde mayo en reclamar a Putin que acepte la posibilidad de esta cumbre<\/a>. El mandatario ucranio repiti\u00f3 el viernes esta demanda y consider\u00f3 que su posible encuentro con Putin estar\u00eda previamente coordinado por su parte con EE UU y las potencias europeas.<\/p>\n\n\n\n<h3 class=\"wp-block-heading\">Mediaci\u00f3n turca<\/h3>\n\n\n\n<p>Tambi\u00e9n el presidente turco, Recep Tayyip Erdogan, ha reiterado sus esfuerzos para que la reuni\u00f3n entre ambos enemigos se pueda llevar a cabo en Turqu\u00eda. Es en Estambul donde las delegaciones rusas y ucranias se han reunido en tres ocasiones desde el pasado mayo, con escasos resultados,&nbsp;<a href=\"https:\/\/elpais.com\/internacional\/2025-07-23\/rusia-y-ucrania-acuerdan-otro-intercambio-de-prisioneros-tras-una-hora-de-negociaciones-en-estambul.html\">salvo el intercambio de miles de prisioneros de guerra y de combatientes fallecidos<\/a>.<\/p>\n\n\n\n<p>Hakan Fidan, ministro de Exteriores turco, afirm\u00f3 el 26 de julio en la televisi\u00f3n&nbsp;<em>NTV<\/em>&nbsp;que su Gobierno ha percibido se\u00f1ales desde Rusia de que una reuni\u00f3n entre Putin y Zelenski es posible. El Ministerio de Exteriores de Ucrania tambi\u00e9n afirm\u00f3 tras el \u00faltimo encuentro en Estambul, el 23 de julio, que hab\u00edan detectado una actitud m\u00e1s favorable por parte de la delegaci\u00f3n rusa.<\/p>\n\n\n\n<p>Las exigencias draconianas de Mosc\u00fa han imposibilitado que haya pasos hacia la paz. El Kremlin ha reclamado que cualquier cese de las hostilidades debe pasar antes por el fin de la entrega de armamento occidental a Ucrania, que este pa\u00eds renuncie a la OTAN y que el ej\u00e9rcito ucranio se retire de cuatro provincias que Rusia considera suyas.<\/p>\n\n\n\n<p>Rusia inici\u00f3 a finales de mayo una ofensiva para los meses de verano en la que est\u00e1 avanzando en el frente al ritmo m\u00e1s elevado en lo que va de a\u00f1o. Acaba de tomar pr\u00e1cticamente por completo el control del municipio estrat\u00e9gico de Chasiv Yar, en la provincia de Donetsk, tras m\u00e1s de un a\u00f1o de asedio, y est\u00e1 incrementando la presi\u00f3n sobre la vecina Kostiantinivka. Y, sobre todo, est\u00e1 forzando la m\u00e1quina para capturar la ciudad de Pokrovsk para reforzar su expansi\u00f3n en Donetsk y acercarse a la provincia de Dnipr\u00f3.<\/p>\n\n\n\n<p>Ucrania, por su parte, est\u00e1 intensificando sus ataques en territorio ruso con drones de largo alcance. El domingo destruy\u00f3 parcialmente una planta de combustible en Sochi y esta pasada madrugada ha atacado una estaci\u00f3n de tren en la provincia de Volgogrado. Es el quinto ataque ucranio en las \u00faltimas cuatro semanas contra la red log\u00edstica ferroviaria rusa que suministra armamento a la invasi\u00f3n. Ucrania defiende que Rusia debe sentir que es vulnerable en su territorio para que el Kremlin acepte negociar.<\/p>\n\n\n\n<p>\u201cEl trabajo preparatorio para una reuni\u00f3n como esta no se ha realizado todav\u00eda\u201d, ha indicado brevemente Peskov en una comparecencia p\u00fablica. \u201cQuiero subrayar que el presidente Putin no descarta que este encuentro sea posible despu\u00e9s de que se realice el trabajo preparatorio a nivel de expertos\u201d.<\/p>\n\n\n\n<p>Esta posici\u00f3n puede ser tambi\u00e9n una nueva maniobra para ganar tiempo y satisfacer los o\u00eddos de Trump, sobre todo en un momento de tensi\u00f3n en aumento. El presidente de EE UU confirm\u00f3 el domingo que<a href=\"https:\/\/elpais.com\/internacional\/2025-08-01\/trump-envia-dos-submarinos-nucleares-a-zonas-cercanas-a-rusia.html\">&nbsp;dos de sus submarinos nucleares se han desplazado a aguas pr\u00f3ximas a Rusia<\/a>. Esta orden de Trump es una reacci\u00f3n a un mensaje amenazante en la red social X del expresidente Dmitri Medv\u00e9dev, miembro del Consejo de Seguridad Nacional ruso.<\/p>\n\n\n\n<p>\u201cLas declaraciones de Peskov parecen un intento de volver a retrasar las cosas, de nuevo sin aportar concreci\u00f3n\u201d, ha comunicado en sus redes sociales Andrii Yermak, mano derecha de Zelenski. \u201cSi el problema es solo de preparativos [la posible reuni\u00f3n], esto no nos incumbe, porque nosotros ya estamos listos\u201d, ha escrito Yermak.<\/p>\n\n\n\n<p>\u201cEstados Unidos contin\u00faa su mediaci\u00f3n para llegar a un acuerdo sobre Ucrania\u201d, ha a\u00f1adido Peskov, \u201cson esfuerzos muy importantes en el contexto de las negociaciones directas entre Kiev y Mosc\u00fa\u201d. Estas palabras coinciden con la visita a la capital rusa&nbsp;<a href=\"https:\/\/elpais.com\/internacional\/2025-08-04\/trump-anuncia-un-viaje-de-su-enviado-a-moscu-esta-semana-para-convencer-a-putin-de-aceptar-un-alto-el-fuego-en-ucrania.html\">en los pr\u00f3ximos d\u00edas del enviado especial de Trump, Steve Witkoff<\/a>. El emisario de Trump para Ucrania, Keith Kellogg, tambi\u00e9n viajar\u00e1 a Kiev en las mismas fechas, antes del viernes, de que expire el plazo de tiempo que ha puesto el l\u00edder estadounidense para ordenar las sanciones sobre Rusia.<\/p>\n\n\n\n<p>Fuente: <a href=\"https:\/\/elpais.com\/internacional\/2025-08-04\/rusia-se-abre-a-una-reunion-entre-putin-y-zelenski-en-medio-de-la-presion-de-trump-para-sellar-una-tregua.html\">https:\/\/elpais.com\/internacional\/2025-08-04\/rusia-se-abre-a-una-reunion-entre-putin-y-zelenski-en-medio-de-la-presion-de-trump-para-sellar-una-tregua.html<\/a><\/p>\n","protected":false},"excerpt":{"rendered":"<p>El portavoz del Kremlin, hasta ahora reacio a la posibilidad de un encuentro, pone como condici\u00f3n que expertos de los dos pa\u00edses se citen previamente Dmitri Peskov, portavoz del Kremlin,&hellip; <\/p>\n","protected":false},"author":1,"featured_media":516,"comment_status":"open","ping_status":"open","sticky":false,"template":"","format":"standard","meta":{"_jetpack_memberships_contains_paid_content":false,"footnotes":""},"categories":[17,1],"tags":[],"class_list":["post-515","post","type-post","status-publish","format-standard","has-post-thumbnail","hentry","category-europa","category-categoria-internacionales"],"yoast_head":"<!-- This site is optimized with the Yoast SEO plugin v26.9 - https:\/\/yoast.com\/product\/yoast-seo-wordpress\/ -->\n<title>Rusia se abre a una reuni\u00f3n entre Putin y Zelenski en medio de la presi\u00f3n de Trump para sellar una tregua - EL GLOBAL INFORMATIVO<\/title>\n<meta name=\"robots\" content=\"index, follow, max-snippet:-1, max-image-preview:large, max-video-preview:-1\" \/>\n<link rel=\"canonical\" href=\"https:\/\/elglobal.do\/index.php\/2025\/08\/04\/rusia-se-abre-a-una-reunion-entre-putin-y-zelenski-en-medio-de-la-presion-de-trump-para-sellar-una-tregua\/\" \/>\n<meta property=\"og:locale\" content=\"es_ES\" \/>\n<meta property=\"og:type\" content=\"article\" \/>\n<meta property=\"og:title\" content=\"Rusia se abre a una reuni\u00f3n entre Putin y Zelenski en medio de la presi\u00f3n de Trump para sellar una tregua - EL GLOBAL INFORMATIVO\" \/>\n<meta property=\"og:description\" content=\"El portavoz del Kremlin, hasta ahora reacio a la posibilidad de un encuentro, pone como condici\u00f3n que expertos de los dos pa\u00edses se citen previamente Dmitri Peskov, portavoz del Kremlin,&hellip;\" \/>\n<meta property=\"og:url\" content=\"https:\/\/elglobal.do\/index.php\/2025\/08\/04\/rusia-se-abre-a-una-reunion-entre-putin-y-zelenski-en-medio-de-la-presion-de-trump-para-sellar-una-tregua\/\" \/>\n<meta property=\"og:site_name\" content=\"EL GLOBAL INFORMATIVO\" \/>\n<meta property=\"article:published_time\" content=\"2025-08-04T21:14:18+00:00\" \/>\n<meta property=\"article:modified_time\" content=\"2025-08-12T09:24:42+00:00\" \/>\n<meta property=\"og:image\" content=\"https:\/\/elglobal.do\/wp-content\/uploads\/2025\/08\/putin-6.jpg\" \/>\n\t<meta property=\"og:image:width\" content=\"1280\" \/>\n\t<meta property=\"og:image:height\" content=\"720\" \/>\n\t<meta property=\"og:image:type\" content=\"image\/jpeg\" \/>\n<meta name=\"author\" content=\"EL GLOBAL\" \/>\n<meta name=\"twitter:card\" content=\"summary_large_image\" \/>\n<meta name=\"twitter:label1\" content=\"Escrito por\" \/>\n\t<meta name=\"twitter:data1\" content=\"EL GLOBAL\" \/>\n\t<meta name=\"twitter:label2\" content=\"Tiempo de lectura\" \/>\n\t<meta name=\"twitter:data2\" content=\"5 minutos\" \/>\n<script type=\"application\/ld+json\" class=\"yoast-schema-graph\">{\"@context\":\"https:\/\/schema.org\",\"@graph\":[{\"@type\":\"Article\",\"@id\":\"https:\/\/elglobal.do\/index.php\/2025\/08\/04\/rusia-se-abre-a-una-reunion-entre-putin-y-zelenski-en-medio-de-la-presion-de-trump-para-sellar-una-tregua\/#article\",\"isPartOf\":{\"@id\":\"https:\/\/elglobal.do\/index.php\/2025\/08\/04\/rusia-se-abre-a-una-reunion-entre-putin-y-zelenski-en-medio-de-la-presion-de-trump-para-sellar-una-tregua\/\"},\"author\":{\"name\":\"EL GLOBAL\",\"@id\":\"https:\/\/elglobal.do\/#\/schema\/person\/0c97ec2c7714fb605d230c292f64d55f\"},\"headline\":\"Rusia se abre a una reuni\u00f3n entre Putin y Zelenski en medio de la presi\u00f3n de Trump para sellar una tregua\",\"datePublished\":\"2025-08-04T21:14:18+00:00\",\"dateModified\":\"2025-08-12T09:24:42+00:00\",\"mainEntityOfPage\":{\"@id\":\"https:\/\/elglobal.do\/index.php\/2025\/08\/04\/rusia-se-abre-a-una-reunion-entre-putin-y-zelenski-en-medio-de-la-presion-de-trump-para-sellar-una-tregua\/\"},\"wordCount\":1055,\"commentCount\":0,\"publisher\":{\"@id\":\"https:\/\/elglobal.do\/#organization\"},\"image\":{\"@id\":\"https:\/\/elglobal.do\/index.php\/2025\/08\/04\/rusia-se-abre-a-una-reunion-entre-putin-y-zelenski-en-medio-de-la-presion-de-trump-para-sellar-una-tregua\/#primaryimage\"},\"thumbnailUrl\":\"https:\/\/elglobal.do\/wp-content\/uploads\/2025\/08\/putin-6.jpg\",\"articleSection\":[\"EUROPA\",\"INTERNACIONALES\"],\"inLanguage\":\"es\",\"potentialAction\":[{\"@type\":\"CommentAction\",\"name\":\"Comment\",\"target\":[\"https:\/\/elglobal.do\/index.php\/2025\/08\/04\/rusia-se-abre-a-una-reunion-entre-putin-y-zelenski-en-medio-de-la-presion-de-trump-para-sellar-una-tregua\/#respond\"]}]},{\"@type\":\"WebPage\",\"@id\":\"https:\/\/elglobal.do\/index.php\/2025\/08\/04\/rusia-se-abre-a-una-reunion-entre-putin-y-zelenski-en-medio-de-la-presion-de-trump-para-sellar-una-tregua\/\",\"url\":\"https:\/\/elglobal.do\/index.php\/2025\/08\/04\/rusia-se-abre-a-una-reunion-entre-putin-y-zelenski-en-medio-de-la-presion-de-trump-para-sellar-una-tregua\/\",\"name\":\"Rusia se abre a una reuni\u00f3n entre Putin y Zelenski en medio de la presi\u00f3n de Trump para sellar una tregua - EL GLOBAL INFORMATIVO\",\"isPartOf\":{\"@id\":\"https:\/\/elglobal.do\/#website\"},\"primaryImageOfPage\":{\"@id\":\"https:\/\/elglobal.do\/index.php\/2025\/08\/04\/rusia-se-abre-a-una-reunion-entre-putin-y-zelenski-en-medio-de-la-presion-de-trump-para-sellar-una-tregua\/#primaryimage\"},\"image\":{\"@id\":\"https:\/\/elglobal.do\/index.php\/2025\/08\/04\/rusia-se-abre-a-una-reunion-entre-putin-y-zelenski-en-medio-de-la-presion-de-trump-para-sellar-una-tregua\/#primaryimage\"},\"thumbnailUrl\":\"https:\/\/elglobal.do\/wp-content\/uploads\/2025\/08\/putin-6.jpg\",\"datePublished\":\"2025-08-04T21:14:18+00:00\",\"dateModified\":\"2025-08-12T09:24:42+00:00\",\"breadcrumb\":{\"@id\":\"https:\/\/elglobal.do\/index.php\/2025\/08\/04\/rusia-se-abre-a-una-reunion-entre-putin-y-zelenski-en-medio-de-la-presion-de-trump-para-sellar-una-tregua\/#breadcrumb\"},\"inLanguage\":\"es\",\"potentialAction\":[{\"@type\":\"ReadAction\",\"target\":[\"https:\/\/elglobal.do\/index.php\/2025\/08\/04\/rusia-se-abre-a-una-reunion-entre-putin-y-zelenski-en-medio-de-la-presion-de-trump-para-sellar-una-tregua\/\"]}]},{\"@type\":\"ImageObject\",\"inLanguage\":\"es\",\"@id\":\"https:\/\/elglobal.do\/index.php\/2025\/08\/04\/rusia-se-abre-a-una-reunion-entre-putin-y-zelenski-en-medio-de-la-presion-de-trump-para-sellar-una-tregua\/#primaryimage\",\"url\":\"https:\/\/elglobal.do\/wp-content\/uploads\/2025\/08\/putin-6.jpg\",\"contentUrl\":\"https:\/\/elglobal.do\/wp-content\/uploads\/2025\/08\/putin-6.jpg\",\"width\":1280,\"height\":720},{\"@type\":\"BreadcrumbList\",\"@id\":\"https:\/\/elglobal.do\/index.php\/2025\/08\/04\/rusia-se-abre-a-una-reunion-entre-putin-y-zelenski-en-medio-de-la-presion-de-trump-para-sellar-una-tregua\/#breadcrumb\",\"itemListElement\":[{\"@type\":\"ListItem\",\"position\":1,\"name\":\"Portada\",\"item\":\"https:\/\/elglobal.do\/\"},{\"@type\":\"ListItem\",\"position\":2,\"name\":\"Rusia se abre a una reuni\u00f3n entre Putin y Zelenski en medio de la presi\u00f3n de Trump para sellar una tregua\"}]},{\"@type\":\"WebSite\",\"@id\":\"https:\/\/elglobal.do\/#website\",\"url\":\"https:\/\/elglobal.do\/\",\"name\":\"EL GLOBAL INFORMATIVO\",\"description\":\"Peri\u00f3dico digital de la Rep\u00fablica Dominicana que ofrece noticias, novedades, pol\u00edtica y las \u00faltimas actualidades, con informaci\u00f3n veraz y oportuna para mantenerte siempre informad\",\"publisher\":{\"@id\":\"https:\/\/elglobal.do\/#organization\"},\"potentialAction\":[{\"@type\":\"SearchAction\",\"target\":{\"@type\":\"EntryPoint\",\"urlTemplate\":\"https:\/\/elglobal.do\/?s={search_term_string}\"},\"query-input\":{\"@type\":\"PropertyValueSpecification\",\"valueRequired\":true,\"valueName\":\"search_term_string\"}}],\"inLanguage\":\"es\"},{\"@type\":\"Organization\",\"@id\":\"https:\/\/elglobal.do\/#organization\",\"name\":\"EL GLOBAL.DO INFORMATIVO\",\"url\":\"https:\/\/elglobal.do\/\",\"logo\":{\"@type\":\"ImageObject\",\"inLanguage\":\"es\",\"@id\":\"https:\/\/elglobal.do\/#\/schema\/logo\/image\/\",\"url\":\"https:\/\/elglobal.do\/wp-content\/uploads\/2025\/08\/icon.png\",\"contentUrl\":\"https:\/\/elglobal.do\/wp-content\/uploads\/2025\/08\/icon.png\",\"width\":512,\"height\":512,\"caption\":\"EL GLOBAL.DO INFORMATIVO\"},\"image\":{\"@id\":\"https:\/\/elglobal.do\/#\/schema\/logo\/image\/\"}},{\"@type\":\"Person\",\"@id\":\"https:\/\/elglobal.do\/#\/schema\/person\/0c97ec2c7714fb605d230c292f64d55f\",\"name\":\"EL GLOBAL\",\"image\":{\"@type\":\"ImageObject\",\"inLanguage\":\"es\",\"@id\":\"https:\/\/elglobal.do\/#\/schema\/person\/image\/\",\"url\":\"https:\/\/secure.gravatar.com\/avatar\/081cfb6cf99faddc6f4e23a0c11ab98c5cf302925382d1c88dc3ed757ab910a3?s=96&d=mm&r=g\",\"contentUrl\":\"https:\/\/secure.gravatar.com\/avatar\/081cfb6cf99faddc6f4e23a0c11ab98c5cf302925382d1c88dc3ed757ab910a3?s=96&d=mm&r=g\",\"caption\":\"EL GLOBAL\"},\"description\":\"El Global Informativo es un peri\u00f3dico digital de Rep\u00fablica Dominicana que se dedica a cubrir temas importantes, como la pol\u00edtica local, geopol\u00edtica, econom\u00eda, tecnolog\u00eda, noticias internacionales y eventos relacionados con la gesti\u00f3n social, cultural y humana. Su objetivo principal es mantener a la poblaci\u00f3n informada, ofreciendo una visi\u00f3n amplia y actualizada de lo que sucede tanto en el pa\u00eds como en el mundo. Est\u00e1 dirigido por un grupo de periodistas experimentados, lo que garantiza la calidad y la precisi\u00f3n de la informaci\u00f3n que ofrecen. Tiene su sede en la ciudad de Santo Domingo y es parte integral del portafolio de la empresa, MC Global S.R.L.\",\"sameAs\":[\"https:\/\/elglobal.do\",\"https:\/\/www.instagram.com\/elglobal.do_informativo\/\"],\"url\":\"https:\/\/elglobal.do\/index.php\/author\/elglobaluserpro\/\"}]}<\/script>\n<!-- \/ Yoast SEO plugin. -->","yoast_head_json":{"title":"Rusia se abre a una reuni\u00f3n entre Putin y Zelenski en medio de la presi\u00f3n de Trump para sellar una tregua - EL GLOBAL INFORMATIVO","robots":{"index":"index","follow":"follow","max-snippet":"max-snippet:-1","max-image-preview":"max-image-preview:large","max-video-preview":"max-video-preview:-1"},"canonical":"https:\/\/elglobal.do\/index.php\/2025\/08\/04\/rusia-se-abre-a-una-reunion-entre-putin-y-zelenski-en-medio-de-la-presion-de-trump-para-sellar-una-tregua\/","og_locale":"es_ES","og_type":"article","og_title":"Rusia se abre a una reuni\u00f3n entre Putin y Zelenski en medio de la presi\u00f3n de Trump para sellar una tregua - EL GLOBAL INFORMATIVO","og_description":"El portavoz del Kremlin, hasta ahora reacio a la posibilidad de un encuentro, pone como condici\u00f3n que expertos de los dos pa\u00edses se citen previamente Dmitri Peskov, portavoz del Kremlin,&hellip;","og_url":"https:\/\/elglobal.do\/index.php\/2025\/08\/04\/rusia-se-abre-a-una-reunion-entre-putin-y-zelenski-en-medio-de-la-presion-de-trump-para-sellar-una-tregua\/","og_site_name":"EL GLOBAL INFORMATIVO","article_published_time":"2025-08-04T21:14:18+00:00","article_modified_time":"2025-08-12T09:24:42+00:00","og_image":[{"width":1280,"height":720,"url":"https:\/\/elglobal.do\/wp-content\/uploads\/2025\/08\/putin-6.jpg","type":"image\/jpeg"}],"author":"EL GLOBAL","twitter_card":"summary_large_image","twitter_misc":{"Escrito por":"EL GLOBAL","Tiempo de lectura":"5 minutos"},"schema":{"@context":"https:\/\/schema.org","@graph":[{"@type":"Article","@id":"https:\/\/elglobal.do\/index.php\/2025\/08\/04\/rusia-se-abre-a-una-reunion-entre-putin-y-zelenski-en-medio-de-la-presion-de-trump-para-sellar-una-tregua\/#article","isPartOf":{"@id":"https:\/\/elglobal.do\/index.php\/2025\/08\/04\/rusia-se-abre-a-una-reunion-entre-putin-y-zelenski-en-medio-de-la-presion-de-trump-para-sellar-una-tregua\/"},"author":{"name":"EL GLOBAL","@id":"https:\/\/elglobal.do\/#\/schema\/person\/0c97ec2c7714fb605d230c292f64d55f"},"headline":"Rusia se abre a una reuni\u00f3n entre Putin y Zelenski en medio de la presi\u00f3n de Trump para sellar una tregua","datePublished":"2025-08-04T21:14:18+00:00","dateModified":"2025-08-12T09:24:42+00:00","mainEntityOfPage":{"@id":"https:\/\/elglobal.do\/index.php\/2025\/08\/04\/rusia-se-abre-a-una-reunion-entre-putin-y-zelenski-en-medio-de-la-presion-de-trump-para-sellar-una-tregua\/"},"wordCount":1055,"commentCount":0,"publisher":{"@id":"https:\/\/elglobal.do\/#organization"},"image":{"@id":"https:\/\/elglobal.do\/index.php\/2025\/08\/04\/rusia-se-abre-a-una-reunion-entre-putin-y-zelenski-en-medio-de-la-presion-de-trump-para-sellar-una-tregua\/#primaryimage"},"thumbnailUrl":"https:\/\/elglobal.do\/wp-content\/uploads\/2025\/08\/putin-6.jpg","articleSection":["EUROPA","INTERNACIONALES"],"inLanguage":"es","potentialAction":[{"@type":"CommentAction","name":"Comment","target":["https:\/\/elglobal.do\/index.php\/2025\/08\/04\/rusia-se-abre-a-una-reunion-entre-putin-y-zelenski-en-medio-de-la-presion-de-trump-para-sellar-una-tregua\/#respond"]}]},{"@type":"WebPage","@id":"https:\/\/elglobal.do\/index.php\/2025\/08\/04\/rusia-se-abre-a-una-reunion-entre-putin-y-zelenski-en-medio-de-la-presion-de-trump-para-sellar-una-tregua\/","url":"https:\/\/elglobal.do\/index.php\/2025\/08\/04\/rusia-se-abre-a-una-reunion-entre-putin-y-zelenski-en-medio-de-la-presion-de-trump-para-sellar-una-tregua\/","name":"Rusia se abre a una reuni\u00f3n entre Putin y Zelenski en medio de la presi\u00f3n de Trump para sellar una tregua - EL GLOBAL INFORMATIVO","isPartOf":{"@id":"https:\/\/elglobal.do\/#website"},"primaryImageOfPage":{"@id":"https:\/\/elglobal.do\/index.php\/2025\/08\/04\/rusia-se-abre-a-una-reunion-entre-putin-y-zelenski-en-medio-de-la-presion-de-trump-para-sellar-una-tregua\/#primaryimage"},"image":{"@id":"https:\/\/elglobal.do\/index.php\/2025\/08\/04\/rusia-se-abre-a-una-reunion-entre-putin-y-zelenski-en-medio-de-la-presion-de-trump-para-sellar-una-tregua\/#primaryimage"},"thumbnailUrl":"https:\/\/elglobal.do\/wp-content\/uploads\/2025\/08\/putin-6.jpg","datePublished":"2025-08-04T21:14:18+00:00","dateModified":"2025-08-12T09:24:42+00:00","breadcrumb":{"@id":"https:\/\/elglobal.do\/index.php\/2025\/08\/04\/rusia-se-abre-a-una-reunion-entre-putin-y-zelenski-en-medio-de-la-presion-de-trump-para-sellar-una-tregua\/#breadcrumb"},"inLanguage":"es","potentialAction":[{"@type":"ReadAction","target":["https:\/\/elglobal.do\/index.php\/2025\/08\/04\/rusia-se-abre-a-una-reunion-entre-putin-y-zelenski-en-medio-de-la-presion-de-trump-para-sellar-una-tregua\/"]}]},{"@type":"ImageObject","inLanguage":"es","@id":"https:\/\/elglobal.do\/index.php\/2025\/08\/04\/rusia-se-abre-a-una-reunion-entre-putin-y-zelenski-en-medio-de-la-presion-de-trump-para-sellar-una-tregua\/#primaryimage","url":"https:\/\/elglobal.do\/wp-content\/uploads\/2025\/08\/putin-6.jpg","contentUrl":"https:\/\/elglobal.do\/wp-content\/uploads\/2025\/08\/putin-6.jpg","width":1280,"height":720},{"@type":"BreadcrumbList","@id":"https:\/\/elglobal.do\/index.php\/2025\/08\/04\/rusia-se-abre-a-una-reunion-entre-putin-y-zelenski-en-medio-de-la-presion-de-trump-para-sellar-una-tregua\/#breadcrumb","itemListElement":[{"@type":"ListItem","position":1,"name":"Portada","item":"https:\/\/elglobal.do\/"},{"@type":"ListItem","position":2,"name":"Rusia se abre a una reuni\u00f3n entre Putin y Zelenski en medio de la presi\u00f3n de Trump para sellar una tregua"}]},{"@type":"WebSite","@id":"https:\/\/elglobal.do\/#website","url":"https:\/\/elglobal.do\/","name":"EL GLOBAL INFORMATIVO","description":"Peri\u00f3dico digital de la Rep\u00fablica Dominicana que ofrece noticias, novedades, pol\u00edtica y las \u00faltimas actualidades, con informaci\u00f3n veraz y oportuna para mantenerte siempre informad","publisher":{"@id":"https:\/\/elglobal.do\/#organization"},"potentialAction":[{"@type":"SearchAction","target":{"@type":"EntryPoint","urlTemplate":"https:\/\/elglobal.do\/?s={search_term_string}"},"query-input":{"@type":"PropertyValueSpecification","valueRequired":true,"valueName":"search_term_string"}}],"inLanguage":"es"},{"@type":"Organization","@id":"https:\/\/elglobal.do\/#organization","name":"EL GLOBAL.DO INFORMATIVO","url":"https:\/\/elglobal.do\/","logo":{"@type":"ImageObject","inLanguage":"es","@id":"https:\/\/elglobal.do\/#\/schema\/logo\/image\/","url":"https:\/\/elglobal.do\/wp-content\/uploads\/2025\/08\/icon.png","contentUrl":"https:\/\/elglobal.do\/wp-content\/uploads\/2025\/08\/icon.png","width":512,"height":512,"caption":"EL GLOBAL.DO INFORMATIVO"},"image":{"@id":"https:\/\/elglobal.do\/#\/schema\/logo\/image\/"}},{"@type":"Person","@id":"https:\/\/elglobal.do\/#\/schema\/person\/0c97ec2c7714fb605d230c292f64d55f","name":"EL GLOBAL","image":{"@type":"ImageObject","inLanguage":"es","@id":"https:\/\/elglobal.do\/#\/schema\/person\/image\/","url":"https:\/\/secure.gravatar.com\/avatar\/081cfb6cf99faddc6f4e23a0c11ab98c5cf302925382d1c88dc3ed757ab910a3?s=96&d=mm&r=g","contentUrl":"https:\/\/secure.gravatar.com\/avatar\/081cfb6cf99faddc6f4e23a0c11ab98c5cf302925382d1c88dc3ed757ab910a3?s=96&d=mm&r=g","caption":"EL GLOBAL"},"description":"El Global Informativo es un peri\u00f3dico digital de Rep\u00fablica Dominicana que se dedica a cubrir temas importantes, como la pol\u00edtica local, geopol\u00edtica, econom\u00eda, tecnolog\u00eda, noticias internacionales y eventos relacionados con la gesti\u00f3n social, cultural y humana. Su objetivo principal es mantener a la poblaci\u00f3n informada, ofreciendo una visi\u00f3n amplia y actualizada de lo que sucede tanto en el pa\u00eds como en el mundo. Est\u00e1 dirigido por un grupo de periodistas experimentados, lo que garantiza la calidad y la precisi\u00f3n de la informaci\u00f3n que ofrecen. Tiene su sede en la ciudad de Santo Domingo y es parte integral del portafolio de la empresa, MC Global S.R.L.","sameAs":["https:\/\/elglobal.do","https:\/\/www.instagram.com\/elglobal.do_informativo\/"],"url":"https:\/\/elglobal.do\/index.php\/author\/elglobaluserpro\/"}]}},"jetpack_featured_media_url":"https:\/\/elglobal.do\/wp-content\/uploads\/2025\/08\/putin-6.jpg","jetpack_sharing_enabled":true,"_links":{"self":[{"href":"https:\/\/elglobal.do\/index.php\/wp-json\/wp\/v2\/posts\/515","targetHints":{"allow":["GET"]}}],"collection":[{"href":"https:\/\/elglobal.do\/index.php\/wp-json\/wp\/v2\/posts"}],"about":[{"href":"https:\/\/elglobal.do\/index.php\/wp-json\/wp\/v2\/types\/post"}],"author":[{"embeddable":true,"href":"https:\/\/elglobal.do\/index.php\/wp-json\/wp\/v2\/users\/1"}],"replies":[{"embeddable":true,"href":"https:\/\/elglobal.do\/index.php\/wp-json\/wp\/v2\/comments?post=515"}],"version-history":[{"count":1,"href":"https:\/\/elglobal.do\/index.php\/wp-json\/wp\/v2\/posts\/515\/revisions"}],"predecessor-version":[{"id":517,"href":"https:\/\/elglobal.do\/index.php\/wp-json\/wp\/v2\/posts\/515\/revisions\/517"}],"wp:featuredmedia":[{"embeddable":true,"href":"https:\/\/elglobal.do\/index.php\/wp-json\/wp\/v2\/media\/516"}],"wp:attachment":[{"href":"https:\/\/elglobal.do\/index.php\/wp-json\/wp\/v2\/media?parent=515"}],"wp:term":[{"taxonomy":"category","embeddable":true,"href":"https:\/\/elglobal.do\/index.php\/wp-json\/wp\/v2\/categories?post=515"},{"taxonomy":"post_tag","embeddable":true,"href":"https:\/\/elglobal.do\/index.php\/wp-json\/wp\/v2\/tags?post=515"}],"curies":[{"name":"wp","href":"https:\/\/api.w.org\/{rel}","templated":true}]}}