{"id":532,"date":"2025-08-05T11:43:22","date_gmt":"2025-08-05T15:43:22","guid":{"rendered":"https:\/\/elglobal.do\/?p=532"},"modified":"2025-08-12T05:23:36","modified_gmt":"2025-08-12T09:23:36","slug":"532","status":"publish","type":"post","link":"https:\/\/elglobal.do\/index.php\/2025\/08\/05\/532\/","title":{"rendered":"Charlie Mariotti anuncia aspiraciones a precandidatura presidencial del PLD, pide debate y revela jefe de campa\u00f1a"},"content":{"rendered":"\n<figure class=\"wp-block-image size-full\"><img loading=\"lazy\" decoding=\"async\" width=\"514\" height=\"685\" src=\"https:\/\/elglobal.do\/wp-content\/uploads\/2025\/08\/Mariotti.jpg\" alt=\"\" class=\"wp-image-533\" srcset=\"https:\/\/elglobal.do\/wp-content\/uploads\/2025\/08\/Mariotti.jpg 514w, https:\/\/elglobal.do\/wp-content\/uploads\/2025\/08\/Mariotti-225x300.jpg 225w\" sizes=\"auto, (max-width: 514px) 100vw, 514px\" \/><figcaption class=\"wp-element-caption\"><em>El aspirante a la precandidatura presidencial por el <strong>PLD<\/strong> dijo que, <strong>\u201c<\/strong>este es un proceso que no se detiene<strong>\u201c<\/strong><\/em><\/figcaption><\/figure>\n\n\n\n<p><strong>Santo Domingo. &#8211; <\/strong>El exsecretario general del&nbsp;<strong>Partido de la Liberaci\u00f3n Dominicana<\/strong>&nbsp;(<strong>PLD<\/strong>),&nbsp;<strong>Charlie Mariotti<\/strong>, anunci\u00f3 este martes que aspirar\u00e1 a la precandidatura presidencial del partido morado, considerando que su&nbsp;experiencia pol\u00edtica&nbsp;lo avala para dicha posici\u00f3n y que hizo su&nbsp;validaci\u00f3n&nbsp;el pasado&nbsp;domingo.   <\/p>\n\n\n\n<p>En ese sentido, el\u00a0<strong>exsenador<\/strong>\u00a0pidi\u00f3 al\u00a0<strong>presidente<\/strong>\u00a0del\u00a0<strong>Consejo de Desarrollo Econ\u00f3mico y Social Santo Domingo (CODESSD)<\/strong>,\u00a0<strong>Manuel Sena<\/strong>, que organice debates con todos los aspirantes a la candidatura a la presidencia del\u00a0<strong>PLD<\/strong>.<\/p>\n\n\n\n<p><strong>\u201cEstamos hablando del Partido de la Liberaci\u00f3n Dominicana, de nuestras aspiraciones. Ahora aprovecho, comenzando por ah\u00ed, para decir, que tan pronto se establezca el protocolo, las l\u00edneas que van a regir el comportamiento, las relaciones de las aspiraciones con las estructuras partidarias, ojal\u00e1, Samuel Sena que ha organizado debates\u2026 haga eso mismo con los que aspiramos en el Partido de la Liberaci\u00f3n Dominicana<strong>\u201c<\/strong><\/strong>, dijo Mariotti en El Sol de la Ma\u00f1ana. \u00a0<\/p>\n\n\n\n<p>El&nbsp;<strong>excongresista<\/strong>&nbsp;consider\u00f3 que, aunque las&nbsp;<strong>aspiraciones<\/strong>&nbsp;est\u00e1n fuera del plazo de&nbsp;<strong>Ley<\/strong>, eso no implica que no se pueda realizar un&nbsp;<strong>conversatorio<\/strong>. \u00abEso no pelea con la&nbsp;<strong>Ley de R\u00e9gimen Electoral<\/strong>&nbsp;y de&nbsp;<strong>Partidos, Agrupaciones y Movimiento Pol\u00edtico<\/strong>, al contrario, creo es interesante y es importante, porque en los momentos que vive la&nbsp;<strong>Rep\u00fablica Dominicana<\/strong>, con tantos desaf\u00edos, con una agenda complicada, dif\u00edcil que tenemos, yo creo todo aquel que aspire a la&nbsp;<strong>Presidencia de la Rep\u00fablica<\/strong>, desde temprano, el pa\u00eds debe saber lo que piensa de cada uno de los temas de la agenda priorizada de la&nbsp;<strong>Rep\u00fablica Dominicana<\/strong>\u00ab.<\/p>\n\n\n\n<p>El&nbsp;<strong>pol\u00edtico<\/strong>&nbsp;record\u00f3 que dentro de las condiciones que posee como&nbsp;<strong>pol\u00edtico<\/strong>&nbsp;es la&nbsp;<strong>empat\u00eda<\/strong>.<\/p>\n\n\n\n<p>Record\u00f3, adem\u00e1s, que el que aspira a esa posici\u00f3n, a excepci\u00f3n del compromiso con el pueblo, tiene un deber y un compromiso grande con su herencia.<\/p>\n\n\n\n<p>Expres\u00f3 que las aspiraciones siempre tendr\u00e1n un toque personal, sin embargo, resalt\u00f3 que lo importante es ver d\u00f3nde el hombre es capaz de separar el inter\u00e9s personal del colectivo.<\/p>\n\n\n\n<p>En ese sentido present\u00f3 una gran comitiva que le acompa\u00f1\u00f3 a su entrevista en El Sol de la Ma\u00f1ana, en donde en primicia anunci\u00f3 sus aspiraciones a la nominaci\u00f3n presidencial por el Partido de la Liberaci\u00f3n Dominicana, y revel\u00f3 que <strong>el exministro de Educaci\u00f3n Andr\u00e9s Navarro ser\u00e1 el jefe de campa\u00f1a de su candidatura.<\/strong><\/p>\n\n\n\n<p><strong>\u201cSi no se manda es Andr\u00e9s Navarro<strong><strong>\u201c<\/strong><\/strong><\/strong>, dijo Mariotti al ser preguntado por la panelista Mar\u00eda Elena N\u00fa\u00f1ez, quien coment\u00f3 que si la primicia inclu\u00eda anunciar quien era su jefe de campa\u00f1a.<\/p>\n\n\n\n<p>Acompa\u00f1aron a Charlie Mariotti algunos miembros de su familia, como Charlie Mariotti Jr., diputado por la circunscripci\u00f3n 1 del Distrito Nacional, la se\u00f1ora Margarita Paz de Mariotti, L\u00eda Mariotti Paz, Liliana Mariotti Paz, y Carlos Mariotti Paz, a quien el pol\u00edtico le agradeci\u00f3 por acompa\u00f1arlo al espacio.<\/p>\n\n\n\n<p>Ver entrevista: <a href=\"https:\/\/www.youtube.com\/watch?v=Xf_Pn2F8-5Q\">https:\/\/www.youtube.com\/watch?v=Xf_Pn2F8-5Q<\/a><\/p>\n","protected":false},"excerpt":{"rendered":"<p>Santo Domingo. &#8211; El exsecretario general del&nbsp;Partido de la Liberaci\u00f3n Dominicana&nbsp;(PLD),&nbsp;Charlie Mariotti, anunci\u00f3 este martes que aspirar\u00e1 a la precandidatura presidencial del partido morado, considerando que su&nbsp;experiencia pol\u00edtica&nbsp;lo avala para&hellip; <\/p>\n","protected":false},"author":1,"featured_media":533,"comment_status":"open","ping_status":"open","sticky":false,"template":"","format":"standard","meta":{"_jetpack_memberships_contains_paid_content":false,"footnotes":""},"categories":[40],"tags":[141,42,98,41,142,140],"class_list":["post-532","post","type-post","status-publish","format-standard","has-post-thumbnail","hentry","category-nacionales","tag-aspiraciones","tag-charliemariottitapia","tag-elglobalinformativo","tag-pld","tag-politicaglobal","tag-precandidatura"],"yoast_head":"<!-- This site is optimized with the Yoast SEO plugin v26.9 - https:\/\/yoast.com\/product\/yoast-seo-wordpress\/ -->\n<title>Charlie Mariotti anuncia aspiraciones a precandidatura presidencial del PLD, pide debate y revela jefe de campa\u00f1a - EL GLOBAL INFORMATIVO<\/title>\n<meta name=\"robots\" content=\"index, follow, max-snippet:-1, max-image-preview:large, max-video-preview:-1\" \/>\n<link rel=\"canonical\" href=\"https:\/\/elglobal.do\/index.php\/2025\/08\/05\/532\/\" \/>\n<meta property=\"og:locale\" content=\"es_ES\" \/>\n<meta property=\"og:type\" content=\"article\" \/>\n<meta property=\"og:title\" content=\"Charlie Mariotti anuncia aspiraciones a precandidatura presidencial del PLD, pide debate y revela jefe de campa\u00f1a - EL GLOBAL INFORMATIVO\" \/>\n<meta property=\"og:description\" content=\"Santo Domingo. &#8211; El exsecretario general del&nbsp;Partido de la Liberaci\u00f3n Dominicana&nbsp;(PLD),&nbsp;Charlie Mariotti, anunci\u00f3 este martes que aspirar\u00e1 a la precandidatura presidencial del partido morado, considerando que su&nbsp;experiencia pol\u00edtica&nbsp;lo avala para&hellip;\" \/>\n<meta property=\"og:url\" content=\"https:\/\/elglobal.do\/index.php\/2025\/08\/05\/532\/\" \/>\n<meta property=\"og:site_name\" content=\"EL GLOBAL INFORMATIVO\" \/>\n<meta property=\"article:published_time\" content=\"2025-08-05T15:43:22+00:00\" \/>\n<meta property=\"article:modified_time\" content=\"2025-08-12T09:23:36+00:00\" \/>\n<meta property=\"og:image\" content=\"https:\/\/elglobal.do\/wp-content\/uploads\/2025\/08\/Mariotti.jpg\" \/>\n\t<meta property=\"og:image:width\" content=\"514\" \/>\n\t<meta property=\"og:image:height\" content=\"685\" \/>\n\t<meta property=\"og:image:type\" content=\"image\/jpeg\" \/>\n<meta name=\"author\" content=\"EL GLOBAL\" \/>\n<meta name=\"twitter:card\" content=\"summary_large_image\" \/>\n<meta name=\"twitter:label1\" content=\"Escrito por\" \/>\n\t<meta name=\"twitter:data1\" content=\"EL GLOBAL\" \/>\n\t<meta name=\"twitter:label2\" content=\"Tiempo de lectura\" \/>\n\t<meta name=\"twitter:data2\" content=\"3 minutos\" \/>\n<script type=\"application\/ld+json\" class=\"yoast-schema-graph\">{\"@context\":\"https:\/\/schema.org\",\"@graph\":[{\"@type\":\"Article\",\"@id\":\"https:\/\/elglobal.do\/index.php\/2025\/08\/05\/532\/#article\",\"isPartOf\":{\"@id\":\"https:\/\/elglobal.do\/index.php\/2025\/08\/05\/532\/\"},\"author\":{\"name\":\"EL GLOBAL\",\"@id\":\"https:\/\/elglobal.do\/#\/schema\/person\/0c97ec2c7714fb605d230c292f64d55f\"},\"headline\":\"Charlie Mariotti anuncia aspiraciones a precandidatura presidencial del PLD, pide debate y revela jefe de campa\u00f1a\",\"datePublished\":\"2025-08-05T15:43:22+00:00\",\"dateModified\":\"2025-08-12T09:23:36+00:00\",\"mainEntityOfPage\":{\"@id\":\"https:\/\/elglobal.do\/index.php\/2025\/08\/05\/532\/\"},\"wordCount\":572,\"commentCount\":0,\"publisher\":{\"@id\":\"https:\/\/elglobal.do\/#organization\"},\"image\":{\"@id\":\"https:\/\/elglobal.do\/index.php\/2025\/08\/05\/532\/#primaryimage\"},\"thumbnailUrl\":\"https:\/\/elglobal.do\/wp-content\/uploads\/2025\/08\/Mariotti.jpg\",\"keywords\":[\"#aspiraciones\",\"#CharlieMariottiTapia\",\"#ElGlobalInformativo\",\"#PLD\",\"#Pol\u00edticaGlobal\",\"#precandidatura\"],\"articleSection\":[\"NACIONALES\"],\"inLanguage\":\"es\",\"potentialAction\":[{\"@type\":\"CommentAction\",\"name\":\"Comment\",\"target\":[\"https:\/\/elglobal.do\/index.php\/2025\/08\/05\/532\/#respond\"]}]},{\"@type\":\"WebPage\",\"@id\":\"https:\/\/elglobal.do\/index.php\/2025\/08\/05\/532\/\",\"url\":\"https:\/\/elglobal.do\/index.php\/2025\/08\/05\/532\/\",\"name\":\"Charlie Mariotti anuncia aspiraciones a precandidatura presidencial del PLD, pide debate y revela jefe de campa\u00f1a - EL GLOBAL INFORMATIVO\",\"isPartOf\":{\"@id\":\"https:\/\/elglobal.do\/#website\"},\"primaryImageOfPage\":{\"@id\":\"https:\/\/elglobal.do\/index.php\/2025\/08\/05\/532\/#primaryimage\"},\"image\":{\"@id\":\"https:\/\/elglobal.do\/index.php\/2025\/08\/05\/532\/#primaryimage\"},\"thumbnailUrl\":\"https:\/\/elglobal.do\/wp-content\/uploads\/2025\/08\/Mariotti.jpg\",\"datePublished\":\"2025-08-05T15:43:22+00:00\",\"dateModified\":\"2025-08-12T09:23:36+00:00\",\"breadcrumb\":{\"@id\":\"https:\/\/elglobal.do\/index.php\/2025\/08\/05\/532\/#breadcrumb\"},\"inLanguage\":\"es\",\"potentialAction\":[{\"@type\":\"ReadAction\",\"target\":[\"https:\/\/elglobal.do\/index.php\/2025\/08\/05\/532\/\"]}]},{\"@type\":\"ImageObject\",\"inLanguage\":\"es\",\"@id\":\"https:\/\/elglobal.do\/index.php\/2025\/08\/05\/532\/#primaryimage\",\"url\":\"https:\/\/elglobal.do\/wp-content\/uploads\/2025\/08\/Mariotti.jpg\",\"contentUrl\":\"https:\/\/elglobal.do\/wp-content\/uploads\/2025\/08\/Mariotti.jpg\",\"width\":514,\"height\":685},{\"@type\":\"BreadcrumbList\",\"@id\":\"https:\/\/elglobal.do\/index.php\/2025\/08\/05\/532\/#breadcrumb\",\"itemListElement\":[{\"@type\":\"ListItem\",\"position\":1,\"name\":\"Portada\",\"item\":\"https:\/\/elglobal.do\/\"},{\"@type\":\"ListItem\",\"position\":2,\"name\":\"Charlie Mariotti anuncia aspiraciones a precandidatura presidencial del PLD, pide debate y revela jefe de campa\u00f1a\"}]},{\"@type\":\"WebSite\",\"@id\":\"https:\/\/elglobal.do\/#website\",\"url\":\"https:\/\/elglobal.do\/\",\"name\":\"EL GLOBAL INFORMATIVO\",\"description\":\"Peri\u00f3dico digital de la Rep\u00fablica Dominicana que ofrece noticias, novedades, pol\u00edtica y las \u00faltimas actualidades, con informaci\u00f3n veraz y oportuna para mantenerte siempre informad\",\"publisher\":{\"@id\":\"https:\/\/elglobal.do\/#organization\"},\"potentialAction\":[{\"@type\":\"SearchAction\",\"target\":{\"@type\":\"EntryPoint\",\"urlTemplate\":\"https:\/\/elglobal.do\/?s={search_term_string}\"},\"query-input\":{\"@type\":\"PropertyValueSpecification\",\"valueRequired\":true,\"valueName\":\"search_term_string\"}}],\"inLanguage\":\"es\"},{\"@type\":\"Organization\",\"@id\":\"https:\/\/elglobal.do\/#organization\",\"name\":\"EL GLOBAL.DO INFORMATIVO\",\"url\":\"https:\/\/elglobal.do\/\",\"logo\":{\"@type\":\"ImageObject\",\"inLanguage\":\"es\",\"@id\":\"https:\/\/elglobal.do\/#\/schema\/logo\/image\/\",\"url\":\"https:\/\/elglobal.do\/wp-content\/uploads\/2025\/08\/icon.png\",\"contentUrl\":\"https:\/\/elglobal.do\/wp-content\/uploads\/2025\/08\/icon.png\",\"width\":512,\"height\":512,\"caption\":\"EL GLOBAL.DO INFORMATIVO\"},\"image\":{\"@id\":\"https:\/\/elglobal.do\/#\/schema\/logo\/image\/\"}},{\"@type\":\"Person\",\"@id\":\"https:\/\/elglobal.do\/#\/schema\/person\/0c97ec2c7714fb605d230c292f64d55f\",\"name\":\"EL GLOBAL\",\"image\":{\"@type\":\"ImageObject\",\"inLanguage\":\"es\",\"@id\":\"https:\/\/elglobal.do\/#\/schema\/person\/image\/\",\"url\":\"https:\/\/secure.gravatar.com\/avatar\/081cfb6cf99faddc6f4e23a0c11ab98c5cf302925382d1c88dc3ed757ab910a3?s=96&d=mm&r=g\",\"contentUrl\":\"https:\/\/secure.gravatar.com\/avatar\/081cfb6cf99faddc6f4e23a0c11ab98c5cf302925382d1c88dc3ed757ab910a3?s=96&d=mm&r=g\",\"caption\":\"EL GLOBAL\"},\"description\":\"El Global Informativo es un peri\u00f3dico digital de Rep\u00fablica Dominicana que se dedica a cubrir temas importantes, como la pol\u00edtica local, geopol\u00edtica, econom\u00eda, tecnolog\u00eda, noticias internacionales y eventos relacionados con la gesti\u00f3n social, cultural y humana. Su objetivo principal es mantener a la poblaci\u00f3n informada, ofreciendo una visi\u00f3n amplia y actualizada de lo que sucede tanto en el pa\u00eds como en el mundo. Est\u00e1 dirigido por un grupo de periodistas experimentados, lo que garantiza la calidad y la precisi\u00f3n de la informaci\u00f3n que ofrecen. Tiene su sede en la ciudad de Santo Domingo y es parte integral del portafolio de la empresa, MC Global S.R.L.\",\"sameAs\":[\"https:\/\/elglobal.do\",\"https:\/\/www.instagram.com\/elglobal.do_informativo\/\"],\"url\":\"https:\/\/elglobal.do\/index.php\/author\/elglobaluserpro\/\"}]}<\/script>\n<!-- \/ Yoast SEO plugin. -->","yoast_head_json":{"title":"Charlie Mariotti anuncia aspiraciones a precandidatura presidencial del PLD, pide debate y revela jefe de campa\u00f1a - EL GLOBAL INFORMATIVO","robots":{"index":"index","follow":"follow","max-snippet":"max-snippet:-1","max-image-preview":"max-image-preview:large","max-video-preview":"max-video-preview:-1"},"canonical":"https:\/\/elglobal.do\/index.php\/2025\/08\/05\/532\/","og_locale":"es_ES","og_type":"article","og_title":"Charlie Mariotti anuncia aspiraciones a precandidatura presidencial del PLD, pide debate y revela jefe de campa\u00f1a - EL GLOBAL INFORMATIVO","og_description":"Santo Domingo. &#8211; El exsecretario general del&nbsp;Partido de la Liberaci\u00f3n Dominicana&nbsp;(PLD),&nbsp;Charlie Mariotti, anunci\u00f3 este martes que aspirar\u00e1 a la precandidatura presidencial del partido morado, considerando que su&nbsp;experiencia pol\u00edtica&nbsp;lo avala para&hellip;","og_url":"https:\/\/elglobal.do\/index.php\/2025\/08\/05\/532\/","og_site_name":"EL GLOBAL INFORMATIVO","article_published_time":"2025-08-05T15:43:22+00:00","article_modified_time":"2025-08-12T09:23:36+00:00","og_image":[{"width":514,"height":685,"url":"https:\/\/elglobal.do\/wp-content\/uploads\/2025\/08\/Mariotti.jpg","type":"image\/jpeg"}],"author":"EL GLOBAL","twitter_card":"summary_large_image","twitter_misc":{"Escrito por":"EL GLOBAL","Tiempo de lectura":"3 minutos"},"schema":{"@context":"https:\/\/schema.org","@graph":[{"@type":"Article","@id":"https:\/\/elglobal.do\/index.php\/2025\/08\/05\/532\/#article","isPartOf":{"@id":"https:\/\/elglobal.do\/index.php\/2025\/08\/05\/532\/"},"author":{"name":"EL GLOBAL","@id":"https:\/\/elglobal.do\/#\/schema\/person\/0c97ec2c7714fb605d230c292f64d55f"},"headline":"Charlie Mariotti anuncia aspiraciones a precandidatura presidencial del PLD, pide debate y revela jefe de campa\u00f1a","datePublished":"2025-08-05T15:43:22+00:00","dateModified":"2025-08-12T09:23:36+00:00","mainEntityOfPage":{"@id":"https:\/\/elglobal.do\/index.php\/2025\/08\/05\/532\/"},"wordCount":572,"commentCount":0,"publisher":{"@id":"https:\/\/elglobal.do\/#organization"},"image":{"@id":"https:\/\/elglobal.do\/index.php\/2025\/08\/05\/532\/#primaryimage"},"thumbnailUrl":"https:\/\/elglobal.do\/wp-content\/uploads\/2025\/08\/Mariotti.jpg","keywords":["#aspiraciones","#CharlieMariottiTapia","#ElGlobalInformativo","#PLD","#Pol\u00edticaGlobal","#precandidatura"],"articleSection":["NACIONALES"],"inLanguage":"es","potentialAction":[{"@type":"CommentAction","name":"Comment","target":["https:\/\/elglobal.do\/index.php\/2025\/08\/05\/532\/#respond"]}]},{"@type":"WebPage","@id":"https:\/\/elglobal.do\/index.php\/2025\/08\/05\/532\/","url":"https:\/\/elglobal.do\/index.php\/2025\/08\/05\/532\/","name":"Charlie Mariotti anuncia aspiraciones a precandidatura presidencial del PLD, pide debate y revela jefe de campa\u00f1a - EL GLOBAL INFORMATIVO","isPartOf":{"@id":"https:\/\/elglobal.do\/#website"},"primaryImageOfPage":{"@id":"https:\/\/elglobal.do\/index.php\/2025\/08\/05\/532\/#primaryimage"},"image":{"@id":"https:\/\/elglobal.do\/index.php\/2025\/08\/05\/532\/#primaryimage"},"thumbnailUrl":"https:\/\/elglobal.do\/wp-content\/uploads\/2025\/08\/Mariotti.jpg","datePublished":"2025-08-05T15:43:22+00:00","dateModified":"2025-08-12T09:23:36+00:00","breadcrumb":{"@id":"https:\/\/elglobal.do\/index.php\/2025\/08\/05\/532\/#breadcrumb"},"inLanguage":"es","potentialAction":[{"@type":"ReadAction","target":["https:\/\/elglobal.do\/index.php\/2025\/08\/05\/532\/"]}]},{"@type":"ImageObject","inLanguage":"es","@id":"https:\/\/elglobal.do\/index.php\/2025\/08\/05\/532\/#primaryimage","url":"https:\/\/elglobal.do\/wp-content\/uploads\/2025\/08\/Mariotti.jpg","contentUrl":"https:\/\/elglobal.do\/wp-content\/uploads\/2025\/08\/Mariotti.jpg","width":514,"height":685},{"@type":"BreadcrumbList","@id":"https:\/\/elglobal.do\/index.php\/2025\/08\/05\/532\/#breadcrumb","itemListElement":[{"@type":"ListItem","position":1,"name":"Portada","item":"https:\/\/elglobal.do\/"},{"@type":"ListItem","position":2,"name":"Charlie Mariotti anuncia aspiraciones a precandidatura presidencial del PLD, pide debate y revela jefe de campa\u00f1a"}]},{"@type":"WebSite","@id":"https:\/\/elglobal.do\/#website","url":"https:\/\/elglobal.do\/","name":"EL GLOBAL INFORMATIVO","description":"Peri\u00f3dico digital de la Rep\u00fablica Dominicana que ofrece noticias, novedades, pol\u00edtica y las \u00faltimas actualidades, con informaci\u00f3n veraz y oportuna para mantenerte siempre informad","publisher":{"@id":"https:\/\/elglobal.do\/#organization"},"potentialAction":[{"@type":"SearchAction","target":{"@type":"EntryPoint","urlTemplate":"https:\/\/elglobal.do\/?s={search_term_string}"},"query-input":{"@type":"PropertyValueSpecification","valueRequired":true,"valueName":"search_term_string"}}],"inLanguage":"es"},{"@type":"Organization","@id":"https:\/\/elglobal.do\/#organization","name":"EL GLOBAL.DO INFORMATIVO","url":"https:\/\/elglobal.do\/","logo":{"@type":"ImageObject","inLanguage":"es","@id":"https:\/\/elglobal.do\/#\/schema\/logo\/image\/","url":"https:\/\/elglobal.do\/wp-content\/uploads\/2025\/08\/icon.png","contentUrl":"https:\/\/elglobal.do\/wp-content\/uploads\/2025\/08\/icon.png","width":512,"height":512,"caption":"EL GLOBAL.DO INFORMATIVO"},"image":{"@id":"https:\/\/elglobal.do\/#\/schema\/logo\/image\/"}},{"@type":"Person","@id":"https:\/\/elglobal.do\/#\/schema\/person\/0c97ec2c7714fb605d230c292f64d55f","name":"EL GLOBAL","image":{"@type":"ImageObject","inLanguage":"es","@id":"https:\/\/elglobal.do\/#\/schema\/person\/image\/","url":"https:\/\/secure.gravatar.com\/avatar\/081cfb6cf99faddc6f4e23a0c11ab98c5cf302925382d1c88dc3ed757ab910a3?s=96&d=mm&r=g","contentUrl":"https:\/\/secure.gravatar.com\/avatar\/081cfb6cf99faddc6f4e23a0c11ab98c5cf302925382d1c88dc3ed757ab910a3?s=96&d=mm&r=g","caption":"EL GLOBAL"},"description":"El Global Informativo es un peri\u00f3dico digital de Rep\u00fablica Dominicana que se dedica a cubrir temas importantes, como la pol\u00edtica local, geopol\u00edtica, econom\u00eda, tecnolog\u00eda, noticias internacionales y eventos relacionados con la gesti\u00f3n social, cultural y humana. Su objetivo principal es mantener a la poblaci\u00f3n informada, ofreciendo una visi\u00f3n amplia y actualizada de lo que sucede tanto en el pa\u00eds como en el mundo. Est\u00e1 dirigido por un grupo de periodistas experimentados, lo que garantiza la calidad y la precisi\u00f3n de la informaci\u00f3n que ofrecen. Tiene su sede en la ciudad de Santo Domingo y es parte integral del portafolio de la empresa, MC Global S.R.L.","sameAs":["https:\/\/elglobal.do","https:\/\/www.instagram.com\/elglobal.do_informativo\/"],"url":"https:\/\/elglobal.do\/index.php\/author\/elglobaluserpro\/"}]}},"jetpack_featured_media_url":"https:\/\/elglobal.do\/wp-content\/uploads\/2025\/08\/Mariotti.jpg","jetpack_sharing_enabled":true,"_links":{"self":[{"href":"https:\/\/elglobal.do\/index.php\/wp-json\/wp\/v2\/posts\/532","targetHints":{"allow":["GET"]}}],"collection":[{"href":"https:\/\/elglobal.do\/index.php\/wp-json\/wp\/v2\/posts"}],"about":[{"href":"https:\/\/elglobal.do\/index.php\/wp-json\/wp\/v2\/types\/post"}],"author":[{"embeddable":true,"href":"https:\/\/elglobal.do\/index.php\/wp-json\/wp\/v2\/users\/1"}],"replies":[{"embeddable":true,"href":"https:\/\/elglobal.do\/index.php\/wp-json\/wp\/v2\/comments?post=532"}],"version-history":[{"count":2,"href":"https:\/\/elglobal.do\/index.php\/wp-json\/wp\/v2\/posts\/532\/revisions"}],"predecessor-version":[{"id":538,"href":"https:\/\/elglobal.do\/index.php\/wp-json\/wp\/v2\/posts\/532\/revisions\/538"}],"wp:featuredmedia":[{"embeddable":true,"href":"https:\/\/elglobal.do\/index.php\/wp-json\/wp\/v2\/media\/533"}],"wp:attachment":[{"href":"https:\/\/elglobal.do\/index.php\/wp-json\/wp\/v2\/media?parent=532"}],"wp:term":[{"taxonomy":"category","embeddable":true,"href":"https:\/\/elglobal.do\/index.php\/wp-json\/wp\/v2\/categories?post=532"},{"taxonomy":"post_tag","embeddable":true,"href":"https:\/\/elglobal.do\/index.php\/wp-json\/wp\/v2\/tags?post=532"}],"curies":[{"name":"wp","href":"https:\/\/api.w.org\/{rel}","templated":true}]}}