{"id":545,"date":"2025-08-05T12:37:08","date_gmt":"2025-08-05T16:37:08","guid":{"rendered":"https:\/\/elglobal.do\/?p=545"},"modified":"2025-08-05T12:37:09","modified_gmt":"2025-08-05T16:37:09","slug":"rd-vial-pone-en-marcha-el-programa-carreteras-limpias-a-nivel-nacional","status":"publish","type":"post","link":"https:\/\/elglobal.do\/index.php\/2025\/08\/05\/rd-vial-pone-en-marcha-el-programa-carreteras-limpias-a-nivel-nacional\/","title":{"rendered":"RD Vial pone en marcha el Programa \u00abCarreteras Limpias\u00bb a nivel nacional"},"content":{"rendered":"\n<p><strong>Santo Domingo.<\/strong> &#8211; Con el objetivo de mantener el tr\u00e1nsito m\u00e1s seguro y disminuir los accidentes, \u00ab<strong>RD Vial<\/strong>\u00bb pone en marcha el proyecto <strong>\u00abCarreteras Limpias\u00bb<\/strong>, en el que alrededor de 400 obreros realizan labores de mantenimiento y limpieza en las principales v\u00edas del pa\u00eds.<\/p>\n\n\n\n<p>El proyecto, \u00bb Carreteras Limpias\u00bb de RD Vial, inici\u00f3 hace una semana en colaboraci\u00f3n con <strong>Obras P\u00fablicas,<\/strong> con el prop\u00f3sito de mejorar la funcionalidad, hacer el tr\u00e1nsito m\u00e1s seguro y embellecer las principales carreteras del pa\u00eds, as\u00ed lo indic\u00f3 este martes, C\u00e9sar Peguero, gerente de operaciones.<\/p>\n\n\n\n<p>La iniciativa contempla la limpieza y mantenimiento de autopistas con la utilizaci\u00f3n de equipos y maquinarias especializadas para los tramos intervenidos, entre las cuales est\u00e1n; La autopista Duarte, 6 de noviembre, las Am\u00e9ricas, circunvalaci\u00f3n de Santo Domingo y la de Santiago.<\/p>\n\n\n\n<p>Los obreros estar\u00e1n apostados desde las 6 de la ma\u00f1ana hasta las 4 de la tarde, en las labores de mantenimiento en las v\u00edas antes mencionadas, la importancia de la limpieza en las v\u00edas radica en que la acumulaci\u00f3n de basura y residuos en las carreteras puede ocasionar accidentes de tr\u00e1nsitos.<\/p>\n\n\n\n<p>El plan, ser\u00e1 por un periodo de 2 a\u00f1os y hasta el momento ha sido aceptado por los conductores que se desplazan por las v\u00edas intervenidas, ya que no se obstaculiza el tr\u00e1nsito, debido a que cuenta con el apoyo de la DIGESSET y dem\u00e1s instituciones gubernamentales.<\/p>\n","protected":false},"excerpt":{"rendered":"<p>Santo Domingo. &#8211; Con el objetivo de mantener el tr\u00e1nsito m\u00e1s seguro y disminuir los accidentes, \u00abRD Vial\u00bb pone en marcha el proyecto \u00abCarreteras Limpias\u00bb, en el que alrededor de&hellip; <\/p>\n","protected":false},"author":1,"featured_media":546,"comment_status":"open","ping_status":"open","sticky":false,"template":"","format":"standard","meta":{"_jetpack_memberships_contains_paid_content":false,"footnotes":""},"categories":[40],"tags":[145,147,146,144],"class_list":["post-545","post","type-post","status-publish","format-standard","has-post-thumbnail","hentry","category-nacionales","tag-carreteraslimpias","tag-digesset","tag-obraspublicas","tag-rdvial"],"yoast_head":"<!-- This site is optimized with the Yoast SEO plugin v26.9 - https:\/\/yoast.com\/product\/yoast-seo-wordpress\/ -->\n<title>RD Vial pone en marcha el Programa &quot;Carreteras Limpias&quot; a nivel nacional - EL GLOBAL INFORMATIVO<\/title>\n<meta name=\"robots\" content=\"index, follow, max-snippet:-1, max-image-preview:large, max-video-preview:-1\" \/>\n<link rel=\"canonical\" href=\"https:\/\/elglobal.do\/index.php\/2025\/08\/05\/rd-vial-pone-en-marcha-el-programa-carreteras-limpias-a-nivel-nacional\/\" \/>\n<meta property=\"og:locale\" content=\"es_ES\" \/>\n<meta property=\"og:type\" content=\"article\" \/>\n<meta property=\"og:title\" content=\"RD Vial pone en marcha el Programa &quot;Carreteras Limpias&quot; a nivel nacional - EL GLOBAL INFORMATIVO\" \/>\n<meta property=\"og:description\" content=\"Santo Domingo. &#8211; Con el objetivo de mantener el tr\u00e1nsito m\u00e1s seguro y disminuir los accidentes, \u00abRD Vial\u00bb pone en marcha el proyecto \u00abCarreteras Limpias\u00bb, en el que alrededor de&hellip;\" \/>\n<meta property=\"og:url\" content=\"https:\/\/elglobal.do\/index.php\/2025\/08\/05\/rd-vial-pone-en-marcha-el-programa-carreteras-limpias-a-nivel-nacional\/\" \/>\n<meta property=\"og:site_name\" content=\"EL GLOBAL INFORMATIVO\" \/>\n<meta property=\"article:published_time\" content=\"2025-08-05T16:37:08+00:00\" \/>\n<meta property=\"article:modified_time\" content=\"2025-08-05T16:37:09+00:00\" \/>\n<meta property=\"og:image\" content=\"https:\/\/elglobal.do\/wp-content\/uploads\/2025\/08\/46234b79-620c-4e63-8de9-43a79df10cfc.jpg\" \/>\n\t<meta property=\"og:image:width\" content=\"1600\" \/>\n\t<meta property=\"og:image:height\" content=\"900\" \/>\n\t<meta property=\"og:image:type\" content=\"image\/jpeg\" \/>\n<meta name=\"author\" content=\"EL GLOBAL\" \/>\n<meta name=\"twitter:card\" content=\"summary_large_image\" \/>\n<meta name=\"twitter:label1\" content=\"Escrito por\" \/>\n\t<meta name=\"twitter:data1\" content=\"EL GLOBAL\" \/>\n\t<meta name=\"twitter:label2\" content=\"Tiempo de lectura\" \/>\n\t<meta name=\"twitter:data2\" content=\"1 minuto\" \/>\n<script type=\"application\/ld+json\" class=\"yoast-schema-graph\">{\"@context\":\"https:\/\/schema.org\",\"@graph\":[{\"@type\":\"Article\",\"@id\":\"https:\/\/elglobal.do\/index.php\/2025\/08\/05\/rd-vial-pone-en-marcha-el-programa-carreteras-limpias-a-nivel-nacional\/#article\",\"isPartOf\":{\"@id\":\"https:\/\/elglobal.do\/index.php\/2025\/08\/05\/rd-vial-pone-en-marcha-el-programa-carreteras-limpias-a-nivel-nacional\/\"},\"author\":{\"name\":\"EL GLOBAL\",\"@id\":\"https:\/\/elglobal.do\/#\/schema\/person\/0c97ec2c7714fb605d230c292f64d55f\"},\"headline\":\"RD Vial pone en marcha el Programa \u00abCarreteras Limpias\u00bb a nivel nacional\",\"datePublished\":\"2025-08-05T16:37:08+00:00\",\"dateModified\":\"2025-08-05T16:37:09+00:00\",\"mainEntityOfPage\":{\"@id\":\"https:\/\/elglobal.do\/index.php\/2025\/08\/05\/rd-vial-pone-en-marcha-el-programa-carreteras-limpias-a-nivel-nacional\/\"},\"wordCount\":260,\"commentCount\":0,\"publisher\":{\"@id\":\"https:\/\/elglobal.do\/#organization\"},\"image\":{\"@id\":\"https:\/\/elglobal.do\/index.php\/2025\/08\/05\/rd-vial-pone-en-marcha-el-programa-carreteras-limpias-a-nivel-nacional\/#primaryimage\"},\"thumbnailUrl\":\"https:\/\/elglobal.do\/wp-content\/uploads\/2025\/08\/46234b79-620c-4e63-8de9-43a79df10cfc.jpg\",\"keywords\":[\"#CarreterasLimpias\",\"#DIGESSET\",\"#Obrasp\u00fablicas\",\"#RDVial\"],\"articleSection\":[\"NACIONALES\"],\"inLanguage\":\"es\",\"potentialAction\":[{\"@type\":\"CommentAction\",\"name\":\"Comment\",\"target\":[\"https:\/\/elglobal.do\/index.php\/2025\/08\/05\/rd-vial-pone-en-marcha-el-programa-carreteras-limpias-a-nivel-nacional\/#respond\"]}]},{\"@type\":\"WebPage\",\"@id\":\"https:\/\/elglobal.do\/index.php\/2025\/08\/05\/rd-vial-pone-en-marcha-el-programa-carreteras-limpias-a-nivel-nacional\/\",\"url\":\"https:\/\/elglobal.do\/index.php\/2025\/08\/05\/rd-vial-pone-en-marcha-el-programa-carreteras-limpias-a-nivel-nacional\/\",\"name\":\"RD Vial pone en marcha el Programa \\\"Carreteras Limpias\\\" a nivel nacional - EL GLOBAL INFORMATIVO\",\"isPartOf\":{\"@id\":\"https:\/\/elglobal.do\/#website\"},\"primaryImageOfPage\":{\"@id\":\"https:\/\/elglobal.do\/index.php\/2025\/08\/05\/rd-vial-pone-en-marcha-el-programa-carreteras-limpias-a-nivel-nacional\/#primaryimage\"},\"image\":{\"@id\":\"https:\/\/elglobal.do\/index.php\/2025\/08\/05\/rd-vial-pone-en-marcha-el-programa-carreteras-limpias-a-nivel-nacional\/#primaryimage\"},\"thumbnailUrl\":\"https:\/\/elglobal.do\/wp-content\/uploads\/2025\/08\/46234b79-620c-4e63-8de9-43a79df10cfc.jpg\",\"datePublished\":\"2025-08-05T16:37:08+00:00\",\"dateModified\":\"2025-08-05T16:37:09+00:00\",\"breadcrumb\":{\"@id\":\"https:\/\/elglobal.do\/index.php\/2025\/08\/05\/rd-vial-pone-en-marcha-el-programa-carreteras-limpias-a-nivel-nacional\/#breadcrumb\"},\"inLanguage\":\"es\",\"potentialAction\":[{\"@type\":\"ReadAction\",\"target\":[\"https:\/\/elglobal.do\/index.php\/2025\/08\/05\/rd-vial-pone-en-marcha-el-programa-carreteras-limpias-a-nivel-nacional\/\"]}]},{\"@type\":\"ImageObject\",\"inLanguage\":\"es\",\"@id\":\"https:\/\/elglobal.do\/index.php\/2025\/08\/05\/rd-vial-pone-en-marcha-el-programa-carreteras-limpias-a-nivel-nacional\/#primaryimage\",\"url\":\"https:\/\/elglobal.do\/wp-content\/uploads\/2025\/08\/46234b79-620c-4e63-8de9-43a79df10cfc.jpg\",\"contentUrl\":\"https:\/\/elglobal.do\/wp-content\/uploads\/2025\/08\/46234b79-620c-4e63-8de9-43a79df10cfc.jpg\",\"width\":1600,\"height\":900},{\"@type\":\"BreadcrumbList\",\"@id\":\"https:\/\/elglobal.do\/index.php\/2025\/08\/05\/rd-vial-pone-en-marcha-el-programa-carreteras-limpias-a-nivel-nacional\/#breadcrumb\",\"itemListElement\":[{\"@type\":\"ListItem\",\"position\":1,\"name\":\"Portada\",\"item\":\"https:\/\/elglobal.do\/\"},{\"@type\":\"ListItem\",\"position\":2,\"name\":\"RD Vial pone en marcha el Programa \u00abCarreteras Limpias\u00bb a nivel nacional\"}]},{\"@type\":\"WebSite\",\"@id\":\"https:\/\/elglobal.do\/#website\",\"url\":\"https:\/\/elglobal.do\/\",\"name\":\"EL GLOBAL INFORMATIVO\",\"description\":\"Peri\u00f3dico digital de la Rep\u00fablica Dominicana que ofrece noticias, novedades, pol\u00edtica y las \u00faltimas actualidades, con informaci\u00f3n veraz y oportuna para mantenerte siempre informad\",\"publisher\":{\"@id\":\"https:\/\/elglobal.do\/#organization\"},\"potentialAction\":[{\"@type\":\"SearchAction\",\"target\":{\"@type\":\"EntryPoint\",\"urlTemplate\":\"https:\/\/elglobal.do\/?s={search_term_string}\"},\"query-input\":{\"@type\":\"PropertyValueSpecification\",\"valueRequired\":true,\"valueName\":\"search_term_string\"}}],\"inLanguage\":\"es\"},{\"@type\":\"Organization\",\"@id\":\"https:\/\/elglobal.do\/#organization\",\"name\":\"EL GLOBAL.DO INFORMATIVO\",\"url\":\"https:\/\/elglobal.do\/\",\"logo\":{\"@type\":\"ImageObject\",\"inLanguage\":\"es\",\"@id\":\"https:\/\/elglobal.do\/#\/schema\/logo\/image\/\",\"url\":\"https:\/\/elglobal.do\/wp-content\/uploads\/2025\/08\/icon.png\",\"contentUrl\":\"https:\/\/elglobal.do\/wp-content\/uploads\/2025\/08\/icon.png\",\"width\":512,\"height\":512,\"caption\":\"EL GLOBAL.DO INFORMATIVO\"},\"image\":{\"@id\":\"https:\/\/elglobal.do\/#\/schema\/logo\/image\/\"}},{\"@type\":\"Person\",\"@id\":\"https:\/\/elglobal.do\/#\/schema\/person\/0c97ec2c7714fb605d230c292f64d55f\",\"name\":\"EL GLOBAL\",\"image\":{\"@type\":\"ImageObject\",\"inLanguage\":\"es\",\"@id\":\"https:\/\/elglobal.do\/#\/schema\/person\/image\/\",\"url\":\"https:\/\/secure.gravatar.com\/avatar\/081cfb6cf99faddc6f4e23a0c11ab98c5cf302925382d1c88dc3ed757ab910a3?s=96&d=mm&r=g\",\"contentUrl\":\"https:\/\/secure.gravatar.com\/avatar\/081cfb6cf99faddc6f4e23a0c11ab98c5cf302925382d1c88dc3ed757ab910a3?s=96&d=mm&r=g\",\"caption\":\"EL GLOBAL\"},\"description\":\"El Global Informativo es un peri\u00f3dico digital de Rep\u00fablica Dominicana que se dedica a cubrir temas importantes, como la pol\u00edtica local, geopol\u00edtica, econom\u00eda, tecnolog\u00eda, noticias internacionales y eventos relacionados con la gesti\u00f3n social, cultural y humana. Su objetivo principal es mantener a la poblaci\u00f3n informada, ofreciendo una visi\u00f3n amplia y actualizada de lo que sucede tanto en el pa\u00eds como en el mundo. Est\u00e1 dirigido por un grupo de periodistas experimentados, lo que garantiza la calidad y la precisi\u00f3n de la informaci\u00f3n que ofrecen. Tiene su sede en la ciudad de Santo Domingo y es parte integral del portafolio de la empresa, MC Global S.R.L.\",\"sameAs\":[\"https:\/\/elglobal.do\",\"https:\/\/www.instagram.com\/elglobal.do_informativo\/\"],\"url\":\"https:\/\/elglobal.do\/index.php\/author\/elglobaluserpro\/\"}]}<\/script>\n<!-- \/ Yoast SEO plugin. -->","yoast_head_json":{"title":"RD Vial pone en marcha el Programa \"Carreteras Limpias\" a nivel nacional - EL GLOBAL INFORMATIVO","robots":{"index":"index","follow":"follow","max-snippet":"max-snippet:-1","max-image-preview":"max-image-preview:large","max-video-preview":"max-video-preview:-1"},"canonical":"https:\/\/elglobal.do\/index.php\/2025\/08\/05\/rd-vial-pone-en-marcha-el-programa-carreteras-limpias-a-nivel-nacional\/","og_locale":"es_ES","og_type":"article","og_title":"RD Vial pone en marcha el Programa \"Carreteras Limpias\" a nivel nacional - EL GLOBAL INFORMATIVO","og_description":"Santo Domingo. &#8211; Con el objetivo de mantener el tr\u00e1nsito m\u00e1s seguro y disminuir los accidentes, \u00abRD Vial\u00bb pone en marcha el proyecto \u00abCarreteras Limpias\u00bb, en el que alrededor de&hellip;","og_url":"https:\/\/elglobal.do\/index.php\/2025\/08\/05\/rd-vial-pone-en-marcha-el-programa-carreteras-limpias-a-nivel-nacional\/","og_site_name":"EL GLOBAL INFORMATIVO","article_published_time":"2025-08-05T16:37:08+00:00","article_modified_time":"2025-08-05T16:37:09+00:00","og_image":[{"width":1600,"height":900,"url":"https:\/\/elglobal.do\/wp-content\/uploads\/2025\/08\/46234b79-620c-4e63-8de9-43a79df10cfc.jpg","type":"image\/jpeg"}],"author":"EL GLOBAL","twitter_card":"summary_large_image","twitter_misc":{"Escrito por":"EL GLOBAL","Tiempo de lectura":"1 minuto"},"schema":{"@context":"https:\/\/schema.org","@graph":[{"@type":"Article","@id":"https:\/\/elglobal.do\/index.php\/2025\/08\/05\/rd-vial-pone-en-marcha-el-programa-carreteras-limpias-a-nivel-nacional\/#article","isPartOf":{"@id":"https:\/\/elglobal.do\/index.php\/2025\/08\/05\/rd-vial-pone-en-marcha-el-programa-carreteras-limpias-a-nivel-nacional\/"},"author":{"name":"EL GLOBAL","@id":"https:\/\/elglobal.do\/#\/schema\/person\/0c97ec2c7714fb605d230c292f64d55f"},"headline":"RD Vial pone en marcha el Programa \u00abCarreteras Limpias\u00bb a nivel nacional","datePublished":"2025-08-05T16:37:08+00:00","dateModified":"2025-08-05T16:37:09+00:00","mainEntityOfPage":{"@id":"https:\/\/elglobal.do\/index.php\/2025\/08\/05\/rd-vial-pone-en-marcha-el-programa-carreteras-limpias-a-nivel-nacional\/"},"wordCount":260,"commentCount":0,"publisher":{"@id":"https:\/\/elglobal.do\/#organization"},"image":{"@id":"https:\/\/elglobal.do\/index.php\/2025\/08\/05\/rd-vial-pone-en-marcha-el-programa-carreteras-limpias-a-nivel-nacional\/#primaryimage"},"thumbnailUrl":"https:\/\/elglobal.do\/wp-content\/uploads\/2025\/08\/46234b79-620c-4e63-8de9-43a79df10cfc.jpg","keywords":["#CarreterasLimpias","#DIGESSET","#Obrasp\u00fablicas","#RDVial"],"articleSection":["NACIONALES"],"inLanguage":"es","potentialAction":[{"@type":"CommentAction","name":"Comment","target":["https:\/\/elglobal.do\/index.php\/2025\/08\/05\/rd-vial-pone-en-marcha-el-programa-carreteras-limpias-a-nivel-nacional\/#respond"]}]},{"@type":"WebPage","@id":"https:\/\/elglobal.do\/index.php\/2025\/08\/05\/rd-vial-pone-en-marcha-el-programa-carreteras-limpias-a-nivel-nacional\/","url":"https:\/\/elglobal.do\/index.php\/2025\/08\/05\/rd-vial-pone-en-marcha-el-programa-carreteras-limpias-a-nivel-nacional\/","name":"RD Vial pone en marcha el Programa \"Carreteras Limpias\" a nivel nacional - EL GLOBAL INFORMATIVO","isPartOf":{"@id":"https:\/\/elglobal.do\/#website"},"primaryImageOfPage":{"@id":"https:\/\/elglobal.do\/index.php\/2025\/08\/05\/rd-vial-pone-en-marcha-el-programa-carreteras-limpias-a-nivel-nacional\/#primaryimage"},"image":{"@id":"https:\/\/elglobal.do\/index.php\/2025\/08\/05\/rd-vial-pone-en-marcha-el-programa-carreteras-limpias-a-nivel-nacional\/#primaryimage"},"thumbnailUrl":"https:\/\/elglobal.do\/wp-content\/uploads\/2025\/08\/46234b79-620c-4e63-8de9-43a79df10cfc.jpg","datePublished":"2025-08-05T16:37:08+00:00","dateModified":"2025-08-05T16:37:09+00:00","breadcrumb":{"@id":"https:\/\/elglobal.do\/index.php\/2025\/08\/05\/rd-vial-pone-en-marcha-el-programa-carreteras-limpias-a-nivel-nacional\/#breadcrumb"},"inLanguage":"es","potentialAction":[{"@type":"ReadAction","target":["https:\/\/elglobal.do\/index.php\/2025\/08\/05\/rd-vial-pone-en-marcha-el-programa-carreteras-limpias-a-nivel-nacional\/"]}]},{"@type":"ImageObject","inLanguage":"es","@id":"https:\/\/elglobal.do\/index.php\/2025\/08\/05\/rd-vial-pone-en-marcha-el-programa-carreteras-limpias-a-nivel-nacional\/#primaryimage","url":"https:\/\/elglobal.do\/wp-content\/uploads\/2025\/08\/46234b79-620c-4e63-8de9-43a79df10cfc.jpg","contentUrl":"https:\/\/elglobal.do\/wp-content\/uploads\/2025\/08\/46234b79-620c-4e63-8de9-43a79df10cfc.jpg","width":1600,"height":900},{"@type":"BreadcrumbList","@id":"https:\/\/elglobal.do\/index.php\/2025\/08\/05\/rd-vial-pone-en-marcha-el-programa-carreteras-limpias-a-nivel-nacional\/#breadcrumb","itemListElement":[{"@type":"ListItem","position":1,"name":"Portada","item":"https:\/\/elglobal.do\/"},{"@type":"ListItem","position":2,"name":"RD Vial pone en marcha el Programa \u00abCarreteras Limpias\u00bb a nivel nacional"}]},{"@type":"WebSite","@id":"https:\/\/elglobal.do\/#website","url":"https:\/\/elglobal.do\/","name":"EL GLOBAL INFORMATIVO","description":"Peri\u00f3dico digital de la Rep\u00fablica Dominicana que ofrece noticias, novedades, pol\u00edtica y las \u00faltimas actualidades, con informaci\u00f3n veraz y oportuna para mantenerte siempre informad","publisher":{"@id":"https:\/\/elglobal.do\/#organization"},"potentialAction":[{"@type":"SearchAction","target":{"@type":"EntryPoint","urlTemplate":"https:\/\/elglobal.do\/?s={search_term_string}"},"query-input":{"@type":"PropertyValueSpecification","valueRequired":true,"valueName":"search_term_string"}}],"inLanguage":"es"},{"@type":"Organization","@id":"https:\/\/elglobal.do\/#organization","name":"EL GLOBAL.DO INFORMATIVO","url":"https:\/\/elglobal.do\/","logo":{"@type":"ImageObject","inLanguage":"es","@id":"https:\/\/elglobal.do\/#\/schema\/logo\/image\/","url":"https:\/\/elglobal.do\/wp-content\/uploads\/2025\/08\/icon.png","contentUrl":"https:\/\/elglobal.do\/wp-content\/uploads\/2025\/08\/icon.png","width":512,"height":512,"caption":"EL GLOBAL.DO INFORMATIVO"},"image":{"@id":"https:\/\/elglobal.do\/#\/schema\/logo\/image\/"}},{"@type":"Person","@id":"https:\/\/elglobal.do\/#\/schema\/person\/0c97ec2c7714fb605d230c292f64d55f","name":"EL GLOBAL","image":{"@type":"ImageObject","inLanguage":"es","@id":"https:\/\/elglobal.do\/#\/schema\/person\/image\/","url":"https:\/\/secure.gravatar.com\/avatar\/081cfb6cf99faddc6f4e23a0c11ab98c5cf302925382d1c88dc3ed757ab910a3?s=96&d=mm&r=g","contentUrl":"https:\/\/secure.gravatar.com\/avatar\/081cfb6cf99faddc6f4e23a0c11ab98c5cf302925382d1c88dc3ed757ab910a3?s=96&d=mm&r=g","caption":"EL GLOBAL"},"description":"El Global Informativo es un peri\u00f3dico digital de Rep\u00fablica Dominicana que se dedica a cubrir temas importantes, como la pol\u00edtica local, geopol\u00edtica, econom\u00eda, tecnolog\u00eda, noticias internacionales y eventos relacionados con la gesti\u00f3n social, cultural y humana. Su objetivo principal es mantener a la poblaci\u00f3n informada, ofreciendo una visi\u00f3n amplia y actualizada de lo que sucede tanto en el pa\u00eds como en el mundo. Est\u00e1 dirigido por un grupo de periodistas experimentados, lo que garantiza la calidad y la precisi\u00f3n de la informaci\u00f3n que ofrecen. Tiene su sede en la ciudad de Santo Domingo y es parte integral del portafolio de la empresa, MC Global S.R.L.","sameAs":["https:\/\/elglobal.do","https:\/\/www.instagram.com\/elglobal.do_informativo\/"],"url":"https:\/\/elglobal.do\/index.php\/author\/elglobaluserpro\/"}]}},"jetpack_featured_media_url":"https:\/\/elglobal.do\/wp-content\/uploads\/2025\/08\/46234b79-620c-4e63-8de9-43a79df10cfc.jpg","jetpack_sharing_enabled":true,"_links":{"self":[{"href":"https:\/\/elglobal.do\/index.php\/wp-json\/wp\/v2\/posts\/545","targetHints":{"allow":["GET"]}}],"collection":[{"href":"https:\/\/elglobal.do\/index.php\/wp-json\/wp\/v2\/posts"}],"about":[{"href":"https:\/\/elglobal.do\/index.php\/wp-json\/wp\/v2\/types\/post"}],"author":[{"embeddable":true,"href":"https:\/\/elglobal.do\/index.php\/wp-json\/wp\/v2\/users\/1"}],"replies":[{"embeddable":true,"href":"https:\/\/elglobal.do\/index.php\/wp-json\/wp\/v2\/comments?post=545"}],"version-history":[{"count":1,"href":"https:\/\/elglobal.do\/index.php\/wp-json\/wp\/v2\/posts\/545\/revisions"}],"predecessor-version":[{"id":547,"href":"https:\/\/elglobal.do\/index.php\/wp-json\/wp\/v2\/posts\/545\/revisions\/547"}],"wp:featuredmedia":[{"embeddable":true,"href":"https:\/\/elglobal.do\/index.php\/wp-json\/wp\/v2\/media\/546"}],"wp:attachment":[{"href":"https:\/\/elglobal.do\/index.php\/wp-json\/wp\/v2\/media?parent=545"}],"wp:term":[{"taxonomy":"category","embeddable":true,"href":"https:\/\/elglobal.do\/index.php\/wp-json\/wp\/v2\/categories?post=545"},{"taxonomy":"post_tag","embeddable":true,"href":"https:\/\/elglobal.do\/index.php\/wp-json\/wp\/v2\/tags?post=545"}],"curies":[{"name":"wp","href":"https:\/\/api.w.org\/{rel}","templated":true}]}}