{"id":5480,"date":"2026-01-26T13:57:05","date_gmt":"2026-01-26T17:57:05","guid":{"rendered":"https:\/\/elglobal.do\/?p=5480"},"modified":"2026-01-26T13:57:09","modified_gmt":"2026-01-26T17:57:09","slug":"proindustria-impulsara-mesa-estrategica-para-relanzar-zona-franca-de-bonao","status":"publish","type":"post","link":"https:\/\/elglobal.do\/index.php\/2026\/01\/26\/proindustria-impulsara-mesa-estrategica-para-relanzar-zona-franca-de-bonao\/","title":{"rendered":"Proindustria impulsar\u00e1 mesa estrat\u00e9gica para relanzar  Zona Franca de Bonao"},"content":{"rendered":"\n<figure class=\"wp-block-image size-large\"><img loading=\"lazy\" decoding=\"async\" width=\"1024\" height=\"683\" src=\"https:\/\/elglobal.do\/wp-content\/uploads\/2026\/01\/image-171-1024x683.png\" alt=\"\" class=\"wp-image-5481\" srcset=\"https:\/\/elglobal.do\/wp-content\/uploads\/2026\/01\/image-171-1024x683.png 1024w, https:\/\/elglobal.do\/wp-content\/uploads\/2026\/01\/image-171-300x200.png 300w, https:\/\/elglobal.do\/wp-content\/uploads\/2026\/01\/image-171-768x512.png 768w, https:\/\/elglobal.do\/wp-content\/uploads\/2026\/01\/image-171.png 1500w\" sizes=\"auto, (max-width: 1024px) 100vw, 1024px\" \/><\/figure>\n\n\n\n<p><strong>Bonao.-<\/strong> El director general del Centro de Desarrollo y Competitividad Industrial (Proindustria), Rafael Cruz Rodr\u00edguez, anunci\u00f3 la conformaci\u00f3n de una mesa estrat\u00e9gica de trabajo orientada al relanzamiento de la Zona Franca de Bonao, como parte de un plan integral para preservar empleos, atraer inversiones y fortalecer la actividad industrial en la provincia.<\/p>\n\n\n\n<p>El anuncio fue realizado durante un encuentro sostenido en la Zona Franca de Bonao con la gobernadora provincial, Adela Tejada; el administrador de la Zona Franca de Bonao, Pedro Casado; la administradora de la Zona Franca de La Vega, Roc\u00edo \u00c1ngeles; y el presidente de la Asociaci\u00f3n de Empresarios de Bonao, Werbin Vargas, junto a otros representantes del sector productivo.<\/p>\n\n\n\n<p>Durante la reuni\u00f3n se analiz\u00f3 el contexto actual de la Zona Franca de Bonao, as\u00ed como los desaf\u00edos y oportunidades para su fortalecimiento, incluyendo la optimizaci\u00f3n del uso de naves industriales, la dinamizaci\u00f3n de la inversi\u00f3n y la necesidad de continuar consolidando un entorno de estabilidad, confianza y articulaci\u00f3n institucional que favorezca la expansi\u00f3n de la actividad productiva en la provincia.<\/p>\n\n\n<div class=\"wp-block-image\">\n<figure class=\"alignright size-large is-resized\"><img loading=\"lazy\" decoding=\"async\" width=\"1024\" height=\"683\" src=\"https:\/\/elglobal.do\/wp-content\/uploads\/2026\/01\/image-172-1024x683.png\" alt=\"\" class=\"wp-image-5482\" style=\"aspect-ratio:1.4992888417882142;width:433px;height:auto\" srcset=\"https:\/\/elglobal.do\/wp-content\/uploads\/2026\/01\/image-172-1024x683.png 1024w, https:\/\/elglobal.do\/wp-content\/uploads\/2026\/01\/image-172-300x200.png 300w, https:\/\/elglobal.do\/wp-content\/uploads\/2026\/01\/image-172-768x512.png 768w, https:\/\/elglobal.do\/wp-content\/uploads\/2026\/01\/image-172.png 1500w\" sizes=\"auto, (max-width: 1024px) 100vw, 1024px\" \/><\/figure>\n<\/div>\n\n\n<p><br>El Director general de ProIndustria, Rafael Cruz aseguro que el parque es uno de los parques de mayor potencialidad que tiene el Estado dominicano en toda la regi\u00f3n del Cibao. \u00abTenemos unos 600,000 m\u00b2 disponibles para la construcci\u00f3n de nuevas naves en este parque, y ustedes conocen que, con el programa de reconocimiento de inversi\u00f3n, Proindustria le reconoce a todo el que quiere invertir en el parque el 100 % de la inversi\u00f3n que haga para la construcci\u00f3n de nuevas naves. Igual ocurre con la reestructuraci\u00f3n de naves que hemos ido recuperando en los \u00faltimos a\u00f1os\u00bb dijo Cruz.<\/p>\n\n\n\n<p>Cruz Rodr\u00edguez tambien destac\u00f3 que, como parte de los esfuerzos de recuperaci\u00f3n impulsados por Proindustria, el parque ha logrado una reactivaci\u00f3n progresiva en materia de empleos.<\/p>\n\n\n\n<p><br>Por otra parte, la gobernadora de Bonao, Adela Tejeda coment\u00f3 que Proindustria ha  estado trabajando de la mano con las utoridades de Bonao, recuperando naves y atrayendo inversionistas a esa regi\u00f3n. \u00abNosotros, como centro de la isla aqu\u00ed en Bonao, y por la cercan\u00eda que tenemos con puertos y aeropuertos, sabemos que contamos con un gran potencial para desarrollar este parque. Ahora estamos viendo c\u00f3mo atraer m\u00e1s empresarios y c\u00f3mo impulsar la ampliaci\u00f3n de este parque\u00bb sostuvo Tejeda.<\/p>\n\n\n\n<p><\/p>\n\n\n\n<p><\/p>\n","protected":false},"excerpt":{"rendered":"<p>Bonao.- El director general del Centro de Desarrollo y Competitividad Industrial (Proindustria), Rafael Cruz Rodr\u00edguez, anunci\u00f3 la conformaci\u00f3n de una mesa estrat\u00e9gica de trabajo orientada al relanzamiento de la Zona&hellip; <\/p>\n","protected":false},"author":1,"featured_media":5481,"comment_status":"open","ping_status":"open","sticky":false,"template":"","format":"standard","meta":{"_jetpack_memberships_contains_paid_content":false,"footnotes":""},"categories":[10],"tags":[2090,1409,3094,2195,2194],"class_list":["post-5480","post","type-post","status-publish","format-standard","has-post-thumbnail","hentry","category-economia","tag-bonao","tag-empleos","tag-mesaestrategica","tag-proindustria","tag-zonafranca"],"yoast_head":"<!-- This site is optimized with the Yoast SEO plugin v26.9 - https:\/\/yoast.com\/product\/yoast-seo-wordpress\/ -->\n<title>Proindustria impulsar\u00e1 mesa estrat\u00e9gica para relanzar Zona Franca de Bonao - EL GLOBAL INFORMATIVO<\/title>\n<meta name=\"robots\" content=\"index, follow, max-snippet:-1, max-image-preview:large, max-video-preview:-1\" \/>\n<link rel=\"canonical\" href=\"https:\/\/elglobal.do\/index.php\/2026\/01\/26\/proindustria-impulsara-mesa-estrategica-para-relanzar-zona-franca-de-bonao\/\" \/>\n<meta property=\"og:locale\" content=\"es_ES\" \/>\n<meta property=\"og:type\" content=\"article\" \/>\n<meta property=\"og:title\" content=\"Proindustria impulsar\u00e1 mesa estrat\u00e9gica para relanzar Zona Franca de Bonao - EL GLOBAL INFORMATIVO\" \/>\n<meta property=\"og:description\" content=\"Bonao.- El director general del Centro de Desarrollo y Competitividad Industrial (Proindustria), Rafael Cruz Rodr\u00edguez, anunci\u00f3 la conformaci\u00f3n de una mesa estrat\u00e9gica de trabajo orientada al relanzamiento de la Zona&hellip;\" \/>\n<meta property=\"og:url\" content=\"https:\/\/elglobal.do\/index.php\/2026\/01\/26\/proindustria-impulsara-mesa-estrategica-para-relanzar-zona-franca-de-bonao\/\" \/>\n<meta property=\"og:site_name\" content=\"EL GLOBAL INFORMATIVO\" \/>\n<meta property=\"article:published_time\" content=\"2026-01-26T17:57:05+00:00\" \/>\n<meta property=\"article:modified_time\" content=\"2026-01-26T17:57:09+00:00\" \/>\n<meta property=\"og:image\" content=\"https:\/\/elglobal.do\/wp-content\/uploads\/2026\/01\/image-171.png\" \/>\n\t<meta property=\"og:image:width\" content=\"1500\" \/>\n\t<meta property=\"og:image:height\" content=\"1000\" \/>\n\t<meta property=\"og:image:type\" content=\"image\/png\" \/>\n<meta name=\"author\" content=\"EL GLOBAL\" \/>\n<meta name=\"twitter:card\" content=\"summary_large_image\" \/>\n<meta name=\"twitter:label1\" content=\"Escrito por\" \/>\n\t<meta name=\"twitter:data1\" content=\"EL GLOBAL\" \/>\n\t<meta name=\"twitter:label2\" content=\"Tiempo de lectura\" \/>\n\t<meta name=\"twitter:data2\" content=\"3 minutos\" \/>\n<script type=\"application\/ld+json\" class=\"yoast-schema-graph\">{\"@context\":\"https:\/\/schema.org\",\"@graph\":[{\"@type\":\"Article\",\"@id\":\"https:\/\/elglobal.do\/index.php\/2026\/01\/26\/proindustria-impulsara-mesa-estrategica-para-relanzar-zona-franca-de-bonao\/#article\",\"isPartOf\":{\"@id\":\"https:\/\/elglobal.do\/index.php\/2026\/01\/26\/proindustria-impulsara-mesa-estrategica-para-relanzar-zona-franca-de-bonao\/\"},\"author\":{\"name\":\"EL GLOBAL\",\"@id\":\"https:\/\/elglobal.do\/#\/schema\/person\/0c97ec2c7714fb605d230c292f64d55f\"},\"headline\":\"Proindustria impulsar\u00e1 mesa estrat\u00e9gica para relanzar Zona Franca de Bonao\",\"datePublished\":\"2026-01-26T17:57:05+00:00\",\"dateModified\":\"2026-01-26T17:57:09+00:00\",\"mainEntityOfPage\":{\"@id\":\"https:\/\/elglobal.do\/index.php\/2026\/01\/26\/proindustria-impulsara-mesa-estrategica-para-relanzar-zona-franca-de-bonao\/\"},\"wordCount\":412,\"commentCount\":0,\"publisher\":{\"@id\":\"https:\/\/elglobal.do\/#organization\"},\"image\":{\"@id\":\"https:\/\/elglobal.do\/index.php\/2026\/01\/26\/proindustria-impulsara-mesa-estrategica-para-relanzar-zona-franca-de-bonao\/#primaryimage\"},\"thumbnailUrl\":\"https:\/\/elglobal.do\/wp-content\/uploads\/2026\/01\/image-171.png\",\"keywords\":[\"#Bonao\",\"#Empleos\",\"#MesaEstrat\u00e9gica\",\"#Proindustria\",\"#ZonaFranca\"],\"articleSection\":[\"ECONOM\u00cdA\"],\"inLanguage\":\"es\",\"potentialAction\":[{\"@type\":\"CommentAction\",\"name\":\"Comment\",\"target\":[\"https:\/\/elglobal.do\/index.php\/2026\/01\/26\/proindustria-impulsara-mesa-estrategica-para-relanzar-zona-franca-de-bonao\/#respond\"]}]},{\"@type\":\"WebPage\",\"@id\":\"https:\/\/elglobal.do\/index.php\/2026\/01\/26\/proindustria-impulsara-mesa-estrategica-para-relanzar-zona-franca-de-bonao\/\",\"url\":\"https:\/\/elglobal.do\/index.php\/2026\/01\/26\/proindustria-impulsara-mesa-estrategica-para-relanzar-zona-franca-de-bonao\/\",\"name\":\"Proindustria impulsar\u00e1 mesa estrat\u00e9gica para relanzar Zona Franca de Bonao - EL GLOBAL INFORMATIVO\",\"isPartOf\":{\"@id\":\"https:\/\/elglobal.do\/#website\"},\"primaryImageOfPage\":{\"@id\":\"https:\/\/elglobal.do\/index.php\/2026\/01\/26\/proindustria-impulsara-mesa-estrategica-para-relanzar-zona-franca-de-bonao\/#primaryimage\"},\"image\":{\"@id\":\"https:\/\/elglobal.do\/index.php\/2026\/01\/26\/proindustria-impulsara-mesa-estrategica-para-relanzar-zona-franca-de-bonao\/#primaryimage\"},\"thumbnailUrl\":\"https:\/\/elglobal.do\/wp-content\/uploads\/2026\/01\/image-171.png\",\"datePublished\":\"2026-01-26T17:57:05+00:00\",\"dateModified\":\"2026-01-26T17:57:09+00:00\",\"breadcrumb\":{\"@id\":\"https:\/\/elglobal.do\/index.php\/2026\/01\/26\/proindustria-impulsara-mesa-estrategica-para-relanzar-zona-franca-de-bonao\/#breadcrumb\"},\"inLanguage\":\"es\",\"potentialAction\":[{\"@type\":\"ReadAction\",\"target\":[\"https:\/\/elglobal.do\/index.php\/2026\/01\/26\/proindustria-impulsara-mesa-estrategica-para-relanzar-zona-franca-de-bonao\/\"]}]},{\"@type\":\"ImageObject\",\"inLanguage\":\"es\",\"@id\":\"https:\/\/elglobal.do\/index.php\/2026\/01\/26\/proindustria-impulsara-mesa-estrategica-para-relanzar-zona-franca-de-bonao\/#primaryimage\",\"url\":\"https:\/\/elglobal.do\/wp-content\/uploads\/2026\/01\/image-171.png\",\"contentUrl\":\"https:\/\/elglobal.do\/wp-content\/uploads\/2026\/01\/image-171.png\",\"width\":1500,\"height\":1000},{\"@type\":\"BreadcrumbList\",\"@id\":\"https:\/\/elglobal.do\/index.php\/2026\/01\/26\/proindustria-impulsara-mesa-estrategica-para-relanzar-zona-franca-de-bonao\/#breadcrumb\",\"itemListElement\":[{\"@type\":\"ListItem\",\"position\":1,\"name\":\"Portada\",\"item\":\"https:\/\/elglobal.do\/\"},{\"@type\":\"ListItem\",\"position\":2,\"name\":\"Proindustria impulsar\u00e1 mesa estrat\u00e9gica para relanzar Zona Franca de Bonao\"}]},{\"@type\":\"WebSite\",\"@id\":\"https:\/\/elglobal.do\/#website\",\"url\":\"https:\/\/elglobal.do\/\",\"name\":\"EL GLOBAL INFORMATIVO\",\"description\":\"Peri\u00f3dico digital de la Rep\u00fablica Dominicana que ofrece noticias, novedades, pol\u00edtica y las \u00faltimas actualidades, con informaci\u00f3n veraz y oportuna para mantenerte siempre informad\",\"publisher\":{\"@id\":\"https:\/\/elglobal.do\/#organization\"},\"potentialAction\":[{\"@type\":\"SearchAction\",\"target\":{\"@type\":\"EntryPoint\",\"urlTemplate\":\"https:\/\/elglobal.do\/?s={search_term_string}\"},\"query-input\":{\"@type\":\"PropertyValueSpecification\",\"valueRequired\":true,\"valueName\":\"search_term_string\"}}],\"inLanguage\":\"es\"},{\"@type\":\"Organization\",\"@id\":\"https:\/\/elglobal.do\/#organization\",\"name\":\"EL GLOBAL.DO INFORMATIVO\",\"url\":\"https:\/\/elglobal.do\/\",\"logo\":{\"@type\":\"ImageObject\",\"inLanguage\":\"es\",\"@id\":\"https:\/\/elglobal.do\/#\/schema\/logo\/image\/\",\"url\":\"https:\/\/elglobal.do\/wp-content\/uploads\/2025\/08\/icon.png\",\"contentUrl\":\"https:\/\/elglobal.do\/wp-content\/uploads\/2025\/08\/icon.png\",\"width\":512,\"height\":512,\"caption\":\"EL GLOBAL.DO INFORMATIVO\"},\"image\":{\"@id\":\"https:\/\/elglobal.do\/#\/schema\/logo\/image\/\"}},{\"@type\":\"Person\",\"@id\":\"https:\/\/elglobal.do\/#\/schema\/person\/0c97ec2c7714fb605d230c292f64d55f\",\"name\":\"EL GLOBAL\",\"image\":{\"@type\":\"ImageObject\",\"inLanguage\":\"es\",\"@id\":\"https:\/\/elglobal.do\/#\/schema\/person\/image\/\",\"url\":\"https:\/\/secure.gravatar.com\/avatar\/081cfb6cf99faddc6f4e23a0c11ab98c5cf302925382d1c88dc3ed757ab910a3?s=96&d=mm&r=g\",\"contentUrl\":\"https:\/\/secure.gravatar.com\/avatar\/081cfb6cf99faddc6f4e23a0c11ab98c5cf302925382d1c88dc3ed757ab910a3?s=96&d=mm&r=g\",\"caption\":\"EL GLOBAL\"},\"description\":\"El Global Informativo es un peri\u00f3dico digital de Rep\u00fablica Dominicana que se dedica a cubrir temas importantes, como la pol\u00edtica local, geopol\u00edtica, econom\u00eda, tecnolog\u00eda, noticias internacionales y eventos relacionados con la gesti\u00f3n social, cultural y humana. Su objetivo principal es mantener a la poblaci\u00f3n informada, ofreciendo una visi\u00f3n amplia y actualizada de lo que sucede tanto en el pa\u00eds como en el mundo. Est\u00e1 dirigido por un grupo de periodistas experimentados, lo que garantiza la calidad y la precisi\u00f3n de la informaci\u00f3n que ofrecen. Tiene su sede en la ciudad de Santo Domingo y es parte integral del portafolio de la empresa, MC Global S.R.L.\",\"sameAs\":[\"https:\/\/elglobal.do\",\"https:\/\/www.instagram.com\/elglobal.do_informativo\/\"],\"url\":\"https:\/\/elglobal.do\/index.php\/author\/elglobaluserpro\/\"}]}<\/script>\n<!-- \/ Yoast SEO plugin. -->","yoast_head_json":{"title":"Proindustria impulsar\u00e1 mesa estrat\u00e9gica para relanzar Zona Franca de Bonao - EL GLOBAL INFORMATIVO","robots":{"index":"index","follow":"follow","max-snippet":"max-snippet:-1","max-image-preview":"max-image-preview:large","max-video-preview":"max-video-preview:-1"},"canonical":"https:\/\/elglobal.do\/index.php\/2026\/01\/26\/proindustria-impulsara-mesa-estrategica-para-relanzar-zona-franca-de-bonao\/","og_locale":"es_ES","og_type":"article","og_title":"Proindustria impulsar\u00e1 mesa estrat\u00e9gica para relanzar Zona Franca de Bonao - EL GLOBAL INFORMATIVO","og_description":"Bonao.- El director general del Centro de Desarrollo y Competitividad Industrial (Proindustria), Rafael Cruz Rodr\u00edguez, anunci\u00f3 la conformaci\u00f3n de una mesa estrat\u00e9gica de trabajo orientada al relanzamiento de la Zona&hellip;","og_url":"https:\/\/elglobal.do\/index.php\/2026\/01\/26\/proindustria-impulsara-mesa-estrategica-para-relanzar-zona-franca-de-bonao\/","og_site_name":"EL GLOBAL INFORMATIVO","article_published_time":"2026-01-26T17:57:05+00:00","article_modified_time":"2026-01-26T17:57:09+00:00","og_image":[{"width":1500,"height":1000,"url":"https:\/\/elglobal.do\/wp-content\/uploads\/2026\/01\/image-171.png","type":"image\/png"}],"author":"EL GLOBAL","twitter_card":"summary_large_image","twitter_misc":{"Escrito por":"EL GLOBAL","Tiempo de lectura":"3 minutos"},"schema":{"@context":"https:\/\/schema.org","@graph":[{"@type":"Article","@id":"https:\/\/elglobal.do\/index.php\/2026\/01\/26\/proindustria-impulsara-mesa-estrategica-para-relanzar-zona-franca-de-bonao\/#article","isPartOf":{"@id":"https:\/\/elglobal.do\/index.php\/2026\/01\/26\/proindustria-impulsara-mesa-estrategica-para-relanzar-zona-franca-de-bonao\/"},"author":{"name":"EL GLOBAL","@id":"https:\/\/elglobal.do\/#\/schema\/person\/0c97ec2c7714fb605d230c292f64d55f"},"headline":"Proindustria impulsar\u00e1 mesa estrat\u00e9gica para relanzar Zona Franca de Bonao","datePublished":"2026-01-26T17:57:05+00:00","dateModified":"2026-01-26T17:57:09+00:00","mainEntityOfPage":{"@id":"https:\/\/elglobal.do\/index.php\/2026\/01\/26\/proindustria-impulsara-mesa-estrategica-para-relanzar-zona-franca-de-bonao\/"},"wordCount":412,"commentCount":0,"publisher":{"@id":"https:\/\/elglobal.do\/#organization"},"image":{"@id":"https:\/\/elglobal.do\/index.php\/2026\/01\/26\/proindustria-impulsara-mesa-estrategica-para-relanzar-zona-franca-de-bonao\/#primaryimage"},"thumbnailUrl":"https:\/\/elglobal.do\/wp-content\/uploads\/2026\/01\/image-171.png","keywords":["#Bonao","#Empleos","#MesaEstrat\u00e9gica","#Proindustria","#ZonaFranca"],"articleSection":["ECONOM\u00cdA"],"inLanguage":"es","potentialAction":[{"@type":"CommentAction","name":"Comment","target":["https:\/\/elglobal.do\/index.php\/2026\/01\/26\/proindustria-impulsara-mesa-estrategica-para-relanzar-zona-franca-de-bonao\/#respond"]}]},{"@type":"WebPage","@id":"https:\/\/elglobal.do\/index.php\/2026\/01\/26\/proindustria-impulsara-mesa-estrategica-para-relanzar-zona-franca-de-bonao\/","url":"https:\/\/elglobal.do\/index.php\/2026\/01\/26\/proindustria-impulsara-mesa-estrategica-para-relanzar-zona-franca-de-bonao\/","name":"Proindustria impulsar\u00e1 mesa estrat\u00e9gica para relanzar Zona Franca de Bonao - EL GLOBAL INFORMATIVO","isPartOf":{"@id":"https:\/\/elglobal.do\/#website"},"primaryImageOfPage":{"@id":"https:\/\/elglobal.do\/index.php\/2026\/01\/26\/proindustria-impulsara-mesa-estrategica-para-relanzar-zona-franca-de-bonao\/#primaryimage"},"image":{"@id":"https:\/\/elglobal.do\/index.php\/2026\/01\/26\/proindustria-impulsara-mesa-estrategica-para-relanzar-zona-franca-de-bonao\/#primaryimage"},"thumbnailUrl":"https:\/\/elglobal.do\/wp-content\/uploads\/2026\/01\/image-171.png","datePublished":"2026-01-26T17:57:05+00:00","dateModified":"2026-01-26T17:57:09+00:00","breadcrumb":{"@id":"https:\/\/elglobal.do\/index.php\/2026\/01\/26\/proindustria-impulsara-mesa-estrategica-para-relanzar-zona-franca-de-bonao\/#breadcrumb"},"inLanguage":"es","potentialAction":[{"@type":"ReadAction","target":["https:\/\/elglobal.do\/index.php\/2026\/01\/26\/proindustria-impulsara-mesa-estrategica-para-relanzar-zona-franca-de-bonao\/"]}]},{"@type":"ImageObject","inLanguage":"es","@id":"https:\/\/elglobal.do\/index.php\/2026\/01\/26\/proindustria-impulsara-mesa-estrategica-para-relanzar-zona-franca-de-bonao\/#primaryimage","url":"https:\/\/elglobal.do\/wp-content\/uploads\/2026\/01\/image-171.png","contentUrl":"https:\/\/elglobal.do\/wp-content\/uploads\/2026\/01\/image-171.png","width":1500,"height":1000},{"@type":"BreadcrumbList","@id":"https:\/\/elglobal.do\/index.php\/2026\/01\/26\/proindustria-impulsara-mesa-estrategica-para-relanzar-zona-franca-de-bonao\/#breadcrumb","itemListElement":[{"@type":"ListItem","position":1,"name":"Portada","item":"https:\/\/elglobal.do\/"},{"@type":"ListItem","position":2,"name":"Proindustria impulsar\u00e1 mesa estrat\u00e9gica para relanzar Zona Franca de Bonao"}]},{"@type":"WebSite","@id":"https:\/\/elglobal.do\/#website","url":"https:\/\/elglobal.do\/","name":"EL GLOBAL INFORMATIVO","description":"Peri\u00f3dico digital de la Rep\u00fablica Dominicana que ofrece noticias, novedades, pol\u00edtica y las \u00faltimas actualidades, con informaci\u00f3n veraz y oportuna para mantenerte siempre informad","publisher":{"@id":"https:\/\/elglobal.do\/#organization"},"potentialAction":[{"@type":"SearchAction","target":{"@type":"EntryPoint","urlTemplate":"https:\/\/elglobal.do\/?s={search_term_string}"},"query-input":{"@type":"PropertyValueSpecification","valueRequired":true,"valueName":"search_term_string"}}],"inLanguage":"es"},{"@type":"Organization","@id":"https:\/\/elglobal.do\/#organization","name":"EL GLOBAL.DO INFORMATIVO","url":"https:\/\/elglobal.do\/","logo":{"@type":"ImageObject","inLanguage":"es","@id":"https:\/\/elglobal.do\/#\/schema\/logo\/image\/","url":"https:\/\/elglobal.do\/wp-content\/uploads\/2025\/08\/icon.png","contentUrl":"https:\/\/elglobal.do\/wp-content\/uploads\/2025\/08\/icon.png","width":512,"height":512,"caption":"EL GLOBAL.DO INFORMATIVO"},"image":{"@id":"https:\/\/elglobal.do\/#\/schema\/logo\/image\/"}},{"@type":"Person","@id":"https:\/\/elglobal.do\/#\/schema\/person\/0c97ec2c7714fb605d230c292f64d55f","name":"EL GLOBAL","image":{"@type":"ImageObject","inLanguage":"es","@id":"https:\/\/elglobal.do\/#\/schema\/person\/image\/","url":"https:\/\/secure.gravatar.com\/avatar\/081cfb6cf99faddc6f4e23a0c11ab98c5cf302925382d1c88dc3ed757ab910a3?s=96&d=mm&r=g","contentUrl":"https:\/\/secure.gravatar.com\/avatar\/081cfb6cf99faddc6f4e23a0c11ab98c5cf302925382d1c88dc3ed757ab910a3?s=96&d=mm&r=g","caption":"EL GLOBAL"},"description":"El Global Informativo es un peri\u00f3dico digital de Rep\u00fablica Dominicana que se dedica a cubrir temas importantes, como la pol\u00edtica local, geopol\u00edtica, econom\u00eda, tecnolog\u00eda, noticias internacionales y eventos relacionados con la gesti\u00f3n social, cultural y humana. Su objetivo principal es mantener a la poblaci\u00f3n informada, ofreciendo una visi\u00f3n amplia y actualizada de lo que sucede tanto en el pa\u00eds como en el mundo. Est\u00e1 dirigido por un grupo de periodistas experimentados, lo que garantiza la calidad y la precisi\u00f3n de la informaci\u00f3n que ofrecen. Tiene su sede en la ciudad de Santo Domingo y es parte integral del portafolio de la empresa, MC Global S.R.L.","sameAs":["https:\/\/elglobal.do","https:\/\/www.instagram.com\/elglobal.do_informativo\/"],"url":"https:\/\/elglobal.do\/index.php\/author\/elglobaluserpro\/"}]}},"jetpack_featured_media_url":"https:\/\/elglobal.do\/wp-content\/uploads\/2026\/01\/image-171.png","jetpack_sharing_enabled":true,"_links":{"self":[{"href":"https:\/\/elglobal.do\/index.php\/wp-json\/wp\/v2\/posts\/5480","targetHints":{"allow":["GET"]}}],"collection":[{"href":"https:\/\/elglobal.do\/index.php\/wp-json\/wp\/v2\/posts"}],"about":[{"href":"https:\/\/elglobal.do\/index.php\/wp-json\/wp\/v2\/types\/post"}],"author":[{"embeddable":true,"href":"https:\/\/elglobal.do\/index.php\/wp-json\/wp\/v2\/users\/1"}],"replies":[{"embeddable":true,"href":"https:\/\/elglobal.do\/index.php\/wp-json\/wp\/v2\/comments?post=5480"}],"version-history":[{"count":1,"href":"https:\/\/elglobal.do\/index.php\/wp-json\/wp\/v2\/posts\/5480\/revisions"}],"predecessor-version":[{"id":5483,"href":"https:\/\/elglobal.do\/index.php\/wp-json\/wp\/v2\/posts\/5480\/revisions\/5483"}],"wp:featuredmedia":[{"embeddable":true,"href":"https:\/\/elglobal.do\/index.php\/wp-json\/wp\/v2\/media\/5481"}],"wp:attachment":[{"href":"https:\/\/elglobal.do\/index.php\/wp-json\/wp\/v2\/media?parent=5480"}],"wp:term":[{"taxonomy":"category","embeddable":true,"href":"https:\/\/elglobal.do\/index.php\/wp-json\/wp\/v2\/categories?post=5480"},{"taxonomy":"post_tag","embeddable":true,"href":"https:\/\/elglobal.do\/index.php\/wp-json\/wp\/v2\/tags?post=5480"}],"curies":[{"name":"wp","href":"https:\/\/api.w.org\/{rel}","templated":true}]}}