{"id":552,"date":"2025-08-05T14:15:24","date_gmt":"2025-08-05T18:15:24","guid":{"rendered":"https:\/\/elglobal.do\/?p=552"},"modified":"2025-09-09T09:53:47","modified_gmt":"2025-09-09T13:53:47","slug":"estados-unidos-quiere-acelerar-los-planes-para-construir-un-reactor-nuclear-en-la-luna","status":"publish","type":"post","link":"https:\/\/elglobal.do\/index.php\/2025\/08\/05\/estados-unidos-quiere-acelerar-los-planes-para-construir-un-reactor-nuclear-en-la-luna\/","title":{"rendered":"Estados Unidos quiere acelerar los planes para construir un reactor nuclear en la Luna"},"content":{"rendered":"\n<figure class=\"wp-block-image size-full\"><img loading=\"lazy\" decoding=\"async\" width=\"903\" height=\"655\" src=\"https:\/\/elglobal.do\/wp-content\/uploads\/2025\/08\/NASA-1024x683-1-e1755188676983.avif\" alt=\"\" class=\"wp-image-1136\" srcset=\"https:\/\/elglobal.do\/wp-content\/uploads\/2025\/08\/NASA-1024x683-1-e1755188676983.avif 903w, https:\/\/elglobal.do\/wp-content\/uploads\/2025\/08\/NASA-1024x683-1-e1755188676983-300x218.avif 300w, https:\/\/elglobal.do\/wp-content\/uploads\/2025\/08\/NASA-1024x683-1-e1755188676983-768x557.avif 768w\" sizes=\"auto, (max-width: 903px) 100vw, 903px\" \/><\/figure>\n\n\n\n<p><em>El administrador interino de la NASA, Sean Duffy, quiere cambiar la colaboraci\u00f3n con la industria para reemplazar la Estaci\u00f3n Espacial Internacional<\/em>.<\/p>\n\n\n\n<p>El administrador interino de la NASA,&nbsp;Sean Duffy, planea acelerar la construcci\u00f3n de un reactor nuclear lunar y cambiar la colaboraci\u00f3n con la industria para reemplazar la Estaci\u00f3n Espacial Internacional.<\/p>\n\n\n\n<p>Los planes, descritos en directivas distribuidas dentro de la NASA y consultadas&nbsp;por Bloomberg, marcan los primeros cambios importantes en las pol\u00edticas de Duffy tras su nombramiento como director interino de la agencia espacial por parte del presidente estadounidense, Donald Trump.<\/p>\n\n\n\n<p>Una de las directivas,&nbsp;reportada inicialmente por&nbsp;<em>Politico<\/em>, tendr\u00eda como objetivo acelerar el desarrollo de un reactor de fisi\u00f3n nuclear que podr\u00eda utilizarse para generar energ\u00eda en la Luna alg\u00fan d\u00eda e inspirar futuros dise\u00f1os de una central el\u00e9ctrica que podr\u00eda utilizarse en Marte, seg\u00fan recoge Europa Press.<\/p>\n\n\n\n<p>La NASA ya hab\u00eda adjudicado contratos a empresas comerciales para dise\u00f1ar peque\u00f1os reactores de fisi\u00f3n nuclear, pero la directiva de Duffy&nbsp;instruye a la NASA&nbsp;a convocar a la industria para crear un reactor m\u00e1s potente, con el objetivo de tener la tecnolog\u00eda lista para su lanzamiento en 2030.<\/p>\n\n\n\n<p>La segunda directiva se centra en los esfuerzos de la NASA para aprovechar la industria espacial comercial para desarrollar nuevas estaciones espaciales que podr\u00edan&nbsp;reemplazar a la Estaci\u00f3n Espacial Internacional&nbsp;cuando esta se retire a finales de 2030.<\/p>\n\n\n\n<p>La directiva cambia la forma en que la agencia espacial contratar\u00e1 a las empresas seleccionadas para construir estaciones espaciales de reemplazo, una medida dise\u00f1ada para brindar mayor flexibilidad si los niveles de financiaci\u00f3n de la NASA fluct\u00faan en los pr\u00f3ximos a\u00f1os.<\/p>\n\n\n\n<p>Estas medidas se producen d\u00edas despu\u00e9s de que Duffy se reuniera con el director de la agencia espacial rusa, Dmitry Bakanov, en el primer c\u00f3nclave entre l\u00edderes de las agencias espaciales de ambos pa\u00edses desde 2018. Durante la reuni\u00f3n, Duffy y Bakanov abordaron el futuro de la Estaci\u00f3n Espacial Internacional, el laboratorio orbital utilizado por ambas naciones, y la exploraci\u00f3n conjunta de la Luna, seg\u00fan un comunicado de Roscosmos.<\/p>\n\n\n\n<p><\/p>\n","protected":false},"excerpt":{"rendered":"<p>El administrador interino de la NASA, Sean Duffy, quiere cambiar la colaboraci\u00f3n con la industria para reemplazar la Estaci\u00f3n Espacial Internacional. El administrador interino de la NASA,&nbsp;Sean Duffy, planea acelerar&hellip; <\/p>\n","protected":false},"author":1,"featured_media":555,"comment_status":"open","ping_status":"open","sticky":false,"template":"","format":"standard","meta":{"_jetpack_memberships_contains_paid_content":false,"footnotes":""},"categories":[6],"tags":[153,154,152],"class_list":["post-552","post","type-post","status-publish","format-standard","has-post-thumbnail","hentry","category-ciencia","tag-luna","tag-nasa","tag-reactornuclear"],"yoast_head":"<!-- This site is optimized with the Yoast SEO plugin v26.9 - https:\/\/yoast.com\/product\/yoast-seo-wordpress\/ -->\n<title>Estados Unidos quiere acelerar los planes para construir un reactor nuclear en la Luna - EL GLOBAL INFORMATIVO<\/title>\n<meta name=\"robots\" content=\"index, follow, max-snippet:-1, max-image-preview:large, max-video-preview:-1\" \/>\n<link rel=\"canonical\" href=\"https:\/\/elglobal.do\/index.php\/2025\/08\/05\/estados-unidos-quiere-acelerar-los-planes-para-construir-un-reactor-nuclear-en-la-luna\/\" \/>\n<meta property=\"og:locale\" content=\"es_ES\" \/>\n<meta property=\"og:type\" content=\"article\" \/>\n<meta property=\"og:title\" content=\"Estados Unidos quiere acelerar los planes para construir un reactor nuclear en la Luna - EL GLOBAL INFORMATIVO\" \/>\n<meta property=\"og:description\" content=\"El administrador interino de la NASA, Sean Duffy, quiere cambiar la colaboraci\u00f3n con la industria para reemplazar la Estaci\u00f3n Espacial Internacional. El administrador interino de la NASA,&nbsp;Sean Duffy, planea acelerar&hellip;\" \/>\n<meta property=\"og:url\" content=\"https:\/\/elglobal.do\/index.php\/2025\/08\/05\/estados-unidos-quiere-acelerar-los-planes-para-construir-un-reactor-nuclear-en-la-luna\/\" \/>\n<meta property=\"og:site_name\" content=\"EL GLOBAL INFORMATIVO\" \/>\n<meta property=\"article:published_time\" content=\"2025-08-05T18:15:24+00:00\" \/>\n<meta property=\"article:modified_time\" content=\"2025-09-09T13:53:47+00:00\" \/>\n<meta name=\"author\" content=\"EL GLOBAL\" \/>\n<meta name=\"twitter:card\" content=\"summary_large_image\" \/>\n<meta name=\"twitter:label1\" content=\"Escrito por\" \/>\n\t<meta name=\"twitter:data1\" content=\"EL GLOBAL\" \/>\n\t<meta name=\"twitter:label2\" content=\"Tiempo de lectura\" \/>\n\t<meta name=\"twitter:data2\" content=\"2 minutos\" \/>\n<script type=\"application\/ld+json\" class=\"yoast-schema-graph\">{\"@context\":\"https:\/\/schema.org\",\"@graph\":[{\"@type\":\"Article\",\"@id\":\"https:\/\/elglobal.do\/index.php\/2025\/08\/05\/estados-unidos-quiere-acelerar-los-planes-para-construir-un-reactor-nuclear-en-la-luna\/#article\",\"isPartOf\":{\"@id\":\"https:\/\/elglobal.do\/index.php\/2025\/08\/05\/estados-unidos-quiere-acelerar-los-planes-para-construir-un-reactor-nuclear-en-la-luna\/\"},\"author\":{\"name\":\"EL GLOBAL\",\"@id\":\"https:\/\/elglobal.do\/#\/schema\/person\/0c97ec2c7714fb605d230c292f64d55f\"},\"headline\":\"Estados Unidos quiere acelerar los planes para construir un reactor nuclear en la Luna\",\"datePublished\":\"2025-08-05T18:15:24+00:00\",\"dateModified\":\"2025-09-09T13:53:47+00:00\",\"mainEntityOfPage\":{\"@id\":\"https:\/\/elglobal.do\/index.php\/2025\/08\/05\/estados-unidos-quiere-acelerar-los-planes-para-construir-un-reactor-nuclear-en-la-luna\/\"},\"wordCount\":394,\"commentCount\":0,\"publisher\":{\"@id\":\"https:\/\/elglobal.do\/#organization\"},\"image\":{\"@id\":\"https:\/\/elglobal.do\/index.php\/2025\/08\/05\/estados-unidos-quiere-acelerar-los-planes-para-construir-un-reactor-nuclear-en-la-luna\/#primaryimage\"},\"thumbnailUrl\":\"https:\/\/elglobal.do\/wp-content\/uploads\/2025\/08\/NASA.avif\",\"keywords\":[\"#Luna\",\"#NASA\",\"#Reactornuclear\"],\"articleSection\":[\"CIENCIA\"],\"inLanguage\":\"es\",\"potentialAction\":[{\"@type\":\"CommentAction\",\"name\":\"Comment\",\"target\":[\"https:\/\/elglobal.do\/index.php\/2025\/08\/05\/estados-unidos-quiere-acelerar-los-planes-para-construir-un-reactor-nuclear-en-la-luna\/#respond\"]}]},{\"@type\":\"WebPage\",\"@id\":\"https:\/\/elglobal.do\/index.php\/2025\/08\/05\/estados-unidos-quiere-acelerar-los-planes-para-construir-un-reactor-nuclear-en-la-luna\/\",\"url\":\"https:\/\/elglobal.do\/index.php\/2025\/08\/05\/estados-unidos-quiere-acelerar-los-planes-para-construir-un-reactor-nuclear-en-la-luna\/\",\"name\":\"Estados Unidos quiere acelerar los planes para construir un reactor nuclear en la Luna - EL GLOBAL INFORMATIVO\",\"isPartOf\":{\"@id\":\"https:\/\/elglobal.do\/#website\"},\"primaryImageOfPage\":{\"@id\":\"https:\/\/elglobal.do\/index.php\/2025\/08\/05\/estados-unidos-quiere-acelerar-los-planes-para-construir-un-reactor-nuclear-en-la-luna\/#primaryimage\"},\"image\":{\"@id\":\"https:\/\/elglobal.do\/index.php\/2025\/08\/05\/estados-unidos-quiere-acelerar-los-planes-para-construir-un-reactor-nuclear-en-la-luna\/#primaryimage\"},\"thumbnailUrl\":\"https:\/\/elglobal.do\/wp-content\/uploads\/2025\/08\/NASA.avif\",\"datePublished\":\"2025-08-05T18:15:24+00:00\",\"dateModified\":\"2025-09-09T13:53:47+00:00\",\"breadcrumb\":{\"@id\":\"https:\/\/elglobal.do\/index.php\/2025\/08\/05\/estados-unidos-quiere-acelerar-los-planes-para-construir-un-reactor-nuclear-en-la-luna\/#breadcrumb\"},\"inLanguage\":\"es\",\"potentialAction\":[{\"@type\":\"ReadAction\",\"target\":[\"https:\/\/elglobal.do\/index.php\/2025\/08\/05\/estados-unidos-quiere-acelerar-los-planes-para-construir-un-reactor-nuclear-en-la-luna\/\"]}]},{\"@type\":\"ImageObject\",\"inLanguage\":\"es\",\"@id\":\"https:\/\/elglobal.do\/index.php\/2025\/08\/05\/estados-unidos-quiere-acelerar-los-planes-para-construir-un-reactor-nuclear-en-la-luna\/#primaryimage\",\"url\":\"https:\/\/elglobal.do\/wp-content\/uploads\/2025\/08\/NASA.avif\",\"contentUrl\":\"https:\/\/elglobal.do\/wp-content\/uploads\/2025\/08\/NASA.avif\",\"width\":1200,\"height\":800},{\"@type\":\"BreadcrumbList\",\"@id\":\"https:\/\/elglobal.do\/index.php\/2025\/08\/05\/estados-unidos-quiere-acelerar-los-planes-para-construir-un-reactor-nuclear-en-la-luna\/#breadcrumb\",\"itemListElement\":[{\"@type\":\"ListItem\",\"position\":1,\"name\":\"Portada\",\"item\":\"https:\/\/elglobal.do\/\"},{\"@type\":\"ListItem\",\"position\":2,\"name\":\"Estados Unidos quiere acelerar los planes para construir un reactor nuclear en la Luna\"}]},{\"@type\":\"WebSite\",\"@id\":\"https:\/\/elglobal.do\/#website\",\"url\":\"https:\/\/elglobal.do\/\",\"name\":\"EL GLOBAL INFORMATIVO\",\"description\":\"Peri\u00f3dico digital de la Rep\u00fablica Dominicana que ofrece noticias, novedades, pol\u00edtica y las \u00faltimas actualidades, con informaci\u00f3n veraz y oportuna para mantenerte siempre informad\",\"publisher\":{\"@id\":\"https:\/\/elglobal.do\/#organization\"},\"potentialAction\":[{\"@type\":\"SearchAction\",\"target\":{\"@type\":\"EntryPoint\",\"urlTemplate\":\"https:\/\/elglobal.do\/?s={search_term_string}\"},\"query-input\":{\"@type\":\"PropertyValueSpecification\",\"valueRequired\":true,\"valueName\":\"search_term_string\"}}],\"inLanguage\":\"es\"},{\"@type\":\"Organization\",\"@id\":\"https:\/\/elglobal.do\/#organization\",\"name\":\"EL GLOBAL.DO INFORMATIVO\",\"url\":\"https:\/\/elglobal.do\/\",\"logo\":{\"@type\":\"ImageObject\",\"inLanguage\":\"es\",\"@id\":\"https:\/\/elglobal.do\/#\/schema\/logo\/image\/\",\"url\":\"https:\/\/elglobal.do\/wp-content\/uploads\/2025\/08\/icon.png\",\"contentUrl\":\"https:\/\/elglobal.do\/wp-content\/uploads\/2025\/08\/icon.png\",\"width\":512,\"height\":512,\"caption\":\"EL GLOBAL.DO INFORMATIVO\"},\"image\":{\"@id\":\"https:\/\/elglobal.do\/#\/schema\/logo\/image\/\"}},{\"@type\":\"Person\",\"@id\":\"https:\/\/elglobal.do\/#\/schema\/person\/0c97ec2c7714fb605d230c292f64d55f\",\"name\":\"EL GLOBAL\",\"image\":{\"@type\":\"ImageObject\",\"inLanguage\":\"es\",\"@id\":\"https:\/\/elglobal.do\/#\/schema\/person\/image\/\",\"url\":\"https:\/\/secure.gravatar.com\/avatar\/081cfb6cf99faddc6f4e23a0c11ab98c5cf302925382d1c88dc3ed757ab910a3?s=96&d=mm&r=g\",\"contentUrl\":\"https:\/\/secure.gravatar.com\/avatar\/081cfb6cf99faddc6f4e23a0c11ab98c5cf302925382d1c88dc3ed757ab910a3?s=96&d=mm&r=g\",\"caption\":\"EL GLOBAL\"},\"description\":\"El Global Informativo es un peri\u00f3dico digital de Rep\u00fablica Dominicana que se dedica a cubrir temas importantes, como la pol\u00edtica local, geopol\u00edtica, econom\u00eda, tecnolog\u00eda, noticias internacionales y eventos relacionados con la gesti\u00f3n social, cultural y humana. Su objetivo principal es mantener a la poblaci\u00f3n informada, ofreciendo una visi\u00f3n amplia y actualizada de lo que sucede tanto en el pa\u00eds como en el mundo. Est\u00e1 dirigido por un grupo de periodistas experimentados, lo que garantiza la calidad y la precisi\u00f3n de la informaci\u00f3n que ofrecen. Tiene su sede en la ciudad de Santo Domingo y es parte integral del portafolio de la empresa, MC Global S.R.L.\",\"sameAs\":[\"https:\/\/elglobal.do\",\"https:\/\/www.instagram.com\/elglobal.do_informativo\/\"],\"url\":\"https:\/\/elglobal.do\/index.php\/author\/elglobaluserpro\/\"}]}<\/script>\n<!-- \/ Yoast SEO plugin. -->","yoast_head_json":{"title":"Estados Unidos quiere acelerar los planes para construir un reactor nuclear en la Luna - EL GLOBAL INFORMATIVO","robots":{"index":"index","follow":"follow","max-snippet":"max-snippet:-1","max-image-preview":"max-image-preview:large","max-video-preview":"max-video-preview:-1"},"canonical":"https:\/\/elglobal.do\/index.php\/2025\/08\/05\/estados-unidos-quiere-acelerar-los-planes-para-construir-un-reactor-nuclear-en-la-luna\/","og_locale":"es_ES","og_type":"article","og_title":"Estados Unidos quiere acelerar los planes para construir un reactor nuclear en la Luna - EL GLOBAL INFORMATIVO","og_description":"El administrador interino de la NASA, Sean Duffy, quiere cambiar la colaboraci\u00f3n con la industria para reemplazar la Estaci\u00f3n Espacial Internacional. El administrador interino de la NASA,&nbsp;Sean Duffy, planea acelerar&hellip;","og_url":"https:\/\/elglobal.do\/index.php\/2025\/08\/05\/estados-unidos-quiere-acelerar-los-planes-para-construir-un-reactor-nuclear-en-la-luna\/","og_site_name":"EL GLOBAL INFORMATIVO","article_published_time":"2025-08-05T18:15:24+00:00","article_modified_time":"2025-09-09T13:53:47+00:00","author":"EL GLOBAL","twitter_card":"summary_large_image","twitter_misc":{"Escrito por":"EL GLOBAL","Tiempo de lectura":"2 minutos"},"schema":{"@context":"https:\/\/schema.org","@graph":[{"@type":"Article","@id":"https:\/\/elglobal.do\/index.php\/2025\/08\/05\/estados-unidos-quiere-acelerar-los-planes-para-construir-un-reactor-nuclear-en-la-luna\/#article","isPartOf":{"@id":"https:\/\/elglobal.do\/index.php\/2025\/08\/05\/estados-unidos-quiere-acelerar-los-planes-para-construir-un-reactor-nuclear-en-la-luna\/"},"author":{"name":"EL GLOBAL","@id":"https:\/\/elglobal.do\/#\/schema\/person\/0c97ec2c7714fb605d230c292f64d55f"},"headline":"Estados Unidos quiere acelerar los planes para construir un reactor nuclear en la Luna","datePublished":"2025-08-05T18:15:24+00:00","dateModified":"2025-09-09T13:53:47+00:00","mainEntityOfPage":{"@id":"https:\/\/elglobal.do\/index.php\/2025\/08\/05\/estados-unidos-quiere-acelerar-los-planes-para-construir-un-reactor-nuclear-en-la-luna\/"},"wordCount":394,"commentCount":0,"publisher":{"@id":"https:\/\/elglobal.do\/#organization"},"image":{"@id":"https:\/\/elglobal.do\/index.php\/2025\/08\/05\/estados-unidos-quiere-acelerar-los-planes-para-construir-un-reactor-nuclear-en-la-luna\/#primaryimage"},"thumbnailUrl":"https:\/\/elglobal.do\/wp-content\/uploads\/2025\/08\/NASA.avif","keywords":["#Luna","#NASA","#Reactornuclear"],"articleSection":["CIENCIA"],"inLanguage":"es","potentialAction":[{"@type":"CommentAction","name":"Comment","target":["https:\/\/elglobal.do\/index.php\/2025\/08\/05\/estados-unidos-quiere-acelerar-los-planes-para-construir-un-reactor-nuclear-en-la-luna\/#respond"]}]},{"@type":"WebPage","@id":"https:\/\/elglobal.do\/index.php\/2025\/08\/05\/estados-unidos-quiere-acelerar-los-planes-para-construir-un-reactor-nuclear-en-la-luna\/","url":"https:\/\/elglobal.do\/index.php\/2025\/08\/05\/estados-unidos-quiere-acelerar-los-planes-para-construir-un-reactor-nuclear-en-la-luna\/","name":"Estados Unidos quiere acelerar los planes para construir un reactor nuclear en la Luna - EL GLOBAL INFORMATIVO","isPartOf":{"@id":"https:\/\/elglobal.do\/#website"},"primaryImageOfPage":{"@id":"https:\/\/elglobal.do\/index.php\/2025\/08\/05\/estados-unidos-quiere-acelerar-los-planes-para-construir-un-reactor-nuclear-en-la-luna\/#primaryimage"},"image":{"@id":"https:\/\/elglobal.do\/index.php\/2025\/08\/05\/estados-unidos-quiere-acelerar-los-planes-para-construir-un-reactor-nuclear-en-la-luna\/#primaryimage"},"thumbnailUrl":"https:\/\/elglobal.do\/wp-content\/uploads\/2025\/08\/NASA.avif","datePublished":"2025-08-05T18:15:24+00:00","dateModified":"2025-09-09T13:53:47+00:00","breadcrumb":{"@id":"https:\/\/elglobal.do\/index.php\/2025\/08\/05\/estados-unidos-quiere-acelerar-los-planes-para-construir-un-reactor-nuclear-en-la-luna\/#breadcrumb"},"inLanguage":"es","potentialAction":[{"@type":"ReadAction","target":["https:\/\/elglobal.do\/index.php\/2025\/08\/05\/estados-unidos-quiere-acelerar-los-planes-para-construir-un-reactor-nuclear-en-la-luna\/"]}]},{"@type":"ImageObject","inLanguage":"es","@id":"https:\/\/elglobal.do\/index.php\/2025\/08\/05\/estados-unidos-quiere-acelerar-los-planes-para-construir-un-reactor-nuclear-en-la-luna\/#primaryimage","url":"https:\/\/elglobal.do\/wp-content\/uploads\/2025\/08\/NASA.avif","contentUrl":"https:\/\/elglobal.do\/wp-content\/uploads\/2025\/08\/NASA.avif","width":1200,"height":800},{"@type":"BreadcrumbList","@id":"https:\/\/elglobal.do\/index.php\/2025\/08\/05\/estados-unidos-quiere-acelerar-los-planes-para-construir-un-reactor-nuclear-en-la-luna\/#breadcrumb","itemListElement":[{"@type":"ListItem","position":1,"name":"Portada","item":"https:\/\/elglobal.do\/"},{"@type":"ListItem","position":2,"name":"Estados Unidos quiere acelerar los planes para construir un reactor nuclear en la Luna"}]},{"@type":"WebSite","@id":"https:\/\/elglobal.do\/#website","url":"https:\/\/elglobal.do\/","name":"EL GLOBAL INFORMATIVO","description":"Peri\u00f3dico digital de la Rep\u00fablica Dominicana que ofrece noticias, novedades, pol\u00edtica y las \u00faltimas actualidades, con informaci\u00f3n veraz y oportuna para mantenerte siempre informad","publisher":{"@id":"https:\/\/elglobal.do\/#organization"},"potentialAction":[{"@type":"SearchAction","target":{"@type":"EntryPoint","urlTemplate":"https:\/\/elglobal.do\/?s={search_term_string}"},"query-input":{"@type":"PropertyValueSpecification","valueRequired":true,"valueName":"search_term_string"}}],"inLanguage":"es"},{"@type":"Organization","@id":"https:\/\/elglobal.do\/#organization","name":"EL GLOBAL.DO INFORMATIVO","url":"https:\/\/elglobal.do\/","logo":{"@type":"ImageObject","inLanguage":"es","@id":"https:\/\/elglobal.do\/#\/schema\/logo\/image\/","url":"https:\/\/elglobal.do\/wp-content\/uploads\/2025\/08\/icon.png","contentUrl":"https:\/\/elglobal.do\/wp-content\/uploads\/2025\/08\/icon.png","width":512,"height":512,"caption":"EL GLOBAL.DO INFORMATIVO"},"image":{"@id":"https:\/\/elglobal.do\/#\/schema\/logo\/image\/"}},{"@type":"Person","@id":"https:\/\/elglobal.do\/#\/schema\/person\/0c97ec2c7714fb605d230c292f64d55f","name":"EL GLOBAL","image":{"@type":"ImageObject","inLanguage":"es","@id":"https:\/\/elglobal.do\/#\/schema\/person\/image\/","url":"https:\/\/secure.gravatar.com\/avatar\/081cfb6cf99faddc6f4e23a0c11ab98c5cf302925382d1c88dc3ed757ab910a3?s=96&d=mm&r=g","contentUrl":"https:\/\/secure.gravatar.com\/avatar\/081cfb6cf99faddc6f4e23a0c11ab98c5cf302925382d1c88dc3ed757ab910a3?s=96&d=mm&r=g","caption":"EL GLOBAL"},"description":"El Global Informativo es un peri\u00f3dico digital de Rep\u00fablica Dominicana que se dedica a cubrir temas importantes, como la pol\u00edtica local, geopol\u00edtica, econom\u00eda, tecnolog\u00eda, noticias internacionales y eventos relacionados con la gesti\u00f3n social, cultural y humana. Su objetivo principal es mantener a la poblaci\u00f3n informada, ofreciendo una visi\u00f3n amplia y actualizada de lo que sucede tanto en el pa\u00eds como en el mundo. Est\u00e1 dirigido por un grupo de periodistas experimentados, lo que garantiza la calidad y la precisi\u00f3n de la informaci\u00f3n que ofrecen. Tiene su sede en la ciudad de Santo Domingo y es parte integral del portafolio de la empresa, MC Global S.R.L.","sameAs":["https:\/\/elglobal.do","https:\/\/www.instagram.com\/elglobal.do_informativo\/"],"url":"https:\/\/elglobal.do\/index.php\/author\/elglobaluserpro\/"}]}},"jetpack_featured_media_url":"https:\/\/elglobal.do\/wp-content\/uploads\/2025\/08\/NASA.avif","jetpack_sharing_enabled":true,"_links":{"self":[{"href":"https:\/\/elglobal.do\/index.php\/wp-json\/wp\/v2\/posts\/552","targetHints":{"allow":["GET"]}}],"collection":[{"href":"https:\/\/elglobal.do\/index.php\/wp-json\/wp\/v2\/posts"}],"about":[{"href":"https:\/\/elglobal.do\/index.php\/wp-json\/wp\/v2\/types\/post"}],"author":[{"embeddable":true,"href":"https:\/\/elglobal.do\/index.php\/wp-json\/wp\/v2\/users\/1"}],"replies":[{"embeddable":true,"href":"https:\/\/elglobal.do\/index.php\/wp-json\/wp\/v2\/comments?post=552"}],"version-history":[{"count":2,"href":"https:\/\/elglobal.do\/index.php\/wp-json\/wp\/v2\/posts\/552\/revisions"}],"predecessor-version":[{"id":1137,"href":"https:\/\/elglobal.do\/index.php\/wp-json\/wp\/v2\/posts\/552\/revisions\/1137"}],"wp:featuredmedia":[{"embeddable":true,"href":"https:\/\/elglobal.do\/index.php\/wp-json\/wp\/v2\/media\/555"}],"wp:attachment":[{"href":"https:\/\/elglobal.do\/index.php\/wp-json\/wp\/v2\/media?parent=552"}],"wp:term":[{"taxonomy":"category","embeddable":true,"href":"https:\/\/elglobal.do\/index.php\/wp-json\/wp\/v2\/categories?post=552"},{"taxonomy":"post_tag","embeddable":true,"href":"https:\/\/elglobal.do\/index.php\/wp-json\/wp\/v2\/tags?post=552"}],"curies":[{"name":"wp","href":"https:\/\/api.w.org\/{rel}","templated":true}]}}