{"id":560,"date":"2025-08-05T14:40:14","date_gmt":"2025-08-05T18:40:14","guid":{"rendered":"https:\/\/elglobal.do\/?p=560"},"modified":"2025-08-05T14:49:38","modified_gmt":"2025-08-05T18:49:38","slug":"minerd-capacitara-a-mas-de-124-mil-docentes-en-innovacion-y-mejora-de-aprendizajes","status":"publish","type":"post","link":"https:\/\/elglobal.do\/index.php\/2025\/08\/05\/minerd-capacitara-a-mas-de-124-mil-docentes-en-innovacion-y-mejora-de-aprendizajes\/","title":{"rendered":"MINERD capacitar\u00e1 a m\u00e1s de 124 mil docentes en innovaci\u00f3n y mejora de aprendizajes"},"content":{"rendered":"\n<p><strong>Santo Domingo.<\/strong> &#8211; El Ministerio de Educaci\u00f3n de la Rep\u00fablica Dominicana <strong>(MINERD)<\/strong>, anunci\u00f3 el inicio de la jornada nacional de formaci\u00f3n de verano <strong>\u201cInnovar y aprender\u201d<\/strong>, que se desarrollar\u00e1 desde el 4 al 22 de agosto, con la participaci\u00f3n de 124,507 docentes de todos los niveles, modalidades y subsistemas del sistema p\u00fablico preuniversitario.<\/p>\n\n\n\n<p>Esta iniciativa forma parte de los preparativos de cara al<strong> a\u00f1o escolar 2025-2026, <\/strong>que comenzar\u00e1 el 25 de agosto, y tiene como prop\u00f3sito principal asegurar que el cuerpo docente inicie el nuevo per\u00edodo lectivo con los conocimientos, estrategias y recursos pedag\u00f3gicos necesarios para implementar el curr\u00edculo de manera efectiva y elevar la calidad de la ense\u00f1anza.<\/p>\n\n\n\n<p>Como etapa preparatoria, el MINERD capacit\u00f3 a m\u00e1s de <strong>8,000 t\u00e9cnicos y l\u00edderes pedag\u00f3gicos<\/strong>, quienes estar\u00e1n a cargo de facilitar los procesos formativos en las diferentes regionales y distritos educativos del pa\u00eds. Estos equipos se han instruido para ofrecer una formaci\u00f3n contextualizada, pertinente y alineada con las realidades del aula.<\/p>\n\n\n\n<p>Esta acci\u00f3n formativa responde al compromiso asumido por el ministro de Educaci\u00f3n, Luis Miguel De Camps, de impulsar una educaci\u00f3n de calidad mediante el fortalecimiento del desarrollo profesional docente. La jornada es coordinada por el Viceministerio de Servicios T\u00e9cnicos y Pedag\u00f3gicos, en el marco de los lineamientos institucionales del MINERD.<\/p>\n\n\n\n<p>El programa promueve una visi\u00f3n integral del desarrollo profesional, que incluye la actualizaci\u00f3n pedag\u00f3gica, la innovaci\u00f3n metodol\u00f3gica, la reflexi\u00f3n sobre la pr\u00e1ctica docente, el fortalecimiento del liderazgo educativo y la aplicaci\u00f3n de enfoques inclusivos y participativos.<\/p>\n\n\n\n<figure class=\"wp-block-image size-large\"><img loading=\"lazy\" decoding=\"async\" width=\"1024\" height=\"556\" src=\"https:\/\/elglobal.do\/wp-content\/uploads\/2025\/08\/0bf9a21c-54ba-4f29-b4bf-1f03f064e042-1024x556.jpg\" alt=\"\" class=\"wp-image-561\" srcset=\"https:\/\/elglobal.do\/wp-content\/uploads\/2025\/08\/0bf9a21c-54ba-4f29-b4bf-1f03f064e042-1024x556.jpg 1024w, https:\/\/elglobal.do\/wp-content\/uploads\/2025\/08\/0bf9a21c-54ba-4f29-b4bf-1f03f064e042-300x163.jpg 300w, https:\/\/elglobal.do\/wp-content\/uploads\/2025\/08\/0bf9a21c-54ba-4f29-b4bf-1f03f064e042-768x417.jpg 768w, https:\/\/elglobal.do\/wp-content\/uploads\/2025\/08\/0bf9a21c-54ba-4f29-b4bf-1f03f064e042-1536x833.jpg 1536w, https:\/\/elglobal.do\/wp-content\/uploads\/2025\/08\/0bf9a21c-54ba-4f29-b4bf-1f03f064e042.jpg 1600w\" sizes=\"auto, (max-width: 1024px) 100vw, 1024px\" \/><\/figure>\n\n\n\n<p>La edici\u00f3n 2025 de <strong>\u201cInnovar y aprender<\/strong>\u201d tendr\u00e1 como ejes tem\u00e1ticos el enfoque <strong>STEAM (ciencia, tecnolog\u00eda, ingenier\u00eda, artes y matem\u00e1ticas)<\/strong> y la incorporaci\u00f3n de metodolog\u00edas activas, orientadas a fomentar el pensamiento cr\u00edtico, la resoluci\u00f3n de problemas, el trabajo colaborativo y el aprendizaje basado en proyectos.<\/p>\n\n\n\n<p>Asimismo, se reforzar\u00e1n los programas prioritarios establecidos por el ministerio, en sus procesos claves, entre ellos: la mejora de la comprensi\u00f3n lectora, el desarrollo del pensamiento l\u00f3gico-matem\u00e1tico, la alfabetizaci\u00f3n inicial, la evaluaci\u00f3n formativa, planificaci\u00f3n, secuencias did\u00e1cticas, la inclusi\u00f3n educativa, la gesti\u00f3n emocional y la integraci\u00f3n efectiva de las tecnolog\u00edas en el proceso de ense\u00f1anza-aprendizaje.<\/p>\n\n\n\n<p>Los docentes participantes de todo el pa\u00eds provienen de las distintas \u00e1reas y niveles del sistema educativo, coordinados desde la Direcci\u00f3n del Nivel Inicial, la Direcci\u00f3n del Nivel Primario, la Direcci\u00f3n del Nivel Secundario (Primer Ciclo y modalidad Acad\u00e9mica), el Departamento de Educaci\u00f3n T\u00e9cnico Profesional, la Modalidad en Artes, la Direcci\u00f3n de Educaci\u00f3n de Personas J\u00f3venes y Adultas, la Direcci\u00f3n de Educaci\u00f3n Especial, el departamento de Inform\u00e1tica Educativa, as\u00ed como la Direcci\u00f3n de Orientaci\u00f3n y Psicolog\u00eda.<\/p>\n","protected":false},"excerpt":{"rendered":"<p>Santo Domingo. &#8211; El Ministerio de Educaci\u00f3n de la Rep\u00fablica Dominicana (MINERD), anunci\u00f3 el inicio de la jornada nacional de formaci\u00f3n de verano \u201cInnovar y aprender\u201d, que se desarrollar\u00e1 desde&hellip; <\/p>\n","protected":false},"author":1,"featured_media":562,"comment_status":"open","ping_status":"open","sticky":false,"template":"","format":"standard","meta":{"_jetpack_memberships_contains_paid_content":false,"footnotes":""},"categories":[119],"tags":[161,162,158,160,159],"class_list":["post-560","post","type-post","status-publish","format-standard","has-post-thumbnail","hentry","category-educacion","tag-aprendizaje","tag-docentes","tag-educacion","tag-innovacion","tag-minerd"],"yoast_head":"<!-- This site is optimized with the Yoast SEO plugin v26.9 - https:\/\/yoast.com\/product\/yoast-seo-wordpress\/ -->\n<title>MINERD capacitar\u00e1 a m\u00e1s de 124 mil docentes en innovaci\u00f3n y mejora de aprendizajes - EL GLOBAL INFORMATIVO<\/title>\n<meta name=\"robots\" content=\"index, follow, max-snippet:-1, max-image-preview:large, max-video-preview:-1\" \/>\n<link rel=\"canonical\" href=\"https:\/\/elglobal.do\/index.php\/2025\/08\/05\/minerd-capacitara-a-mas-de-124-mil-docentes-en-innovacion-y-mejora-de-aprendizajes\/\" \/>\n<meta property=\"og:locale\" content=\"es_ES\" \/>\n<meta property=\"og:type\" content=\"article\" \/>\n<meta property=\"og:title\" content=\"MINERD capacitar\u00e1 a m\u00e1s de 124 mil docentes en innovaci\u00f3n y mejora de aprendizajes - EL GLOBAL INFORMATIVO\" \/>\n<meta property=\"og:description\" content=\"Santo Domingo. &#8211; El Ministerio de Educaci\u00f3n de la Rep\u00fablica Dominicana (MINERD), anunci\u00f3 el inicio de la jornada nacional de formaci\u00f3n de verano \u201cInnovar y aprender\u201d, que se desarrollar\u00e1 desde&hellip;\" \/>\n<meta property=\"og:url\" content=\"https:\/\/elglobal.do\/index.php\/2025\/08\/05\/minerd-capacitara-a-mas-de-124-mil-docentes-en-innovacion-y-mejora-de-aprendizajes\/\" \/>\n<meta property=\"og:site_name\" content=\"EL GLOBAL INFORMATIVO\" \/>\n<meta property=\"article:published_time\" content=\"2025-08-05T18:40:14+00:00\" \/>\n<meta property=\"article:modified_time\" content=\"2025-08-05T18:49:38+00:00\" \/>\n<meta property=\"og:image\" content=\"https:\/\/elglobal.do\/wp-content\/uploads\/2025\/08\/3d1cf103-e0a7-427a-b247-7846ed66de77.jpg\" \/>\n\t<meta property=\"og:image:width\" content=\"1600\" \/>\n\t<meta property=\"og:image:height\" content=\"873\" \/>\n\t<meta property=\"og:image:type\" content=\"image\/jpeg\" \/>\n<meta name=\"author\" content=\"EL GLOBAL\" \/>\n<meta name=\"twitter:card\" content=\"summary_large_image\" \/>\n<meta name=\"twitter:label1\" content=\"Escrito por\" \/>\n\t<meta name=\"twitter:data1\" content=\"EL GLOBAL\" \/>\n\t<meta name=\"twitter:label2\" content=\"Tiempo de lectura\" \/>\n\t<meta name=\"twitter:data2\" content=\"2 minutos\" \/>\n<script type=\"application\/ld+json\" class=\"yoast-schema-graph\">{\"@context\":\"https:\/\/schema.org\",\"@graph\":[{\"@type\":\"Article\",\"@id\":\"https:\/\/elglobal.do\/index.php\/2025\/08\/05\/minerd-capacitara-a-mas-de-124-mil-docentes-en-innovacion-y-mejora-de-aprendizajes\/#article\",\"isPartOf\":{\"@id\":\"https:\/\/elglobal.do\/index.php\/2025\/08\/05\/minerd-capacitara-a-mas-de-124-mil-docentes-en-innovacion-y-mejora-de-aprendizajes\/\"},\"author\":{\"name\":\"EL GLOBAL\",\"@id\":\"https:\/\/elglobal.do\/#\/schema\/person\/0c97ec2c7714fb605d230c292f64d55f\"},\"headline\":\"MINERD capacitar\u00e1 a m\u00e1s de 124 mil docentes en innovaci\u00f3n y mejora de aprendizajes\",\"datePublished\":\"2025-08-05T18:40:14+00:00\",\"dateModified\":\"2025-08-05T18:49:38+00:00\",\"mainEntityOfPage\":{\"@id\":\"https:\/\/elglobal.do\/index.php\/2025\/08\/05\/minerd-capacitara-a-mas-de-124-mil-docentes-en-innovacion-y-mejora-de-aprendizajes\/\"},\"wordCount\":498,\"commentCount\":0,\"publisher\":{\"@id\":\"https:\/\/elglobal.do\/#organization\"},\"image\":{\"@id\":\"https:\/\/elglobal.do\/index.php\/2025\/08\/05\/minerd-capacitara-a-mas-de-124-mil-docentes-en-innovacion-y-mejora-de-aprendizajes\/#primaryimage\"},\"thumbnailUrl\":\"https:\/\/elglobal.do\/wp-content\/uploads\/2025\/08\/3d1cf103-e0a7-427a-b247-7846ed66de77.jpg\",\"keywords\":[\"#Aprendizaje\",\"#Docentes\",\"#Educaci\u00f3n\",\"#Innovacion\",\"#MINERD\"],\"articleSection\":[\"EDUCACI\u00d3N\"],\"inLanguage\":\"es\",\"potentialAction\":[{\"@type\":\"CommentAction\",\"name\":\"Comment\",\"target\":[\"https:\/\/elglobal.do\/index.php\/2025\/08\/05\/minerd-capacitara-a-mas-de-124-mil-docentes-en-innovacion-y-mejora-de-aprendizajes\/#respond\"]}]},{\"@type\":\"WebPage\",\"@id\":\"https:\/\/elglobal.do\/index.php\/2025\/08\/05\/minerd-capacitara-a-mas-de-124-mil-docentes-en-innovacion-y-mejora-de-aprendizajes\/\",\"url\":\"https:\/\/elglobal.do\/index.php\/2025\/08\/05\/minerd-capacitara-a-mas-de-124-mil-docentes-en-innovacion-y-mejora-de-aprendizajes\/\",\"name\":\"MINERD capacitar\u00e1 a m\u00e1s de 124 mil docentes en innovaci\u00f3n y mejora de aprendizajes - EL GLOBAL INFORMATIVO\",\"isPartOf\":{\"@id\":\"https:\/\/elglobal.do\/#website\"},\"primaryImageOfPage\":{\"@id\":\"https:\/\/elglobal.do\/index.php\/2025\/08\/05\/minerd-capacitara-a-mas-de-124-mil-docentes-en-innovacion-y-mejora-de-aprendizajes\/#primaryimage\"},\"image\":{\"@id\":\"https:\/\/elglobal.do\/index.php\/2025\/08\/05\/minerd-capacitara-a-mas-de-124-mil-docentes-en-innovacion-y-mejora-de-aprendizajes\/#primaryimage\"},\"thumbnailUrl\":\"https:\/\/elglobal.do\/wp-content\/uploads\/2025\/08\/3d1cf103-e0a7-427a-b247-7846ed66de77.jpg\",\"datePublished\":\"2025-08-05T18:40:14+00:00\",\"dateModified\":\"2025-08-05T18:49:38+00:00\",\"breadcrumb\":{\"@id\":\"https:\/\/elglobal.do\/index.php\/2025\/08\/05\/minerd-capacitara-a-mas-de-124-mil-docentes-en-innovacion-y-mejora-de-aprendizajes\/#breadcrumb\"},\"inLanguage\":\"es\",\"potentialAction\":[{\"@type\":\"ReadAction\",\"target\":[\"https:\/\/elglobal.do\/index.php\/2025\/08\/05\/minerd-capacitara-a-mas-de-124-mil-docentes-en-innovacion-y-mejora-de-aprendizajes\/\"]}]},{\"@type\":\"ImageObject\",\"inLanguage\":\"es\",\"@id\":\"https:\/\/elglobal.do\/index.php\/2025\/08\/05\/minerd-capacitara-a-mas-de-124-mil-docentes-en-innovacion-y-mejora-de-aprendizajes\/#primaryimage\",\"url\":\"https:\/\/elglobal.do\/wp-content\/uploads\/2025\/08\/3d1cf103-e0a7-427a-b247-7846ed66de77.jpg\",\"contentUrl\":\"https:\/\/elglobal.do\/wp-content\/uploads\/2025\/08\/3d1cf103-e0a7-427a-b247-7846ed66de77.jpg\",\"width\":1600,\"height\":873},{\"@type\":\"BreadcrumbList\",\"@id\":\"https:\/\/elglobal.do\/index.php\/2025\/08\/05\/minerd-capacitara-a-mas-de-124-mil-docentes-en-innovacion-y-mejora-de-aprendizajes\/#breadcrumb\",\"itemListElement\":[{\"@type\":\"ListItem\",\"position\":1,\"name\":\"Portada\",\"item\":\"https:\/\/elglobal.do\/\"},{\"@type\":\"ListItem\",\"position\":2,\"name\":\"MINERD capacitar\u00e1 a m\u00e1s de 124 mil docentes en innovaci\u00f3n y mejora de aprendizajes\"}]},{\"@type\":\"WebSite\",\"@id\":\"https:\/\/elglobal.do\/#website\",\"url\":\"https:\/\/elglobal.do\/\",\"name\":\"EL GLOBAL INFORMATIVO\",\"description\":\"Peri\u00f3dico digital de la Rep\u00fablica Dominicana que ofrece noticias, novedades, pol\u00edtica y las \u00faltimas actualidades, con informaci\u00f3n veraz y oportuna para mantenerte siempre informad\",\"publisher\":{\"@id\":\"https:\/\/elglobal.do\/#organization\"},\"potentialAction\":[{\"@type\":\"SearchAction\",\"target\":{\"@type\":\"EntryPoint\",\"urlTemplate\":\"https:\/\/elglobal.do\/?s={search_term_string}\"},\"query-input\":{\"@type\":\"PropertyValueSpecification\",\"valueRequired\":true,\"valueName\":\"search_term_string\"}}],\"inLanguage\":\"es\"},{\"@type\":\"Organization\",\"@id\":\"https:\/\/elglobal.do\/#organization\",\"name\":\"EL GLOBAL.DO INFORMATIVO\",\"url\":\"https:\/\/elglobal.do\/\",\"logo\":{\"@type\":\"ImageObject\",\"inLanguage\":\"es\",\"@id\":\"https:\/\/elglobal.do\/#\/schema\/logo\/image\/\",\"url\":\"https:\/\/elglobal.do\/wp-content\/uploads\/2025\/08\/icon.png\",\"contentUrl\":\"https:\/\/elglobal.do\/wp-content\/uploads\/2025\/08\/icon.png\",\"width\":512,\"height\":512,\"caption\":\"EL GLOBAL.DO INFORMATIVO\"},\"image\":{\"@id\":\"https:\/\/elglobal.do\/#\/schema\/logo\/image\/\"}},{\"@type\":\"Person\",\"@id\":\"https:\/\/elglobal.do\/#\/schema\/person\/0c97ec2c7714fb605d230c292f64d55f\",\"name\":\"EL GLOBAL\",\"image\":{\"@type\":\"ImageObject\",\"inLanguage\":\"es\",\"@id\":\"https:\/\/elglobal.do\/#\/schema\/person\/image\/\",\"url\":\"https:\/\/secure.gravatar.com\/avatar\/081cfb6cf99faddc6f4e23a0c11ab98c5cf302925382d1c88dc3ed757ab910a3?s=96&d=mm&r=g\",\"contentUrl\":\"https:\/\/secure.gravatar.com\/avatar\/081cfb6cf99faddc6f4e23a0c11ab98c5cf302925382d1c88dc3ed757ab910a3?s=96&d=mm&r=g\",\"caption\":\"EL GLOBAL\"},\"description\":\"El Global Informativo es un peri\u00f3dico digital de Rep\u00fablica Dominicana que se dedica a cubrir temas importantes, como la pol\u00edtica local, geopol\u00edtica, econom\u00eda, tecnolog\u00eda, noticias internacionales y eventos relacionados con la gesti\u00f3n social, cultural y humana. Su objetivo principal es mantener a la poblaci\u00f3n informada, ofreciendo una visi\u00f3n amplia y actualizada de lo que sucede tanto en el pa\u00eds como en el mundo. Est\u00e1 dirigido por un grupo de periodistas experimentados, lo que garantiza la calidad y la precisi\u00f3n de la informaci\u00f3n que ofrecen. Tiene su sede en la ciudad de Santo Domingo y es parte integral del portafolio de la empresa, MC Global S.R.L.\",\"sameAs\":[\"https:\/\/elglobal.do\",\"https:\/\/www.instagram.com\/elglobal.do_informativo\/\"],\"url\":\"https:\/\/elglobal.do\/index.php\/author\/elglobaluserpro\/\"}]}<\/script>\n<!-- \/ Yoast SEO plugin. -->","yoast_head_json":{"title":"MINERD capacitar\u00e1 a m\u00e1s de 124 mil docentes en innovaci\u00f3n y mejora de aprendizajes - EL GLOBAL INFORMATIVO","robots":{"index":"index","follow":"follow","max-snippet":"max-snippet:-1","max-image-preview":"max-image-preview:large","max-video-preview":"max-video-preview:-1"},"canonical":"https:\/\/elglobal.do\/index.php\/2025\/08\/05\/minerd-capacitara-a-mas-de-124-mil-docentes-en-innovacion-y-mejora-de-aprendizajes\/","og_locale":"es_ES","og_type":"article","og_title":"MINERD capacitar\u00e1 a m\u00e1s de 124 mil docentes en innovaci\u00f3n y mejora de aprendizajes - EL GLOBAL INFORMATIVO","og_description":"Santo Domingo. &#8211; El Ministerio de Educaci\u00f3n de la Rep\u00fablica Dominicana (MINERD), anunci\u00f3 el inicio de la jornada nacional de formaci\u00f3n de verano \u201cInnovar y aprender\u201d, que se desarrollar\u00e1 desde&hellip;","og_url":"https:\/\/elglobal.do\/index.php\/2025\/08\/05\/minerd-capacitara-a-mas-de-124-mil-docentes-en-innovacion-y-mejora-de-aprendizajes\/","og_site_name":"EL GLOBAL INFORMATIVO","article_published_time":"2025-08-05T18:40:14+00:00","article_modified_time":"2025-08-05T18:49:38+00:00","og_image":[{"width":1600,"height":873,"url":"https:\/\/elglobal.do\/wp-content\/uploads\/2025\/08\/3d1cf103-e0a7-427a-b247-7846ed66de77.jpg","type":"image\/jpeg"}],"author":"EL GLOBAL","twitter_card":"summary_large_image","twitter_misc":{"Escrito por":"EL GLOBAL","Tiempo de lectura":"2 minutos"},"schema":{"@context":"https:\/\/schema.org","@graph":[{"@type":"Article","@id":"https:\/\/elglobal.do\/index.php\/2025\/08\/05\/minerd-capacitara-a-mas-de-124-mil-docentes-en-innovacion-y-mejora-de-aprendizajes\/#article","isPartOf":{"@id":"https:\/\/elglobal.do\/index.php\/2025\/08\/05\/minerd-capacitara-a-mas-de-124-mil-docentes-en-innovacion-y-mejora-de-aprendizajes\/"},"author":{"name":"EL GLOBAL","@id":"https:\/\/elglobal.do\/#\/schema\/person\/0c97ec2c7714fb605d230c292f64d55f"},"headline":"MINERD capacitar\u00e1 a m\u00e1s de 124 mil docentes en innovaci\u00f3n y mejora de aprendizajes","datePublished":"2025-08-05T18:40:14+00:00","dateModified":"2025-08-05T18:49:38+00:00","mainEntityOfPage":{"@id":"https:\/\/elglobal.do\/index.php\/2025\/08\/05\/minerd-capacitara-a-mas-de-124-mil-docentes-en-innovacion-y-mejora-de-aprendizajes\/"},"wordCount":498,"commentCount":0,"publisher":{"@id":"https:\/\/elglobal.do\/#organization"},"image":{"@id":"https:\/\/elglobal.do\/index.php\/2025\/08\/05\/minerd-capacitara-a-mas-de-124-mil-docentes-en-innovacion-y-mejora-de-aprendizajes\/#primaryimage"},"thumbnailUrl":"https:\/\/elglobal.do\/wp-content\/uploads\/2025\/08\/3d1cf103-e0a7-427a-b247-7846ed66de77.jpg","keywords":["#Aprendizaje","#Docentes","#Educaci\u00f3n","#Innovacion","#MINERD"],"articleSection":["EDUCACI\u00d3N"],"inLanguage":"es","potentialAction":[{"@type":"CommentAction","name":"Comment","target":["https:\/\/elglobal.do\/index.php\/2025\/08\/05\/minerd-capacitara-a-mas-de-124-mil-docentes-en-innovacion-y-mejora-de-aprendizajes\/#respond"]}]},{"@type":"WebPage","@id":"https:\/\/elglobal.do\/index.php\/2025\/08\/05\/minerd-capacitara-a-mas-de-124-mil-docentes-en-innovacion-y-mejora-de-aprendizajes\/","url":"https:\/\/elglobal.do\/index.php\/2025\/08\/05\/minerd-capacitara-a-mas-de-124-mil-docentes-en-innovacion-y-mejora-de-aprendizajes\/","name":"MINERD capacitar\u00e1 a m\u00e1s de 124 mil docentes en innovaci\u00f3n y mejora de aprendizajes - EL GLOBAL INFORMATIVO","isPartOf":{"@id":"https:\/\/elglobal.do\/#website"},"primaryImageOfPage":{"@id":"https:\/\/elglobal.do\/index.php\/2025\/08\/05\/minerd-capacitara-a-mas-de-124-mil-docentes-en-innovacion-y-mejora-de-aprendizajes\/#primaryimage"},"image":{"@id":"https:\/\/elglobal.do\/index.php\/2025\/08\/05\/minerd-capacitara-a-mas-de-124-mil-docentes-en-innovacion-y-mejora-de-aprendizajes\/#primaryimage"},"thumbnailUrl":"https:\/\/elglobal.do\/wp-content\/uploads\/2025\/08\/3d1cf103-e0a7-427a-b247-7846ed66de77.jpg","datePublished":"2025-08-05T18:40:14+00:00","dateModified":"2025-08-05T18:49:38+00:00","breadcrumb":{"@id":"https:\/\/elglobal.do\/index.php\/2025\/08\/05\/minerd-capacitara-a-mas-de-124-mil-docentes-en-innovacion-y-mejora-de-aprendizajes\/#breadcrumb"},"inLanguage":"es","potentialAction":[{"@type":"ReadAction","target":["https:\/\/elglobal.do\/index.php\/2025\/08\/05\/minerd-capacitara-a-mas-de-124-mil-docentes-en-innovacion-y-mejora-de-aprendizajes\/"]}]},{"@type":"ImageObject","inLanguage":"es","@id":"https:\/\/elglobal.do\/index.php\/2025\/08\/05\/minerd-capacitara-a-mas-de-124-mil-docentes-en-innovacion-y-mejora-de-aprendizajes\/#primaryimage","url":"https:\/\/elglobal.do\/wp-content\/uploads\/2025\/08\/3d1cf103-e0a7-427a-b247-7846ed66de77.jpg","contentUrl":"https:\/\/elglobal.do\/wp-content\/uploads\/2025\/08\/3d1cf103-e0a7-427a-b247-7846ed66de77.jpg","width":1600,"height":873},{"@type":"BreadcrumbList","@id":"https:\/\/elglobal.do\/index.php\/2025\/08\/05\/minerd-capacitara-a-mas-de-124-mil-docentes-en-innovacion-y-mejora-de-aprendizajes\/#breadcrumb","itemListElement":[{"@type":"ListItem","position":1,"name":"Portada","item":"https:\/\/elglobal.do\/"},{"@type":"ListItem","position":2,"name":"MINERD capacitar\u00e1 a m\u00e1s de 124 mil docentes en innovaci\u00f3n y mejora de aprendizajes"}]},{"@type":"WebSite","@id":"https:\/\/elglobal.do\/#website","url":"https:\/\/elglobal.do\/","name":"EL GLOBAL INFORMATIVO","description":"Peri\u00f3dico digital de la Rep\u00fablica Dominicana que ofrece noticias, novedades, pol\u00edtica y las \u00faltimas actualidades, con informaci\u00f3n veraz y oportuna para mantenerte siempre informad","publisher":{"@id":"https:\/\/elglobal.do\/#organization"},"potentialAction":[{"@type":"SearchAction","target":{"@type":"EntryPoint","urlTemplate":"https:\/\/elglobal.do\/?s={search_term_string}"},"query-input":{"@type":"PropertyValueSpecification","valueRequired":true,"valueName":"search_term_string"}}],"inLanguage":"es"},{"@type":"Organization","@id":"https:\/\/elglobal.do\/#organization","name":"EL GLOBAL.DO INFORMATIVO","url":"https:\/\/elglobal.do\/","logo":{"@type":"ImageObject","inLanguage":"es","@id":"https:\/\/elglobal.do\/#\/schema\/logo\/image\/","url":"https:\/\/elglobal.do\/wp-content\/uploads\/2025\/08\/icon.png","contentUrl":"https:\/\/elglobal.do\/wp-content\/uploads\/2025\/08\/icon.png","width":512,"height":512,"caption":"EL GLOBAL.DO INFORMATIVO"},"image":{"@id":"https:\/\/elglobal.do\/#\/schema\/logo\/image\/"}},{"@type":"Person","@id":"https:\/\/elglobal.do\/#\/schema\/person\/0c97ec2c7714fb605d230c292f64d55f","name":"EL GLOBAL","image":{"@type":"ImageObject","inLanguage":"es","@id":"https:\/\/elglobal.do\/#\/schema\/person\/image\/","url":"https:\/\/secure.gravatar.com\/avatar\/081cfb6cf99faddc6f4e23a0c11ab98c5cf302925382d1c88dc3ed757ab910a3?s=96&d=mm&r=g","contentUrl":"https:\/\/secure.gravatar.com\/avatar\/081cfb6cf99faddc6f4e23a0c11ab98c5cf302925382d1c88dc3ed757ab910a3?s=96&d=mm&r=g","caption":"EL GLOBAL"},"description":"El Global Informativo es un peri\u00f3dico digital de Rep\u00fablica Dominicana que se dedica a cubrir temas importantes, como la pol\u00edtica local, geopol\u00edtica, econom\u00eda, tecnolog\u00eda, noticias internacionales y eventos relacionados con la gesti\u00f3n social, cultural y humana. Su objetivo principal es mantener a la poblaci\u00f3n informada, ofreciendo una visi\u00f3n amplia y actualizada de lo que sucede tanto en el pa\u00eds como en el mundo. Est\u00e1 dirigido por un grupo de periodistas experimentados, lo que garantiza la calidad y la precisi\u00f3n de la informaci\u00f3n que ofrecen. Tiene su sede en la ciudad de Santo Domingo y es parte integral del portafolio de la empresa, MC Global S.R.L.","sameAs":["https:\/\/elglobal.do","https:\/\/www.instagram.com\/elglobal.do_informativo\/"],"url":"https:\/\/elglobal.do\/index.php\/author\/elglobaluserpro\/"}]}},"jetpack_featured_media_url":"https:\/\/elglobal.do\/wp-content\/uploads\/2025\/08\/3d1cf103-e0a7-427a-b247-7846ed66de77.jpg","jetpack_sharing_enabled":true,"_links":{"self":[{"href":"https:\/\/elglobal.do\/index.php\/wp-json\/wp\/v2\/posts\/560","targetHints":{"allow":["GET"]}}],"collection":[{"href":"https:\/\/elglobal.do\/index.php\/wp-json\/wp\/v2\/posts"}],"about":[{"href":"https:\/\/elglobal.do\/index.php\/wp-json\/wp\/v2\/types\/post"}],"author":[{"embeddable":true,"href":"https:\/\/elglobal.do\/index.php\/wp-json\/wp\/v2\/users\/1"}],"replies":[{"embeddable":true,"href":"https:\/\/elglobal.do\/index.php\/wp-json\/wp\/v2\/comments?post=560"}],"version-history":[{"count":1,"href":"https:\/\/elglobal.do\/index.php\/wp-json\/wp\/v2\/posts\/560\/revisions"}],"predecessor-version":[{"id":563,"href":"https:\/\/elglobal.do\/index.php\/wp-json\/wp\/v2\/posts\/560\/revisions\/563"}],"wp:featuredmedia":[{"embeddable":true,"href":"https:\/\/elglobal.do\/index.php\/wp-json\/wp\/v2\/media\/562"}],"wp:attachment":[{"href":"https:\/\/elglobal.do\/index.php\/wp-json\/wp\/v2\/media?parent=560"}],"wp:term":[{"taxonomy":"category","embeddable":true,"href":"https:\/\/elglobal.do\/index.php\/wp-json\/wp\/v2\/categories?post=560"},{"taxonomy":"post_tag","embeddable":true,"href":"https:\/\/elglobal.do\/index.php\/wp-json\/wp\/v2\/tags?post=560"}],"curies":[{"name":"wp","href":"https:\/\/api.w.org\/{rel}","templated":true}]}}