{"id":589,"date":"2025-08-06T10:51:13","date_gmt":"2025-08-06T14:51:13","guid":{"rendered":"https:\/\/elglobal.do\/?p=589"},"modified":"2025-08-06T10:51:14","modified_gmt":"2025-08-06T14:51:14","slug":"ipes-impulsa-modernizacion-policial-con-innovacion-academica-en-la-iii-feria-universitaria-innova-2025","status":"publish","type":"post","link":"https:\/\/elglobal.do\/index.php\/2025\/08\/06\/ipes-impulsa-modernizacion-policial-con-innovacion-academica-en-la-iii-feria-universitaria-innova-2025\/","title":{"rendered":"IPES impulsa modernizaci\u00f3n policial con innovaci\u00f3n acad\u00e9mica en la III Feria Universitaria INNOVA 2025"},"content":{"rendered":"\n<p><strong>Santo Domingo<\/strong>.-<strong>El Instituto Policial de Educaci\u00f3n Superior (IPES) <\/strong>inaugur\u00f3 este martes la tercera edici\u00f3n de la<strong> Feria Universitaria INNOVA 2025, <\/strong>un evento de cuatro d\u00edas que reafirma su compromiso con la modernizaci\u00f3n de la Polic\u00eda Nacional a trav\u00e9s de la innovaci\u00f3n educativa, tecnol\u00f3gica y cient\u00edfica. Esta iniciativa, desarrollada en coordinaci\u00f3n con el <strong>Ministerio de Educaci\u00f3n Superior, Ciencia y Tecnolog\u00eda (MESCyT)<\/strong> y la <strong>Oficina Gubernamental de Tecnolog\u00edas de la Informaci\u00f3n y Comunicaci\u00f3n (OGTIC),<\/strong> re\u00fane a universidades e instituciones del pa\u00eds en torno a propuestas transformadoras que buscan fortalecer el servicio policial del siglo XXI.<\/p>\n\n\n\n<p>La jornada inaugural estuvo encabezada por el coronel Cecilio Delgado Agramonte, rector del IPES, quien destac\u00f3 que la feria responde a los lineamientos establecidos por el MESCyT y la OGTIC, en consonancia con la conmemoraci\u00f3n del D\u00eda Mundial de la Creatividad e Innovaci\u00f3n. Durante el acto estuvieron presentes diversas autoridades acad\u00e9micas y policiales, entre ellas el general Minoru Matsunaga, director central de la Polic\u00eda de Turismo (Politur); la coronel Aida Mar\u00eda Valdez, vicerrectora acad\u00e9mica del IPES; la maestra Fanny Torres Rosario, vicerrectora de Investigaci\u00f3n, Extensi\u00f3n y Postgrado; as\u00ed como representantes del MESCyT.<\/p>\n\n\n\n<p>En su discurso, el coronel Delgado Agramonte reafirm\u00f3 el <strong>compromiso institucional<\/strong> del IPES con la formaci\u00f3n profesional de los agentes policiales, se\u00f1alando que este tipo de espacios permiten vincular el proceso educativo con los <strong>retos actuales <\/strong>en materia de seguridad ciudadana. Como parte del programa, se llev\u00f3 a cabo un conversatorio especializado en temas clave como \u00e9tica, liderazgo, profesionalizaci\u00f3n y est\u00e1ndares de servicio en el cuerpo policial, contribuyendo a fomentar una cultura organizacional m\u00e1s preparada y sensible a las demandas sociales.<\/p>\n\n\n\n<figure class=\"wp-block-image size-large\"><img decoding=\"async\" src=\"https:\/\/elglobal.do\/wp-content\/uploads\/2025\/08\/8b23bd90-001a-4948-af37-31abf198dfea-1024x682.jpg\" alt=\"\" class=\"wp-image-591\"\/><\/figure>\n\n\n\n<p><strong>La Feria INNOVA 2025<\/strong> representa un paso firme en el proceso de transformaci\u00f3n institucional de la Polic\u00eda Nacional, al establecer un espacio de intercambio acad\u00e9mico y t\u00e9cnico entre universidades y cuerpos de seguridad p\u00fablica. Este evento tambi\u00e9n posiciona al IPES como una instituci\u00f3n acad\u00e9mica de vanguardia, comprometida con un modelo formativo enfocado en la excelencia, la innovaci\u00f3n y el fortalecimiento del v\u00ednculo entre ciudadan\u00eda y seguridad.<\/p>\n\n\n\n<p>La feria continuar\u00e1 <strong>hasta el viernes<\/strong>, con la participaci\u00f3n de estudiantes, investigadores y profesionales de diversas \u00e1reas del conocimiento, quienes presentar\u00e1n proyectos orientados a mejorar la pr\u00e1ctica policial desde una perspectiva integral. Con esta iniciativa, la Polic\u00eda Nacional <strong>ratifica su voluntad<\/strong> de avanzar hacia un modelo de seguridad m\u00e1s cercano, profesional y comprometido con la transformaci\u00f3n social y la mejora continua del servicio p\u00fablico.<\/p>\n\n\n\n<p><\/p>\n","protected":false},"excerpt":{"rendered":"<p>Santo Domingo.-El Instituto Policial de Educaci\u00f3n Superior (IPES) inaugur\u00f3 este martes la tercera edici\u00f3n de la Feria Universitaria INNOVA 2025, un evento de cuatro d\u00edas que reafirma su compromiso con&hellip; <\/p>\n","protected":false},"author":1,"featured_media":0,"comment_status":"open","ping_status":"open","sticky":false,"template":"","format":"standard","meta":{"_jetpack_memberships_contains_paid_content":false,"footnotes":""},"categories":[40],"tags":[98,186,59],"class_list":["post-589","post","type-post","status-publish","format-standard","hentry","category-nacionales","tag-elglobalinformativo","tag-innovacion-2","tag-policianacional"],"yoast_head":"<!-- This site is optimized with the Yoast SEO plugin v26.9 - https:\/\/yoast.com\/product\/yoast-seo-wordpress\/ -->\n<title>IPES impulsa modernizaci\u00f3n policial con innovaci\u00f3n acad\u00e9mica en la III Feria Universitaria INNOVA 2025 - EL GLOBAL INFORMATIVO<\/title>\n<meta name=\"robots\" content=\"index, follow, max-snippet:-1, max-image-preview:large, max-video-preview:-1\" \/>\n<link rel=\"canonical\" href=\"https:\/\/elglobal.do\/index.php\/2025\/08\/06\/ipes-impulsa-modernizacion-policial-con-innovacion-academica-en-la-iii-feria-universitaria-innova-2025\/\" \/>\n<meta property=\"og:locale\" content=\"es_ES\" \/>\n<meta property=\"og:type\" content=\"article\" \/>\n<meta property=\"og:title\" content=\"IPES impulsa modernizaci\u00f3n policial con innovaci\u00f3n acad\u00e9mica en la III Feria Universitaria INNOVA 2025 - EL GLOBAL INFORMATIVO\" \/>\n<meta property=\"og:description\" content=\"Santo Domingo.-El Instituto Policial de Educaci\u00f3n Superior (IPES) inaugur\u00f3 este martes la tercera edici\u00f3n de la Feria Universitaria INNOVA 2025, un evento de cuatro d\u00edas que reafirma su compromiso con&hellip;\" \/>\n<meta property=\"og:url\" content=\"https:\/\/elglobal.do\/index.php\/2025\/08\/06\/ipes-impulsa-modernizacion-policial-con-innovacion-academica-en-la-iii-feria-universitaria-innova-2025\/\" \/>\n<meta property=\"og:site_name\" content=\"EL GLOBAL INFORMATIVO\" \/>\n<meta property=\"article:published_time\" content=\"2025-08-06T14:51:13+00:00\" \/>\n<meta property=\"article:modified_time\" content=\"2025-08-06T14:51:14+00:00\" \/>\n<meta name=\"author\" content=\"EL GLOBAL\" \/>\n<meta name=\"twitter:card\" content=\"summary_large_image\" \/>\n<meta name=\"twitter:label1\" content=\"Escrito por\" \/>\n\t<meta name=\"twitter:data1\" content=\"EL GLOBAL\" \/>\n\t<meta name=\"twitter:label2\" content=\"Tiempo de lectura\" \/>\n\t<meta name=\"twitter:data2\" content=\"2 minutos\" \/>\n<script type=\"application\/ld+json\" class=\"yoast-schema-graph\">{\"@context\":\"https:\/\/schema.org\",\"@graph\":[{\"@type\":\"Article\",\"@id\":\"https:\/\/elglobal.do\/index.php\/2025\/08\/06\/ipes-impulsa-modernizacion-policial-con-innovacion-academica-en-la-iii-feria-universitaria-innova-2025\/#article\",\"isPartOf\":{\"@id\":\"https:\/\/elglobal.do\/index.php\/2025\/08\/06\/ipes-impulsa-modernizacion-policial-con-innovacion-academica-en-la-iii-feria-universitaria-innova-2025\/\"},\"author\":{\"name\":\"EL GLOBAL\",\"@id\":\"https:\/\/elglobal.do\/#\/schema\/person\/0c97ec2c7714fb605d230c292f64d55f\"},\"headline\":\"IPES impulsa modernizaci\u00f3n policial con innovaci\u00f3n acad\u00e9mica en la III Feria Universitaria INNOVA 2025\",\"datePublished\":\"2025-08-06T14:51:13+00:00\",\"dateModified\":\"2025-08-06T14:51:14+00:00\",\"mainEntityOfPage\":{\"@id\":\"https:\/\/elglobal.do\/index.php\/2025\/08\/06\/ipes-impulsa-modernizacion-policial-con-innovacion-academica-en-la-iii-feria-universitaria-innova-2025\/\"},\"wordCount\":460,\"commentCount\":0,\"publisher\":{\"@id\":\"https:\/\/elglobal.do\/#organization\"},\"image\":{\"@id\":\"https:\/\/elglobal.do\/index.php\/2025\/08\/06\/ipes-impulsa-modernizacion-policial-con-innovacion-academica-en-la-iii-feria-universitaria-innova-2025\/#primaryimage\"},\"thumbnailUrl\":\"https:\/\/elglobal.do\/wp-content\/uploads\/2025\/08\/8b23bd90-001a-4948-af37-31abf198dfea-1024x682.jpg\",\"keywords\":[\"#ElGlobalInformativo\",\"#Innovaci\u00f3n\",\"#PoliciaNacional\"],\"articleSection\":[\"NACIONALES\"],\"inLanguage\":\"es\",\"potentialAction\":[{\"@type\":\"CommentAction\",\"name\":\"Comment\",\"target\":[\"https:\/\/elglobal.do\/index.php\/2025\/08\/06\/ipes-impulsa-modernizacion-policial-con-innovacion-academica-en-la-iii-feria-universitaria-innova-2025\/#respond\"]}]},{\"@type\":\"WebPage\",\"@id\":\"https:\/\/elglobal.do\/index.php\/2025\/08\/06\/ipes-impulsa-modernizacion-policial-con-innovacion-academica-en-la-iii-feria-universitaria-innova-2025\/\",\"url\":\"https:\/\/elglobal.do\/index.php\/2025\/08\/06\/ipes-impulsa-modernizacion-policial-con-innovacion-academica-en-la-iii-feria-universitaria-innova-2025\/\",\"name\":\"IPES impulsa modernizaci\u00f3n policial con innovaci\u00f3n acad\u00e9mica en la III Feria Universitaria INNOVA 2025 - EL GLOBAL INFORMATIVO\",\"isPartOf\":{\"@id\":\"https:\/\/elglobal.do\/#website\"},\"primaryImageOfPage\":{\"@id\":\"https:\/\/elglobal.do\/index.php\/2025\/08\/06\/ipes-impulsa-modernizacion-policial-con-innovacion-academica-en-la-iii-feria-universitaria-innova-2025\/#primaryimage\"},\"image\":{\"@id\":\"https:\/\/elglobal.do\/index.php\/2025\/08\/06\/ipes-impulsa-modernizacion-policial-con-innovacion-academica-en-la-iii-feria-universitaria-innova-2025\/#primaryimage\"},\"thumbnailUrl\":\"https:\/\/elglobal.do\/wp-content\/uploads\/2025\/08\/8b23bd90-001a-4948-af37-31abf198dfea-1024x682.jpg\",\"datePublished\":\"2025-08-06T14:51:13+00:00\",\"dateModified\":\"2025-08-06T14:51:14+00:00\",\"breadcrumb\":{\"@id\":\"https:\/\/elglobal.do\/index.php\/2025\/08\/06\/ipes-impulsa-modernizacion-policial-con-innovacion-academica-en-la-iii-feria-universitaria-innova-2025\/#breadcrumb\"},\"inLanguage\":\"es\",\"potentialAction\":[{\"@type\":\"ReadAction\",\"target\":[\"https:\/\/elglobal.do\/index.php\/2025\/08\/06\/ipes-impulsa-modernizacion-policial-con-innovacion-academica-en-la-iii-feria-universitaria-innova-2025\/\"]}]},{\"@type\":\"ImageObject\",\"inLanguage\":\"es\",\"@id\":\"https:\/\/elglobal.do\/index.php\/2025\/08\/06\/ipes-impulsa-modernizacion-policial-con-innovacion-academica-en-la-iii-feria-universitaria-innova-2025\/#primaryimage\",\"url\":\"\",\"contentUrl\":\"\"},{\"@type\":\"BreadcrumbList\",\"@id\":\"https:\/\/elglobal.do\/index.php\/2025\/08\/06\/ipes-impulsa-modernizacion-policial-con-innovacion-academica-en-la-iii-feria-universitaria-innova-2025\/#breadcrumb\",\"itemListElement\":[{\"@type\":\"ListItem\",\"position\":1,\"name\":\"Portada\",\"item\":\"https:\/\/elglobal.do\/\"},{\"@type\":\"ListItem\",\"position\":2,\"name\":\"IPES impulsa modernizaci\u00f3n policial con innovaci\u00f3n acad\u00e9mica en la III Feria Universitaria INNOVA 2025\"}]},{\"@type\":\"WebSite\",\"@id\":\"https:\/\/elglobal.do\/#website\",\"url\":\"https:\/\/elglobal.do\/\",\"name\":\"EL GLOBAL INFORMATIVO\",\"description\":\"Peri\u00f3dico digital de la Rep\u00fablica Dominicana que ofrece noticias, novedades, pol\u00edtica y las \u00faltimas actualidades, con informaci\u00f3n veraz y oportuna para mantenerte siempre informad\",\"publisher\":{\"@id\":\"https:\/\/elglobal.do\/#organization\"},\"potentialAction\":[{\"@type\":\"SearchAction\",\"target\":{\"@type\":\"EntryPoint\",\"urlTemplate\":\"https:\/\/elglobal.do\/?s={search_term_string}\"},\"query-input\":{\"@type\":\"PropertyValueSpecification\",\"valueRequired\":true,\"valueName\":\"search_term_string\"}}],\"inLanguage\":\"es\"},{\"@type\":\"Organization\",\"@id\":\"https:\/\/elglobal.do\/#organization\",\"name\":\"EL GLOBAL.DO INFORMATIVO\",\"url\":\"https:\/\/elglobal.do\/\",\"logo\":{\"@type\":\"ImageObject\",\"inLanguage\":\"es\",\"@id\":\"https:\/\/elglobal.do\/#\/schema\/logo\/image\/\",\"url\":\"https:\/\/elglobal.do\/wp-content\/uploads\/2025\/08\/icon.png\",\"contentUrl\":\"https:\/\/elglobal.do\/wp-content\/uploads\/2025\/08\/icon.png\",\"width\":512,\"height\":512,\"caption\":\"EL GLOBAL.DO INFORMATIVO\"},\"image\":{\"@id\":\"https:\/\/elglobal.do\/#\/schema\/logo\/image\/\"}},{\"@type\":\"Person\",\"@id\":\"https:\/\/elglobal.do\/#\/schema\/person\/0c97ec2c7714fb605d230c292f64d55f\",\"name\":\"EL GLOBAL\",\"image\":{\"@type\":\"ImageObject\",\"inLanguage\":\"es\",\"@id\":\"https:\/\/elglobal.do\/#\/schema\/person\/image\/\",\"url\":\"https:\/\/secure.gravatar.com\/avatar\/081cfb6cf99faddc6f4e23a0c11ab98c5cf302925382d1c88dc3ed757ab910a3?s=96&d=mm&r=g\",\"contentUrl\":\"https:\/\/secure.gravatar.com\/avatar\/081cfb6cf99faddc6f4e23a0c11ab98c5cf302925382d1c88dc3ed757ab910a3?s=96&d=mm&r=g\",\"caption\":\"EL GLOBAL\"},\"description\":\"El Global Informativo es un peri\u00f3dico digital de Rep\u00fablica Dominicana que se dedica a cubrir temas importantes, como la pol\u00edtica local, geopol\u00edtica, econom\u00eda, tecnolog\u00eda, noticias internacionales y eventos relacionados con la gesti\u00f3n social, cultural y humana. Su objetivo principal es mantener a la poblaci\u00f3n informada, ofreciendo una visi\u00f3n amplia y actualizada de lo que sucede tanto en el pa\u00eds como en el mundo. Est\u00e1 dirigido por un grupo de periodistas experimentados, lo que garantiza la calidad y la precisi\u00f3n de la informaci\u00f3n que ofrecen. Tiene su sede en la ciudad de Santo Domingo y es parte integral del portafolio de la empresa, MC Global S.R.L.\",\"sameAs\":[\"https:\/\/elglobal.do\",\"https:\/\/www.instagram.com\/elglobal.do_informativo\/\"],\"url\":\"https:\/\/elglobal.do\/index.php\/author\/elglobaluserpro\/\"}]}<\/script>\n<!-- \/ Yoast SEO plugin. -->","yoast_head_json":{"title":"IPES impulsa modernizaci\u00f3n policial con innovaci\u00f3n acad\u00e9mica en la III Feria Universitaria INNOVA 2025 - EL GLOBAL INFORMATIVO","robots":{"index":"index","follow":"follow","max-snippet":"max-snippet:-1","max-image-preview":"max-image-preview:large","max-video-preview":"max-video-preview:-1"},"canonical":"https:\/\/elglobal.do\/index.php\/2025\/08\/06\/ipes-impulsa-modernizacion-policial-con-innovacion-academica-en-la-iii-feria-universitaria-innova-2025\/","og_locale":"es_ES","og_type":"article","og_title":"IPES impulsa modernizaci\u00f3n policial con innovaci\u00f3n acad\u00e9mica en la III Feria Universitaria INNOVA 2025 - EL GLOBAL INFORMATIVO","og_description":"Santo Domingo.-El Instituto Policial de Educaci\u00f3n Superior (IPES) inaugur\u00f3 este martes la tercera edici\u00f3n de la Feria Universitaria INNOVA 2025, un evento de cuatro d\u00edas que reafirma su compromiso con&hellip;","og_url":"https:\/\/elglobal.do\/index.php\/2025\/08\/06\/ipes-impulsa-modernizacion-policial-con-innovacion-academica-en-la-iii-feria-universitaria-innova-2025\/","og_site_name":"EL GLOBAL INFORMATIVO","article_published_time":"2025-08-06T14:51:13+00:00","article_modified_time":"2025-08-06T14:51:14+00:00","author":"EL GLOBAL","twitter_card":"summary_large_image","twitter_misc":{"Escrito por":"EL GLOBAL","Tiempo de lectura":"2 minutos"},"schema":{"@context":"https:\/\/schema.org","@graph":[{"@type":"Article","@id":"https:\/\/elglobal.do\/index.php\/2025\/08\/06\/ipes-impulsa-modernizacion-policial-con-innovacion-academica-en-la-iii-feria-universitaria-innova-2025\/#article","isPartOf":{"@id":"https:\/\/elglobal.do\/index.php\/2025\/08\/06\/ipes-impulsa-modernizacion-policial-con-innovacion-academica-en-la-iii-feria-universitaria-innova-2025\/"},"author":{"name":"EL GLOBAL","@id":"https:\/\/elglobal.do\/#\/schema\/person\/0c97ec2c7714fb605d230c292f64d55f"},"headline":"IPES impulsa modernizaci\u00f3n policial con innovaci\u00f3n acad\u00e9mica en la III Feria Universitaria INNOVA 2025","datePublished":"2025-08-06T14:51:13+00:00","dateModified":"2025-08-06T14:51:14+00:00","mainEntityOfPage":{"@id":"https:\/\/elglobal.do\/index.php\/2025\/08\/06\/ipes-impulsa-modernizacion-policial-con-innovacion-academica-en-la-iii-feria-universitaria-innova-2025\/"},"wordCount":460,"commentCount":0,"publisher":{"@id":"https:\/\/elglobal.do\/#organization"},"image":{"@id":"https:\/\/elglobal.do\/index.php\/2025\/08\/06\/ipes-impulsa-modernizacion-policial-con-innovacion-academica-en-la-iii-feria-universitaria-innova-2025\/#primaryimage"},"thumbnailUrl":"https:\/\/elglobal.do\/wp-content\/uploads\/2025\/08\/8b23bd90-001a-4948-af37-31abf198dfea-1024x682.jpg","keywords":["#ElGlobalInformativo","#Innovaci\u00f3n","#PoliciaNacional"],"articleSection":["NACIONALES"],"inLanguage":"es","potentialAction":[{"@type":"CommentAction","name":"Comment","target":["https:\/\/elglobal.do\/index.php\/2025\/08\/06\/ipes-impulsa-modernizacion-policial-con-innovacion-academica-en-la-iii-feria-universitaria-innova-2025\/#respond"]}]},{"@type":"WebPage","@id":"https:\/\/elglobal.do\/index.php\/2025\/08\/06\/ipes-impulsa-modernizacion-policial-con-innovacion-academica-en-la-iii-feria-universitaria-innova-2025\/","url":"https:\/\/elglobal.do\/index.php\/2025\/08\/06\/ipes-impulsa-modernizacion-policial-con-innovacion-academica-en-la-iii-feria-universitaria-innova-2025\/","name":"IPES impulsa modernizaci\u00f3n policial con innovaci\u00f3n acad\u00e9mica en la III Feria Universitaria INNOVA 2025 - EL GLOBAL INFORMATIVO","isPartOf":{"@id":"https:\/\/elglobal.do\/#website"},"primaryImageOfPage":{"@id":"https:\/\/elglobal.do\/index.php\/2025\/08\/06\/ipes-impulsa-modernizacion-policial-con-innovacion-academica-en-la-iii-feria-universitaria-innova-2025\/#primaryimage"},"image":{"@id":"https:\/\/elglobal.do\/index.php\/2025\/08\/06\/ipes-impulsa-modernizacion-policial-con-innovacion-academica-en-la-iii-feria-universitaria-innova-2025\/#primaryimage"},"thumbnailUrl":"https:\/\/elglobal.do\/wp-content\/uploads\/2025\/08\/8b23bd90-001a-4948-af37-31abf198dfea-1024x682.jpg","datePublished":"2025-08-06T14:51:13+00:00","dateModified":"2025-08-06T14:51:14+00:00","breadcrumb":{"@id":"https:\/\/elglobal.do\/index.php\/2025\/08\/06\/ipes-impulsa-modernizacion-policial-con-innovacion-academica-en-la-iii-feria-universitaria-innova-2025\/#breadcrumb"},"inLanguage":"es","potentialAction":[{"@type":"ReadAction","target":["https:\/\/elglobal.do\/index.php\/2025\/08\/06\/ipes-impulsa-modernizacion-policial-con-innovacion-academica-en-la-iii-feria-universitaria-innova-2025\/"]}]},{"@type":"ImageObject","inLanguage":"es","@id":"https:\/\/elglobal.do\/index.php\/2025\/08\/06\/ipes-impulsa-modernizacion-policial-con-innovacion-academica-en-la-iii-feria-universitaria-innova-2025\/#primaryimage","url":"","contentUrl":""},{"@type":"BreadcrumbList","@id":"https:\/\/elglobal.do\/index.php\/2025\/08\/06\/ipes-impulsa-modernizacion-policial-con-innovacion-academica-en-la-iii-feria-universitaria-innova-2025\/#breadcrumb","itemListElement":[{"@type":"ListItem","position":1,"name":"Portada","item":"https:\/\/elglobal.do\/"},{"@type":"ListItem","position":2,"name":"IPES impulsa modernizaci\u00f3n policial con innovaci\u00f3n acad\u00e9mica en la III Feria Universitaria INNOVA 2025"}]},{"@type":"WebSite","@id":"https:\/\/elglobal.do\/#website","url":"https:\/\/elglobal.do\/","name":"EL GLOBAL INFORMATIVO","description":"Peri\u00f3dico digital de la Rep\u00fablica Dominicana que ofrece noticias, novedades, pol\u00edtica y las \u00faltimas actualidades, con informaci\u00f3n veraz y oportuna para mantenerte siempre informad","publisher":{"@id":"https:\/\/elglobal.do\/#organization"},"potentialAction":[{"@type":"SearchAction","target":{"@type":"EntryPoint","urlTemplate":"https:\/\/elglobal.do\/?s={search_term_string}"},"query-input":{"@type":"PropertyValueSpecification","valueRequired":true,"valueName":"search_term_string"}}],"inLanguage":"es"},{"@type":"Organization","@id":"https:\/\/elglobal.do\/#organization","name":"EL GLOBAL.DO INFORMATIVO","url":"https:\/\/elglobal.do\/","logo":{"@type":"ImageObject","inLanguage":"es","@id":"https:\/\/elglobal.do\/#\/schema\/logo\/image\/","url":"https:\/\/elglobal.do\/wp-content\/uploads\/2025\/08\/icon.png","contentUrl":"https:\/\/elglobal.do\/wp-content\/uploads\/2025\/08\/icon.png","width":512,"height":512,"caption":"EL GLOBAL.DO INFORMATIVO"},"image":{"@id":"https:\/\/elglobal.do\/#\/schema\/logo\/image\/"}},{"@type":"Person","@id":"https:\/\/elglobal.do\/#\/schema\/person\/0c97ec2c7714fb605d230c292f64d55f","name":"EL GLOBAL","image":{"@type":"ImageObject","inLanguage":"es","@id":"https:\/\/elglobal.do\/#\/schema\/person\/image\/","url":"https:\/\/secure.gravatar.com\/avatar\/081cfb6cf99faddc6f4e23a0c11ab98c5cf302925382d1c88dc3ed757ab910a3?s=96&d=mm&r=g","contentUrl":"https:\/\/secure.gravatar.com\/avatar\/081cfb6cf99faddc6f4e23a0c11ab98c5cf302925382d1c88dc3ed757ab910a3?s=96&d=mm&r=g","caption":"EL GLOBAL"},"description":"El Global Informativo es un peri\u00f3dico digital de Rep\u00fablica Dominicana que se dedica a cubrir temas importantes, como la pol\u00edtica local, geopol\u00edtica, econom\u00eda, tecnolog\u00eda, noticias internacionales y eventos relacionados con la gesti\u00f3n social, cultural y humana. Su objetivo principal es mantener a la poblaci\u00f3n informada, ofreciendo una visi\u00f3n amplia y actualizada de lo que sucede tanto en el pa\u00eds como en el mundo. Est\u00e1 dirigido por un grupo de periodistas experimentados, lo que garantiza la calidad y la precisi\u00f3n de la informaci\u00f3n que ofrecen. Tiene su sede en la ciudad de Santo Domingo y es parte integral del portafolio de la empresa, MC Global S.R.L.","sameAs":["https:\/\/elglobal.do","https:\/\/www.instagram.com\/elglobal.do_informativo\/"],"url":"https:\/\/elglobal.do\/index.php\/author\/elglobaluserpro\/"}]}},"jetpack_featured_media_url":"","jetpack_sharing_enabled":true,"_links":{"self":[{"href":"https:\/\/elglobal.do\/index.php\/wp-json\/wp\/v2\/posts\/589","targetHints":{"allow":["GET"]}}],"collection":[{"href":"https:\/\/elglobal.do\/index.php\/wp-json\/wp\/v2\/posts"}],"about":[{"href":"https:\/\/elglobal.do\/index.php\/wp-json\/wp\/v2\/types\/post"}],"author":[{"embeddable":true,"href":"https:\/\/elglobal.do\/index.php\/wp-json\/wp\/v2\/users\/1"}],"replies":[{"embeddable":true,"href":"https:\/\/elglobal.do\/index.php\/wp-json\/wp\/v2\/comments?post=589"}],"version-history":[{"count":1,"href":"https:\/\/elglobal.do\/index.php\/wp-json\/wp\/v2\/posts\/589\/revisions"}],"predecessor-version":[{"id":593,"href":"https:\/\/elglobal.do\/index.php\/wp-json\/wp\/v2\/posts\/589\/revisions\/593"}],"wp:attachment":[{"href":"https:\/\/elglobal.do\/index.php\/wp-json\/wp\/v2\/media?parent=589"}],"wp:term":[{"taxonomy":"category","embeddable":true,"href":"https:\/\/elglobal.do\/index.php\/wp-json\/wp\/v2\/categories?post=589"},{"taxonomy":"post_tag","embeddable":true,"href":"https:\/\/elglobal.do\/index.php\/wp-json\/wp\/v2\/tags?post=589"}],"curies":[{"name":"wp","href":"https:\/\/api.w.org\/{rel}","templated":true}]}}