{"id":6200,"date":"2026-03-03T10:42:26","date_gmt":"2026-03-03T14:42:26","guid":{"rendered":"https:\/\/elglobal.do\/?p=6200"},"modified":"2026-03-03T10:42:28","modified_gmt":"2026-03-03T14:42:28","slug":"uasd-admite-errores-en-el-escudo-nacional","status":"publish","type":"post","link":"https:\/\/elglobal.do\/index.php\/2026\/03\/03\/uasd-admite-errores-en-el-escudo-nacional\/","title":{"rendered":"UASD admite errores en el Escudo Nacional"},"content":{"rendered":"\n<figure class=\"wp-block-image size-full\"><img loading=\"lazy\" decoding=\"async\" width=\"800\" height=\"533\" src=\"https:\/\/elglobal.do\/wp-content\/uploads\/2026\/03\/image-13.png\" alt=\"\" class=\"wp-image-6201\" srcset=\"https:\/\/elglobal.do\/wp-content\/uploads\/2026\/03\/image-13.png 800w, https:\/\/elglobal.do\/wp-content\/uploads\/2026\/03\/image-13-300x200.png 300w, https:\/\/elglobal.do\/wp-content\/uploads\/2026\/03\/image-13-768x512.png 768w\" sizes=\"auto, (max-width: 800px) 100vw, 800px\" \/><\/figure>\n\n\n\n<p><strong>Santo Domingo.-<\/strong> La<strong>&nbsp;Universidad Aut\u00f3noma de Santo Domingo<\/strong>&nbsp;(<strong>UASD<\/strong>) admiti\u00f3 no haberse percatado de que el dise\u00f1o del&nbsp;<strong>Escudo Nacional&nbsp;<\/strong>que se exhibe en uno de sus jardines no coincide con el \u201csello\u201d oficial del pa\u00eds consagrado en la&nbsp;<strong>Constituci\u00f3n dominicana<\/strong>.<\/p>\n\n\n\n<p id=\"m1399-1398-1400\">\u201cAhora me entero de esos errores\u201d, expres\u00f3 sorprendida la vicerrectora de&nbsp;<strong>Extensi\u00f3n de la UASD<\/strong>&nbsp;y abogada, Rosal\u00eda Sosa P\u00e9rez, tras ser entrevistada acerca de las diferencias notables entre el&nbsp;<strong>s\u00edmbolo patrio<\/strong>&nbsp;original y el que muestra la casa de altos estudios.<\/p>\n\n\n\n<p>Esto luego del reportaje que document\u00f3 los errores \u201cignorados\u201d por distintas instituciones p\u00fablicas que en sus alrededores exponen los s\u00edmbolos patrios.<\/p>\n\n\n\n<p id=\"m1414-1413-1415\">Entre los errores evidenciados se destaca que, en los extremos del list\u00f3n inferior rojo bermell\u00f3n se orientan hacia abajo, cuando lo correcto, seg\u00fan la&nbsp;<strong>Carta Magna<\/strong>, es hacia arriba. Inclusive, carece del grabado \u201c<strong>Rep\u00fablica Dominicana<\/strong>\u201d.&nbsp;<\/p>\n\n\n\n<p id=\"m1419-1418-1420\">Adem\u00e1s, las lanzas que sujetan las banderas en el centro del escudo no presentan la misma medida. Ante estas diferencias evidenciadas en el distintivo dominicano que luce el campus, Rosal\u00eda Sosa asegur\u00f3 que esos detalles en el dise\u00f1o deben ser corregidos con urgencia.<\/p>\n\n\n\n<p id=\"m1424-1423-1425\">Al tiempo, puntualiz\u00f3 que la petici\u00f3n para realizar esos cambios se debe realizar en coordinaci\u00f3n con el autor art\u00edstico que realiz\u00f3 el esculpido del Escudo Nacional en la UASD.<\/p>\n\n\n\n<p id=\"m1429-1428-1430\">\u00abS\u00ed est\u00e1 mal. Vamos a tomar las medidas para corregir el escudo que est\u00e1 dise\u00f1ado en uno de nuestros jardines y lo tramitaremos a la rector\u00eda de extensi\u00f3n para que el Consejo Universitario ordene y comience a hacer el procedimiento que se ha identificado, que estamos violando la ley y la Constituci\u00f3n\u00bb, sostuvo la vicerrectora de extensiones, luego de agradecer y reconocer las observaciones de este diario hacia los s\u00edmbolos patrios.<\/p>\n\n\n\n<h3 class=\"wp-block-heading\">Detalles del escudo nacional\u00a0<\/h3>\n\n\n\n<p id=\"m1434-1433-1435\">Se recuerda que, desde su tama\u00f1o y dise\u00f1o tricolor, el Escudo Nacional oficial est\u00e1 establecido en el decreto del 6 de febrero de 1913 y est\u00e1 consagrado en la Carta Magna.<\/p>\n\n\n\n<p id=\"m1439-1438-1440\">La Constituci\u00f3n dominicana en su art\u00edculo 32 expresa: \u201cEl Escudo Nacional tiene los mismos colores de la Bandera Nacional dispuestos en igual forma. Lleva en el centro la&nbsp;<strong>Biblia&nbsp;<\/strong>abierta en el&nbsp;<strong>Evangelio de San Juan<\/strong>, cap\u00edtulo 8, vers\u00edculo 32, y encima una cruz, las cuales surgen de un trofeo integrado por dos lanzas y cuatro banderas nacionales sin escudo, dispuestas a ambos lados; lleva un ramo de laurel del lado izquierdo y uno de palma al lado derecho\u201d, rese\u00f1a la Carta Magna.<\/p>\n\n\n\n<p id=\"m1444-1443-1445\">Seguido a esto, dice: Est\u00e1 coronado por una cinta azul ultramar en la cual se lee el lema \u201c<strong>Dios, Patria y Libertad<\/strong>\u201d. En la base hay otra cinta de color rojo bermell\u00f3n cuyos extremos se orientan hacia arriba con las palabras \u201cRep\u00fablica Dominicana\u201d.<\/p>\n\n\n\n<p id=\"m1449-1448-1450\">\u201cLa forma del Escudo Nacional es de un cuadrilongo, con los \u00e1ngulos superiores salientes y los inferiores redondeados, el centro de cuya base termina en punta, y est\u00e1 dispuesto en forma tal que resulte un cuadrado perfecto al trazar una l\u00ednea horizontal que una las dos verticales del cuadrilongo desde donde comienzan los \u00e1ngulos inferiores\u201d, contempla la Constituci\u00f3n sobre el dise\u00f1o del escudo.<\/p>\n\n\n\n<h3 class=\"wp-block-heading\">Otras reglamentaciones\u00a0<\/h3>\n\n\n\n<p id=\"m1454-1453-1455\">Asimismo, la&nbsp;<strong>Ley 210-19<\/strong>, que regula el uso de los s\u00edmbolos patrios del pa\u00eds, en su art\u00edculo 28, secci\u00f3n dos, detalla la irreverencia contra el Escudo Nacional.<\/p>\n\n\n\n<p id=\"m1459-1458-1460\">Entre las irreverencias, el reglamento se\u00f1ala: usarlo en violaci\u00f3n al art\u00edculo 32 de la Constituci\u00f3n o de cualquier otro precepto de la presente ley, exhibir el Escudo Nacional con los colores distintos a los establecidos por el art\u00edculo 32 de la Constituci\u00f3n de la Rep\u00fablica, as\u00ed como utilizar el Escudo Nacional en promociones comerciales con fines de lucro.<\/p>\n\n\n\n<p><\/p>\n","protected":false},"excerpt":{"rendered":"<p>Santo Domingo.- La&nbsp;Universidad Aut\u00f3noma de Santo Domingo&nbsp;(UASD) admiti\u00f3 no haberse percatado de que el dise\u00f1o del&nbsp;Escudo Nacional&nbsp;que se exhibe en uno de sus jardines no coincide con el \u201csello\u201d oficial&hellip; <\/p>\n","protected":false},"author":1,"featured_media":6201,"comment_status":"open","ping_status":"open","sticky":false,"template":"","format":"standard","meta":{"_jetpack_memberships_contains_paid_content":false,"footnotes":""},"categories":[40,14],"tags":[3489,3488,2922,3487,1026],"class_list":["post-6200","post","type-post","status-publish","format-standard","has-post-thumbnail","hentry","category-nacionales","category-slider","tag-cartamagna","tag-constituciondominicana","tag-errores","tag-escudonacional","tag-uasd"],"yoast_head":"<!-- This site is optimized with the Yoast SEO plugin v26.9 - https:\/\/yoast.com\/product\/yoast-seo-wordpress\/ -->\n<title>UASD admite errores en el Escudo Nacional - EL GLOBAL INFORMATIVO<\/title>\n<meta name=\"robots\" content=\"index, follow, max-snippet:-1, max-image-preview:large, max-video-preview:-1\" \/>\n<link rel=\"canonical\" href=\"https:\/\/elglobal.do\/index.php\/2026\/03\/03\/uasd-admite-errores-en-el-escudo-nacional\/\" \/>\n<meta property=\"og:locale\" content=\"es_ES\" \/>\n<meta property=\"og:type\" content=\"article\" \/>\n<meta property=\"og:title\" content=\"UASD admite errores en el Escudo Nacional - EL GLOBAL INFORMATIVO\" \/>\n<meta property=\"og:description\" content=\"Santo Domingo.- La&nbsp;Universidad Aut\u00f3noma de Santo Domingo&nbsp;(UASD) admiti\u00f3 no haberse percatado de que el dise\u00f1o del&nbsp;Escudo Nacional&nbsp;que se exhibe en uno de sus jardines no coincide con el \u201csello\u201d oficial&hellip;\" \/>\n<meta property=\"og:url\" content=\"https:\/\/elglobal.do\/index.php\/2026\/03\/03\/uasd-admite-errores-en-el-escudo-nacional\/\" \/>\n<meta property=\"og:site_name\" content=\"EL GLOBAL INFORMATIVO\" \/>\n<meta property=\"article:published_time\" content=\"2026-03-03T14:42:26+00:00\" \/>\n<meta property=\"article:modified_time\" content=\"2026-03-03T14:42:28+00:00\" \/>\n<meta property=\"og:image\" content=\"https:\/\/elglobal.do\/wp-content\/uploads\/2026\/03\/image-13.png\" \/>\n\t<meta property=\"og:image:width\" content=\"800\" \/>\n\t<meta property=\"og:image:height\" content=\"533\" \/>\n\t<meta property=\"og:image:type\" content=\"image\/png\" \/>\n<meta name=\"author\" content=\"EL GLOBAL\" \/>\n<meta name=\"twitter:card\" content=\"summary_large_image\" \/>\n<meta name=\"twitter:label1\" content=\"Escrito por\" \/>\n\t<meta name=\"twitter:data1\" content=\"EL GLOBAL\" \/>\n\t<meta name=\"twitter:label2\" content=\"Tiempo de lectura\" \/>\n\t<meta name=\"twitter:data2\" content=\"4 minutos\" \/>\n<script type=\"application\/ld+json\" class=\"yoast-schema-graph\">{\"@context\":\"https:\/\/schema.org\",\"@graph\":[{\"@type\":\"Article\",\"@id\":\"https:\/\/elglobal.do\/index.php\/2026\/03\/03\/uasd-admite-errores-en-el-escudo-nacional\/#article\",\"isPartOf\":{\"@id\":\"https:\/\/elglobal.do\/index.php\/2026\/03\/03\/uasd-admite-errores-en-el-escudo-nacional\/\"},\"author\":{\"name\":\"EL GLOBAL\",\"@id\":\"https:\/\/elglobal.do\/#\/schema\/person\/0c97ec2c7714fb605d230c292f64d55f\"},\"headline\":\"UASD admite errores en el Escudo Nacional\",\"datePublished\":\"2026-03-03T14:42:26+00:00\",\"dateModified\":\"2026-03-03T14:42:28+00:00\",\"mainEntityOfPage\":{\"@id\":\"https:\/\/elglobal.do\/index.php\/2026\/03\/03\/uasd-admite-errores-en-el-escudo-nacional\/\"},\"wordCount\":656,\"commentCount\":0,\"publisher\":{\"@id\":\"https:\/\/elglobal.do\/#organization\"},\"image\":{\"@id\":\"https:\/\/elglobal.do\/index.php\/2026\/03\/03\/uasd-admite-errores-en-el-escudo-nacional\/#primaryimage\"},\"thumbnailUrl\":\"https:\/\/elglobal.do\/wp-content\/uploads\/2026\/03\/image-13.png\",\"keywords\":[\"#CartaMagna\",\"#Constituci\u00f3nDominicana\",\"#errores\",\"#EscudoNacional\",\"#UASD\"],\"articleSection\":[\"NACIONALES\",\"NOTICIAS RELEVANTES\"],\"inLanguage\":\"es\",\"potentialAction\":[{\"@type\":\"CommentAction\",\"name\":\"Comment\",\"target\":[\"https:\/\/elglobal.do\/index.php\/2026\/03\/03\/uasd-admite-errores-en-el-escudo-nacional\/#respond\"]}]},{\"@type\":\"WebPage\",\"@id\":\"https:\/\/elglobal.do\/index.php\/2026\/03\/03\/uasd-admite-errores-en-el-escudo-nacional\/\",\"url\":\"https:\/\/elglobal.do\/index.php\/2026\/03\/03\/uasd-admite-errores-en-el-escudo-nacional\/\",\"name\":\"UASD admite errores en el Escudo Nacional - EL GLOBAL INFORMATIVO\",\"isPartOf\":{\"@id\":\"https:\/\/elglobal.do\/#website\"},\"primaryImageOfPage\":{\"@id\":\"https:\/\/elglobal.do\/index.php\/2026\/03\/03\/uasd-admite-errores-en-el-escudo-nacional\/#primaryimage\"},\"image\":{\"@id\":\"https:\/\/elglobal.do\/index.php\/2026\/03\/03\/uasd-admite-errores-en-el-escudo-nacional\/#primaryimage\"},\"thumbnailUrl\":\"https:\/\/elglobal.do\/wp-content\/uploads\/2026\/03\/image-13.png\",\"datePublished\":\"2026-03-03T14:42:26+00:00\",\"dateModified\":\"2026-03-03T14:42:28+00:00\",\"breadcrumb\":{\"@id\":\"https:\/\/elglobal.do\/index.php\/2026\/03\/03\/uasd-admite-errores-en-el-escudo-nacional\/#breadcrumb\"},\"inLanguage\":\"es\",\"potentialAction\":[{\"@type\":\"ReadAction\",\"target\":[\"https:\/\/elglobal.do\/index.php\/2026\/03\/03\/uasd-admite-errores-en-el-escudo-nacional\/\"]}]},{\"@type\":\"ImageObject\",\"inLanguage\":\"es\",\"@id\":\"https:\/\/elglobal.do\/index.php\/2026\/03\/03\/uasd-admite-errores-en-el-escudo-nacional\/#primaryimage\",\"url\":\"https:\/\/elglobal.do\/wp-content\/uploads\/2026\/03\/image-13.png\",\"contentUrl\":\"https:\/\/elglobal.do\/wp-content\/uploads\/2026\/03\/image-13.png\",\"width\":800,\"height\":533},{\"@type\":\"BreadcrumbList\",\"@id\":\"https:\/\/elglobal.do\/index.php\/2026\/03\/03\/uasd-admite-errores-en-el-escudo-nacional\/#breadcrumb\",\"itemListElement\":[{\"@type\":\"ListItem\",\"position\":1,\"name\":\"Portada\",\"item\":\"https:\/\/elglobal.do\/\"},{\"@type\":\"ListItem\",\"position\":2,\"name\":\"UASD admite errores en el Escudo Nacional\"}]},{\"@type\":\"WebSite\",\"@id\":\"https:\/\/elglobal.do\/#website\",\"url\":\"https:\/\/elglobal.do\/\",\"name\":\"EL GLOBAL INFORMATIVO\",\"description\":\"Peri\u00f3dico digital de la Rep\u00fablica Dominicana que ofrece noticias, novedades, pol\u00edtica y las \u00faltimas actualidades, con informaci\u00f3n veraz y oportuna para mantenerte siempre informad\",\"publisher\":{\"@id\":\"https:\/\/elglobal.do\/#organization\"},\"potentialAction\":[{\"@type\":\"SearchAction\",\"target\":{\"@type\":\"EntryPoint\",\"urlTemplate\":\"https:\/\/elglobal.do\/?s={search_term_string}\"},\"query-input\":{\"@type\":\"PropertyValueSpecification\",\"valueRequired\":true,\"valueName\":\"search_term_string\"}}],\"inLanguage\":\"es\"},{\"@type\":\"Organization\",\"@id\":\"https:\/\/elglobal.do\/#organization\",\"name\":\"EL GLOBAL.DO INFORMATIVO\",\"url\":\"https:\/\/elglobal.do\/\",\"logo\":{\"@type\":\"ImageObject\",\"inLanguage\":\"es\",\"@id\":\"https:\/\/elglobal.do\/#\/schema\/logo\/image\/\",\"url\":\"https:\/\/elglobal.do\/wp-content\/uploads\/2025\/08\/icon.png\",\"contentUrl\":\"https:\/\/elglobal.do\/wp-content\/uploads\/2025\/08\/icon.png\",\"width\":512,\"height\":512,\"caption\":\"EL GLOBAL.DO INFORMATIVO\"},\"image\":{\"@id\":\"https:\/\/elglobal.do\/#\/schema\/logo\/image\/\"}},{\"@type\":\"Person\",\"@id\":\"https:\/\/elglobal.do\/#\/schema\/person\/0c97ec2c7714fb605d230c292f64d55f\",\"name\":\"EL GLOBAL\",\"image\":{\"@type\":\"ImageObject\",\"inLanguage\":\"es\",\"@id\":\"https:\/\/elglobal.do\/#\/schema\/person\/image\/\",\"url\":\"https:\/\/secure.gravatar.com\/avatar\/081cfb6cf99faddc6f4e23a0c11ab98c5cf302925382d1c88dc3ed757ab910a3?s=96&d=mm&r=g\",\"contentUrl\":\"https:\/\/secure.gravatar.com\/avatar\/081cfb6cf99faddc6f4e23a0c11ab98c5cf302925382d1c88dc3ed757ab910a3?s=96&d=mm&r=g\",\"caption\":\"EL GLOBAL\"},\"description\":\"El Global Informativo es un peri\u00f3dico digital de Rep\u00fablica Dominicana que se dedica a cubrir temas importantes, como la pol\u00edtica local, geopol\u00edtica, econom\u00eda, tecnolog\u00eda, noticias internacionales y eventos relacionados con la gesti\u00f3n social, cultural y humana. Su objetivo principal es mantener a la poblaci\u00f3n informada, ofreciendo una visi\u00f3n amplia y actualizada de lo que sucede tanto en el pa\u00eds como en el mundo. Est\u00e1 dirigido por un grupo de periodistas experimentados, lo que garantiza la calidad y la precisi\u00f3n de la informaci\u00f3n que ofrecen. Tiene su sede en la ciudad de Santo Domingo y es parte integral del portafolio de la empresa, MC Global S.R.L.\",\"sameAs\":[\"https:\/\/elglobal.do\",\"https:\/\/www.instagram.com\/elglobal.do_informativo\/\"],\"url\":\"https:\/\/elglobal.do\/index.php\/author\/elglobaluserpro\/\"}]}<\/script>\n<!-- \/ Yoast SEO plugin. -->","yoast_head_json":{"title":"UASD admite errores en el Escudo Nacional - EL GLOBAL INFORMATIVO","robots":{"index":"index","follow":"follow","max-snippet":"max-snippet:-1","max-image-preview":"max-image-preview:large","max-video-preview":"max-video-preview:-1"},"canonical":"https:\/\/elglobal.do\/index.php\/2026\/03\/03\/uasd-admite-errores-en-el-escudo-nacional\/","og_locale":"es_ES","og_type":"article","og_title":"UASD admite errores en el Escudo Nacional - EL GLOBAL INFORMATIVO","og_description":"Santo Domingo.- La&nbsp;Universidad Aut\u00f3noma de Santo Domingo&nbsp;(UASD) admiti\u00f3 no haberse percatado de que el dise\u00f1o del&nbsp;Escudo Nacional&nbsp;que se exhibe en uno de sus jardines no coincide con el \u201csello\u201d oficial&hellip;","og_url":"https:\/\/elglobal.do\/index.php\/2026\/03\/03\/uasd-admite-errores-en-el-escudo-nacional\/","og_site_name":"EL GLOBAL INFORMATIVO","article_published_time":"2026-03-03T14:42:26+00:00","article_modified_time":"2026-03-03T14:42:28+00:00","og_image":[{"width":800,"height":533,"url":"https:\/\/elglobal.do\/wp-content\/uploads\/2026\/03\/image-13.png","type":"image\/png"}],"author":"EL GLOBAL","twitter_card":"summary_large_image","twitter_misc":{"Escrito por":"EL GLOBAL","Tiempo de lectura":"4 minutos"},"schema":{"@context":"https:\/\/schema.org","@graph":[{"@type":"Article","@id":"https:\/\/elglobal.do\/index.php\/2026\/03\/03\/uasd-admite-errores-en-el-escudo-nacional\/#article","isPartOf":{"@id":"https:\/\/elglobal.do\/index.php\/2026\/03\/03\/uasd-admite-errores-en-el-escudo-nacional\/"},"author":{"name":"EL GLOBAL","@id":"https:\/\/elglobal.do\/#\/schema\/person\/0c97ec2c7714fb605d230c292f64d55f"},"headline":"UASD admite errores en el Escudo Nacional","datePublished":"2026-03-03T14:42:26+00:00","dateModified":"2026-03-03T14:42:28+00:00","mainEntityOfPage":{"@id":"https:\/\/elglobal.do\/index.php\/2026\/03\/03\/uasd-admite-errores-en-el-escudo-nacional\/"},"wordCount":656,"commentCount":0,"publisher":{"@id":"https:\/\/elglobal.do\/#organization"},"image":{"@id":"https:\/\/elglobal.do\/index.php\/2026\/03\/03\/uasd-admite-errores-en-el-escudo-nacional\/#primaryimage"},"thumbnailUrl":"https:\/\/elglobal.do\/wp-content\/uploads\/2026\/03\/image-13.png","keywords":["#CartaMagna","#Constituci\u00f3nDominicana","#errores","#EscudoNacional","#UASD"],"articleSection":["NACIONALES","NOTICIAS RELEVANTES"],"inLanguage":"es","potentialAction":[{"@type":"CommentAction","name":"Comment","target":["https:\/\/elglobal.do\/index.php\/2026\/03\/03\/uasd-admite-errores-en-el-escudo-nacional\/#respond"]}]},{"@type":"WebPage","@id":"https:\/\/elglobal.do\/index.php\/2026\/03\/03\/uasd-admite-errores-en-el-escudo-nacional\/","url":"https:\/\/elglobal.do\/index.php\/2026\/03\/03\/uasd-admite-errores-en-el-escudo-nacional\/","name":"UASD admite errores en el Escudo Nacional - EL GLOBAL INFORMATIVO","isPartOf":{"@id":"https:\/\/elglobal.do\/#website"},"primaryImageOfPage":{"@id":"https:\/\/elglobal.do\/index.php\/2026\/03\/03\/uasd-admite-errores-en-el-escudo-nacional\/#primaryimage"},"image":{"@id":"https:\/\/elglobal.do\/index.php\/2026\/03\/03\/uasd-admite-errores-en-el-escudo-nacional\/#primaryimage"},"thumbnailUrl":"https:\/\/elglobal.do\/wp-content\/uploads\/2026\/03\/image-13.png","datePublished":"2026-03-03T14:42:26+00:00","dateModified":"2026-03-03T14:42:28+00:00","breadcrumb":{"@id":"https:\/\/elglobal.do\/index.php\/2026\/03\/03\/uasd-admite-errores-en-el-escudo-nacional\/#breadcrumb"},"inLanguage":"es","potentialAction":[{"@type":"ReadAction","target":["https:\/\/elglobal.do\/index.php\/2026\/03\/03\/uasd-admite-errores-en-el-escudo-nacional\/"]}]},{"@type":"ImageObject","inLanguage":"es","@id":"https:\/\/elglobal.do\/index.php\/2026\/03\/03\/uasd-admite-errores-en-el-escudo-nacional\/#primaryimage","url":"https:\/\/elglobal.do\/wp-content\/uploads\/2026\/03\/image-13.png","contentUrl":"https:\/\/elglobal.do\/wp-content\/uploads\/2026\/03\/image-13.png","width":800,"height":533},{"@type":"BreadcrumbList","@id":"https:\/\/elglobal.do\/index.php\/2026\/03\/03\/uasd-admite-errores-en-el-escudo-nacional\/#breadcrumb","itemListElement":[{"@type":"ListItem","position":1,"name":"Portada","item":"https:\/\/elglobal.do\/"},{"@type":"ListItem","position":2,"name":"UASD admite errores en el Escudo Nacional"}]},{"@type":"WebSite","@id":"https:\/\/elglobal.do\/#website","url":"https:\/\/elglobal.do\/","name":"EL GLOBAL INFORMATIVO","description":"Peri\u00f3dico digital de la Rep\u00fablica Dominicana que ofrece noticias, novedades, pol\u00edtica y las \u00faltimas actualidades, con informaci\u00f3n veraz y oportuna para mantenerte siempre informad","publisher":{"@id":"https:\/\/elglobal.do\/#organization"},"potentialAction":[{"@type":"SearchAction","target":{"@type":"EntryPoint","urlTemplate":"https:\/\/elglobal.do\/?s={search_term_string}"},"query-input":{"@type":"PropertyValueSpecification","valueRequired":true,"valueName":"search_term_string"}}],"inLanguage":"es"},{"@type":"Organization","@id":"https:\/\/elglobal.do\/#organization","name":"EL GLOBAL.DO INFORMATIVO","url":"https:\/\/elglobal.do\/","logo":{"@type":"ImageObject","inLanguage":"es","@id":"https:\/\/elglobal.do\/#\/schema\/logo\/image\/","url":"https:\/\/elglobal.do\/wp-content\/uploads\/2025\/08\/icon.png","contentUrl":"https:\/\/elglobal.do\/wp-content\/uploads\/2025\/08\/icon.png","width":512,"height":512,"caption":"EL GLOBAL.DO INFORMATIVO"},"image":{"@id":"https:\/\/elglobal.do\/#\/schema\/logo\/image\/"}},{"@type":"Person","@id":"https:\/\/elglobal.do\/#\/schema\/person\/0c97ec2c7714fb605d230c292f64d55f","name":"EL GLOBAL","image":{"@type":"ImageObject","inLanguage":"es","@id":"https:\/\/elglobal.do\/#\/schema\/person\/image\/","url":"https:\/\/secure.gravatar.com\/avatar\/081cfb6cf99faddc6f4e23a0c11ab98c5cf302925382d1c88dc3ed757ab910a3?s=96&d=mm&r=g","contentUrl":"https:\/\/secure.gravatar.com\/avatar\/081cfb6cf99faddc6f4e23a0c11ab98c5cf302925382d1c88dc3ed757ab910a3?s=96&d=mm&r=g","caption":"EL GLOBAL"},"description":"El Global Informativo es un peri\u00f3dico digital de Rep\u00fablica Dominicana que se dedica a cubrir temas importantes, como la pol\u00edtica local, geopol\u00edtica, econom\u00eda, tecnolog\u00eda, noticias internacionales y eventos relacionados con la gesti\u00f3n social, cultural y humana. Su objetivo principal es mantener a la poblaci\u00f3n informada, ofreciendo una visi\u00f3n amplia y actualizada de lo que sucede tanto en el pa\u00eds como en el mundo. Est\u00e1 dirigido por un grupo de periodistas experimentados, lo que garantiza la calidad y la precisi\u00f3n de la informaci\u00f3n que ofrecen. Tiene su sede en la ciudad de Santo Domingo y es parte integral del portafolio de la empresa, MC Global S.R.L.","sameAs":["https:\/\/elglobal.do","https:\/\/www.instagram.com\/elglobal.do_informativo\/"],"url":"https:\/\/elglobal.do\/index.php\/author\/elglobaluserpro\/"}]}},"jetpack_featured_media_url":"https:\/\/elglobal.do\/wp-content\/uploads\/2026\/03\/image-13.png","jetpack_sharing_enabled":true,"_links":{"self":[{"href":"https:\/\/elglobal.do\/index.php\/wp-json\/wp\/v2\/posts\/6200","targetHints":{"allow":["GET"]}}],"collection":[{"href":"https:\/\/elglobal.do\/index.php\/wp-json\/wp\/v2\/posts"}],"about":[{"href":"https:\/\/elglobal.do\/index.php\/wp-json\/wp\/v2\/types\/post"}],"author":[{"embeddable":true,"href":"https:\/\/elglobal.do\/index.php\/wp-json\/wp\/v2\/users\/1"}],"replies":[{"embeddable":true,"href":"https:\/\/elglobal.do\/index.php\/wp-json\/wp\/v2\/comments?post=6200"}],"version-history":[{"count":1,"href":"https:\/\/elglobal.do\/index.php\/wp-json\/wp\/v2\/posts\/6200\/revisions"}],"predecessor-version":[{"id":6202,"href":"https:\/\/elglobal.do\/index.php\/wp-json\/wp\/v2\/posts\/6200\/revisions\/6202"}],"wp:featuredmedia":[{"embeddable":true,"href":"https:\/\/elglobal.do\/index.php\/wp-json\/wp\/v2\/media\/6201"}],"wp:attachment":[{"href":"https:\/\/elglobal.do\/index.php\/wp-json\/wp\/v2\/media?parent=6200"}],"wp:term":[{"taxonomy":"category","embeddable":true,"href":"https:\/\/elglobal.do\/index.php\/wp-json\/wp\/v2\/categories?post=6200"},{"taxonomy":"post_tag","embeddable":true,"href":"https:\/\/elglobal.do\/index.php\/wp-json\/wp\/v2\/tags?post=6200"}],"curies":[{"name":"wp","href":"https:\/\/api.w.org\/{rel}","templated":true}]}}