{"id":6540,"date":"2026-03-17T13:24:53","date_gmt":"2026-03-17T17:24:53","guid":{"rendered":"https:\/\/elglobal.do\/?p=6540"},"modified":"2026-03-17T13:24:55","modified_gmt":"2026-03-17T17:24:55","slug":"abinader-designa-edificio-indotel-con-el-nombre-del-periodista-orlando-martinez-howley","status":"publish","type":"post","link":"https:\/\/elglobal.do\/index.php\/2026\/03\/17\/abinader-designa-edificio-indotel-con-el-nombre-del-periodista-orlando-martinez-howley\/","title":{"rendered":"Abinader designa edificio Indotel con el nombre del periodista Orlando Mart\u00ednez Howley"},"content":{"rendered":"<div class=\"wp-block-image\">\n<figure class=\"alignright size-full is-resized\"><img loading=\"lazy\" decoding=\"async\" width=\"896\" height=\"504\" src=\"https:\/\/elglobal.do\/wp-content\/uploads\/2026\/03\/image-124.png\" alt=\"\" class=\"wp-image-6541\" style=\"width:375px;height:auto\" srcset=\"https:\/\/elglobal.do\/wp-content\/uploads\/2026\/03\/image-124.png 896w, https:\/\/elglobal.do\/wp-content\/uploads\/2026\/03\/image-124-300x169.png 300w, https:\/\/elglobal.do\/wp-content\/uploads\/2026\/03\/image-124-768x432.png 768w\" sizes=\"auto, (max-width: 896px) 100vw, 896px\" \/><\/figure>\n<\/div>\n\n\n<p><strong>Santo Domingo.-<\/strong> El presidente&nbsp;<strong>Luis Abinader<\/strong>&nbsp;<strong>design\u00f3<\/strong>&nbsp;el edificio de la sede central del Instituto Dominicano de las Telecomunicaciones (<strong>Indotel<\/strong>) con el nombre del asesinado periodista&nbsp;<strong>Orlando Mart\u00ednez Howley<\/strong>.<\/p>\n\n\n\n<p>La decisi\u00f3n del\u00a0<strong>Poder Ejecutivo<\/strong>\u00a0fue tomada mediante el\u00a0<strong>decreto 160-26<\/strong>, dado a conocer en la tarde de este lunes. El edificio corporativo de la instituci\u00f3n est\u00e1 ubicado en la\u00a0<strong>avenida 27 de Febrero<\/strong>\u00a0n\u00fam. 323, entre las avenidas Winston Churchill y\u00a0Fernando A. Defill\u00f3.<\/p>\n\n\n\n<h2 class=\"wp-block-heading\">Periodista&nbsp;<strong>Orlando Mart\u00ednez Howley<\/strong><\/h2>\n\n\n\n<p><strong>Orlando Mart\u00ednez Howley<\/strong>\u00a0fue un reconocido\u00a0<strong>periodista dominicano<\/strong>\u00a0asesinado el 17 de marzo en el a\u00f1o 1975. Desde su influyente columna \u00abMicroscopio\u00bb, ejerci\u00f3 un\u00a0<strong>periodismo valiente<\/strong>, guiado por\u00a0<strong>principios \u00e9ticos<\/strong>\u00a0y por una profunda vocaci\u00f3n de servicio al pa\u00eds, como destaca el documento ejecutivo.<\/p>\n\n\n\n<p>A trav\u00e9s de esta distinci\u00f3n, el&nbsp;<strong>Gobierno dominicano<\/strong>&nbsp;reconoce la trayectoria profesional, el&nbsp;<strong>legado<\/strong>&nbsp;y los aportes de&nbsp;<strong>Orlando Mart\u00ednez<\/strong>, las huellas que dej\u00f3 en el \u00e1mbito de la comunicaci\u00f3n social y a los principios que defendi\u00f3, los cuales impulsan el progreso y fortalecen las telecomunicaciones y los medios informativos nacionales.<\/p>\n\n\n\n<h2 class=\"wp-block-heading\">La sede central de&nbsp;<strong>Indotel<\/strong><\/h2>\n\n\n\n<p>En enero de 2026, el Instituto Dominicano de las Telecomunicaciones (<strong>Indotel<\/strong>) inaugur\u00f3 su nuevo edificio institucional en la&nbsp;<strong>avenida 27 de Febrero<\/strong>, Distrito Nacional, con una inversi\u00f3n de RD$1,777.9 millones.<\/p>\n\n\n\n<p>La nueva sede concentra al&nbsp;<strong>personal<\/strong>, optimizando procesos y&nbsp;<strong>reduciendo costos<\/strong>&nbsp;operativos, evitando pagos de alquiler que sumaban RD$3,317.4 millones en 10 a\u00f1os, de acuerdo al presidente del Consejo Directivo del&nbsp;<strong>Indotel<\/strong>,&nbsp;<strong>Guido G\u00f3mez Mazara.<\/strong><\/p>\n\n\n\n<p>Durante la&nbsp;<strong>inauguraci\u00f3n<\/strong>&nbsp;del plantel, G\u00f3mez Mazara indic\u00f3 que el Estado ahorrar\u00e1&nbsp;<strong>RD$1,540 millones<\/strong>&nbsp;en ese per\u00edodo.<\/p>\n\n\n\n<p>El edificio cuenta con&nbsp;<strong>10 pisos<\/strong>&nbsp;y&nbsp;<strong>108 parqueos<\/strong>, finalizando 24 a\u00f1os de alquiler.<\/p>\n","protected":false},"excerpt":{"rendered":"<p>Santo Domingo.- El presidente&nbsp;Luis Abinader&nbsp;design\u00f3&nbsp;el edificio de la sede central del Instituto Dominicano de las Telecomunicaciones (Indotel) con el nombre del asesinado periodista&nbsp;Orlando Mart\u00ednez Howley. La decisi\u00f3n del\u00a0Poder Ejecutivo\u00a0fue tomada&hellip; <\/p>\n","protected":false},"author":1,"featured_media":6541,"comment_status":"open","ping_status":"open","sticky":false,"template":"","format":"standard","meta":{"_jetpack_memberships_contains_paid_content":false,"footnotes":""},"categories":[40,14],"tags":[2814,3729,3728,3730],"class_list":["post-6540","post","type-post","status-publish","format-standard","has-post-thumbnail","hentry","category-nacionales","category-slider","tag-designa","tag-edificioindotel","tag-luisabiander","tag-periodistaorlandomartinez"],"yoast_head":"<!-- This site is optimized with the Yoast SEO plugin v26.9 - https:\/\/yoast.com\/product\/yoast-seo-wordpress\/ -->\n<title>Abinader designa edificio Indotel con el nombre del periodista Orlando Mart\u00ednez Howley - EL GLOBAL INFORMATIVO<\/title>\n<meta name=\"robots\" content=\"index, follow, max-snippet:-1, max-image-preview:large, max-video-preview:-1\" \/>\n<link rel=\"canonical\" href=\"https:\/\/elglobal.do\/index.php\/2026\/03\/17\/abinader-designa-edificio-indotel-con-el-nombre-del-periodista-orlando-martinez-howley\/\" \/>\n<meta property=\"og:locale\" content=\"es_ES\" \/>\n<meta property=\"og:type\" content=\"article\" \/>\n<meta property=\"og:title\" content=\"Abinader designa edificio Indotel con el nombre del periodista Orlando Mart\u00ednez Howley - EL GLOBAL INFORMATIVO\" \/>\n<meta property=\"og:description\" content=\"Santo Domingo.- El presidente&nbsp;Luis Abinader&nbsp;design\u00f3&nbsp;el edificio de la sede central del Instituto Dominicano de las Telecomunicaciones (Indotel) con el nombre del asesinado periodista&nbsp;Orlando Mart\u00ednez Howley. La decisi\u00f3n del\u00a0Poder Ejecutivo\u00a0fue tomada&hellip;\" \/>\n<meta property=\"og:url\" content=\"https:\/\/elglobal.do\/index.php\/2026\/03\/17\/abinader-designa-edificio-indotel-con-el-nombre-del-periodista-orlando-martinez-howley\/\" \/>\n<meta property=\"og:site_name\" content=\"EL GLOBAL INFORMATIVO\" \/>\n<meta property=\"article:published_time\" content=\"2026-03-17T17:24:53+00:00\" \/>\n<meta property=\"article:modified_time\" content=\"2026-03-17T17:24:55+00:00\" \/>\n<meta property=\"og:image\" content=\"https:\/\/elglobal.do\/wp-content\/uploads\/2026\/03\/image-124.png\" \/>\n\t<meta property=\"og:image:width\" content=\"896\" \/>\n\t<meta property=\"og:image:height\" content=\"504\" \/>\n\t<meta property=\"og:image:type\" content=\"image\/png\" \/>\n<meta name=\"author\" content=\"EL GLOBAL\" \/>\n<meta name=\"twitter:card\" content=\"summary_large_image\" \/>\n<meta name=\"twitter:label1\" content=\"Escrito por\" \/>\n\t<meta name=\"twitter:data1\" content=\"EL GLOBAL\" \/>\n\t<meta name=\"twitter:label2\" content=\"Tiempo de lectura\" \/>\n\t<meta name=\"twitter:data2\" content=\"2 minutos\" \/>\n<script type=\"application\/ld+json\" class=\"yoast-schema-graph\">{\"@context\":\"https:\/\/schema.org\",\"@graph\":[{\"@type\":\"Article\",\"@id\":\"https:\/\/elglobal.do\/index.php\/2026\/03\/17\/abinader-designa-edificio-indotel-con-el-nombre-del-periodista-orlando-martinez-howley\/#article\",\"isPartOf\":{\"@id\":\"https:\/\/elglobal.do\/index.php\/2026\/03\/17\/abinader-designa-edificio-indotel-con-el-nombre-del-periodista-orlando-martinez-howley\/\"},\"author\":{\"name\":\"EL GLOBAL\",\"@id\":\"https:\/\/elglobal.do\/#\/schema\/person\/0c97ec2c7714fb605d230c292f64d55f\"},\"headline\":\"Abinader designa edificio Indotel con el nombre del periodista Orlando Mart\u00ednez Howley\",\"datePublished\":\"2026-03-17T17:24:53+00:00\",\"dateModified\":\"2026-03-17T17:24:55+00:00\",\"mainEntityOfPage\":{\"@id\":\"https:\/\/elglobal.do\/index.php\/2026\/03\/17\/abinader-designa-edificio-indotel-con-el-nombre-del-periodista-orlando-martinez-howley\/\"},\"wordCount\":322,\"commentCount\":0,\"publisher\":{\"@id\":\"https:\/\/elglobal.do\/#organization\"},\"image\":{\"@id\":\"https:\/\/elglobal.do\/index.php\/2026\/03\/17\/abinader-designa-edificio-indotel-con-el-nombre-del-periodista-orlando-martinez-howley\/#primaryimage\"},\"thumbnailUrl\":\"https:\/\/elglobal.do\/wp-content\/uploads\/2026\/03\/image-124.png\",\"keywords\":[\"#Designa\",\"#EdificioIndotel\",\"#LuisAbiander\",\"#PeriodistaOrlandoMartinez\"],\"articleSection\":[\"NACIONALES\",\"NOTICIAS RELEVANTES\"],\"inLanguage\":\"es\",\"potentialAction\":[{\"@type\":\"CommentAction\",\"name\":\"Comment\",\"target\":[\"https:\/\/elglobal.do\/index.php\/2026\/03\/17\/abinader-designa-edificio-indotel-con-el-nombre-del-periodista-orlando-martinez-howley\/#respond\"]}]},{\"@type\":\"WebPage\",\"@id\":\"https:\/\/elglobal.do\/index.php\/2026\/03\/17\/abinader-designa-edificio-indotel-con-el-nombre-del-periodista-orlando-martinez-howley\/\",\"url\":\"https:\/\/elglobal.do\/index.php\/2026\/03\/17\/abinader-designa-edificio-indotel-con-el-nombre-del-periodista-orlando-martinez-howley\/\",\"name\":\"Abinader designa edificio Indotel con el nombre del periodista Orlando Mart\u00ednez Howley - EL GLOBAL INFORMATIVO\",\"isPartOf\":{\"@id\":\"https:\/\/elglobal.do\/#website\"},\"primaryImageOfPage\":{\"@id\":\"https:\/\/elglobal.do\/index.php\/2026\/03\/17\/abinader-designa-edificio-indotel-con-el-nombre-del-periodista-orlando-martinez-howley\/#primaryimage\"},\"image\":{\"@id\":\"https:\/\/elglobal.do\/index.php\/2026\/03\/17\/abinader-designa-edificio-indotel-con-el-nombre-del-periodista-orlando-martinez-howley\/#primaryimage\"},\"thumbnailUrl\":\"https:\/\/elglobal.do\/wp-content\/uploads\/2026\/03\/image-124.png\",\"datePublished\":\"2026-03-17T17:24:53+00:00\",\"dateModified\":\"2026-03-17T17:24:55+00:00\",\"breadcrumb\":{\"@id\":\"https:\/\/elglobal.do\/index.php\/2026\/03\/17\/abinader-designa-edificio-indotel-con-el-nombre-del-periodista-orlando-martinez-howley\/#breadcrumb\"},\"inLanguage\":\"es\",\"potentialAction\":[{\"@type\":\"ReadAction\",\"target\":[\"https:\/\/elglobal.do\/index.php\/2026\/03\/17\/abinader-designa-edificio-indotel-con-el-nombre-del-periodista-orlando-martinez-howley\/\"]}]},{\"@type\":\"ImageObject\",\"inLanguage\":\"es\",\"@id\":\"https:\/\/elglobal.do\/index.php\/2026\/03\/17\/abinader-designa-edificio-indotel-con-el-nombre-del-periodista-orlando-martinez-howley\/#primaryimage\",\"url\":\"https:\/\/elglobal.do\/wp-content\/uploads\/2026\/03\/image-124.png\",\"contentUrl\":\"https:\/\/elglobal.do\/wp-content\/uploads\/2026\/03\/image-124.png\",\"width\":896,\"height\":504},{\"@type\":\"BreadcrumbList\",\"@id\":\"https:\/\/elglobal.do\/index.php\/2026\/03\/17\/abinader-designa-edificio-indotel-con-el-nombre-del-periodista-orlando-martinez-howley\/#breadcrumb\",\"itemListElement\":[{\"@type\":\"ListItem\",\"position\":1,\"name\":\"Portada\",\"item\":\"https:\/\/elglobal.do\/\"},{\"@type\":\"ListItem\",\"position\":2,\"name\":\"Abinader designa edificio Indotel con el nombre del periodista Orlando Mart\u00ednez Howley\"}]},{\"@type\":\"WebSite\",\"@id\":\"https:\/\/elglobal.do\/#website\",\"url\":\"https:\/\/elglobal.do\/\",\"name\":\"EL GLOBAL INFORMATIVO\",\"description\":\"Peri\u00f3dico digital de la Rep\u00fablica Dominicana que ofrece noticias, novedades, pol\u00edtica y las \u00faltimas actualidades, con informaci\u00f3n veraz y oportuna para mantenerte siempre informad\",\"publisher\":{\"@id\":\"https:\/\/elglobal.do\/#organization\"},\"potentialAction\":[{\"@type\":\"SearchAction\",\"target\":{\"@type\":\"EntryPoint\",\"urlTemplate\":\"https:\/\/elglobal.do\/?s={search_term_string}\"},\"query-input\":{\"@type\":\"PropertyValueSpecification\",\"valueRequired\":true,\"valueName\":\"search_term_string\"}}],\"inLanguage\":\"es\"},{\"@type\":\"Organization\",\"@id\":\"https:\/\/elglobal.do\/#organization\",\"name\":\"EL GLOBAL.DO INFORMATIVO\",\"url\":\"https:\/\/elglobal.do\/\",\"logo\":{\"@type\":\"ImageObject\",\"inLanguage\":\"es\",\"@id\":\"https:\/\/elglobal.do\/#\/schema\/logo\/image\/\",\"url\":\"https:\/\/elglobal.do\/wp-content\/uploads\/2025\/08\/icon.png\",\"contentUrl\":\"https:\/\/elglobal.do\/wp-content\/uploads\/2025\/08\/icon.png\",\"width\":512,\"height\":512,\"caption\":\"EL GLOBAL.DO INFORMATIVO\"},\"image\":{\"@id\":\"https:\/\/elglobal.do\/#\/schema\/logo\/image\/\"}},{\"@type\":\"Person\",\"@id\":\"https:\/\/elglobal.do\/#\/schema\/person\/0c97ec2c7714fb605d230c292f64d55f\",\"name\":\"EL GLOBAL\",\"image\":{\"@type\":\"ImageObject\",\"inLanguage\":\"es\",\"@id\":\"https:\/\/elglobal.do\/#\/schema\/person\/image\/\",\"url\":\"https:\/\/secure.gravatar.com\/avatar\/081cfb6cf99faddc6f4e23a0c11ab98c5cf302925382d1c88dc3ed757ab910a3?s=96&d=mm&r=g\",\"contentUrl\":\"https:\/\/secure.gravatar.com\/avatar\/081cfb6cf99faddc6f4e23a0c11ab98c5cf302925382d1c88dc3ed757ab910a3?s=96&d=mm&r=g\",\"caption\":\"EL GLOBAL\"},\"description\":\"El Global Informativo es un peri\u00f3dico digital de Rep\u00fablica Dominicana que se dedica a cubrir temas importantes, como la pol\u00edtica local, geopol\u00edtica, econom\u00eda, tecnolog\u00eda, noticias internacionales y eventos relacionados con la gesti\u00f3n social, cultural y humana. Su objetivo principal es mantener a la poblaci\u00f3n informada, ofreciendo una visi\u00f3n amplia y actualizada de lo que sucede tanto en el pa\u00eds como en el mundo. Est\u00e1 dirigido por un grupo de periodistas experimentados, lo que garantiza la calidad y la precisi\u00f3n de la informaci\u00f3n que ofrecen. Tiene su sede en la ciudad de Santo Domingo y es parte integral del portafolio de la empresa, MC Global S.R.L.\",\"sameAs\":[\"https:\/\/elglobal.do\",\"https:\/\/www.instagram.com\/elglobal.do_informativo\/\"],\"url\":\"https:\/\/elglobal.do\/index.php\/author\/elglobaluserpro\/\"}]}<\/script>\n<!-- \/ Yoast SEO plugin. -->","yoast_head_json":{"title":"Abinader designa edificio Indotel con el nombre del periodista Orlando Mart\u00ednez Howley - EL GLOBAL INFORMATIVO","robots":{"index":"index","follow":"follow","max-snippet":"max-snippet:-1","max-image-preview":"max-image-preview:large","max-video-preview":"max-video-preview:-1"},"canonical":"https:\/\/elglobal.do\/index.php\/2026\/03\/17\/abinader-designa-edificio-indotel-con-el-nombre-del-periodista-orlando-martinez-howley\/","og_locale":"es_ES","og_type":"article","og_title":"Abinader designa edificio Indotel con el nombre del periodista Orlando Mart\u00ednez Howley - EL GLOBAL INFORMATIVO","og_description":"Santo Domingo.- El presidente&nbsp;Luis Abinader&nbsp;design\u00f3&nbsp;el edificio de la sede central del Instituto Dominicano de las Telecomunicaciones (Indotel) con el nombre del asesinado periodista&nbsp;Orlando Mart\u00ednez Howley. La decisi\u00f3n del\u00a0Poder Ejecutivo\u00a0fue tomada&hellip;","og_url":"https:\/\/elglobal.do\/index.php\/2026\/03\/17\/abinader-designa-edificio-indotel-con-el-nombre-del-periodista-orlando-martinez-howley\/","og_site_name":"EL GLOBAL INFORMATIVO","article_published_time":"2026-03-17T17:24:53+00:00","article_modified_time":"2026-03-17T17:24:55+00:00","og_image":[{"width":896,"height":504,"url":"https:\/\/elglobal.do\/wp-content\/uploads\/2026\/03\/image-124.png","type":"image\/png"}],"author":"EL GLOBAL","twitter_card":"summary_large_image","twitter_misc":{"Escrito por":"EL GLOBAL","Tiempo de lectura":"2 minutos"},"schema":{"@context":"https:\/\/schema.org","@graph":[{"@type":"Article","@id":"https:\/\/elglobal.do\/index.php\/2026\/03\/17\/abinader-designa-edificio-indotel-con-el-nombre-del-periodista-orlando-martinez-howley\/#article","isPartOf":{"@id":"https:\/\/elglobal.do\/index.php\/2026\/03\/17\/abinader-designa-edificio-indotel-con-el-nombre-del-periodista-orlando-martinez-howley\/"},"author":{"name":"EL GLOBAL","@id":"https:\/\/elglobal.do\/#\/schema\/person\/0c97ec2c7714fb605d230c292f64d55f"},"headline":"Abinader designa edificio Indotel con el nombre del periodista Orlando Mart\u00ednez Howley","datePublished":"2026-03-17T17:24:53+00:00","dateModified":"2026-03-17T17:24:55+00:00","mainEntityOfPage":{"@id":"https:\/\/elglobal.do\/index.php\/2026\/03\/17\/abinader-designa-edificio-indotel-con-el-nombre-del-periodista-orlando-martinez-howley\/"},"wordCount":322,"commentCount":0,"publisher":{"@id":"https:\/\/elglobal.do\/#organization"},"image":{"@id":"https:\/\/elglobal.do\/index.php\/2026\/03\/17\/abinader-designa-edificio-indotel-con-el-nombre-del-periodista-orlando-martinez-howley\/#primaryimage"},"thumbnailUrl":"https:\/\/elglobal.do\/wp-content\/uploads\/2026\/03\/image-124.png","keywords":["#Designa","#EdificioIndotel","#LuisAbiander","#PeriodistaOrlandoMartinez"],"articleSection":["NACIONALES","NOTICIAS RELEVANTES"],"inLanguage":"es","potentialAction":[{"@type":"CommentAction","name":"Comment","target":["https:\/\/elglobal.do\/index.php\/2026\/03\/17\/abinader-designa-edificio-indotel-con-el-nombre-del-periodista-orlando-martinez-howley\/#respond"]}]},{"@type":"WebPage","@id":"https:\/\/elglobal.do\/index.php\/2026\/03\/17\/abinader-designa-edificio-indotel-con-el-nombre-del-periodista-orlando-martinez-howley\/","url":"https:\/\/elglobal.do\/index.php\/2026\/03\/17\/abinader-designa-edificio-indotel-con-el-nombre-del-periodista-orlando-martinez-howley\/","name":"Abinader designa edificio Indotel con el nombre del periodista Orlando Mart\u00ednez Howley - EL GLOBAL INFORMATIVO","isPartOf":{"@id":"https:\/\/elglobal.do\/#website"},"primaryImageOfPage":{"@id":"https:\/\/elglobal.do\/index.php\/2026\/03\/17\/abinader-designa-edificio-indotel-con-el-nombre-del-periodista-orlando-martinez-howley\/#primaryimage"},"image":{"@id":"https:\/\/elglobal.do\/index.php\/2026\/03\/17\/abinader-designa-edificio-indotel-con-el-nombre-del-periodista-orlando-martinez-howley\/#primaryimage"},"thumbnailUrl":"https:\/\/elglobal.do\/wp-content\/uploads\/2026\/03\/image-124.png","datePublished":"2026-03-17T17:24:53+00:00","dateModified":"2026-03-17T17:24:55+00:00","breadcrumb":{"@id":"https:\/\/elglobal.do\/index.php\/2026\/03\/17\/abinader-designa-edificio-indotel-con-el-nombre-del-periodista-orlando-martinez-howley\/#breadcrumb"},"inLanguage":"es","potentialAction":[{"@type":"ReadAction","target":["https:\/\/elglobal.do\/index.php\/2026\/03\/17\/abinader-designa-edificio-indotel-con-el-nombre-del-periodista-orlando-martinez-howley\/"]}]},{"@type":"ImageObject","inLanguage":"es","@id":"https:\/\/elglobal.do\/index.php\/2026\/03\/17\/abinader-designa-edificio-indotel-con-el-nombre-del-periodista-orlando-martinez-howley\/#primaryimage","url":"https:\/\/elglobal.do\/wp-content\/uploads\/2026\/03\/image-124.png","contentUrl":"https:\/\/elglobal.do\/wp-content\/uploads\/2026\/03\/image-124.png","width":896,"height":504},{"@type":"BreadcrumbList","@id":"https:\/\/elglobal.do\/index.php\/2026\/03\/17\/abinader-designa-edificio-indotel-con-el-nombre-del-periodista-orlando-martinez-howley\/#breadcrumb","itemListElement":[{"@type":"ListItem","position":1,"name":"Portada","item":"https:\/\/elglobal.do\/"},{"@type":"ListItem","position":2,"name":"Abinader designa edificio Indotel con el nombre del periodista Orlando Mart\u00ednez Howley"}]},{"@type":"WebSite","@id":"https:\/\/elglobal.do\/#website","url":"https:\/\/elglobal.do\/","name":"EL GLOBAL INFORMATIVO","description":"Peri\u00f3dico digital de la Rep\u00fablica Dominicana que ofrece noticias, novedades, pol\u00edtica y las \u00faltimas actualidades, con informaci\u00f3n veraz y oportuna para mantenerte siempre informad","publisher":{"@id":"https:\/\/elglobal.do\/#organization"},"potentialAction":[{"@type":"SearchAction","target":{"@type":"EntryPoint","urlTemplate":"https:\/\/elglobal.do\/?s={search_term_string}"},"query-input":{"@type":"PropertyValueSpecification","valueRequired":true,"valueName":"search_term_string"}}],"inLanguage":"es"},{"@type":"Organization","@id":"https:\/\/elglobal.do\/#organization","name":"EL GLOBAL.DO INFORMATIVO","url":"https:\/\/elglobal.do\/","logo":{"@type":"ImageObject","inLanguage":"es","@id":"https:\/\/elglobal.do\/#\/schema\/logo\/image\/","url":"https:\/\/elglobal.do\/wp-content\/uploads\/2025\/08\/icon.png","contentUrl":"https:\/\/elglobal.do\/wp-content\/uploads\/2025\/08\/icon.png","width":512,"height":512,"caption":"EL GLOBAL.DO INFORMATIVO"},"image":{"@id":"https:\/\/elglobal.do\/#\/schema\/logo\/image\/"}},{"@type":"Person","@id":"https:\/\/elglobal.do\/#\/schema\/person\/0c97ec2c7714fb605d230c292f64d55f","name":"EL GLOBAL","image":{"@type":"ImageObject","inLanguage":"es","@id":"https:\/\/elglobal.do\/#\/schema\/person\/image\/","url":"https:\/\/secure.gravatar.com\/avatar\/081cfb6cf99faddc6f4e23a0c11ab98c5cf302925382d1c88dc3ed757ab910a3?s=96&d=mm&r=g","contentUrl":"https:\/\/secure.gravatar.com\/avatar\/081cfb6cf99faddc6f4e23a0c11ab98c5cf302925382d1c88dc3ed757ab910a3?s=96&d=mm&r=g","caption":"EL GLOBAL"},"description":"El Global Informativo es un peri\u00f3dico digital de Rep\u00fablica Dominicana que se dedica a cubrir temas importantes, como la pol\u00edtica local, geopol\u00edtica, econom\u00eda, tecnolog\u00eda, noticias internacionales y eventos relacionados con la gesti\u00f3n social, cultural y humana. Su objetivo principal es mantener a la poblaci\u00f3n informada, ofreciendo una visi\u00f3n amplia y actualizada de lo que sucede tanto en el pa\u00eds como en el mundo. Est\u00e1 dirigido por un grupo de periodistas experimentados, lo que garantiza la calidad y la precisi\u00f3n de la informaci\u00f3n que ofrecen. Tiene su sede en la ciudad de Santo Domingo y es parte integral del portafolio de la empresa, MC Global S.R.L.","sameAs":["https:\/\/elglobal.do","https:\/\/www.instagram.com\/elglobal.do_informativo\/"],"url":"https:\/\/elglobal.do\/index.php\/author\/elglobaluserpro\/"}]}},"jetpack_featured_media_url":"https:\/\/elglobal.do\/wp-content\/uploads\/2026\/03\/image-124.png","jetpack_sharing_enabled":true,"_links":{"self":[{"href":"https:\/\/elglobal.do\/index.php\/wp-json\/wp\/v2\/posts\/6540","targetHints":{"allow":["GET"]}}],"collection":[{"href":"https:\/\/elglobal.do\/index.php\/wp-json\/wp\/v2\/posts"}],"about":[{"href":"https:\/\/elglobal.do\/index.php\/wp-json\/wp\/v2\/types\/post"}],"author":[{"embeddable":true,"href":"https:\/\/elglobal.do\/index.php\/wp-json\/wp\/v2\/users\/1"}],"replies":[{"embeddable":true,"href":"https:\/\/elglobal.do\/index.php\/wp-json\/wp\/v2\/comments?post=6540"}],"version-history":[{"count":1,"href":"https:\/\/elglobal.do\/index.php\/wp-json\/wp\/v2\/posts\/6540\/revisions"}],"predecessor-version":[{"id":6542,"href":"https:\/\/elglobal.do\/index.php\/wp-json\/wp\/v2\/posts\/6540\/revisions\/6542"}],"wp:featuredmedia":[{"embeddable":true,"href":"https:\/\/elglobal.do\/index.php\/wp-json\/wp\/v2\/media\/6541"}],"wp:attachment":[{"href":"https:\/\/elglobal.do\/index.php\/wp-json\/wp\/v2\/media?parent=6540"}],"wp:term":[{"taxonomy":"category","embeddable":true,"href":"https:\/\/elglobal.do\/index.php\/wp-json\/wp\/v2\/categories?post=6540"},{"taxonomy":"post_tag","embeddable":true,"href":"https:\/\/elglobal.do\/index.php\/wp-json\/wp\/v2\/tags?post=6540"}],"curies":[{"name":"wp","href":"https:\/\/api.w.org\/{rel}","templated":true}]}}