{"id":671,"date":"2025-08-06T17:44:44","date_gmt":"2025-08-06T21:44:44","guid":{"rendered":"https:\/\/elglobal.do\/?p=671"},"modified":"2025-08-06T17:44:45","modified_gmt":"2025-08-06T21:44:45","slug":"el-jardin-botanico-nacional-tiene-nuevo-horario","status":"publish","type":"post","link":"https:\/\/elglobal.do\/index.php\/2025\/08\/06\/el-jardin-botanico-nacional-tiene-nuevo-horario\/","title":{"rendered":"El Jard\u00edn Bot\u00e1nico Nacional tiene nuevo horario"},"content":{"rendered":"\n<figure class=\"wp-block-image size-large\"><img loading=\"lazy\" decoding=\"async\" width=\"1024\" height=\"341\" src=\"https:\/\/elglobal.do\/wp-content\/uploads\/2025\/08\/botanico-1024x341.webp\" alt=\"\" class=\"wp-image-672\" srcset=\"https:\/\/elglobal.do\/wp-content\/uploads\/2025\/08\/botanico-1024x341.webp 1024w, https:\/\/elglobal.do\/wp-content\/uploads\/2025\/08\/botanico-300x100.webp 300w, https:\/\/elglobal.do\/wp-content\/uploads\/2025\/08\/botanico-768x256.webp 768w, https:\/\/elglobal.do\/wp-content\/uploads\/2025\/08\/botanico.webp 1280w\" sizes=\"auto, (max-width: 1024px) 100vw, 1024px\" \/><\/figure>\n\n\n\n<p><strong>Santo Domingo.- <\/strong>El\u00a0<strong>Jard\u00edn Bot\u00e1nico Nacional\u00a0Dr. Rafael M. Moscoso<\/strong> anunci\u00f3 este mi\u00e9rcoles una\u00a0<strong>modificaci\u00f3n\u00a0en su horario de operaci\u00f3n,<\/strong>\u00a0con el objetivo de brindar una experiencia m\u00e1s c\u00f3moda y placentera a todos sus visitantes.<\/p>\n\n\n\n<p>\u00abA partir del&nbsp;<strong>4 de agosto<\/strong>, nuestro Jard\u00edn se adapta para brindarte una experiencia a\u00fan m\u00e1s c\u00f3moda y agradable\u00bb, public\u00f3 la instituci\u00f3n en sus redes sociales, donde tambi\u00e9n detall\u00f3 los&nbsp;<strong>nuevos horarios<\/strong>.<\/p>\n\n\n\n<p>Tras la&nbsp;<strong>actualizaci\u00f3n<\/strong>, el&nbsp;<strong>Jard\u00edn&nbsp;<\/strong>abre sus puertas una hora m\u00e1s temprano, comenzando a recibir visitantes desde las&nbsp;<strong>8:00&nbsp;<\/strong>de la ma\u00f1ana hasta las 4:00 de la tarde.<\/p>\n\n\n\n<p>Este\u00a0<strong>horario\u00a0<\/strong>se aplica tambi\u00e9n a las<strong>\u00a0sesiones de fotos<\/strong>. En el caso del\u00a0<strong>club de caminantes<\/strong>, desde este lunes est\u00e1 abierto de 5:00 de la ma\u00f1ana a 6:00 de la tarde, permitiendo m\u00e1s tiempo para disfrutar del entorno en horarios frescos y menos concurridos.<\/p>\n\n\n\n<p>Anteriormente, el\u00a0<strong>Jard\u00edn Bot\u00e1nico<\/strong>\u00a0operaba desde las 9:00 de la ma\u00f1ana hasta las 5:00 de la<strong>\u00a0tarde<\/strong>, lo que significa que este cambio no implica una ampliaci\u00f3n ni reducci\u00f3n del<strong>\u00a0horario<\/strong>, sino un\u00a0<strong>reajuste\u00a0<\/strong>para adaptarse mejor a las necesidades de los usuarios. Con esto, se busca mejorar la<strong>\u00a0experiencia<\/strong>\u00a0de quienes desean comenzar sus<strong>\u00a0actividades\u00a0<\/strong>m\u00e1s temprano.<\/p>\n\n\n\n<p><\/p>\n","protected":false},"excerpt":{"rendered":"<p>Santo Domingo.- El\u00a0Jard\u00edn Bot\u00e1nico Nacional\u00a0Dr. Rafael M. Moscoso anunci\u00f3 este mi\u00e9rcoles una\u00a0modificaci\u00f3n\u00a0en su horario de operaci\u00f3n,\u00a0con el objetivo de brindar una experiencia m\u00e1s c\u00f3moda y placentera a todos sus visitantes.&hellip; <\/p>\n","protected":false},"author":1,"featured_media":672,"comment_status":"open","ping_status":"open","sticky":false,"template":"","format":"standard","meta":{"_jetpack_memberships_contains_paid_content":false,"footnotes":""},"categories":[22,40],"tags":[98,226,227],"class_list":["post-671","post","type-post","status-publish","format-standard","has-post-thumbnail","hentry","category-cultura","category-nacionales","tag-elglobalinformativo","tag-jardin-botanico","tag-nuevo-horario"],"yoast_head":"<!-- This site is optimized with the Yoast SEO plugin v26.9 - https:\/\/yoast.com\/product\/yoast-seo-wordpress\/ -->\n<title>El Jard\u00edn Bot\u00e1nico Nacional tiene nuevo horario - EL GLOBAL INFORMATIVO<\/title>\n<meta name=\"robots\" content=\"index, follow, max-snippet:-1, max-image-preview:large, max-video-preview:-1\" \/>\n<link rel=\"canonical\" href=\"https:\/\/elglobal.do\/index.php\/2025\/08\/06\/el-jardin-botanico-nacional-tiene-nuevo-horario\/\" \/>\n<meta property=\"og:locale\" content=\"es_ES\" \/>\n<meta property=\"og:type\" content=\"article\" \/>\n<meta property=\"og:title\" content=\"El Jard\u00edn Bot\u00e1nico Nacional tiene nuevo horario - EL GLOBAL INFORMATIVO\" \/>\n<meta property=\"og:description\" content=\"Santo Domingo.- El\u00a0Jard\u00edn Bot\u00e1nico Nacional\u00a0Dr. Rafael M. Moscoso anunci\u00f3 este mi\u00e9rcoles una\u00a0modificaci\u00f3n\u00a0en su horario de operaci\u00f3n,\u00a0con el objetivo de brindar una experiencia m\u00e1s c\u00f3moda y placentera a todos sus visitantes.&hellip;\" \/>\n<meta property=\"og:url\" content=\"https:\/\/elglobal.do\/index.php\/2025\/08\/06\/el-jardin-botanico-nacional-tiene-nuevo-horario\/\" \/>\n<meta property=\"og:site_name\" content=\"EL GLOBAL INFORMATIVO\" \/>\n<meta property=\"article:published_time\" content=\"2025-08-06T21:44:44+00:00\" \/>\n<meta property=\"article:modified_time\" content=\"2025-08-06T21:44:45+00:00\" \/>\n<meta property=\"og:image\" content=\"https:\/\/elglobal.do\/wp-content\/uploads\/2025\/08\/botanico.webp\" \/>\n\t<meta property=\"og:image:width\" content=\"1280\" \/>\n\t<meta property=\"og:image:height\" content=\"426\" \/>\n\t<meta property=\"og:image:type\" content=\"image\/webp\" \/>\n<meta name=\"author\" content=\"EL GLOBAL\" \/>\n<meta name=\"twitter:card\" content=\"summary_large_image\" \/>\n<meta name=\"twitter:label1\" content=\"Escrito por\" \/>\n\t<meta name=\"twitter:data1\" content=\"EL GLOBAL\" \/>\n\t<meta name=\"twitter:label2\" content=\"Tiempo de lectura\" \/>\n\t<meta name=\"twitter:data2\" content=\"1 minuto\" \/>\n<script type=\"application\/ld+json\" class=\"yoast-schema-graph\">{\"@context\":\"https:\/\/schema.org\",\"@graph\":[{\"@type\":\"Article\",\"@id\":\"https:\/\/elglobal.do\/index.php\/2025\/08\/06\/el-jardin-botanico-nacional-tiene-nuevo-horario\/#article\",\"isPartOf\":{\"@id\":\"https:\/\/elglobal.do\/index.php\/2025\/08\/06\/el-jardin-botanico-nacional-tiene-nuevo-horario\/\"},\"author\":{\"name\":\"EL GLOBAL\",\"@id\":\"https:\/\/elglobal.do\/#\/schema\/person\/0c97ec2c7714fb605d230c292f64d55f\"},\"headline\":\"El Jard\u00edn Bot\u00e1nico Nacional tiene nuevo horario\",\"datePublished\":\"2025-08-06T21:44:44+00:00\",\"dateModified\":\"2025-08-06T21:44:45+00:00\",\"mainEntityOfPage\":{\"@id\":\"https:\/\/elglobal.do\/index.php\/2025\/08\/06\/el-jardin-botanico-nacional-tiene-nuevo-horario\/\"},\"wordCount\":234,\"commentCount\":0,\"publisher\":{\"@id\":\"https:\/\/elglobal.do\/#organization\"},\"image\":{\"@id\":\"https:\/\/elglobal.do\/index.php\/2025\/08\/06\/el-jardin-botanico-nacional-tiene-nuevo-horario\/#primaryimage\"},\"thumbnailUrl\":\"https:\/\/elglobal.do\/wp-content\/uploads\/2025\/08\/botanico.webp\",\"keywords\":[\"#ElGlobalInformativo\",\"#jard\u00edn bot\u00e1nico\",\"#nuevo horario\"],\"articleSection\":[\"CULTURA\",\"NACIONALES\"],\"inLanguage\":\"es\",\"potentialAction\":[{\"@type\":\"CommentAction\",\"name\":\"Comment\",\"target\":[\"https:\/\/elglobal.do\/index.php\/2025\/08\/06\/el-jardin-botanico-nacional-tiene-nuevo-horario\/#respond\"]}]},{\"@type\":\"WebPage\",\"@id\":\"https:\/\/elglobal.do\/index.php\/2025\/08\/06\/el-jardin-botanico-nacional-tiene-nuevo-horario\/\",\"url\":\"https:\/\/elglobal.do\/index.php\/2025\/08\/06\/el-jardin-botanico-nacional-tiene-nuevo-horario\/\",\"name\":\"El Jard\u00edn Bot\u00e1nico Nacional tiene nuevo horario - EL GLOBAL INFORMATIVO\",\"isPartOf\":{\"@id\":\"https:\/\/elglobal.do\/#website\"},\"primaryImageOfPage\":{\"@id\":\"https:\/\/elglobal.do\/index.php\/2025\/08\/06\/el-jardin-botanico-nacional-tiene-nuevo-horario\/#primaryimage\"},\"image\":{\"@id\":\"https:\/\/elglobal.do\/index.php\/2025\/08\/06\/el-jardin-botanico-nacional-tiene-nuevo-horario\/#primaryimage\"},\"thumbnailUrl\":\"https:\/\/elglobal.do\/wp-content\/uploads\/2025\/08\/botanico.webp\",\"datePublished\":\"2025-08-06T21:44:44+00:00\",\"dateModified\":\"2025-08-06T21:44:45+00:00\",\"breadcrumb\":{\"@id\":\"https:\/\/elglobal.do\/index.php\/2025\/08\/06\/el-jardin-botanico-nacional-tiene-nuevo-horario\/#breadcrumb\"},\"inLanguage\":\"es\",\"potentialAction\":[{\"@type\":\"ReadAction\",\"target\":[\"https:\/\/elglobal.do\/index.php\/2025\/08\/06\/el-jardin-botanico-nacional-tiene-nuevo-horario\/\"]}]},{\"@type\":\"ImageObject\",\"inLanguage\":\"es\",\"@id\":\"https:\/\/elglobal.do\/index.php\/2025\/08\/06\/el-jardin-botanico-nacional-tiene-nuevo-horario\/#primaryimage\",\"url\":\"https:\/\/elglobal.do\/wp-content\/uploads\/2025\/08\/botanico.webp\",\"contentUrl\":\"https:\/\/elglobal.do\/wp-content\/uploads\/2025\/08\/botanico.webp\",\"width\":1280,\"height\":426},{\"@type\":\"BreadcrumbList\",\"@id\":\"https:\/\/elglobal.do\/index.php\/2025\/08\/06\/el-jardin-botanico-nacional-tiene-nuevo-horario\/#breadcrumb\",\"itemListElement\":[{\"@type\":\"ListItem\",\"position\":1,\"name\":\"Portada\",\"item\":\"https:\/\/elglobal.do\/\"},{\"@type\":\"ListItem\",\"position\":2,\"name\":\"El Jard\u00edn Bot\u00e1nico Nacional tiene nuevo horario\"}]},{\"@type\":\"WebSite\",\"@id\":\"https:\/\/elglobal.do\/#website\",\"url\":\"https:\/\/elglobal.do\/\",\"name\":\"EL GLOBAL INFORMATIVO\",\"description\":\"Peri\u00f3dico digital de la Rep\u00fablica Dominicana que ofrece noticias, novedades, pol\u00edtica y las \u00faltimas actualidades, con informaci\u00f3n veraz y oportuna para mantenerte siempre informad\",\"publisher\":{\"@id\":\"https:\/\/elglobal.do\/#organization\"},\"potentialAction\":[{\"@type\":\"SearchAction\",\"target\":{\"@type\":\"EntryPoint\",\"urlTemplate\":\"https:\/\/elglobal.do\/?s={search_term_string}\"},\"query-input\":{\"@type\":\"PropertyValueSpecification\",\"valueRequired\":true,\"valueName\":\"search_term_string\"}}],\"inLanguage\":\"es\"},{\"@type\":\"Organization\",\"@id\":\"https:\/\/elglobal.do\/#organization\",\"name\":\"EL GLOBAL.DO INFORMATIVO\",\"url\":\"https:\/\/elglobal.do\/\",\"logo\":{\"@type\":\"ImageObject\",\"inLanguage\":\"es\",\"@id\":\"https:\/\/elglobal.do\/#\/schema\/logo\/image\/\",\"url\":\"https:\/\/elglobal.do\/wp-content\/uploads\/2025\/08\/icon.png\",\"contentUrl\":\"https:\/\/elglobal.do\/wp-content\/uploads\/2025\/08\/icon.png\",\"width\":512,\"height\":512,\"caption\":\"EL GLOBAL.DO INFORMATIVO\"},\"image\":{\"@id\":\"https:\/\/elglobal.do\/#\/schema\/logo\/image\/\"}},{\"@type\":\"Person\",\"@id\":\"https:\/\/elglobal.do\/#\/schema\/person\/0c97ec2c7714fb605d230c292f64d55f\",\"name\":\"EL GLOBAL\",\"image\":{\"@type\":\"ImageObject\",\"inLanguage\":\"es\",\"@id\":\"https:\/\/elglobal.do\/#\/schema\/person\/image\/\",\"url\":\"https:\/\/secure.gravatar.com\/avatar\/081cfb6cf99faddc6f4e23a0c11ab98c5cf302925382d1c88dc3ed757ab910a3?s=96&d=mm&r=g\",\"contentUrl\":\"https:\/\/secure.gravatar.com\/avatar\/081cfb6cf99faddc6f4e23a0c11ab98c5cf302925382d1c88dc3ed757ab910a3?s=96&d=mm&r=g\",\"caption\":\"EL GLOBAL\"},\"description\":\"El Global Informativo es un peri\u00f3dico digital de Rep\u00fablica Dominicana que se dedica a cubrir temas importantes, como la pol\u00edtica local, geopol\u00edtica, econom\u00eda, tecnolog\u00eda, noticias internacionales y eventos relacionados con la gesti\u00f3n social, cultural y humana. Su objetivo principal es mantener a la poblaci\u00f3n informada, ofreciendo una visi\u00f3n amplia y actualizada de lo que sucede tanto en el pa\u00eds como en el mundo. Est\u00e1 dirigido por un grupo de periodistas experimentados, lo que garantiza la calidad y la precisi\u00f3n de la informaci\u00f3n que ofrecen. Tiene su sede en la ciudad de Santo Domingo y es parte integral del portafolio de la empresa, MC Global S.R.L.\",\"sameAs\":[\"https:\/\/elglobal.do\",\"https:\/\/www.instagram.com\/elglobal.do_informativo\/\"],\"url\":\"https:\/\/elglobal.do\/index.php\/author\/elglobaluserpro\/\"}]}<\/script>\n<!-- \/ Yoast SEO plugin. -->","yoast_head_json":{"title":"El Jard\u00edn Bot\u00e1nico Nacional tiene nuevo horario - EL GLOBAL INFORMATIVO","robots":{"index":"index","follow":"follow","max-snippet":"max-snippet:-1","max-image-preview":"max-image-preview:large","max-video-preview":"max-video-preview:-1"},"canonical":"https:\/\/elglobal.do\/index.php\/2025\/08\/06\/el-jardin-botanico-nacional-tiene-nuevo-horario\/","og_locale":"es_ES","og_type":"article","og_title":"El Jard\u00edn Bot\u00e1nico Nacional tiene nuevo horario - EL GLOBAL INFORMATIVO","og_description":"Santo Domingo.- El\u00a0Jard\u00edn Bot\u00e1nico Nacional\u00a0Dr. Rafael M. Moscoso anunci\u00f3 este mi\u00e9rcoles una\u00a0modificaci\u00f3n\u00a0en su horario de operaci\u00f3n,\u00a0con el objetivo de brindar una experiencia m\u00e1s c\u00f3moda y placentera a todos sus visitantes.&hellip;","og_url":"https:\/\/elglobal.do\/index.php\/2025\/08\/06\/el-jardin-botanico-nacional-tiene-nuevo-horario\/","og_site_name":"EL GLOBAL INFORMATIVO","article_published_time":"2025-08-06T21:44:44+00:00","article_modified_time":"2025-08-06T21:44:45+00:00","og_image":[{"width":1280,"height":426,"url":"https:\/\/elglobal.do\/wp-content\/uploads\/2025\/08\/botanico.webp","type":"image\/webp"}],"author":"EL GLOBAL","twitter_card":"summary_large_image","twitter_misc":{"Escrito por":"EL GLOBAL","Tiempo de lectura":"1 minuto"},"schema":{"@context":"https:\/\/schema.org","@graph":[{"@type":"Article","@id":"https:\/\/elglobal.do\/index.php\/2025\/08\/06\/el-jardin-botanico-nacional-tiene-nuevo-horario\/#article","isPartOf":{"@id":"https:\/\/elglobal.do\/index.php\/2025\/08\/06\/el-jardin-botanico-nacional-tiene-nuevo-horario\/"},"author":{"name":"EL GLOBAL","@id":"https:\/\/elglobal.do\/#\/schema\/person\/0c97ec2c7714fb605d230c292f64d55f"},"headline":"El Jard\u00edn Bot\u00e1nico Nacional tiene nuevo horario","datePublished":"2025-08-06T21:44:44+00:00","dateModified":"2025-08-06T21:44:45+00:00","mainEntityOfPage":{"@id":"https:\/\/elglobal.do\/index.php\/2025\/08\/06\/el-jardin-botanico-nacional-tiene-nuevo-horario\/"},"wordCount":234,"commentCount":0,"publisher":{"@id":"https:\/\/elglobal.do\/#organization"},"image":{"@id":"https:\/\/elglobal.do\/index.php\/2025\/08\/06\/el-jardin-botanico-nacional-tiene-nuevo-horario\/#primaryimage"},"thumbnailUrl":"https:\/\/elglobal.do\/wp-content\/uploads\/2025\/08\/botanico.webp","keywords":["#ElGlobalInformativo","#jard\u00edn bot\u00e1nico","#nuevo horario"],"articleSection":["CULTURA","NACIONALES"],"inLanguage":"es","potentialAction":[{"@type":"CommentAction","name":"Comment","target":["https:\/\/elglobal.do\/index.php\/2025\/08\/06\/el-jardin-botanico-nacional-tiene-nuevo-horario\/#respond"]}]},{"@type":"WebPage","@id":"https:\/\/elglobal.do\/index.php\/2025\/08\/06\/el-jardin-botanico-nacional-tiene-nuevo-horario\/","url":"https:\/\/elglobal.do\/index.php\/2025\/08\/06\/el-jardin-botanico-nacional-tiene-nuevo-horario\/","name":"El Jard\u00edn Bot\u00e1nico Nacional tiene nuevo horario - EL GLOBAL INFORMATIVO","isPartOf":{"@id":"https:\/\/elglobal.do\/#website"},"primaryImageOfPage":{"@id":"https:\/\/elglobal.do\/index.php\/2025\/08\/06\/el-jardin-botanico-nacional-tiene-nuevo-horario\/#primaryimage"},"image":{"@id":"https:\/\/elglobal.do\/index.php\/2025\/08\/06\/el-jardin-botanico-nacional-tiene-nuevo-horario\/#primaryimage"},"thumbnailUrl":"https:\/\/elglobal.do\/wp-content\/uploads\/2025\/08\/botanico.webp","datePublished":"2025-08-06T21:44:44+00:00","dateModified":"2025-08-06T21:44:45+00:00","breadcrumb":{"@id":"https:\/\/elglobal.do\/index.php\/2025\/08\/06\/el-jardin-botanico-nacional-tiene-nuevo-horario\/#breadcrumb"},"inLanguage":"es","potentialAction":[{"@type":"ReadAction","target":["https:\/\/elglobal.do\/index.php\/2025\/08\/06\/el-jardin-botanico-nacional-tiene-nuevo-horario\/"]}]},{"@type":"ImageObject","inLanguage":"es","@id":"https:\/\/elglobal.do\/index.php\/2025\/08\/06\/el-jardin-botanico-nacional-tiene-nuevo-horario\/#primaryimage","url":"https:\/\/elglobal.do\/wp-content\/uploads\/2025\/08\/botanico.webp","contentUrl":"https:\/\/elglobal.do\/wp-content\/uploads\/2025\/08\/botanico.webp","width":1280,"height":426},{"@type":"BreadcrumbList","@id":"https:\/\/elglobal.do\/index.php\/2025\/08\/06\/el-jardin-botanico-nacional-tiene-nuevo-horario\/#breadcrumb","itemListElement":[{"@type":"ListItem","position":1,"name":"Portada","item":"https:\/\/elglobal.do\/"},{"@type":"ListItem","position":2,"name":"El Jard\u00edn Bot\u00e1nico Nacional tiene nuevo horario"}]},{"@type":"WebSite","@id":"https:\/\/elglobal.do\/#website","url":"https:\/\/elglobal.do\/","name":"EL GLOBAL INFORMATIVO","description":"Peri\u00f3dico digital de la Rep\u00fablica Dominicana que ofrece noticias, novedades, pol\u00edtica y las \u00faltimas actualidades, con informaci\u00f3n veraz y oportuna para mantenerte siempre informad","publisher":{"@id":"https:\/\/elglobal.do\/#organization"},"potentialAction":[{"@type":"SearchAction","target":{"@type":"EntryPoint","urlTemplate":"https:\/\/elglobal.do\/?s={search_term_string}"},"query-input":{"@type":"PropertyValueSpecification","valueRequired":true,"valueName":"search_term_string"}}],"inLanguage":"es"},{"@type":"Organization","@id":"https:\/\/elglobal.do\/#organization","name":"EL GLOBAL.DO INFORMATIVO","url":"https:\/\/elglobal.do\/","logo":{"@type":"ImageObject","inLanguage":"es","@id":"https:\/\/elglobal.do\/#\/schema\/logo\/image\/","url":"https:\/\/elglobal.do\/wp-content\/uploads\/2025\/08\/icon.png","contentUrl":"https:\/\/elglobal.do\/wp-content\/uploads\/2025\/08\/icon.png","width":512,"height":512,"caption":"EL GLOBAL.DO INFORMATIVO"},"image":{"@id":"https:\/\/elglobal.do\/#\/schema\/logo\/image\/"}},{"@type":"Person","@id":"https:\/\/elglobal.do\/#\/schema\/person\/0c97ec2c7714fb605d230c292f64d55f","name":"EL GLOBAL","image":{"@type":"ImageObject","inLanguage":"es","@id":"https:\/\/elglobal.do\/#\/schema\/person\/image\/","url":"https:\/\/secure.gravatar.com\/avatar\/081cfb6cf99faddc6f4e23a0c11ab98c5cf302925382d1c88dc3ed757ab910a3?s=96&d=mm&r=g","contentUrl":"https:\/\/secure.gravatar.com\/avatar\/081cfb6cf99faddc6f4e23a0c11ab98c5cf302925382d1c88dc3ed757ab910a3?s=96&d=mm&r=g","caption":"EL GLOBAL"},"description":"El Global Informativo es un peri\u00f3dico digital de Rep\u00fablica Dominicana que se dedica a cubrir temas importantes, como la pol\u00edtica local, geopol\u00edtica, econom\u00eda, tecnolog\u00eda, noticias internacionales y eventos relacionados con la gesti\u00f3n social, cultural y humana. Su objetivo principal es mantener a la poblaci\u00f3n informada, ofreciendo una visi\u00f3n amplia y actualizada de lo que sucede tanto en el pa\u00eds como en el mundo. Est\u00e1 dirigido por un grupo de periodistas experimentados, lo que garantiza la calidad y la precisi\u00f3n de la informaci\u00f3n que ofrecen. Tiene su sede en la ciudad de Santo Domingo y es parte integral del portafolio de la empresa, MC Global S.R.L.","sameAs":["https:\/\/elglobal.do","https:\/\/www.instagram.com\/elglobal.do_informativo\/"],"url":"https:\/\/elglobal.do\/index.php\/author\/elglobaluserpro\/"}]}},"jetpack_featured_media_url":"https:\/\/elglobal.do\/wp-content\/uploads\/2025\/08\/botanico.webp","jetpack_sharing_enabled":true,"_links":{"self":[{"href":"https:\/\/elglobal.do\/index.php\/wp-json\/wp\/v2\/posts\/671","targetHints":{"allow":["GET"]}}],"collection":[{"href":"https:\/\/elglobal.do\/index.php\/wp-json\/wp\/v2\/posts"}],"about":[{"href":"https:\/\/elglobal.do\/index.php\/wp-json\/wp\/v2\/types\/post"}],"author":[{"embeddable":true,"href":"https:\/\/elglobal.do\/index.php\/wp-json\/wp\/v2\/users\/1"}],"replies":[{"embeddable":true,"href":"https:\/\/elglobal.do\/index.php\/wp-json\/wp\/v2\/comments?post=671"}],"version-history":[{"count":1,"href":"https:\/\/elglobal.do\/index.php\/wp-json\/wp\/v2\/posts\/671\/revisions"}],"predecessor-version":[{"id":673,"href":"https:\/\/elglobal.do\/index.php\/wp-json\/wp\/v2\/posts\/671\/revisions\/673"}],"wp:featuredmedia":[{"embeddable":true,"href":"https:\/\/elglobal.do\/index.php\/wp-json\/wp\/v2\/media\/672"}],"wp:attachment":[{"href":"https:\/\/elglobal.do\/index.php\/wp-json\/wp\/v2\/media?parent=671"}],"wp:term":[{"taxonomy":"category","embeddable":true,"href":"https:\/\/elglobal.do\/index.php\/wp-json\/wp\/v2\/categories?post=671"},{"taxonomy":"post_tag","embeddable":true,"href":"https:\/\/elglobal.do\/index.php\/wp-json\/wp\/v2\/tags?post=671"}],"curies":[{"name":"wp","href":"https:\/\/api.w.org\/{rel}","templated":true}]}}