{"id":7126,"date":"2026-04-28T13:17:22","date_gmt":"2026-04-28T17:17:22","guid":{"rendered":"https:\/\/elglobal.do\/?p=7126"},"modified":"2026-04-28T13:17:24","modified_gmt":"2026-04-28T17:17:24","slug":"el-coe-mantiene-22-provincias-bajo-alerta-por-lluvias-de-este-martes","status":"publish","type":"post","link":"https:\/\/elglobal.do\/index.php\/2026\/04\/28\/el-coe-mantiene-22-provincias-bajo-alerta-por-lluvias-de-este-martes\/","title":{"rendered":"El COE mantiene 22 provincias bajo alerta por lluvias de este martes"},"content":{"rendered":"<div class=\"wp-block-image\">\n<figure class=\"alignright size-full is-resized\"><img loading=\"lazy\" decoding=\"async\" width=\"478\" height=\"587\" src=\"https:\/\/elglobal.do\/wp-content\/uploads\/2026\/04\/image-103.png\" alt=\"\" class=\"wp-image-7146\" style=\"aspect-ratio:0.8143809331448192;width:263px;height:auto\" srcset=\"https:\/\/elglobal.do\/wp-content\/uploads\/2026\/04\/image-103.png 478w, https:\/\/elglobal.do\/wp-content\/uploads\/2026\/04\/image-103-244x300.png 244w\" sizes=\"auto, (max-width: 478px) 100vw, 478px\" \/><\/figure>\n<\/div>\n\n\n<p><strong>Santo Domingo.-<\/strong> El Centro de Operaciones de Emergencias (<strong>COE<\/strong>) inform\u00f3 este martes que&nbsp;<strong>mantiene<\/strong>&nbsp;a seis provincias bajo&nbsp;<strong>alerta amarilla<\/strong>&nbsp;y a otras en&nbsp;<strong>alerta verde<\/strong>&nbsp;debido a las condiciones meteorol\u00f3gicas que podr\u00edan provocar inundaciones repentinas, crecidas de r\u00edos, arroyos y ca\u00f1adas, as\u00ed como deslizamientos de tierra.<\/p>\n\n\n\n<p>Las provincias en&nbsp;<strong>alerta amarilla<\/strong>&nbsp;son: Mar\u00eda Trinidad S\u00e1nchez, Monse\u00f1or Nouel, Santiago, La Vega, Duarte (especialmente el Bajo Yuna) y S\u00e1nchez Ram\u00edrez.<\/p>\n\n\n\n<p>En\u00a0<strong>alerta verde<\/strong>\u00a0se encuentran: Santiago Rodr\u00edguez, Puerto Plata, Espaillat, San Crist\u00f3bal, Hermanas Mirabal, Monte Plata, provincia Santo Domingo, Peravia, San Pedro de Macor\u00eds, El Seibo, La Altagracia, La Romana, Distrito Nacional, Hato Mayor, Saman\u00e1 y\u00a0<strong>San Jos\u00e9 de Ocoa<\/strong>.<\/p>\n\n\n\n<p>Seg\u00fan el\u00a0<strong>COE<\/strong>, la medida se adopta con base en los\u00a0<strong>boletines meteorol\u00f3gicos<\/strong>\u00a0e hidrol\u00f3gicos emitidos por el Instituto Dominicano de Meteorolog\u00eda (Indomet) y el Instituto Nacional de Recursos Hidr\u00e1ulicos (Indrhi), que indican que las condiciones atmosf\u00e9ricas seguir\u00e1n siendo muy propicias para la ocurrencia de nublados con chubascos dispersos y moderados, as\u00ed como posibles tronadas, especialmente en las provincias mencionadas.<\/p>\n\n\n\n<p>Durante la tarde y hasta entrada la noche, el acercamiento de una\u00a0<strong>vaguada en superficie<\/strong>, asociada a un\u00a0<strong>sistema frontal<\/strong>\u00a0ubicado al noreste de la isla, y la incidencia de otra\u00a0<strong>vaguada<\/strong>\u00a0en varios niveles de la troposfera incrementar\u00e1n la formaci\u00f3n de nublados y la probabilidad de aguaceros fuertes y\u00a0<strong>tormentas el\u00e9ctricas<\/strong>\u00a0en las provincias bajo alerta y en otras ubicadas en las regiones norte, noreste, sureste, Cordillera Central y zona fronteriza.<\/p>\n\n\n\n<p><strong>Recomendaciones<\/strong><br>El&nbsp;<strong>COE<\/strong>&nbsp;exhort\u00f3 a la poblaci\u00f3n a abstenerse de&nbsp;<strong>cruzar r\u00edos<\/strong>, arroyos y ca\u00f1adas con alto volumen de agua, debido a la turbidez y el riesgo que representan.<\/p>\n\n\n\n<p>Asimismo, indic\u00f3 que se&nbsp;<strong>mantiene<\/strong>&nbsp;la&nbsp;<strong>prohibici\u00f3n<\/strong>&nbsp;del uso de estos cuerpos de agua en las provincias bajo alerta, especialmente en la cuenca de la&nbsp;<strong>presa de Valdesia<\/strong>, ya que el&nbsp;<strong>Comit\u00e9 de Operaci\u00f3n de Presas<\/strong>&nbsp;y Embalses est\u00e1 regulando la presa, lo que implica un alto nivel de riesgo.<\/p>\n\n\n\n<p>En ese sentido, hizo un llamado a los padres a mantener el&nbsp;<strong>control estricto<\/strong>&nbsp;sobre sus hijos y evitar que se acerquen a los r\u00edos, arroyos y ca\u00f1adas en las zonas afectadas, adem\u00e1s de abstenerse de visitar balnearios en las provincias bajo alerta.<\/p>\n\n\n\n<p>El&nbsp;<strong>COE<\/strong>&nbsp;recomend\u00f3 a los conductores tomar&nbsp;<strong>precauciones<\/strong>&nbsp;al transitar por las carreteras, debido a la&nbsp;<strong>reducci\u00f3n de visibilidad<\/strong>&nbsp;generada por las&nbsp;<strong>lluvias<\/strong>. Es esencial estar alerta a cualquier se\u00f1alizaci\u00f3n y advertencia en las v\u00edas.<\/p>\n\n\n\n<p><\/p>\n","protected":false},"excerpt":{"rendered":"<p>Santo Domingo.- El Centro de Operaciones de Emergencias (COE) inform\u00f3 este martes que&nbsp;mantiene&nbsp;a seis provincias bajo&nbsp;alerta amarilla&nbsp;y a otras en&nbsp;alerta verde&nbsp;debido a las condiciones meteorol\u00f3gicas que podr\u00edan provocar inundaciones repentinas,&hellip; <\/p>\n","protected":false},"author":1,"featured_media":7146,"comment_status":"open","ping_status":"open","sticky":false,"template":"","format":"standard","meta":{"_jetpack_memberships_contains_paid_content":false,"footnotes":""},"categories":[120,14],"tags":[223,121,216,217,834],"class_list":["post-7126","post","type-post","status-publish","format-standard","has-post-thumbnail","hentry","category-clima","category-slider","tag-alerta","tag-clima","tag-coe","tag-lluvias","tag-vaguada"],"yoast_head":"<!-- This site is optimized with the Yoast SEO plugin v26.9 - https:\/\/yoast.com\/product\/yoast-seo-wordpress\/ -->\n<title>El COE mantiene 22 provincias bajo alerta por lluvias de este martes - EL GLOBAL INFORMATIVO<\/title>\n<meta name=\"robots\" content=\"index, follow, max-snippet:-1, max-image-preview:large, max-video-preview:-1\" \/>\n<link rel=\"canonical\" href=\"https:\/\/elglobal.do\/index.php\/2026\/04\/28\/el-coe-mantiene-22-provincias-bajo-alerta-por-lluvias-de-este-martes\/\" \/>\n<meta property=\"og:locale\" content=\"es_ES\" \/>\n<meta property=\"og:type\" content=\"article\" \/>\n<meta property=\"og:title\" content=\"El COE mantiene 22 provincias bajo alerta por lluvias de este martes - EL GLOBAL INFORMATIVO\" \/>\n<meta property=\"og:description\" content=\"Santo Domingo.- El Centro de Operaciones de Emergencias (COE) inform\u00f3 este martes que&nbsp;mantiene&nbsp;a seis provincias bajo&nbsp;alerta amarilla&nbsp;y a otras en&nbsp;alerta verde&nbsp;debido a las condiciones meteorol\u00f3gicas que podr\u00edan provocar inundaciones repentinas,&hellip;\" \/>\n<meta property=\"og:url\" content=\"https:\/\/elglobal.do\/index.php\/2026\/04\/28\/el-coe-mantiene-22-provincias-bajo-alerta-por-lluvias-de-este-martes\/\" \/>\n<meta property=\"og:site_name\" content=\"EL GLOBAL INFORMATIVO\" \/>\n<meta property=\"article:published_time\" content=\"2026-04-28T17:17:22+00:00\" \/>\n<meta property=\"article:modified_time\" content=\"2026-04-28T17:17:24+00:00\" \/>\n<meta property=\"og:image\" content=\"https:\/\/elglobal.do\/wp-content\/uploads\/2026\/04\/image-103.png\" \/>\n\t<meta property=\"og:image:width\" content=\"478\" \/>\n\t<meta property=\"og:image:height\" content=\"587\" \/>\n\t<meta property=\"og:image:type\" content=\"image\/png\" \/>\n<meta name=\"author\" content=\"EL GLOBAL\" \/>\n<meta name=\"twitter:card\" content=\"summary_large_image\" \/>\n<meta name=\"twitter:label1\" content=\"Escrito por\" \/>\n\t<meta name=\"twitter:data1\" content=\"EL GLOBAL\" \/>\n\t<meta name=\"twitter:label2\" content=\"Tiempo de lectura\" \/>\n\t<meta name=\"twitter:data2\" content=\"3 minutos\" \/>\n<script type=\"application\/ld+json\" class=\"yoast-schema-graph\">{\"@context\":\"https:\/\/schema.org\",\"@graph\":[{\"@type\":\"Article\",\"@id\":\"https:\/\/elglobal.do\/index.php\/2026\/04\/28\/el-coe-mantiene-22-provincias-bajo-alerta-por-lluvias-de-este-martes\/#article\",\"isPartOf\":{\"@id\":\"https:\/\/elglobal.do\/index.php\/2026\/04\/28\/el-coe-mantiene-22-provincias-bajo-alerta-por-lluvias-de-este-martes\/\"},\"author\":{\"name\":\"EL GLOBAL\",\"@id\":\"https:\/\/elglobal.do\/#\/schema\/person\/0c97ec2c7714fb605d230c292f64d55f\"},\"headline\":\"El COE mantiene 22 provincias bajo alerta por lluvias de este martes\",\"datePublished\":\"2026-04-28T17:17:22+00:00\",\"dateModified\":\"2026-04-28T17:17:24+00:00\",\"mainEntityOfPage\":{\"@id\":\"https:\/\/elglobal.do\/index.php\/2026\/04\/28\/el-coe-mantiene-22-provincias-bajo-alerta-por-lluvias-de-este-martes\/\"},\"wordCount\":471,\"commentCount\":0,\"publisher\":{\"@id\":\"https:\/\/elglobal.do\/#organization\"},\"image\":{\"@id\":\"https:\/\/elglobal.do\/index.php\/2026\/04\/28\/el-coe-mantiene-22-provincias-bajo-alerta-por-lluvias-de-este-martes\/#primaryimage\"},\"thumbnailUrl\":\"https:\/\/elglobal.do\/wp-content\/uploads\/2026\/04\/image-103.png\",\"keywords\":[\"#alerta\",\"#Clima\",\"#coe\",\"#lluvias\",\"#Vaguada\"],\"articleSection\":[\"CLIMA\",\"NOTICIAS RELEVANTES\"],\"inLanguage\":\"es\",\"potentialAction\":[{\"@type\":\"CommentAction\",\"name\":\"Comment\",\"target\":[\"https:\/\/elglobal.do\/index.php\/2026\/04\/28\/el-coe-mantiene-22-provincias-bajo-alerta-por-lluvias-de-este-martes\/#respond\"]}]},{\"@type\":\"WebPage\",\"@id\":\"https:\/\/elglobal.do\/index.php\/2026\/04\/28\/el-coe-mantiene-22-provincias-bajo-alerta-por-lluvias-de-este-martes\/\",\"url\":\"https:\/\/elglobal.do\/index.php\/2026\/04\/28\/el-coe-mantiene-22-provincias-bajo-alerta-por-lluvias-de-este-martes\/\",\"name\":\"El COE mantiene 22 provincias bajo alerta por lluvias de este martes - EL GLOBAL INFORMATIVO\",\"isPartOf\":{\"@id\":\"https:\/\/elglobal.do\/#website\"},\"primaryImageOfPage\":{\"@id\":\"https:\/\/elglobal.do\/index.php\/2026\/04\/28\/el-coe-mantiene-22-provincias-bajo-alerta-por-lluvias-de-este-martes\/#primaryimage\"},\"image\":{\"@id\":\"https:\/\/elglobal.do\/index.php\/2026\/04\/28\/el-coe-mantiene-22-provincias-bajo-alerta-por-lluvias-de-este-martes\/#primaryimage\"},\"thumbnailUrl\":\"https:\/\/elglobal.do\/wp-content\/uploads\/2026\/04\/image-103.png\",\"datePublished\":\"2026-04-28T17:17:22+00:00\",\"dateModified\":\"2026-04-28T17:17:24+00:00\",\"breadcrumb\":{\"@id\":\"https:\/\/elglobal.do\/index.php\/2026\/04\/28\/el-coe-mantiene-22-provincias-bajo-alerta-por-lluvias-de-este-martes\/#breadcrumb\"},\"inLanguage\":\"es\",\"potentialAction\":[{\"@type\":\"ReadAction\",\"target\":[\"https:\/\/elglobal.do\/index.php\/2026\/04\/28\/el-coe-mantiene-22-provincias-bajo-alerta-por-lluvias-de-este-martes\/\"]}]},{\"@type\":\"ImageObject\",\"inLanguage\":\"es\",\"@id\":\"https:\/\/elglobal.do\/index.php\/2026\/04\/28\/el-coe-mantiene-22-provincias-bajo-alerta-por-lluvias-de-este-martes\/#primaryimage\",\"url\":\"https:\/\/elglobal.do\/wp-content\/uploads\/2026\/04\/image-103.png\",\"contentUrl\":\"https:\/\/elglobal.do\/wp-content\/uploads\/2026\/04\/image-103.png\",\"width\":478,\"height\":587},{\"@type\":\"BreadcrumbList\",\"@id\":\"https:\/\/elglobal.do\/index.php\/2026\/04\/28\/el-coe-mantiene-22-provincias-bajo-alerta-por-lluvias-de-este-martes\/#breadcrumb\",\"itemListElement\":[{\"@type\":\"ListItem\",\"position\":1,\"name\":\"Portada\",\"item\":\"https:\/\/elglobal.do\/\"},{\"@type\":\"ListItem\",\"position\":2,\"name\":\"El COE mantiene 22 provincias bajo alerta por lluvias de este martes\"}]},{\"@type\":\"WebSite\",\"@id\":\"https:\/\/elglobal.do\/#website\",\"url\":\"https:\/\/elglobal.do\/\",\"name\":\"EL GLOBAL INFORMATIVO\",\"description\":\"Peri\u00f3dico digital de la Rep\u00fablica Dominicana que ofrece noticias, novedades, pol\u00edtica y las \u00faltimas actualidades, con informaci\u00f3n veraz y oportuna para mantenerte siempre informad\",\"publisher\":{\"@id\":\"https:\/\/elglobal.do\/#organization\"},\"potentialAction\":[{\"@type\":\"SearchAction\",\"target\":{\"@type\":\"EntryPoint\",\"urlTemplate\":\"https:\/\/elglobal.do\/?s={search_term_string}\"},\"query-input\":{\"@type\":\"PropertyValueSpecification\",\"valueRequired\":true,\"valueName\":\"search_term_string\"}}],\"inLanguage\":\"es\"},{\"@type\":\"Organization\",\"@id\":\"https:\/\/elglobal.do\/#organization\",\"name\":\"EL GLOBAL.DO INFORMATIVO\",\"url\":\"https:\/\/elglobal.do\/\",\"logo\":{\"@type\":\"ImageObject\",\"inLanguage\":\"es\",\"@id\":\"https:\/\/elglobal.do\/#\/schema\/logo\/image\/\",\"url\":\"https:\/\/elglobal.do\/wp-content\/uploads\/2025\/08\/icon.png\",\"contentUrl\":\"https:\/\/elglobal.do\/wp-content\/uploads\/2025\/08\/icon.png\",\"width\":512,\"height\":512,\"caption\":\"EL GLOBAL.DO INFORMATIVO\"},\"image\":{\"@id\":\"https:\/\/elglobal.do\/#\/schema\/logo\/image\/\"}},{\"@type\":\"Person\",\"@id\":\"https:\/\/elglobal.do\/#\/schema\/person\/0c97ec2c7714fb605d230c292f64d55f\",\"name\":\"EL GLOBAL\",\"image\":{\"@type\":\"ImageObject\",\"inLanguage\":\"es\",\"@id\":\"https:\/\/elglobal.do\/#\/schema\/person\/image\/\",\"url\":\"https:\/\/secure.gravatar.com\/avatar\/081cfb6cf99faddc6f4e23a0c11ab98c5cf302925382d1c88dc3ed757ab910a3?s=96&d=mm&r=g\",\"contentUrl\":\"https:\/\/secure.gravatar.com\/avatar\/081cfb6cf99faddc6f4e23a0c11ab98c5cf302925382d1c88dc3ed757ab910a3?s=96&d=mm&r=g\",\"caption\":\"EL GLOBAL\"},\"description\":\"El Global Informativo es un peri\u00f3dico digital de Rep\u00fablica Dominicana que se dedica a cubrir temas importantes, como la pol\u00edtica local, geopol\u00edtica, econom\u00eda, tecnolog\u00eda, noticias internacionales y eventos relacionados con la gesti\u00f3n social, cultural y humana. Su objetivo principal es mantener a la poblaci\u00f3n informada, ofreciendo una visi\u00f3n amplia y actualizada de lo que sucede tanto en el pa\u00eds como en el mundo. Est\u00e1 dirigido por un grupo de periodistas experimentados, lo que garantiza la calidad y la precisi\u00f3n de la informaci\u00f3n que ofrecen. Tiene su sede en la ciudad de Santo Domingo y es parte integral del portafolio de la empresa, MC Global S.R.L.\",\"sameAs\":[\"https:\/\/elglobal.do\",\"https:\/\/www.instagram.com\/elglobal.do_informativo\/\"],\"url\":\"https:\/\/elglobal.do\/index.php\/author\/elglobaluserpro\/\"}]}<\/script>\n<!-- \/ Yoast SEO plugin. -->","yoast_head_json":{"title":"El COE mantiene 22 provincias bajo alerta por lluvias de este martes - EL GLOBAL INFORMATIVO","robots":{"index":"index","follow":"follow","max-snippet":"max-snippet:-1","max-image-preview":"max-image-preview:large","max-video-preview":"max-video-preview:-1"},"canonical":"https:\/\/elglobal.do\/index.php\/2026\/04\/28\/el-coe-mantiene-22-provincias-bajo-alerta-por-lluvias-de-este-martes\/","og_locale":"es_ES","og_type":"article","og_title":"El COE mantiene 22 provincias bajo alerta por lluvias de este martes - EL GLOBAL INFORMATIVO","og_description":"Santo Domingo.- El Centro de Operaciones de Emergencias (COE) inform\u00f3 este martes que&nbsp;mantiene&nbsp;a seis provincias bajo&nbsp;alerta amarilla&nbsp;y a otras en&nbsp;alerta verde&nbsp;debido a las condiciones meteorol\u00f3gicas que podr\u00edan provocar inundaciones repentinas,&hellip;","og_url":"https:\/\/elglobal.do\/index.php\/2026\/04\/28\/el-coe-mantiene-22-provincias-bajo-alerta-por-lluvias-de-este-martes\/","og_site_name":"EL GLOBAL INFORMATIVO","article_published_time":"2026-04-28T17:17:22+00:00","article_modified_time":"2026-04-28T17:17:24+00:00","og_image":[{"width":478,"height":587,"url":"https:\/\/elglobal.do\/wp-content\/uploads\/2026\/04\/image-103.png","type":"image\/png"}],"author":"EL GLOBAL","twitter_card":"summary_large_image","twitter_misc":{"Escrito por":"EL GLOBAL","Tiempo de lectura":"3 minutos"},"schema":{"@context":"https:\/\/schema.org","@graph":[{"@type":"Article","@id":"https:\/\/elglobal.do\/index.php\/2026\/04\/28\/el-coe-mantiene-22-provincias-bajo-alerta-por-lluvias-de-este-martes\/#article","isPartOf":{"@id":"https:\/\/elglobal.do\/index.php\/2026\/04\/28\/el-coe-mantiene-22-provincias-bajo-alerta-por-lluvias-de-este-martes\/"},"author":{"name":"EL GLOBAL","@id":"https:\/\/elglobal.do\/#\/schema\/person\/0c97ec2c7714fb605d230c292f64d55f"},"headline":"El COE mantiene 22 provincias bajo alerta por lluvias de este martes","datePublished":"2026-04-28T17:17:22+00:00","dateModified":"2026-04-28T17:17:24+00:00","mainEntityOfPage":{"@id":"https:\/\/elglobal.do\/index.php\/2026\/04\/28\/el-coe-mantiene-22-provincias-bajo-alerta-por-lluvias-de-este-martes\/"},"wordCount":471,"commentCount":0,"publisher":{"@id":"https:\/\/elglobal.do\/#organization"},"image":{"@id":"https:\/\/elglobal.do\/index.php\/2026\/04\/28\/el-coe-mantiene-22-provincias-bajo-alerta-por-lluvias-de-este-martes\/#primaryimage"},"thumbnailUrl":"https:\/\/elglobal.do\/wp-content\/uploads\/2026\/04\/image-103.png","keywords":["#alerta","#Clima","#coe","#lluvias","#Vaguada"],"articleSection":["CLIMA","NOTICIAS RELEVANTES"],"inLanguage":"es","potentialAction":[{"@type":"CommentAction","name":"Comment","target":["https:\/\/elglobal.do\/index.php\/2026\/04\/28\/el-coe-mantiene-22-provincias-bajo-alerta-por-lluvias-de-este-martes\/#respond"]}]},{"@type":"WebPage","@id":"https:\/\/elglobal.do\/index.php\/2026\/04\/28\/el-coe-mantiene-22-provincias-bajo-alerta-por-lluvias-de-este-martes\/","url":"https:\/\/elglobal.do\/index.php\/2026\/04\/28\/el-coe-mantiene-22-provincias-bajo-alerta-por-lluvias-de-este-martes\/","name":"El COE mantiene 22 provincias bajo alerta por lluvias de este martes - EL GLOBAL INFORMATIVO","isPartOf":{"@id":"https:\/\/elglobal.do\/#website"},"primaryImageOfPage":{"@id":"https:\/\/elglobal.do\/index.php\/2026\/04\/28\/el-coe-mantiene-22-provincias-bajo-alerta-por-lluvias-de-este-martes\/#primaryimage"},"image":{"@id":"https:\/\/elglobal.do\/index.php\/2026\/04\/28\/el-coe-mantiene-22-provincias-bajo-alerta-por-lluvias-de-este-martes\/#primaryimage"},"thumbnailUrl":"https:\/\/elglobal.do\/wp-content\/uploads\/2026\/04\/image-103.png","datePublished":"2026-04-28T17:17:22+00:00","dateModified":"2026-04-28T17:17:24+00:00","breadcrumb":{"@id":"https:\/\/elglobal.do\/index.php\/2026\/04\/28\/el-coe-mantiene-22-provincias-bajo-alerta-por-lluvias-de-este-martes\/#breadcrumb"},"inLanguage":"es","potentialAction":[{"@type":"ReadAction","target":["https:\/\/elglobal.do\/index.php\/2026\/04\/28\/el-coe-mantiene-22-provincias-bajo-alerta-por-lluvias-de-este-martes\/"]}]},{"@type":"ImageObject","inLanguage":"es","@id":"https:\/\/elglobal.do\/index.php\/2026\/04\/28\/el-coe-mantiene-22-provincias-bajo-alerta-por-lluvias-de-este-martes\/#primaryimage","url":"https:\/\/elglobal.do\/wp-content\/uploads\/2026\/04\/image-103.png","contentUrl":"https:\/\/elglobal.do\/wp-content\/uploads\/2026\/04\/image-103.png","width":478,"height":587},{"@type":"BreadcrumbList","@id":"https:\/\/elglobal.do\/index.php\/2026\/04\/28\/el-coe-mantiene-22-provincias-bajo-alerta-por-lluvias-de-este-martes\/#breadcrumb","itemListElement":[{"@type":"ListItem","position":1,"name":"Portada","item":"https:\/\/elglobal.do\/"},{"@type":"ListItem","position":2,"name":"El COE mantiene 22 provincias bajo alerta por lluvias de este martes"}]},{"@type":"WebSite","@id":"https:\/\/elglobal.do\/#website","url":"https:\/\/elglobal.do\/","name":"EL GLOBAL INFORMATIVO","description":"Peri\u00f3dico digital de la Rep\u00fablica Dominicana que ofrece noticias, novedades, pol\u00edtica y las \u00faltimas actualidades, con informaci\u00f3n veraz y oportuna para mantenerte siempre informad","publisher":{"@id":"https:\/\/elglobal.do\/#organization"},"potentialAction":[{"@type":"SearchAction","target":{"@type":"EntryPoint","urlTemplate":"https:\/\/elglobal.do\/?s={search_term_string}"},"query-input":{"@type":"PropertyValueSpecification","valueRequired":true,"valueName":"search_term_string"}}],"inLanguage":"es"},{"@type":"Organization","@id":"https:\/\/elglobal.do\/#organization","name":"EL GLOBAL.DO INFORMATIVO","url":"https:\/\/elglobal.do\/","logo":{"@type":"ImageObject","inLanguage":"es","@id":"https:\/\/elglobal.do\/#\/schema\/logo\/image\/","url":"https:\/\/elglobal.do\/wp-content\/uploads\/2025\/08\/icon.png","contentUrl":"https:\/\/elglobal.do\/wp-content\/uploads\/2025\/08\/icon.png","width":512,"height":512,"caption":"EL GLOBAL.DO INFORMATIVO"},"image":{"@id":"https:\/\/elglobal.do\/#\/schema\/logo\/image\/"}},{"@type":"Person","@id":"https:\/\/elglobal.do\/#\/schema\/person\/0c97ec2c7714fb605d230c292f64d55f","name":"EL GLOBAL","image":{"@type":"ImageObject","inLanguage":"es","@id":"https:\/\/elglobal.do\/#\/schema\/person\/image\/","url":"https:\/\/secure.gravatar.com\/avatar\/081cfb6cf99faddc6f4e23a0c11ab98c5cf302925382d1c88dc3ed757ab910a3?s=96&d=mm&r=g","contentUrl":"https:\/\/secure.gravatar.com\/avatar\/081cfb6cf99faddc6f4e23a0c11ab98c5cf302925382d1c88dc3ed757ab910a3?s=96&d=mm&r=g","caption":"EL GLOBAL"},"description":"El Global Informativo es un peri\u00f3dico digital de Rep\u00fablica Dominicana que se dedica a cubrir temas importantes, como la pol\u00edtica local, geopol\u00edtica, econom\u00eda, tecnolog\u00eda, noticias internacionales y eventos relacionados con la gesti\u00f3n social, cultural y humana. Su objetivo principal es mantener a la poblaci\u00f3n informada, ofreciendo una visi\u00f3n amplia y actualizada de lo que sucede tanto en el pa\u00eds como en el mundo. Est\u00e1 dirigido por un grupo de periodistas experimentados, lo que garantiza la calidad y la precisi\u00f3n de la informaci\u00f3n que ofrecen. Tiene su sede en la ciudad de Santo Domingo y es parte integral del portafolio de la empresa, MC Global S.R.L.","sameAs":["https:\/\/elglobal.do","https:\/\/www.instagram.com\/elglobal.do_informativo\/"],"url":"https:\/\/elglobal.do\/index.php\/author\/elglobaluserpro\/"}]}},"jetpack_featured_media_url":"https:\/\/elglobal.do\/wp-content\/uploads\/2026\/04\/image-103.png","jetpack_sharing_enabled":true,"_links":{"self":[{"href":"https:\/\/elglobal.do\/index.php\/wp-json\/wp\/v2\/posts\/7126","targetHints":{"allow":["GET"]}}],"collection":[{"href":"https:\/\/elglobal.do\/index.php\/wp-json\/wp\/v2\/posts"}],"about":[{"href":"https:\/\/elglobal.do\/index.php\/wp-json\/wp\/v2\/types\/post"}],"author":[{"embeddable":true,"href":"https:\/\/elglobal.do\/index.php\/wp-json\/wp\/v2\/users\/1"}],"replies":[{"embeddable":true,"href":"https:\/\/elglobal.do\/index.php\/wp-json\/wp\/v2\/comments?post=7126"}],"version-history":[{"count":1,"href":"https:\/\/elglobal.do\/index.php\/wp-json\/wp\/v2\/posts\/7126\/revisions"}],"predecessor-version":[{"id":7147,"href":"https:\/\/elglobal.do\/index.php\/wp-json\/wp\/v2\/posts\/7126\/revisions\/7147"}],"wp:featuredmedia":[{"embeddable":true,"href":"https:\/\/elglobal.do\/index.php\/wp-json\/wp\/v2\/media\/7146"}],"wp:attachment":[{"href":"https:\/\/elglobal.do\/index.php\/wp-json\/wp\/v2\/media?parent=7126"}],"wp:term":[{"taxonomy":"category","embeddable":true,"href":"https:\/\/elglobal.do\/index.php\/wp-json\/wp\/v2\/categories?post=7126"},{"taxonomy":"post_tag","embeddable":true,"href":"https:\/\/elglobal.do\/index.php\/wp-json\/wp\/v2\/tags?post=7126"}],"curies":[{"name":"wp","href":"https:\/\/api.w.org\/{rel}","templated":true}]}}