{"id":7151,"date":"2026-04-28T13:55:57","date_gmt":"2026-04-28T17:55:57","guid":{"rendered":"https:\/\/elglobal.do\/?p=7151"},"modified":"2026-04-28T13:55:58","modified_gmt":"2026-04-28T17:55:58","slug":"autoridades-articulan-plan-para-frenar-el-caos-en-las-vias-publicas","status":"publish","type":"post","link":"https:\/\/elglobal.do\/index.php\/2026\/04\/28\/autoridades-articulan-plan-para-frenar-el-caos-en-las-vias-publicas\/","title":{"rendered":"Autoridades articulan plan para frenar el caos en las v\u00edas p\u00fablicas"},"content":{"rendered":"\n<figure class=\"wp-block-image size-full\"><img loading=\"lazy\" decoding=\"async\" width=\"800\" height=\"533\" src=\"https:\/\/elglobal.do\/wp-content\/uploads\/2026\/04\/image-105.png\" alt=\"\" class=\"wp-image-7152\" srcset=\"https:\/\/elglobal.do\/wp-content\/uploads\/2026\/04\/image-105.png 800w, https:\/\/elglobal.do\/wp-content\/uploads\/2026\/04\/image-105-300x200.png 300w, https:\/\/elglobal.do\/wp-content\/uploads\/2026\/04\/image-105-768x512.png 768w\" sizes=\"auto, (max-width: 800px) 100vw, 800px\" \/><\/figure>\n\n\n\n<p id=\"m82087-82086-82088\"><strong>Santo Domingo.-<\/strong>La ministra de Interior y Polic\u00eda, Faride Raful, encabez\u00f3 ayer junto a varias autoridades una mesa de trabajo con el prop\u00f3sito de avanzar en un plan de acci\u00f3n integral orientado al ordenamiento del tr\u00e1nsito y la seguridad vial.<\/p>\n\n\n\n<p id=\"m82092-82091-82093\">En la reuni\u00f3n estuvieron presentes la procuradora general, Yeni Berenice; Milton Morrison director del Instituto Nacional de Tr\u00e1nsito y Transporte Terrestre (Intrant); el director de la Direcci\u00f3n General de Seguridad de Tr\u00e1nsito y Transporte Terrestre (Digesett), Pascual Cruz M\u00e9ndez; el director de la Polic\u00eda Nacional, Andr\u00e9s Modesto Cruz Cruz, y el director del Sistema Nacional de Atenci\u00f3n a Emergencias y Seguridad 9-1-1, Randolfo Rijo G\u00f3mez.<\/p>\n\n\n\n<p id=\"m82097-82096-82098\">De acuerdo a declaraciones de la ministra en sus redes sociales, los trabajos constaron en diagn\u00f3stico, levantamiento de brechas y una hoja de ruta con metas medibles.<\/p>\n\n\n\n<p id=\"m82102-82101-82103\">\u201cSeguimos articulando esfuerzos para reducir riesgos, fortalecer el control y garantizar v\u00edas m\u00e1s seguras para todos\u201d, expres\u00f3 Raful a trav\u00e9s de su cuenta de X.<\/p>\n\n\n\n<p id=\"m82107-82106-82108\">Tras la muerte de Deivy Carlos Abreu Quezada, chofer de cami\u00f3n recolector de desechos s\u00f3lidos, a manos de una turba de motoristas, distintas personalidades han propuesto varias medidas para frenar el manejo irresponsable y las imprudencias viales.<\/p>\n\n\n\n<p id=\"m82112-82111-82113\">El presidente de la Central Nacional de Transportistas Unificados, William P\u00e9rez Figuereo, dijo a List\u00edn Diario en d\u00edas anteriores que se necesita reforzar el respeto a las normas de tr\u00e1nsito y endurecer las sanciones contra quienes las violan.<\/p>\n\n\n\n<p id=\"m82117-82116-82118\">P\u00e9rez Figuereo se\u00f1al\u00f3 que uno de los principales problemas puede deberse al deterioro mec\u00e1nico de los veh\u00edculos y la falta de controles efectivos.<\/p>\n\n\n\n<p id=\"m82122-82121-82123\">\u201cNo es posible que cada dominicano ande en un veh\u00edculo haciendo lo que quiera y atraves\u00e1ndose, rebasando por los carriles que quieran, en las condiciones que quieran, porque por ah\u00ed comienza la cosa. Tambi\u00e9n hay que poner atenci\u00f3n a las condiciones de los veh\u00edculos\u201d, se\u00f1al\u00f3 a periodistas de este diario.<\/p>\n\n\n\n<p id=\"m82127-82126-82128\">De igual forma, el dirigente sindical y abogado Mario D\u00edaz, se mostr\u00f3 a favor de iniciar de inmediato la aplicaci\u00f3n de la inspecci\u00f3n t\u00e9cnica vehicular, tal como lo establece la Ley de Tr\u00e1nsito de la Rep\u00fablica Dominicana, a todos los veh\u00edculos que integran el parque vehicular nacional.<\/p>\n\n\n\n<p id=\"m82132-82131-82133\">D\u00edaz sostuvo que esta medida debe ir acompa\u00f1ada de la prohibici\u00f3n por tiempo indefinido de la importaci\u00f3n de motocicletas, as\u00ed como del establecimiento de controles m\u00e1s rigurosos sobre el parque existente, a fin de garantizar su adecuada regulaci\u00f3n, registro y fiscalizaci\u00f3n.<\/p>\n\n\n\n<p id=\"m82137-82136-82138\">En su Editorial del pasado mi\u00e9rcoles 22 de abril del a\u00f1o en curso, titulado \u201cLa misma imprudencia, el mismo caos\u201d el peri\u00f3dico List\u00edn Diario, describi\u00f3 una serie de accidentes que han ocurrido en distintos puntos del pa\u00eds, los cuales han dejado decenas de muertes y heridos.<\/p>\n\n\n\n<p id=\"m82142-82141-82143\">\u201cSi de manejo temerario se trata, los conductores de autobuses rivalizan con los motoconchistas, ya que usan carriles a la libre, irrespetan los l\u00edmites de velocidad y circulan con luces rotas, neum\u00e1ticos desgastados o visibles defectos\u201d, se\u00f1ala el Editorial.<\/p>\n\n\n\n<p><\/p>\n","protected":false},"excerpt":{"rendered":"<p>Santo Domingo.-La ministra de Interior y Polic\u00eda, Faride Raful, encabez\u00f3 ayer junto a varias autoridades una mesa de trabajo con el prop\u00f3sito de avanzar en un plan de acci\u00f3n integral&hellip; <\/p>\n","protected":false},"author":1,"featured_media":7152,"comment_status":"open","ping_status":"open","sticky":false,"template":"","format":"standard","meta":{"_jetpack_memberships_contains_paid_content":false,"footnotes":""},"categories":[40,14],"tags":[250,4059,1718,4060],"class_list":["post-7151","post","type-post","status-publish","format-standard","has-post-thumbnail","hentry","category-nacionales","category-slider","tag-autoridades","tag-frenarcaos","tag-plan","tag-viaspublicas"],"yoast_head":"<!-- This site is optimized with the Yoast SEO plugin v26.9 - https:\/\/yoast.com\/product\/yoast-seo-wordpress\/ -->\n<title>Autoridades articulan plan para frenar el caos en las v\u00edas p\u00fablicas - EL GLOBAL INFORMATIVO<\/title>\n<meta name=\"robots\" content=\"index, follow, max-snippet:-1, max-image-preview:large, max-video-preview:-1\" \/>\n<link rel=\"canonical\" href=\"https:\/\/elglobal.do\/index.php\/2026\/04\/28\/autoridades-articulan-plan-para-frenar-el-caos-en-las-vias-publicas\/\" \/>\n<meta property=\"og:locale\" content=\"es_ES\" \/>\n<meta property=\"og:type\" content=\"article\" \/>\n<meta property=\"og:title\" content=\"Autoridades articulan plan para frenar el caos en las v\u00edas p\u00fablicas - EL GLOBAL INFORMATIVO\" \/>\n<meta property=\"og:description\" content=\"Santo Domingo.-La ministra de Interior y Polic\u00eda, Faride Raful, encabez\u00f3 ayer junto a varias autoridades una mesa de trabajo con el prop\u00f3sito de avanzar en un plan de acci\u00f3n integral&hellip;\" \/>\n<meta property=\"og:url\" content=\"https:\/\/elglobal.do\/index.php\/2026\/04\/28\/autoridades-articulan-plan-para-frenar-el-caos-en-las-vias-publicas\/\" \/>\n<meta property=\"og:site_name\" content=\"EL GLOBAL INFORMATIVO\" \/>\n<meta property=\"article:published_time\" content=\"2026-04-28T17:55:57+00:00\" \/>\n<meta property=\"article:modified_time\" content=\"2026-04-28T17:55:58+00:00\" \/>\n<meta property=\"og:image\" content=\"https:\/\/elglobal.do\/wp-content\/uploads\/2026\/04\/image-105.png\" \/>\n\t<meta property=\"og:image:width\" content=\"800\" \/>\n\t<meta property=\"og:image:height\" content=\"533\" \/>\n\t<meta property=\"og:image:type\" content=\"image\/png\" \/>\n<meta name=\"author\" content=\"EL GLOBAL\" \/>\n<meta name=\"twitter:card\" content=\"summary_large_image\" \/>\n<meta name=\"twitter:label1\" content=\"Escrito por\" \/>\n\t<meta name=\"twitter:data1\" content=\"EL GLOBAL\" \/>\n\t<meta name=\"twitter:label2\" content=\"Tiempo de lectura\" \/>\n\t<meta name=\"twitter:data2\" content=\"3 minutos\" \/>\n<script type=\"application\/ld+json\" class=\"yoast-schema-graph\">{\"@context\":\"https:\/\/schema.org\",\"@graph\":[{\"@type\":\"Article\",\"@id\":\"https:\/\/elglobal.do\/index.php\/2026\/04\/28\/autoridades-articulan-plan-para-frenar-el-caos-en-las-vias-publicas\/#article\",\"isPartOf\":{\"@id\":\"https:\/\/elglobal.do\/index.php\/2026\/04\/28\/autoridades-articulan-plan-para-frenar-el-caos-en-las-vias-publicas\/\"},\"author\":{\"name\":\"EL GLOBAL\",\"@id\":\"https:\/\/elglobal.do\/#\/schema\/person\/0c97ec2c7714fb605d230c292f64d55f\"},\"headline\":\"Autoridades articulan plan para frenar el caos en las v\u00edas p\u00fablicas\",\"datePublished\":\"2026-04-28T17:55:57+00:00\",\"dateModified\":\"2026-04-28T17:55:58+00:00\",\"mainEntityOfPage\":{\"@id\":\"https:\/\/elglobal.do\/index.php\/2026\/04\/28\/autoridades-articulan-plan-para-frenar-el-caos-en-las-vias-publicas\/\"},\"wordCount\":546,\"commentCount\":0,\"publisher\":{\"@id\":\"https:\/\/elglobal.do\/#organization\"},\"image\":{\"@id\":\"https:\/\/elglobal.do\/index.php\/2026\/04\/28\/autoridades-articulan-plan-para-frenar-el-caos-en-las-vias-publicas\/#primaryimage\"},\"thumbnailUrl\":\"https:\/\/elglobal.do\/wp-content\/uploads\/2026\/04\/image-105.png\",\"keywords\":[\"#Autoridades\",\"#FrenarCaos\",\"#Plan\",\"#V\u00edasP\u00fablicas\"],\"articleSection\":[\"NACIONALES\",\"NOTICIAS RELEVANTES\"],\"inLanguage\":\"es\",\"potentialAction\":[{\"@type\":\"CommentAction\",\"name\":\"Comment\",\"target\":[\"https:\/\/elglobal.do\/index.php\/2026\/04\/28\/autoridades-articulan-plan-para-frenar-el-caos-en-las-vias-publicas\/#respond\"]}]},{\"@type\":\"WebPage\",\"@id\":\"https:\/\/elglobal.do\/index.php\/2026\/04\/28\/autoridades-articulan-plan-para-frenar-el-caos-en-las-vias-publicas\/\",\"url\":\"https:\/\/elglobal.do\/index.php\/2026\/04\/28\/autoridades-articulan-plan-para-frenar-el-caos-en-las-vias-publicas\/\",\"name\":\"Autoridades articulan plan para frenar el caos en las v\u00edas p\u00fablicas - EL GLOBAL INFORMATIVO\",\"isPartOf\":{\"@id\":\"https:\/\/elglobal.do\/#website\"},\"primaryImageOfPage\":{\"@id\":\"https:\/\/elglobal.do\/index.php\/2026\/04\/28\/autoridades-articulan-plan-para-frenar-el-caos-en-las-vias-publicas\/#primaryimage\"},\"image\":{\"@id\":\"https:\/\/elglobal.do\/index.php\/2026\/04\/28\/autoridades-articulan-plan-para-frenar-el-caos-en-las-vias-publicas\/#primaryimage\"},\"thumbnailUrl\":\"https:\/\/elglobal.do\/wp-content\/uploads\/2026\/04\/image-105.png\",\"datePublished\":\"2026-04-28T17:55:57+00:00\",\"dateModified\":\"2026-04-28T17:55:58+00:00\",\"breadcrumb\":{\"@id\":\"https:\/\/elglobal.do\/index.php\/2026\/04\/28\/autoridades-articulan-plan-para-frenar-el-caos-en-las-vias-publicas\/#breadcrumb\"},\"inLanguage\":\"es\",\"potentialAction\":[{\"@type\":\"ReadAction\",\"target\":[\"https:\/\/elglobal.do\/index.php\/2026\/04\/28\/autoridades-articulan-plan-para-frenar-el-caos-en-las-vias-publicas\/\"]}]},{\"@type\":\"ImageObject\",\"inLanguage\":\"es\",\"@id\":\"https:\/\/elglobal.do\/index.php\/2026\/04\/28\/autoridades-articulan-plan-para-frenar-el-caos-en-las-vias-publicas\/#primaryimage\",\"url\":\"https:\/\/elglobal.do\/wp-content\/uploads\/2026\/04\/image-105.png\",\"contentUrl\":\"https:\/\/elglobal.do\/wp-content\/uploads\/2026\/04\/image-105.png\",\"width\":800,\"height\":533},{\"@type\":\"BreadcrumbList\",\"@id\":\"https:\/\/elglobal.do\/index.php\/2026\/04\/28\/autoridades-articulan-plan-para-frenar-el-caos-en-las-vias-publicas\/#breadcrumb\",\"itemListElement\":[{\"@type\":\"ListItem\",\"position\":1,\"name\":\"Portada\",\"item\":\"https:\/\/elglobal.do\/\"},{\"@type\":\"ListItem\",\"position\":2,\"name\":\"Autoridades articulan plan para frenar el caos en las v\u00edas p\u00fablicas\"}]},{\"@type\":\"WebSite\",\"@id\":\"https:\/\/elglobal.do\/#website\",\"url\":\"https:\/\/elglobal.do\/\",\"name\":\"EL GLOBAL INFORMATIVO\",\"description\":\"Peri\u00f3dico digital de la Rep\u00fablica Dominicana que ofrece noticias, novedades, pol\u00edtica y las \u00faltimas actualidades, con informaci\u00f3n veraz y oportuna para mantenerte siempre informad\",\"publisher\":{\"@id\":\"https:\/\/elglobal.do\/#organization\"},\"potentialAction\":[{\"@type\":\"SearchAction\",\"target\":{\"@type\":\"EntryPoint\",\"urlTemplate\":\"https:\/\/elglobal.do\/?s={search_term_string}\"},\"query-input\":{\"@type\":\"PropertyValueSpecification\",\"valueRequired\":true,\"valueName\":\"search_term_string\"}}],\"inLanguage\":\"es\"},{\"@type\":\"Organization\",\"@id\":\"https:\/\/elglobal.do\/#organization\",\"name\":\"EL GLOBAL.DO INFORMATIVO\",\"url\":\"https:\/\/elglobal.do\/\",\"logo\":{\"@type\":\"ImageObject\",\"inLanguage\":\"es\",\"@id\":\"https:\/\/elglobal.do\/#\/schema\/logo\/image\/\",\"url\":\"https:\/\/elglobal.do\/wp-content\/uploads\/2025\/08\/icon.png\",\"contentUrl\":\"https:\/\/elglobal.do\/wp-content\/uploads\/2025\/08\/icon.png\",\"width\":512,\"height\":512,\"caption\":\"EL GLOBAL.DO INFORMATIVO\"},\"image\":{\"@id\":\"https:\/\/elglobal.do\/#\/schema\/logo\/image\/\"}},{\"@type\":\"Person\",\"@id\":\"https:\/\/elglobal.do\/#\/schema\/person\/0c97ec2c7714fb605d230c292f64d55f\",\"name\":\"EL GLOBAL\",\"image\":{\"@type\":\"ImageObject\",\"inLanguage\":\"es\",\"@id\":\"https:\/\/elglobal.do\/#\/schema\/person\/image\/\",\"url\":\"https:\/\/secure.gravatar.com\/avatar\/081cfb6cf99faddc6f4e23a0c11ab98c5cf302925382d1c88dc3ed757ab910a3?s=96&d=mm&r=g\",\"contentUrl\":\"https:\/\/secure.gravatar.com\/avatar\/081cfb6cf99faddc6f4e23a0c11ab98c5cf302925382d1c88dc3ed757ab910a3?s=96&d=mm&r=g\",\"caption\":\"EL GLOBAL\"},\"description\":\"El Global Informativo es un peri\u00f3dico digital de Rep\u00fablica Dominicana que se dedica a cubrir temas importantes, como la pol\u00edtica local, geopol\u00edtica, econom\u00eda, tecnolog\u00eda, noticias internacionales y eventos relacionados con la gesti\u00f3n social, cultural y humana. Su objetivo principal es mantener a la poblaci\u00f3n informada, ofreciendo una visi\u00f3n amplia y actualizada de lo que sucede tanto en el pa\u00eds como en el mundo. Est\u00e1 dirigido por un grupo de periodistas experimentados, lo que garantiza la calidad y la precisi\u00f3n de la informaci\u00f3n que ofrecen. Tiene su sede en la ciudad de Santo Domingo y es parte integral del portafolio de la empresa, MC Global S.R.L.\",\"sameAs\":[\"https:\/\/elglobal.do\",\"https:\/\/www.instagram.com\/elglobal.do_informativo\/\"],\"url\":\"https:\/\/elglobal.do\/index.php\/author\/elglobaluserpro\/\"}]}<\/script>\n<!-- \/ Yoast SEO plugin. -->","yoast_head_json":{"title":"Autoridades articulan plan para frenar el caos en las v\u00edas p\u00fablicas - EL GLOBAL INFORMATIVO","robots":{"index":"index","follow":"follow","max-snippet":"max-snippet:-1","max-image-preview":"max-image-preview:large","max-video-preview":"max-video-preview:-1"},"canonical":"https:\/\/elglobal.do\/index.php\/2026\/04\/28\/autoridades-articulan-plan-para-frenar-el-caos-en-las-vias-publicas\/","og_locale":"es_ES","og_type":"article","og_title":"Autoridades articulan plan para frenar el caos en las v\u00edas p\u00fablicas - EL GLOBAL INFORMATIVO","og_description":"Santo Domingo.-La ministra de Interior y Polic\u00eda, Faride Raful, encabez\u00f3 ayer junto a varias autoridades una mesa de trabajo con el prop\u00f3sito de avanzar en un plan de acci\u00f3n integral&hellip;","og_url":"https:\/\/elglobal.do\/index.php\/2026\/04\/28\/autoridades-articulan-plan-para-frenar-el-caos-en-las-vias-publicas\/","og_site_name":"EL GLOBAL INFORMATIVO","article_published_time":"2026-04-28T17:55:57+00:00","article_modified_time":"2026-04-28T17:55:58+00:00","og_image":[{"width":800,"height":533,"url":"https:\/\/elglobal.do\/wp-content\/uploads\/2026\/04\/image-105.png","type":"image\/png"}],"author":"EL GLOBAL","twitter_card":"summary_large_image","twitter_misc":{"Escrito por":"EL GLOBAL","Tiempo de lectura":"3 minutos"},"schema":{"@context":"https:\/\/schema.org","@graph":[{"@type":"Article","@id":"https:\/\/elglobal.do\/index.php\/2026\/04\/28\/autoridades-articulan-plan-para-frenar-el-caos-en-las-vias-publicas\/#article","isPartOf":{"@id":"https:\/\/elglobal.do\/index.php\/2026\/04\/28\/autoridades-articulan-plan-para-frenar-el-caos-en-las-vias-publicas\/"},"author":{"name":"EL GLOBAL","@id":"https:\/\/elglobal.do\/#\/schema\/person\/0c97ec2c7714fb605d230c292f64d55f"},"headline":"Autoridades articulan plan para frenar el caos en las v\u00edas p\u00fablicas","datePublished":"2026-04-28T17:55:57+00:00","dateModified":"2026-04-28T17:55:58+00:00","mainEntityOfPage":{"@id":"https:\/\/elglobal.do\/index.php\/2026\/04\/28\/autoridades-articulan-plan-para-frenar-el-caos-en-las-vias-publicas\/"},"wordCount":546,"commentCount":0,"publisher":{"@id":"https:\/\/elglobal.do\/#organization"},"image":{"@id":"https:\/\/elglobal.do\/index.php\/2026\/04\/28\/autoridades-articulan-plan-para-frenar-el-caos-en-las-vias-publicas\/#primaryimage"},"thumbnailUrl":"https:\/\/elglobal.do\/wp-content\/uploads\/2026\/04\/image-105.png","keywords":["#Autoridades","#FrenarCaos","#Plan","#V\u00edasP\u00fablicas"],"articleSection":["NACIONALES","NOTICIAS RELEVANTES"],"inLanguage":"es","potentialAction":[{"@type":"CommentAction","name":"Comment","target":["https:\/\/elglobal.do\/index.php\/2026\/04\/28\/autoridades-articulan-plan-para-frenar-el-caos-en-las-vias-publicas\/#respond"]}]},{"@type":"WebPage","@id":"https:\/\/elglobal.do\/index.php\/2026\/04\/28\/autoridades-articulan-plan-para-frenar-el-caos-en-las-vias-publicas\/","url":"https:\/\/elglobal.do\/index.php\/2026\/04\/28\/autoridades-articulan-plan-para-frenar-el-caos-en-las-vias-publicas\/","name":"Autoridades articulan plan para frenar el caos en las v\u00edas p\u00fablicas - EL GLOBAL INFORMATIVO","isPartOf":{"@id":"https:\/\/elglobal.do\/#website"},"primaryImageOfPage":{"@id":"https:\/\/elglobal.do\/index.php\/2026\/04\/28\/autoridades-articulan-plan-para-frenar-el-caos-en-las-vias-publicas\/#primaryimage"},"image":{"@id":"https:\/\/elglobal.do\/index.php\/2026\/04\/28\/autoridades-articulan-plan-para-frenar-el-caos-en-las-vias-publicas\/#primaryimage"},"thumbnailUrl":"https:\/\/elglobal.do\/wp-content\/uploads\/2026\/04\/image-105.png","datePublished":"2026-04-28T17:55:57+00:00","dateModified":"2026-04-28T17:55:58+00:00","breadcrumb":{"@id":"https:\/\/elglobal.do\/index.php\/2026\/04\/28\/autoridades-articulan-plan-para-frenar-el-caos-en-las-vias-publicas\/#breadcrumb"},"inLanguage":"es","potentialAction":[{"@type":"ReadAction","target":["https:\/\/elglobal.do\/index.php\/2026\/04\/28\/autoridades-articulan-plan-para-frenar-el-caos-en-las-vias-publicas\/"]}]},{"@type":"ImageObject","inLanguage":"es","@id":"https:\/\/elglobal.do\/index.php\/2026\/04\/28\/autoridades-articulan-plan-para-frenar-el-caos-en-las-vias-publicas\/#primaryimage","url":"https:\/\/elglobal.do\/wp-content\/uploads\/2026\/04\/image-105.png","contentUrl":"https:\/\/elglobal.do\/wp-content\/uploads\/2026\/04\/image-105.png","width":800,"height":533},{"@type":"BreadcrumbList","@id":"https:\/\/elglobal.do\/index.php\/2026\/04\/28\/autoridades-articulan-plan-para-frenar-el-caos-en-las-vias-publicas\/#breadcrumb","itemListElement":[{"@type":"ListItem","position":1,"name":"Portada","item":"https:\/\/elglobal.do\/"},{"@type":"ListItem","position":2,"name":"Autoridades articulan plan para frenar el caos en las v\u00edas p\u00fablicas"}]},{"@type":"WebSite","@id":"https:\/\/elglobal.do\/#website","url":"https:\/\/elglobal.do\/","name":"EL GLOBAL INFORMATIVO","description":"Peri\u00f3dico digital de la Rep\u00fablica Dominicana que ofrece noticias, novedades, pol\u00edtica y las \u00faltimas actualidades, con informaci\u00f3n veraz y oportuna para mantenerte siempre informad","publisher":{"@id":"https:\/\/elglobal.do\/#organization"},"potentialAction":[{"@type":"SearchAction","target":{"@type":"EntryPoint","urlTemplate":"https:\/\/elglobal.do\/?s={search_term_string}"},"query-input":{"@type":"PropertyValueSpecification","valueRequired":true,"valueName":"search_term_string"}}],"inLanguage":"es"},{"@type":"Organization","@id":"https:\/\/elglobal.do\/#organization","name":"EL GLOBAL.DO INFORMATIVO","url":"https:\/\/elglobal.do\/","logo":{"@type":"ImageObject","inLanguage":"es","@id":"https:\/\/elglobal.do\/#\/schema\/logo\/image\/","url":"https:\/\/elglobal.do\/wp-content\/uploads\/2025\/08\/icon.png","contentUrl":"https:\/\/elglobal.do\/wp-content\/uploads\/2025\/08\/icon.png","width":512,"height":512,"caption":"EL GLOBAL.DO INFORMATIVO"},"image":{"@id":"https:\/\/elglobal.do\/#\/schema\/logo\/image\/"}},{"@type":"Person","@id":"https:\/\/elglobal.do\/#\/schema\/person\/0c97ec2c7714fb605d230c292f64d55f","name":"EL GLOBAL","image":{"@type":"ImageObject","inLanguage":"es","@id":"https:\/\/elglobal.do\/#\/schema\/person\/image\/","url":"https:\/\/secure.gravatar.com\/avatar\/081cfb6cf99faddc6f4e23a0c11ab98c5cf302925382d1c88dc3ed757ab910a3?s=96&d=mm&r=g","contentUrl":"https:\/\/secure.gravatar.com\/avatar\/081cfb6cf99faddc6f4e23a0c11ab98c5cf302925382d1c88dc3ed757ab910a3?s=96&d=mm&r=g","caption":"EL GLOBAL"},"description":"El Global Informativo es un peri\u00f3dico digital de Rep\u00fablica Dominicana que se dedica a cubrir temas importantes, como la pol\u00edtica local, geopol\u00edtica, econom\u00eda, tecnolog\u00eda, noticias internacionales y eventos relacionados con la gesti\u00f3n social, cultural y humana. Su objetivo principal es mantener a la poblaci\u00f3n informada, ofreciendo una visi\u00f3n amplia y actualizada de lo que sucede tanto en el pa\u00eds como en el mundo. Est\u00e1 dirigido por un grupo de periodistas experimentados, lo que garantiza la calidad y la precisi\u00f3n de la informaci\u00f3n que ofrecen. Tiene su sede en la ciudad de Santo Domingo y es parte integral del portafolio de la empresa, MC Global S.R.L.","sameAs":["https:\/\/elglobal.do","https:\/\/www.instagram.com\/elglobal.do_informativo\/"],"url":"https:\/\/elglobal.do\/index.php\/author\/elglobaluserpro\/"}]}},"jetpack_featured_media_url":"https:\/\/elglobal.do\/wp-content\/uploads\/2026\/04\/image-105.png","jetpack_sharing_enabled":true,"_links":{"self":[{"href":"https:\/\/elglobal.do\/index.php\/wp-json\/wp\/v2\/posts\/7151","targetHints":{"allow":["GET"]}}],"collection":[{"href":"https:\/\/elglobal.do\/index.php\/wp-json\/wp\/v2\/posts"}],"about":[{"href":"https:\/\/elglobal.do\/index.php\/wp-json\/wp\/v2\/types\/post"}],"author":[{"embeddable":true,"href":"https:\/\/elglobal.do\/index.php\/wp-json\/wp\/v2\/users\/1"}],"replies":[{"embeddable":true,"href":"https:\/\/elglobal.do\/index.php\/wp-json\/wp\/v2\/comments?post=7151"}],"version-history":[{"count":1,"href":"https:\/\/elglobal.do\/index.php\/wp-json\/wp\/v2\/posts\/7151\/revisions"}],"predecessor-version":[{"id":7153,"href":"https:\/\/elglobal.do\/index.php\/wp-json\/wp\/v2\/posts\/7151\/revisions\/7153"}],"wp:featuredmedia":[{"embeddable":true,"href":"https:\/\/elglobal.do\/index.php\/wp-json\/wp\/v2\/media\/7152"}],"wp:attachment":[{"href":"https:\/\/elglobal.do\/index.php\/wp-json\/wp\/v2\/media?parent=7151"}],"wp:term":[{"taxonomy":"category","embeddable":true,"href":"https:\/\/elglobal.do\/index.php\/wp-json\/wp\/v2\/categories?post=7151"},{"taxonomy":"post_tag","embeddable":true,"href":"https:\/\/elglobal.do\/index.php\/wp-json\/wp\/v2\/tags?post=7151"}],"curies":[{"name":"wp","href":"https:\/\/api.w.org\/{rel}","templated":true}]}}