{"id":7155,"date":"2026-04-30T12:43:10","date_gmt":"2026-04-30T16:43:10","guid":{"rendered":"https:\/\/elglobal.do\/?p=7155"},"modified":"2026-04-30T12:44:22","modified_gmt":"2026-04-30T16:44:22","slug":"historiador-dominicano-julio-rodriguez-presenta-la-2da-edicion-del-libro-cinco-conferencias","status":"publish","type":"post","link":"https:\/\/elglobal.do\/index.php\/2026\/04\/30\/historiador-dominicano-julio-rodriguez-presenta-la-2da-edicion-del-libro-cinco-conferencias\/","title":{"rendered":"Historiador dominicano Julio Rodr\u00edguez presenta la 2da edici\u00f3n del libro \u00abCinco Conferencias\u00bb"},"content":{"rendered":"\n<figure class=\"wp-block-image size-large\"><img loading=\"lazy\" decoding=\"async\" width=\"1024\" height=\"683\" src=\"https:\/\/elglobal.do\/wp-content\/uploads\/2026\/04\/IMG_0573-1024x683.jpg\" alt=\"\" class=\"wp-image-7157\" srcset=\"https:\/\/elglobal.do\/wp-content\/uploads\/2026\/04\/IMG_0573-1024x683.jpg 1024w, https:\/\/elglobal.do\/wp-content\/uploads\/2026\/04\/IMG_0573-300x200.jpg 300w, https:\/\/elglobal.do\/wp-content\/uploads\/2026\/04\/IMG_0573-768x512.jpg 768w, https:\/\/elglobal.do\/wp-content\/uploads\/2026\/04\/IMG_0573-1536x1024.jpg 1536w, https:\/\/elglobal.do\/wp-content\/uploads\/2026\/04\/IMG_0573-2048x1365.jpg 2048w\" sizes=\"auto, (max-width: 1024px) 100vw, 1024px\" \/><\/figure>\n\n\n\n<p><strong>Santo Domingo. \u2013 <\/strong>El destacado historiador y escritor dominicano, doctor Julio Manuel Rodr\u00edguez Grull\u00f3n, present\u00f3 este mi\u00e9rcoles la 2da edici\u00f3n de su libro \u00abCinco Conferencias\u00bb, basado en una visi\u00f3n de historia general y del mundo, luego del \u00e9xito de la primera versi\u00f3n en 1964.<\/p>\n\n\n\n<p>\u00abMe he motivado a plasmar estas conferencias en esta obra con el prop\u00f3sito de aportar al pa\u00eds una mejor fortaleza de su historia y de ilustrar c\u00f3mo surgi\u00f3 el capitalismo y la teor\u00eda comunista elaborada por Marx en Inglaterra\u00bb, expres\u00f3 el doctor Rodr\u00edguez Grull\u00f3n en un emotivo acto en el que estuvo acompa\u00f1ado de familiares, amigos y de figuras importantes del sector salud desde donde ha recibido innumerables reconocimientos por los cargos que ha desempe\u00f1ado con la distinci\u00f3n de maestro de la medicina y la pediatr\u00eda.&nbsp; &nbsp;<\/p>\n\n\n\n<p>Con el fortalecimiento de la historia de Am\u00e9rica y de Rep\u00fablica Dominicana el libro relata lo ocurrido con el comunismo tras la ca\u00edda del muro de Berl\u00edn y abre un espacio a la democracia y los obst\u00e1culos que hist\u00f3ricamente se han implantado en el pa\u00eds, en la que, el autor revela su alto conocimiento como escritor prol\u00edfico. &nbsp;&nbsp;&nbsp;<\/p>\n\n\n\n<figure class=\"wp-block-image size-large is-resized\"><img loading=\"lazy\" decoding=\"async\" width=\"800\" height=\"1024\" src=\"https:\/\/elglobal.do\/wp-content\/uploads\/2026\/04\/IMG_0465-800x1024.jpg\" alt=\"\" class=\"wp-image-7158\" style=\"aspect-ratio:0.7812659582228924;width:289px;height:auto\" srcset=\"https:\/\/elglobal.do\/wp-content\/uploads\/2026\/04\/IMG_0465-800x1024.jpg 800w, https:\/\/elglobal.do\/wp-content\/uploads\/2026\/04\/IMG_0465-234x300.jpg 234w, https:\/\/elglobal.do\/wp-content\/uploads\/2026\/04\/IMG_0465-768x983.jpg 768w, https:\/\/elglobal.do\/wp-content\/uploads\/2026\/04\/IMG_0465-1200x1536.jpg 1200w, https:\/\/elglobal.do\/wp-content\/uploads\/2026\/04\/IMG_0465-1600x2048.jpg 1600w, https:\/\/elglobal.do\/wp-content\/uploads\/2026\/04\/IMG_0465-scaled.jpg 2000w\" sizes=\"auto, (max-width: 800px) 100vw, 800px\" \/><\/figure>\n\n\n\n<p>La segunda edici\u00f3n de la obra se present\u00f3 este mi\u00e9rcoles 29 de abril, en la Sala Aida Cartagena Portalat\u00edn de la Biblioteca Nacional, en la Plaza de la Cultura de Santo Domingo.<\/p>\n\n\n\n<p>Al finalizar el evento el autor ofreci\u00f3 su firma a los adquirientes del libro, el cual estar\u00e1 disponible para la venta en Cuesta Libros. &nbsp;<\/p>\n\n\n\n<p><\/p>\n","protected":false},"excerpt":{"rendered":"<p>Santo Domingo. \u2013 El destacado historiador y escritor dominicano, doctor Julio Manuel Rodr\u00edguez Grull\u00f3n, present\u00f3 este mi\u00e9rcoles la 2da edici\u00f3n de su libro \u00abCinco Conferencias\u00bb, basado en una visi\u00f3n de&hellip; <\/p>\n","protected":false},"author":1,"featured_media":7156,"comment_status":"open","ping_status":"open","sticky":false,"template":"","format":"standard","meta":{"_jetpack_memberships_contains_paid_content":false,"footnotes":""},"categories":[119,14],"tags":[4062,98,4061],"class_list":["post-7155","post","type-post","status-publish","format-standard","has-post-thumbnail","hentry","category-educacion","category-slider","tag-cincoconferencias","tag-elglobalinformativo","tag-juliorodriguez"],"yoast_head":"<!-- This site is optimized with the Yoast SEO plugin v26.9 - https:\/\/yoast.com\/product\/yoast-seo-wordpress\/ -->\n<title>Historiador dominicano Julio Rodr\u00edguez presenta la 2da edici\u00f3n del libro &quot;Cinco Conferencias&quot; - EL GLOBAL INFORMATIVO<\/title>\n<meta name=\"robots\" content=\"index, follow, max-snippet:-1, max-image-preview:large, max-video-preview:-1\" \/>\n<link rel=\"canonical\" href=\"https:\/\/elglobal.do\/index.php\/2026\/04\/30\/historiador-dominicano-julio-rodriguez-presenta-la-2da-edicion-del-libro-cinco-conferencias\/\" \/>\n<meta property=\"og:locale\" content=\"es_ES\" \/>\n<meta property=\"og:type\" content=\"article\" \/>\n<meta property=\"og:title\" content=\"Historiador dominicano Julio Rodr\u00edguez presenta la 2da edici\u00f3n del libro &quot;Cinco Conferencias&quot; - EL GLOBAL INFORMATIVO\" \/>\n<meta property=\"og:description\" content=\"Santo Domingo. \u2013 El destacado historiador y escritor dominicano, doctor Julio Manuel Rodr\u00edguez Grull\u00f3n, present\u00f3 este mi\u00e9rcoles la 2da edici\u00f3n de su libro \u00abCinco Conferencias\u00bb, basado en una visi\u00f3n de&hellip;\" \/>\n<meta property=\"og:url\" content=\"https:\/\/elglobal.do\/index.php\/2026\/04\/30\/historiador-dominicano-julio-rodriguez-presenta-la-2da-edicion-del-libro-cinco-conferencias\/\" \/>\n<meta property=\"og:site_name\" content=\"EL GLOBAL INFORMATIVO\" \/>\n<meta property=\"article:published_time\" content=\"2026-04-30T16:43:10+00:00\" \/>\n<meta property=\"article:modified_time\" content=\"2026-04-30T16:44:22+00:00\" \/>\n<meta property=\"og:image\" content=\"https:\/\/elglobal.do\/wp-content\/uploads\/2026\/04\/IMG_0563-scaled.jpg\" \/>\n\t<meta property=\"og:image:width\" content=\"2560\" \/>\n\t<meta property=\"og:image:height\" content=\"1707\" \/>\n\t<meta property=\"og:image:type\" content=\"image\/jpeg\" \/>\n<meta name=\"author\" content=\"EL GLOBAL\" \/>\n<meta name=\"twitter:card\" content=\"summary_large_image\" \/>\n<meta name=\"twitter:label1\" content=\"Escrito por\" \/>\n\t<meta name=\"twitter:data1\" content=\"EL GLOBAL\" \/>\n\t<meta name=\"twitter:label2\" content=\"Tiempo de lectura\" \/>\n\t<meta name=\"twitter:data2\" content=\"2 minutos\" \/>\n<script type=\"application\/ld+json\" class=\"yoast-schema-graph\">{\"@context\":\"https:\/\/schema.org\",\"@graph\":[{\"@type\":\"Article\",\"@id\":\"https:\/\/elglobal.do\/index.php\/2026\/04\/30\/historiador-dominicano-julio-rodriguez-presenta-la-2da-edicion-del-libro-cinco-conferencias\/#article\",\"isPartOf\":{\"@id\":\"https:\/\/elglobal.do\/index.php\/2026\/04\/30\/historiador-dominicano-julio-rodriguez-presenta-la-2da-edicion-del-libro-cinco-conferencias\/\"},\"author\":{\"name\":\"EL GLOBAL\",\"@id\":\"https:\/\/elglobal.do\/#\/schema\/person\/0c97ec2c7714fb605d230c292f64d55f\"},\"headline\":\"Historiador dominicano Julio Rodr\u00edguez presenta la 2da edici\u00f3n del libro \u00abCinco Conferencias\u00bb\",\"datePublished\":\"2026-04-30T16:43:10+00:00\",\"dateModified\":\"2026-04-30T16:44:22+00:00\",\"mainEntityOfPage\":{\"@id\":\"https:\/\/elglobal.do\/index.php\/2026\/04\/30\/historiador-dominicano-julio-rodriguez-presenta-la-2da-edicion-del-libro-cinco-conferencias\/\"},\"wordCount\":287,\"commentCount\":0,\"publisher\":{\"@id\":\"https:\/\/elglobal.do\/#organization\"},\"image\":{\"@id\":\"https:\/\/elglobal.do\/index.php\/2026\/04\/30\/historiador-dominicano-julio-rodriguez-presenta-la-2da-edicion-del-libro-cinco-conferencias\/#primaryimage\"},\"thumbnailUrl\":\"https:\/\/elglobal.do\/wp-content\/uploads\/2026\/04\/IMG_0563-scaled.jpg\",\"keywords\":[\"#CincoConferencias\",\"#ElGlobalInformativo\",\"#JulioRodr\u00edguez\"],\"articleSection\":[\"EDUCACI\u00d3N\",\"NOTICIAS RELEVANTES\"],\"inLanguage\":\"es\",\"potentialAction\":[{\"@type\":\"CommentAction\",\"name\":\"Comment\",\"target\":[\"https:\/\/elglobal.do\/index.php\/2026\/04\/30\/historiador-dominicano-julio-rodriguez-presenta-la-2da-edicion-del-libro-cinco-conferencias\/#respond\"]}]},{\"@type\":\"WebPage\",\"@id\":\"https:\/\/elglobal.do\/index.php\/2026\/04\/30\/historiador-dominicano-julio-rodriguez-presenta-la-2da-edicion-del-libro-cinco-conferencias\/\",\"url\":\"https:\/\/elglobal.do\/index.php\/2026\/04\/30\/historiador-dominicano-julio-rodriguez-presenta-la-2da-edicion-del-libro-cinco-conferencias\/\",\"name\":\"Historiador dominicano Julio Rodr\u00edguez presenta la 2da edici\u00f3n del libro \\\"Cinco Conferencias\\\" - EL GLOBAL INFORMATIVO\",\"isPartOf\":{\"@id\":\"https:\/\/elglobal.do\/#website\"},\"primaryImageOfPage\":{\"@id\":\"https:\/\/elglobal.do\/index.php\/2026\/04\/30\/historiador-dominicano-julio-rodriguez-presenta-la-2da-edicion-del-libro-cinco-conferencias\/#primaryimage\"},\"image\":{\"@id\":\"https:\/\/elglobal.do\/index.php\/2026\/04\/30\/historiador-dominicano-julio-rodriguez-presenta-la-2da-edicion-del-libro-cinco-conferencias\/#primaryimage\"},\"thumbnailUrl\":\"https:\/\/elglobal.do\/wp-content\/uploads\/2026\/04\/IMG_0563-scaled.jpg\",\"datePublished\":\"2026-04-30T16:43:10+00:00\",\"dateModified\":\"2026-04-30T16:44:22+00:00\",\"breadcrumb\":{\"@id\":\"https:\/\/elglobal.do\/index.php\/2026\/04\/30\/historiador-dominicano-julio-rodriguez-presenta-la-2da-edicion-del-libro-cinco-conferencias\/#breadcrumb\"},\"inLanguage\":\"es\",\"potentialAction\":[{\"@type\":\"ReadAction\",\"target\":[\"https:\/\/elglobal.do\/index.php\/2026\/04\/30\/historiador-dominicano-julio-rodriguez-presenta-la-2da-edicion-del-libro-cinco-conferencias\/\"]}]},{\"@type\":\"ImageObject\",\"inLanguage\":\"es\",\"@id\":\"https:\/\/elglobal.do\/index.php\/2026\/04\/30\/historiador-dominicano-julio-rodriguez-presenta-la-2da-edicion-del-libro-cinco-conferencias\/#primaryimage\",\"url\":\"https:\/\/elglobal.do\/wp-content\/uploads\/2026\/04\/IMG_0563-scaled.jpg\",\"contentUrl\":\"https:\/\/elglobal.do\/wp-content\/uploads\/2026\/04\/IMG_0563-scaled.jpg\",\"width\":2560,\"height\":1707},{\"@type\":\"BreadcrumbList\",\"@id\":\"https:\/\/elglobal.do\/index.php\/2026\/04\/30\/historiador-dominicano-julio-rodriguez-presenta-la-2da-edicion-del-libro-cinco-conferencias\/#breadcrumb\",\"itemListElement\":[{\"@type\":\"ListItem\",\"position\":1,\"name\":\"Portada\",\"item\":\"https:\/\/elglobal.do\/\"},{\"@type\":\"ListItem\",\"position\":2,\"name\":\"Historiador dominicano Julio Rodr\u00edguez presenta la 2da edici\u00f3n del libro \u00abCinco Conferencias\u00bb\"}]},{\"@type\":\"WebSite\",\"@id\":\"https:\/\/elglobal.do\/#website\",\"url\":\"https:\/\/elglobal.do\/\",\"name\":\"EL GLOBAL INFORMATIVO\",\"description\":\"Peri\u00f3dico digital de la Rep\u00fablica Dominicana que ofrece noticias, novedades, pol\u00edtica y las \u00faltimas actualidades, con informaci\u00f3n veraz y oportuna para mantenerte siempre informad\",\"publisher\":{\"@id\":\"https:\/\/elglobal.do\/#organization\"},\"potentialAction\":[{\"@type\":\"SearchAction\",\"target\":{\"@type\":\"EntryPoint\",\"urlTemplate\":\"https:\/\/elglobal.do\/?s={search_term_string}\"},\"query-input\":{\"@type\":\"PropertyValueSpecification\",\"valueRequired\":true,\"valueName\":\"search_term_string\"}}],\"inLanguage\":\"es\"},{\"@type\":\"Organization\",\"@id\":\"https:\/\/elglobal.do\/#organization\",\"name\":\"EL GLOBAL.DO INFORMATIVO\",\"url\":\"https:\/\/elglobal.do\/\",\"logo\":{\"@type\":\"ImageObject\",\"inLanguage\":\"es\",\"@id\":\"https:\/\/elglobal.do\/#\/schema\/logo\/image\/\",\"url\":\"https:\/\/elglobal.do\/wp-content\/uploads\/2025\/08\/icon.png\",\"contentUrl\":\"https:\/\/elglobal.do\/wp-content\/uploads\/2025\/08\/icon.png\",\"width\":512,\"height\":512,\"caption\":\"EL GLOBAL.DO INFORMATIVO\"},\"image\":{\"@id\":\"https:\/\/elglobal.do\/#\/schema\/logo\/image\/\"}},{\"@type\":\"Person\",\"@id\":\"https:\/\/elglobal.do\/#\/schema\/person\/0c97ec2c7714fb605d230c292f64d55f\",\"name\":\"EL GLOBAL\",\"image\":{\"@type\":\"ImageObject\",\"inLanguage\":\"es\",\"@id\":\"https:\/\/elglobal.do\/#\/schema\/person\/image\/\",\"url\":\"https:\/\/secure.gravatar.com\/avatar\/081cfb6cf99faddc6f4e23a0c11ab98c5cf302925382d1c88dc3ed757ab910a3?s=96&d=mm&r=g\",\"contentUrl\":\"https:\/\/secure.gravatar.com\/avatar\/081cfb6cf99faddc6f4e23a0c11ab98c5cf302925382d1c88dc3ed757ab910a3?s=96&d=mm&r=g\",\"caption\":\"EL GLOBAL\"},\"description\":\"El Global Informativo es un peri\u00f3dico digital de Rep\u00fablica Dominicana que se dedica a cubrir temas importantes, como la pol\u00edtica local, geopol\u00edtica, econom\u00eda, tecnolog\u00eda, noticias internacionales y eventos relacionados con la gesti\u00f3n social, cultural y humana. Su objetivo principal es mantener a la poblaci\u00f3n informada, ofreciendo una visi\u00f3n amplia y actualizada de lo que sucede tanto en el pa\u00eds como en el mundo. Est\u00e1 dirigido por un grupo de periodistas experimentados, lo que garantiza la calidad y la precisi\u00f3n de la informaci\u00f3n que ofrecen. Tiene su sede en la ciudad de Santo Domingo y es parte integral del portafolio de la empresa, MC Global S.R.L.\",\"sameAs\":[\"https:\/\/elglobal.do\",\"https:\/\/www.instagram.com\/elglobal.do_informativo\/\"],\"url\":\"https:\/\/elglobal.do\/index.php\/author\/elglobaluserpro\/\"}]}<\/script>\n<!-- \/ Yoast SEO plugin. -->","yoast_head_json":{"title":"Historiador dominicano Julio Rodr\u00edguez presenta la 2da edici\u00f3n del libro \"Cinco Conferencias\" - EL GLOBAL INFORMATIVO","robots":{"index":"index","follow":"follow","max-snippet":"max-snippet:-1","max-image-preview":"max-image-preview:large","max-video-preview":"max-video-preview:-1"},"canonical":"https:\/\/elglobal.do\/index.php\/2026\/04\/30\/historiador-dominicano-julio-rodriguez-presenta-la-2da-edicion-del-libro-cinco-conferencias\/","og_locale":"es_ES","og_type":"article","og_title":"Historiador dominicano Julio Rodr\u00edguez presenta la 2da edici\u00f3n del libro \"Cinco Conferencias\" - EL GLOBAL INFORMATIVO","og_description":"Santo Domingo. \u2013 El destacado historiador y escritor dominicano, doctor Julio Manuel Rodr\u00edguez Grull\u00f3n, present\u00f3 este mi\u00e9rcoles la 2da edici\u00f3n de su libro \u00abCinco Conferencias\u00bb, basado en una visi\u00f3n de&hellip;","og_url":"https:\/\/elglobal.do\/index.php\/2026\/04\/30\/historiador-dominicano-julio-rodriguez-presenta-la-2da-edicion-del-libro-cinco-conferencias\/","og_site_name":"EL GLOBAL INFORMATIVO","article_published_time":"2026-04-30T16:43:10+00:00","article_modified_time":"2026-04-30T16:44:22+00:00","og_image":[{"width":2560,"height":1707,"url":"https:\/\/elglobal.do\/wp-content\/uploads\/2026\/04\/IMG_0563-scaled.jpg","type":"image\/jpeg"}],"author":"EL GLOBAL","twitter_card":"summary_large_image","twitter_misc":{"Escrito por":"EL GLOBAL","Tiempo de lectura":"2 minutos"},"schema":{"@context":"https:\/\/schema.org","@graph":[{"@type":"Article","@id":"https:\/\/elglobal.do\/index.php\/2026\/04\/30\/historiador-dominicano-julio-rodriguez-presenta-la-2da-edicion-del-libro-cinco-conferencias\/#article","isPartOf":{"@id":"https:\/\/elglobal.do\/index.php\/2026\/04\/30\/historiador-dominicano-julio-rodriguez-presenta-la-2da-edicion-del-libro-cinco-conferencias\/"},"author":{"name":"EL GLOBAL","@id":"https:\/\/elglobal.do\/#\/schema\/person\/0c97ec2c7714fb605d230c292f64d55f"},"headline":"Historiador dominicano Julio Rodr\u00edguez presenta la 2da edici\u00f3n del libro \u00abCinco Conferencias\u00bb","datePublished":"2026-04-30T16:43:10+00:00","dateModified":"2026-04-30T16:44:22+00:00","mainEntityOfPage":{"@id":"https:\/\/elglobal.do\/index.php\/2026\/04\/30\/historiador-dominicano-julio-rodriguez-presenta-la-2da-edicion-del-libro-cinco-conferencias\/"},"wordCount":287,"commentCount":0,"publisher":{"@id":"https:\/\/elglobal.do\/#organization"},"image":{"@id":"https:\/\/elglobal.do\/index.php\/2026\/04\/30\/historiador-dominicano-julio-rodriguez-presenta-la-2da-edicion-del-libro-cinco-conferencias\/#primaryimage"},"thumbnailUrl":"https:\/\/elglobal.do\/wp-content\/uploads\/2026\/04\/IMG_0563-scaled.jpg","keywords":["#CincoConferencias","#ElGlobalInformativo","#JulioRodr\u00edguez"],"articleSection":["EDUCACI\u00d3N","NOTICIAS RELEVANTES"],"inLanguage":"es","potentialAction":[{"@type":"CommentAction","name":"Comment","target":["https:\/\/elglobal.do\/index.php\/2026\/04\/30\/historiador-dominicano-julio-rodriguez-presenta-la-2da-edicion-del-libro-cinco-conferencias\/#respond"]}]},{"@type":"WebPage","@id":"https:\/\/elglobal.do\/index.php\/2026\/04\/30\/historiador-dominicano-julio-rodriguez-presenta-la-2da-edicion-del-libro-cinco-conferencias\/","url":"https:\/\/elglobal.do\/index.php\/2026\/04\/30\/historiador-dominicano-julio-rodriguez-presenta-la-2da-edicion-del-libro-cinco-conferencias\/","name":"Historiador dominicano Julio Rodr\u00edguez presenta la 2da edici\u00f3n del libro \"Cinco Conferencias\" - EL GLOBAL INFORMATIVO","isPartOf":{"@id":"https:\/\/elglobal.do\/#website"},"primaryImageOfPage":{"@id":"https:\/\/elglobal.do\/index.php\/2026\/04\/30\/historiador-dominicano-julio-rodriguez-presenta-la-2da-edicion-del-libro-cinco-conferencias\/#primaryimage"},"image":{"@id":"https:\/\/elglobal.do\/index.php\/2026\/04\/30\/historiador-dominicano-julio-rodriguez-presenta-la-2da-edicion-del-libro-cinco-conferencias\/#primaryimage"},"thumbnailUrl":"https:\/\/elglobal.do\/wp-content\/uploads\/2026\/04\/IMG_0563-scaled.jpg","datePublished":"2026-04-30T16:43:10+00:00","dateModified":"2026-04-30T16:44:22+00:00","breadcrumb":{"@id":"https:\/\/elglobal.do\/index.php\/2026\/04\/30\/historiador-dominicano-julio-rodriguez-presenta-la-2da-edicion-del-libro-cinco-conferencias\/#breadcrumb"},"inLanguage":"es","potentialAction":[{"@type":"ReadAction","target":["https:\/\/elglobal.do\/index.php\/2026\/04\/30\/historiador-dominicano-julio-rodriguez-presenta-la-2da-edicion-del-libro-cinco-conferencias\/"]}]},{"@type":"ImageObject","inLanguage":"es","@id":"https:\/\/elglobal.do\/index.php\/2026\/04\/30\/historiador-dominicano-julio-rodriguez-presenta-la-2da-edicion-del-libro-cinco-conferencias\/#primaryimage","url":"https:\/\/elglobal.do\/wp-content\/uploads\/2026\/04\/IMG_0563-scaled.jpg","contentUrl":"https:\/\/elglobal.do\/wp-content\/uploads\/2026\/04\/IMG_0563-scaled.jpg","width":2560,"height":1707},{"@type":"BreadcrumbList","@id":"https:\/\/elglobal.do\/index.php\/2026\/04\/30\/historiador-dominicano-julio-rodriguez-presenta-la-2da-edicion-del-libro-cinco-conferencias\/#breadcrumb","itemListElement":[{"@type":"ListItem","position":1,"name":"Portada","item":"https:\/\/elglobal.do\/"},{"@type":"ListItem","position":2,"name":"Historiador dominicano Julio Rodr\u00edguez presenta la 2da edici\u00f3n del libro \u00abCinco Conferencias\u00bb"}]},{"@type":"WebSite","@id":"https:\/\/elglobal.do\/#website","url":"https:\/\/elglobal.do\/","name":"EL GLOBAL INFORMATIVO","description":"Peri\u00f3dico digital de la Rep\u00fablica Dominicana que ofrece noticias, novedades, pol\u00edtica y las \u00faltimas actualidades, con informaci\u00f3n veraz y oportuna para mantenerte siempre informad","publisher":{"@id":"https:\/\/elglobal.do\/#organization"},"potentialAction":[{"@type":"SearchAction","target":{"@type":"EntryPoint","urlTemplate":"https:\/\/elglobal.do\/?s={search_term_string}"},"query-input":{"@type":"PropertyValueSpecification","valueRequired":true,"valueName":"search_term_string"}}],"inLanguage":"es"},{"@type":"Organization","@id":"https:\/\/elglobal.do\/#organization","name":"EL GLOBAL.DO INFORMATIVO","url":"https:\/\/elglobal.do\/","logo":{"@type":"ImageObject","inLanguage":"es","@id":"https:\/\/elglobal.do\/#\/schema\/logo\/image\/","url":"https:\/\/elglobal.do\/wp-content\/uploads\/2025\/08\/icon.png","contentUrl":"https:\/\/elglobal.do\/wp-content\/uploads\/2025\/08\/icon.png","width":512,"height":512,"caption":"EL GLOBAL.DO INFORMATIVO"},"image":{"@id":"https:\/\/elglobal.do\/#\/schema\/logo\/image\/"}},{"@type":"Person","@id":"https:\/\/elglobal.do\/#\/schema\/person\/0c97ec2c7714fb605d230c292f64d55f","name":"EL GLOBAL","image":{"@type":"ImageObject","inLanguage":"es","@id":"https:\/\/elglobal.do\/#\/schema\/person\/image\/","url":"https:\/\/secure.gravatar.com\/avatar\/081cfb6cf99faddc6f4e23a0c11ab98c5cf302925382d1c88dc3ed757ab910a3?s=96&d=mm&r=g","contentUrl":"https:\/\/secure.gravatar.com\/avatar\/081cfb6cf99faddc6f4e23a0c11ab98c5cf302925382d1c88dc3ed757ab910a3?s=96&d=mm&r=g","caption":"EL GLOBAL"},"description":"El Global Informativo es un peri\u00f3dico digital de Rep\u00fablica Dominicana que se dedica a cubrir temas importantes, como la pol\u00edtica local, geopol\u00edtica, econom\u00eda, tecnolog\u00eda, noticias internacionales y eventos relacionados con la gesti\u00f3n social, cultural y humana. Su objetivo principal es mantener a la poblaci\u00f3n informada, ofreciendo una visi\u00f3n amplia y actualizada de lo que sucede tanto en el pa\u00eds como en el mundo. Est\u00e1 dirigido por un grupo de periodistas experimentados, lo que garantiza la calidad y la precisi\u00f3n de la informaci\u00f3n que ofrecen. Tiene su sede en la ciudad de Santo Domingo y es parte integral del portafolio de la empresa, MC Global S.R.L.","sameAs":["https:\/\/elglobal.do","https:\/\/www.instagram.com\/elglobal.do_informativo\/"],"url":"https:\/\/elglobal.do\/index.php\/author\/elglobaluserpro\/"}]}},"jetpack_featured_media_url":"https:\/\/elglobal.do\/wp-content\/uploads\/2026\/04\/IMG_0563-scaled.jpg","jetpack_sharing_enabled":true,"_links":{"self":[{"href":"https:\/\/elglobal.do\/index.php\/wp-json\/wp\/v2\/posts\/7155","targetHints":{"allow":["GET"]}}],"collection":[{"href":"https:\/\/elglobal.do\/index.php\/wp-json\/wp\/v2\/posts"}],"about":[{"href":"https:\/\/elglobal.do\/index.php\/wp-json\/wp\/v2\/types\/post"}],"author":[{"embeddable":true,"href":"https:\/\/elglobal.do\/index.php\/wp-json\/wp\/v2\/users\/1"}],"replies":[{"embeddable":true,"href":"https:\/\/elglobal.do\/index.php\/wp-json\/wp\/v2\/comments?post=7155"}],"version-history":[{"count":1,"href":"https:\/\/elglobal.do\/index.php\/wp-json\/wp\/v2\/posts\/7155\/revisions"}],"predecessor-version":[{"id":7159,"href":"https:\/\/elglobal.do\/index.php\/wp-json\/wp\/v2\/posts\/7155\/revisions\/7159"}],"wp:featuredmedia":[{"embeddable":true,"href":"https:\/\/elglobal.do\/index.php\/wp-json\/wp\/v2\/media\/7156"}],"wp:attachment":[{"href":"https:\/\/elglobal.do\/index.php\/wp-json\/wp\/v2\/media?parent=7155"}],"wp:term":[{"taxonomy":"category","embeddable":true,"href":"https:\/\/elglobal.do\/index.php\/wp-json\/wp\/v2\/categories?post=7155"},{"taxonomy":"post_tag","embeddable":true,"href":"https:\/\/elglobal.do\/index.php\/wp-json\/wp\/v2\/tags?post=7155"}],"curies":[{"name":"wp","href":"https:\/\/api.w.org\/{rel}","templated":true}]}}