{"id":727,"date":"2025-08-07T15:33:06","date_gmt":"2025-08-07T19:33:06","guid":{"rendered":"https:\/\/elglobal.do\/?p=727"},"modified":"2025-08-07T15:34:36","modified_gmt":"2025-08-07T19:34:36","slug":"presidente-abinader-impulsa-transformacion-educativa-con-124000-docentes-formandose-en-areas-steam","status":"publish","type":"post","link":"https:\/\/elglobal.do\/index.php\/2025\/08\/07\/presidente-abinader-impulsa-transformacion-educativa-con-124000-docentes-formandose-en-areas-steam\/","title":{"rendered":"Presidente Abinader impulsa transformaci\u00f3n educativa con 124,000 docentes form\u00e1ndose en \u00e1reas STEAM"},"content":{"rendered":"\n<p><em>El mandatario destac\u00f3; que, <strong>\u00abla educaci\u00f3n inicial se ha fortalecido y responde a una planificaci\u00f3n que comenz\u00f3 en el a\u00f1o 2022\u00bb <\/strong>para ampliar cobertura en este nivel.<\/em><\/p>\n\n\n\n<figure class=\"wp-block-image size-large\"><img loading=\"lazy\" decoding=\"async\" width=\"1024\" height=\"682\" src=\"https:\/\/elglobal.do\/wp-content\/uploads\/2025\/08\/Reunion-1024x682.jpeg\" alt=\"\" class=\"wp-image-729\" srcset=\"https:\/\/elglobal.do\/wp-content\/uploads\/2025\/08\/Reunion-1024x682.jpeg 1024w, https:\/\/elglobal.do\/wp-content\/uploads\/2025\/08\/Reunion-300x200.jpeg 300w, https:\/\/elglobal.do\/wp-content\/uploads\/2025\/08\/Reunion-768x512.jpeg 768w, https:\/\/elglobal.do\/wp-content\/uploads\/2025\/08\/Reunion-1536x1023.jpeg 1536w, https:\/\/elglobal.do\/wp-content\/uploads\/2025\/08\/Reunion.jpeg 1600w\" sizes=\"auto, (max-width: 1024px) 100vw, 1024px\" \/><\/figure>\n\n\n\n<p><\/p>\n\n\n\n<p><strong>Santo Domingo. \u2013 <\/strong>El presidente Luis Abinader, encabez\u00f3<em><strong> <\/strong><\/em>este jueves la sesi\u00f3n de la Comisi\u00f3n de Seguimiento al Inicio del A\u00f1o Escolar, donde se inform\u00f3 que, en un hecho sin precedentes, m\u00e1s de 124,000 docentes est\u00e1n recibiendo formaci\u00f3n en el <strong>enfoque STEAM (Ciencia, Tecnolog\u00eda, Ingenier\u00eda, Artes y Matem\u00e1ticas)<\/strong>, capacitados con el apoyo de 8 mil t\u00e9cnicos y l\u00edderes pedag\u00f3gicos en todo el pa\u00eds.<\/p>\n\n\n\n<p>Este proceso formativo que impulsa el Gobierno tiene como objetivo fomentar un aprendizaje innovador e interdisciplinario desde las aulas para preparar a los estudiantes con las competencias que el pa\u00eds necesita.<\/p>\n\n\n\n<p>Durante la reuni\u00f3n, celebrada en el sal\u00f3n Ercilia Pep\u00edn del <strong>Ministerio de Educaci\u00f3n (MINERD)<\/strong>, se pas\u00f3 balance de los avances logrados en los preparativos para el regreso a clases, pautado para el pr\u00f3ximo 25 de agosto.<\/p>\n\n\n\n<p>Al t\u00e9rmino de la reuni\u00f3n, el presidente Abinader manifest\u00f3 que la educaci\u00f3n inicial en el pa\u00eds se ha fortalecido y que responde a una planificaci\u00f3n que comenz\u00f3 en el a\u00f1o 2022, cuando el Ministerio de Educaci\u00f3n dise\u00f1\u00f3 un plan estrat\u00e9gico para ampliar la cobertura en este nivel.<\/p>\n\n\n\n<p>En ese sentido explic\u00f3 que, a partir del 2022, se comenzaron a habilitar nuevas aulas especializadas y a formar docentes con perfiles adecuados para atender a ni\u00f1os desde los tres a\u00f1os. Esta planificaci\u00f3n ha permitido que, para el nuevo a\u00f1o escolar, cientos de aulas est\u00e9n listas y equipadas, garantizando entornos seguros, estimulantes y apropiados para el desarrollo temprano.<\/p>\n\n\n\n<p>El jefe de Estado afirm\u00f3 que durante su gesti\u00f3n se ha logrado triplicar la cantidad de ni\u00f1os en educaci\u00f3n inicial, lo que calific\u00f3 como un \u00abgran \u00e9xito\u00bb para el sistema educativo nacional.<\/p>\n\n\n\n<p>El gobernante explic\u00f3 que este avance se ha complementado con la creaci\u00f3n de m\u00e1s de 80 nuevas estancias infantiles a trav\u00e9s del <strong>Instituto Nacional de Atenci\u00f3n Integral a la Primera Infancia (INAIPI<\/strong>), lo que ha permitido ampliar la cobertura educativa desde los primeros meses de vida hasta los cinco a\u00f1os. Aunque reconoci\u00f3 que esta cobertura coincide en parte con lo que establece la Ley General de Educaci\u00f3n que dispone la escolarizaci\u00f3n a partir de los tres a\u00f1os y que no se le hab\u00eda dado la importancia. <strong>\u201cLa educaci\u00f3n desde los tres a\u00f1os no es una ocurrencia. Est\u00e1 en la ley, y ahora estamos garantizando que se cumpla\u201d<\/strong>, enfatiz\u00f3.<\/p>\n\n\n\n<p>El mandatario indic\u00f3 que el objetivo es garantizar el acceso a la educaci\u00f3n temprana para todos los ni\u00f1os. Adem\u00e1s, destac\u00f3 que estas iniciativas tambi\u00e9n permiten que muchas madres puedan integrarse al mercado laboral, al contar con un espacio seguro y formativo para sus hijos.&nbsp;<\/p>\n\n\n\n<p><\/p>\n\n\n\n<figure class=\"wp-block-image size-large\"><img loading=\"lazy\" decoding=\"async\" width=\"1024\" height=\"876\" src=\"https:\/\/elglobal.do\/wp-content\/uploads\/2025\/08\/Ministro-1024x876.jpeg\" alt=\"\" class=\"wp-image-730\" srcset=\"https:\/\/elglobal.do\/wp-content\/uploads\/2025\/08\/Ministro-1024x876.jpeg 1024w, https:\/\/elglobal.do\/wp-content\/uploads\/2025\/08\/Ministro-300x257.jpeg 300w, https:\/\/elglobal.do\/wp-content\/uploads\/2025\/08\/Ministro-768x657.jpeg 768w, https:\/\/elglobal.do\/wp-content\/uploads\/2025\/08\/Ministro.jpeg 1496w\" sizes=\"auto, (max-width: 1024px) 100vw, 1024px\" \/><\/figure>\n\n\n\n<p><\/p>\n\n\n\n<p><strong>En cuanto a los preparativos para el inicio del a\u00f1o escolar<\/strong><\/p>\n\n\n\n<p>De su lado, el ministro de Educaci\u00f3n Luis Miguel De Camps destac\u00f3 que los trabajos se han centrado en cuatro ejes clave: infraestructura y cupos, personal docente y administrativo, bienestar estudiantil, y dotaci\u00f3n de materiales educativos.<\/p>\n\n\n\n<p><strong>\u201cEstamos trabajando en estos cuatro frentes para garantizar todo un a\u00f1o escolar exitoso\u201d. <\/strong>En este momento se desarrolla una jornada de capacitaci\u00f3n masiva a trav\u00e9s de la que estamos fortaleciendo la formaci\u00f3n de los docentes en <strong>STEAM <\/strong>y haciendo \u00e9nfasis para un impacto en la calidad educativa, dijo el ministro. Al tiempo que hizo un llamado a madres, padres y tutores a enviar a sus hijos desde el primer d\u00eda de clases.<\/p>\n\n\n\n<p>De su lado, el <strong>director del Instituto Nacional de Bienestar Estudiantil (INABIE), V\u00edctor Castro<\/strong>, inform\u00f3 que se ha iniciado la distribuci\u00f3n de uniformes, calzados y kits escolares. A su vez, se han entregado butacas, libros y computadoras, incluyendo materiales recuperados y almacenados previamente.<\/p>\n\n\n\n<p><strong>M\u00e1s de 1,200 aulas nuevas y 302 m\u00f3viles para garantizar espacios<\/strong><\/p>\n\n\n\n<p>Mientras que, el director de Mantenimiento e Infraestructura Escolar, Roberto Herrera explic\u00f3 que a trav\u00e9s del Plan 24-7 para la ampliaci\u00f3n de cobertura, se comprometi\u00f3 a entregar al menos 1,100 aulas, pero ya se ha superado la meta con 1,265 aulas nuevas listas para este ciclo. A esto se suman 302 aulas m\u00f3viles, que estar\u00e1n instaladas antes del inicio del a\u00f1o escolar, y otras 275 previstas para septiembre y octubre, con capacidad para recibir hasta 40 estudiantes cada una.<\/p>\n\n\n\n<p>Adem\u00e1s, se han habilitado espacios en modalidad de arrendamiento y otros mecanismos para garantizar la cobertura de cupos, especialmente en zonas de alta demanda.<\/p>\n\n\n\n<p><strong>Expansi\u00f3n de la Jornada Escolar Extendida con 36 nuevos centros<\/strong><\/p>\n\n\n\n<p>Herrera se\u00f1al\u00f3 que este a\u00f1o se integrar\u00e1n 36 centros adicionales a la Jornada Escolar Extendida, reafirmando el compromiso del Gobierno con una educaci\u00f3n integral, accesible y equitativa.<\/p>\n\n\n\n<p><strong>E<strong>stuvieron<\/strong> <strong>presentes<\/strong><\/strong> <strong><strong>e<\/strong>n<\/strong> <strong>la reuni\u00f3n,<\/strong> el ministro de la Presidencia, Jos\u00e9 Ignacio Paliza; los viceministros de Educaci\u00f3n de Asuntos T\u00e9cnicos y Pedag\u00f3gicos, Ancell Scheker; de Supervisi\u00f3n y Control de la Calidad Educativa, \u00d3scar Amarg\u00f3s; de&nbsp; Acreditaci\u00f3n y Certificaci\u00f3n Docente, Francisco de \u00d3leo; de Planificaci\u00f3n y Desarrollo Educativo, Rolando Reyes y directores del MINERD.<\/p>\n","protected":false},"excerpt":{"rendered":"<p>El mandatario destac\u00f3; que, \u00abla educaci\u00f3n inicial se ha fortalecido y responde a una planificaci\u00f3n que comenz\u00f3 en el a\u00f1o 2022\u00bb para ampliar cobertura en este nivel. Santo Domingo. \u2013&hellip; <\/p>\n","protected":false},"author":1,"featured_media":728,"comment_status":"open","ping_status":"open","sticky":false,"template":"","format":"standard","meta":{"_jetpack_memberships_contains_paid_content":false,"footnotes":""},"categories":[119,40],"tags":[256,98,159,257],"class_list":["post-727","post","type-post","status-publish","format-standard","has-post-thumbnail","hentry","category-educacion","category-nacionales","tag-educacionrd-presidenteabinader","tag-elglobalinformativo","tag-minerd","tag-steam"],"yoast_head":"<!-- This site is optimized with the Yoast SEO plugin v26.9 - https:\/\/yoast.com\/product\/yoast-seo-wordpress\/ -->\n<title>Presidente Abinader impulsa transformaci\u00f3n educativa con 124,000 docentes form\u00e1ndose en \u00e1reas STEAM - EL GLOBAL INFORMATIVO<\/title>\n<meta name=\"robots\" content=\"index, follow, max-snippet:-1, max-image-preview:large, max-video-preview:-1\" \/>\n<link rel=\"canonical\" href=\"https:\/\/elglobal.do\/index.php\/2025\/08\/07\/presidente-abinader-impulsa-transformacion-educativa-con-124000-docentes-formandose-en-areas-steam\/\" \/>\n<meta property=\"og:locale\" content=\"es_ES\" \/>\n<meta property=\"og:type\" content=\"article\" \/>\n<meta property=\"og:title\" content=\"Presidente Abinader impulsa transformaci\u00f3n educativa con 124,000 docentes form\u00e1ndose en \u00e1reas STEAM - EL GLOBAL INFORMATIVO\" \/>\n<meta property=\"og:description\" content=\"El mandatario destac\u00f3; que, \u00abla educaci\u00f3n inicial se ha fortalecido y responde a una planificaci\u00f3n que comenz\u00f3 en el a\u00f1o 2022\u00bb para ampliar cobertura en este nivel. Santo Domingo. \u2013&hellip;\" \/>\n<meta property=\"og:url\" content=\"https:\/\/elglobal.do\/index.php\/2025\/08\/07\/presidente-abinader-impulsa-transformacion-educativa-con-124000-docentes-formandose-en-areas-steam\/\" \/>\n<meta property=\"og:site_name\" content=\"EL GLOBAL INFORMATIVO\" \/>\n<meta property=\"article:published_time\" content=\"2025-08-07T19:33:06+00:00\" \/>\n<meta property=\"article:modified_time\" content=\"2025-08-07T19:34:36+00:00\" \/>\n<meta property=\"og:image\" content=\"https:\/\/elglobal.do\/wp-content\/uploads\/2025\/08\/Presidente-1.jpeg\" \/>\n\t<meta property=\"og:image:width\" content=\"1586\" \/>\n\t<meta property=\"og:image:height\" content=\"1278\" \/>\n\t<meta property=\"og:image:type\" content=\"image\/jpeg\" \/>\n<meta name=\"author\" content=\"EL GLOBAL\" \/>\n<meta name=\"twitter:card\" content=\"summary_large_image\" \/>\n<meta name=\"twitter:label1\" content=\"Escrito por\" \/>\n\t<meta name=\"twitter:data1\" content=\"EL GLOBAL\" \/>\n\t<meta name=\"twitter:label2\" content=\"Tiempo de lectura\" \/>\n\t<meta name=\"twitter:data2\" content=\"4 minutos\" \/>\n<script type=\"application\/ld+json\" class=\"yoast-schema-graph\">{\"@context\":\"https:\/\/schema.org\",\"@graph\":[{\"@type\":\"Article\",\"@id\":\"https:\/\/elglobal.do\/index.php\/2025\/08\/07\/presidente-abinader-impulsa-transformacion-educativa-con-124000-docentes-formandose-en-areas-steam\/#article\",\"isPartOf\":{\"@id\":\"https:\/\/elglobal.do\/index.php\/2025\/08\/07\/presidente-abinader-impulsa-transformacion-educativa-con-124000-docentes-formandose-en-areas-steam\/\"},\"author\":{\"name\":\"EL GLOBAL\",\"@id\":\"https:\/\/elglobal.do\/#\/schema\/person\/0c97ec2c7714fb605d230c292f64d55f\"},\"headline\":\"Presidente Abinader impulsa transformaci\u00f3n educativa con 124,000 docentes form\u00e1ndose en \u00e1reas STEAM\",\"datePublished\":\"2025-08-07T19:33:06+00:00\",\"dateModified\":\"2025-08-07T19:34:36+00:00\",\"mainEntityOfPage\":{\"@id\":\"https:\/\/elglobal.do\/index.php\/2025\/08\/07\/presidente-abinader-impulsa-transformacion-educativa-con-124000-docentes-formandose-en-areas-steam\/\"},\"wordCount\":895,\"commentCount\":0,\"publisher\":{\"@id\":\"https:\/\/elglobal.do\/#organization\"},\"image\":{\"@id\":\"https:\/\/elglobal.do\/index.php\/2025\/08\/07\/presidente-abinader-impulsa-transformacion-educativa-con-124000-docentes-formandose-en-areas-steam\/#primaryimage\"},\"thumbnailUrl\":\"https:\/\/elglobal.do\/wp-content\/uploads\/2025\/08\/Presidente-1.jpeg\",\"keywords\":[\"#Educaci\u00f3nRD #PresidenteAbinader\",\"#ElGlobalInformativo\",\"#MINERD\",\"#STEAM\"],\"articleSection\":[\"EDUCACI\u00d3N\",\"NACIONALES\"],\"inLanguage\":\"es\",\"potentialAction\":[{\"@type\":\"CommentAction\",\"name\":\"Comment\",\"target\":[\"https:\/\/elglobal.do\/index.php\/2025\/08\/07\/presidente-abinader-impulsa-transformacion-educativa-con-124000-docentes-formandose-en-areas-steam\/#respond\"]}]},{\"@type\":\"WebPage\",\"@id\":\"https:\/\/elglobal.do\/index.php\/2025\/08\/07\/presidente-abinader-impulsa-transformacion-educativa-con-124000-docentes-formandose-en-areas-steam\/\",\"url\":\"https:\/\/elglobal.do\/index.php\/2025\/08\/07\/presidente-abinader-impulsa-transformacion-educativa-con-124000-docentes-formandose-en-areas-steam\/\",\"name\":\"Presidente Abinader impulsa transformaci\u00f3n educativa con 124,000 docentes form\u00e1ndose en \u00e1reas STEAM - EL GLOBAL INFORMATIVO\",\"isPartOf\":{\"@id\":\"https:\/\/elglobal.do\/#website\"},\"primaryImageOfPage\":{\"@id\":\"https:\/\/elglobal.do\/index.php\/2025\/08\/07\/presidente-abinader-impulsa-transformacion-educativa-con-124000-docentes-formandose-en-areas-steam\/#primaryimage\"},\"image\":{\"@id\":\"https:\/\/elglobal.do\/index.php\/2025\/08\/07\/presidente-abinader-impulsa-transformacion-educativa-con-124000-docentes-formandose-en-areas-steam\/#primaryimage\"},\"thumbnailUrl\":\"https:\/\/elglobal.do\/wp-content\/uploads\/2025\/08\/Presidente-1.jpeg\",\"datePublished\":\"2025-08-07T19:33:06+00:00\",\"dateModified\":\"2025-08-07T19:34:36+00:00\",\"breadcrumb\":{\"@id\":\"https:\/\/elglobal.do\/index.php\/2025\/08\/07\/presidente-abinader-impulsa-transformacion-educativa-con-124000-docentes-formandose-en-areas-steam\/#breadcrumb\"},\"inLanguage\":\"es\",\"potentialAction\":[{\"@type\":\"ReadAction\",\"target\":[\"https:\/\/elglobal.do\/index.php\/2025\/08\/07\/presidente-abinader-impulsa-transformacion-educativa-con-124000-docentes-formandose-en-areas-steam\/\"]}]},{\"@type\":\"ImageObject\",\"inLanguage\":\"es\",\"@id\":\"https:\/\/elglobal.do\/index.php\/2025\/08\/07\/presidente-abinader-impulsa-transformacion-educativa-con-124000-docentes-formandose-en-areas-steam\/#primaryimage\",\"url\":\"https:\/\/elglobal.do\/wp-content\/uploads\/2025\/08\/Presidente-1.jpeg\",\"contentUrl\":\"https:\/\/elglobal.do\/wp-content\/uploads\/2025\/08\/Presidente-1.jpeg\",\"width\":1586,\"height\":1278},{\"@type\":\"BreadcrumbList\",\"@id\":\"https:\/\/elglobal.do\/index.php\/2025\/08\/07\/presidente-abinader-impulsa-transformacion-educativa-con-124000-docentes-formandose-en-areas-steam\/#breadcrumb\",\"itemListElement\":[{\"@type\":\"ListItem\",\"position\":1,\"name\":\"Portada\",\"item\":\"https:\/\/elglobal.do\/\"},{\"@type\":\"ListItem\",\"position\":2,\"name\":\"Presidente Abinader impulsa transformaci\u00f3n educativa con 124,000 docentes form\u00e1ndose en \u00e1reas STEAM\"}]},{\"@type\":\"WebSite\",\"@id\":\"https:\/\/elglobal.do\/#website\",\"url\":\"https:\/\/elglobal.do\/\",\"name\":\"EL GLOBAL INFORMATIVO\",\"description\":\"Peri\u00f3dico digital de la Rep\u00fablica Dominicana que ofrece noticias, novedades, pol\u00edtica y las \u00faltimas actualidades, con informaci\u00f3n veraz y oportuna para mantenerte siempre informad\",\"publisher\":{\"@id\":\"https:\/\/elglobal.do\/#organization\"},\"potentialAction\":[{\"@type\":\"SearchAction\",\"target\":{\"@type\":\"EntryPoint\",\"urlTemplate\":\"https:\/\/elglobal.do\/?s={search_term_string}\"},\"query-input\":{\"@type\":\"PropertyValueSpecification\",\"valueRequired\":true,\"valueName\":\"search_term_string\"}}],\"inLanguage\":\"es\"},{\"@type\":\"Organization\",\"@id\":\"https:\/\/elglobal.do\/#organization\",\"name\":\"EL GLOBAL.DO INFORMATIVO\",\"url\":\"https:\/\/elglobal.do\/\",\"logo\":{\"@type\":\"ImageObject\",\"inLanguage\":\"es\",\"@id\":\"https:\/\/elglobal.do\/#\/schema\/logo\/image\/\",\"url\":\"https:\/\/elglobal.do\/wp-content\/uploads\/2025\/08\/icon.png\",\"contentUrl\":\"https:\/\/elglobal.do\/wp-content\/uploads\/2025\/08\/icon.png\",\"width\":512,\"height\":512,\"caption\":\"EL GLOBAL.DO INFORMATIVO\"},\"image\":{\"@id\":\"https:\/\/elglobal.do\/#\/schema\/logo\/image\/\"}},{\"@type\":\"Person\",\"@id\":\"https:\/\/elglobal.do\/#\/schema\/person\/0c97ec2c7714fb605d230c292f64d55f\",\"name\":\"EL GLOBAL\",\"image\":{\"@type\":\"ImageObject\",\"inLanguage\":\"es\",\"@id\":\"https:\/\/elglobal.do\/#\/schema\/person\/image\/\",\"url\":\"https:\/\/secure.gravatar.com\/avatar\/081cfb6cf99faddc6f4e23a0c11ab98c5cf302925382d1c88dc3ed757ab910a3?s=96&d=mm&r=g\",\"contentUrl\":\"https:\/\/secure.gravatar.com\/avatar\/081cfb6cf99faddc6f4e23a0c11ab98c5cf302925382d1c88dc3ed757ab910a3?s=96&d=mm&r=g\",\"caption\":\"EL GLOBAL\"},\"description\":\"El Global Informativo es un peri\u00f3dico digital de Rep\u00fablica Dominicana que se dedica a cubrir temas importantes, como la pol\u00edtica local, geopol\u00edtica, econom\u00eda, tecnolog\u00eda, noticias internacionales y eventos relacionados con la gesti\u00f3n social, cultural y humana. Su objetivo principal es mantener a la poblaci\u00f3n informada, ofreciendo una visi\u00f3n amplia y actualizada de lo que sucede tanto en el pa\u00eds como en el mundo. Est\u00e1 dirigido por un grupo de periodistas experimentados, lo que garantiza la calidad y la precisi\u00f3n de la informaci\u00f3n que ofrecen. Tiene su sede en la ciudad de Santo Domingo y es parte integral del portafolio de la empresa, MC Global S.R.L.\",\"sameAs\":[\"https:\/\/elglobal.do\",\"https:\/\/www.instagram.com\/elglobal.do_informativo\/\"],\"url\":\"https:\/\/elglobal.do\/index.php\/author\/elglobaluserpro\/\"}]}<\/script>\n<!-- \/ Yoast SEO plugin. -->","yoast_head_json":{"title":"Presidente Abinader impulsa transformaci\u00f3n educativa con 124,000 docentes form\u00e1ndose en \u00e1reas STEAM - EL GLOBAL INFORMATIVO","robots":{"index":"index","follow":"follow","max-snippet":"max-snippet:-1","max-image-preview":"max-image-preview:large","max-video-preview":"max-video-preview:-1"},"canonical":"https:\/\/elglobal.do\/index.php\/2025\/08\/07\/presidente-abinader-impulsa-transformacion-educativa-con-124000-docentes-formandose-en-areas-steam\/","og_locale":"es_ES","og_type":"article","og_title":"Presidente Abinader impulsa transformaci\u00f3n educativa con 124,000 docentes form\u00e1ndose en \u00e1reas STEAM - EL GLOBAL INFORMATIVO","og_description":"El mandatario destac\u00f3; que, \u00abla educaci\u00f3n inicial se ha fortalecido y responde a una planificaci\u00f3n que comenz\u00f3 en el a\u00f1o 2022\u00bb para ampliar cobertura en este nivel. Santo Domingo. \u2013&hellip;","og_url":"https:\/\/elglobal.do\/index.php\/2025\/08\/07\/presidente-abinader-impulsa-transformacion-educativa-con-124000-docentes-formandose-en-areas-steam\/","og_site_name":"EL GLOBAL INFORMATIVO","article_published_time":"2025-08-07T19:33:06+00:00","article_modified_time":"2025-08-07T19:34:36+00:00","og_image":[{"width":1586,"height":1278,"url":"https:\/\/elglobal.do\/wp-content\/uploads\/2025\/08\/Presidente-1.jpeg","type":"image\/jpeg"}],"author":"EL GLOBAL","twitter_card":"summary_large_image","twitter_misc":{"Escrito por":"EL GLOBAL","Tiempo de lectura":"4 minutos"},"schema":{"@context":"https:\/\/schema.org","@graph":[{"@type":"Article","@id":"https:\/\/elglobal.do\/index.php\/2025\/08\/07\/presidente-abinader-impulsa-transformacion-educativa-con-124000-docentes-formandose-en-areas-steam\/#article","isPartOf":{"@id":"https:\/\/elglobal.do\/index.php\/2025\/08\/07\/presidente-abinader-impulsa-transformacion-educativa-con-124000-docentes-formandose-en-areas-steam\/"},"author":{"name":"EL GLOBAL","@id":"https:\/\/elglobal.do\/#\/schema\/person\/0c97ec2c7714fb605d230c292f64d55f"},"headline":"Presidente Abinader impulsa transformaci\u00f3n educativa con 124,000 docentes form\u00e1ndose en \u00e1reas STEAM","datePublished":"2025-08-07T19:33:06+00:00","dateModified":"2025-08-07T19:34:36+00:00","mainEntityOfPage":{"@id":"https:\/\/elglobal.do\/index.php\/2025\/08\/07\/presidente-abinader-impulsa-transformacion-educativa-con-124000-docentes-formandose-en-areas-steam\/"},"wordCount":895,"commentCount":0,"publisher":{"@id":"https:\/\/elglobal.do\/#organization"},"image":{"@id":"https:\/\/elglobal.do\/index.php\/2025\/08\/07\/presidente-abinader-impulsa-transformacion-educativa-con-124000-docentes-formandose-en-areas-steam\/#primaryimage"},"thumbnailUrl":"https:\/\/elglobal.do\/wp-content\/uploads\/2025\/08\/Presidente-1.jpeg","keywords":["#Educaci\u00f3nRD #PresidenteAbinader","#ElGlobalInformativo","#MINERD","#STEAM"],"articleSection":["EDUCACI\u00d3N","NACIONALES"],"inLanguage":"es","potentialAction":[{"@type":"CommentAction","name":"Comment","target":["https:\/\/elglobal.do\/index.php\/2025\/08\/07\/presidente-abinader-impulsa-transformacion-educativa-con-124000-docentes-formandose-en-areas-steam\/#respond"]}]},{"@type":"WebPage","@id":"https:\/\/elglobal.do\/index.php\/2025\/08\/07\/presidente-abinader-impulsa-transformacion-educativa-con-124000-docentes-formandose-en-areas-steam\/","url":"https:\/\/elglobal.do\/index.php\/2025\/08\/07\/presidente-abinader-impulsa-transformacion-educativa-con-124000-docentes-formandose-en-areas-steam\/","name":"Presidente Abinader impulsa transformaci\u00f3n educativa con 124,000 docentes form\u00e1ndose en \u00e1reas STEAM - EL GLOBAL INFORMATIVO","isPartOf":{"@id":"https:\/\/elglobal.do\/#website"},"primaryImageOfPage":{"@id":"https:\/\/elglobal.do\/index.php\/2025\/08\/07\/presidente-abinader-impulsa-transformacion-educativa-con-124000-docentes-formandose-en-areas-steam\/#primaryimage"},"image":{"@id":"https:\/\/elglobal.do\/index.php\/2025\/08\/07\/presidente-abinader-impulsa-transformacion-educativa-con-124000-docentes-formandose-en-areas-steam\/#primaryimage"},"thumbnailUrl":"https:\/\/elglobal.do\/wp-content\/uploads\/2025\/08\/Presidente-1.jpeg","datePublished":"2025-08-07T19:33:06+00:00","dateModified":"2025-08-07T19:34:36+00:00","breadcrumb":{"@id":"https:\/\/elglobal.do\/index.php\/2025\/08\/07\/presidente-abinader-impulsa-transformacion-educativa-con-124000-docentes-formandose-en-areas-steam\/#breadcrumb"},"inLanguage":"es","potentialAction":[{"@type":"ReadAction","target":["https:\/\/elglobal.do\/index.php\/2025\/08\/07\/presidente-abinader-impulsa-transformacion-educativa-con-124000-docentes-formandose-en-areas-steam\/"]}]},{"@type":"ImageObject","inLanguage":"es","@id":"https:\/\/elglobal.do\/index.php\/2025\/08\/07\/presidente-abinader-impulsa-transformacion-educativa-con-124000-docentes-formandose-en-areas-steam\/#primaryimage","url":"https:\/\/elglobal.do\/wp-content\/uploads\/2025\/08\/Presidente-1.jpeg","contentUrl":"https:\/\/elglobal.do\/wp-content\/uploads\/2025\/08\/Presidente-1.jpeg","width":1586,"height":1278},{"@type":"BreadcrumbList","@id":"https:\/\/elglobal.do\/index.php\/2025\/08\/07\/presidente-abinader-impulsa-transformacion-educativa-con-124000-docentes-formandose-en-areas-steam\/#breadcrumb","itemListElement":[{"@type":"ListItem","position":1,"name":"Portada","item":"https:\/\/elglobal.do\/"},{"@type":"ListItem","position":2,"name":"Presidente Abinader impulsa transformaci\u00f3n educativa con 124,000 docentes form\u00e1ndose en \u00e1reas STEAM"}]},{"@type":"WebSite","@id":"https:\/\/elglobal.do\/#website","url":"https:\/\/elglobal.do\/","name":"EL GLOBAL INFORMATIVO","description":"Peri\u00f3dico digital de la Rep\u00fablica Dominicana que ofrece noticias, novedades, pol\u00edtica y las \u00faltimas actualidades, con informaci\u00f3n veraz y oportuna para mantenerte siempre informad","publisher":{"@id":"https:\/\/elglobal.do\/#organization"},"potentialAction":[{"@type":"SearchAction","target":{"@type":"EntryPoint","urlTemplate":"https:\/\/elglobal.do\/?s={search_term_string}"},"query-input":{"@type":"PropertyValueSpecification","valueRequired":true,"valueName":"search_term_string"}}],"inLanguage":"es"},{"@type":"Organization","@id":"https:\/\/elglobal.do\/#organization","name":"EL GLOBAL.DO INFORMATIVO","url":"https:\/\/elglobal.do\/","logo":{"@type":"ImageObject","inLanguage":"es","@id":"https:\/\/elglobal.do\/#\/schema\/logo\/image\/","url":"https:\/\/elglobal.do\/wp-content\/uploads\/2025\/08\/icon.png","contentUrl":"https:\/\/elglobal.do\/wp-content\/uploads\/2025\/08\/icon.png","width":512,"height":512,"caption":"EL GLOBAL.DO INFORMATIVO"},"image":{"@id":"https:\/\/elglobal.do\/#\/schema\/logo\/image\/"}},{"@type":"Person","@id":"https:\/\/elglobal.do\/#\/schema\/person\/0c97ec2c7714fb605d230c292f64d55f","name":"EL GLOBAL","image":{"@type":"ImageObject","inLanguage":"es","@id":"https:\/\/elglobal.do\/#\/schema\/person\/image\/","url":"https:\/\/secure.gravatar.com\/avatar\/081cfb6cf99faddc6f4e23a0c11ab98c5cf302925382d1c88dc3ed757ab910a3?s=96&d=mm&r=g","contentUrl":"https:\/\/secure.gravatar.com\/avatar\/081cfb6cf99faddc6f4e23a0c11ab98c5cf302925382d1c88dc3ed757ab910a3?s=96&d=mm&r=g","caption":"EL GLOBAL"},"description":"El Global Informativo es un peri\u00f3dico digital de Rep\u00fablica Dominicana que se dedica a cubrir temas importantes, como la pol\u00edtica local, geopol\u00edtica, econom\u00eda, tecnolog\u00eda, noticias internacionales y eventos relacionados con la gesti\u00f3n social, cultural y humana. Su objetivo principal es mantener a la poblaci\u00f3n informada, ofreciendo una visi\u00f3n amplia y actualizada de lo que sucede tanto en el pa\u00eds como en el mundo. Est\u00e1 dirigido por un grupo de periodistas experimentados, lo que garantiza la calidad y la precisi\u00f3n de la informaci\u00f3n que ofrecen. Tiene su sede en la ciudad de Santo Domingo y es parte integral del portafolio de la empresa, MC Global S.R.L.","sameAs":["https:\/\/elglobal.do","https:\/\/www.instagram.com\/elglobal.do_informativo\/"],"url":"https:\/\/elglobal.do\/index.php\/author\/elglobaluserpro\/"}]}},"jetpack_featured_media_url":"https:\/\/elglobal.do\/wp-content\/uploads\/2025\/08\/Presidente-1.jpeg","jetpack_sharing_enabled":true,"_links":{"self":[{"href":"https:\/\/elglobal.do\/index.php\/wp-json\/wp\/v2\/posts\/727","targetHints":{"allow":["GET"]}}],"collection":[{"href":"https:\/\/elglobal.do\/index.php\/wp-json\/wp\/v2\/posts"}],"about":[{"href":"https:\/\/elglobal.do\/index.php\/wp-json\/wp\/v2\/types\/post"}],"author":[{"embeddable":true,"href":"https:\/\/elglobal.do\/index.php\/wp-json\/wp\/v2\/users\/1"}],"replies":[{"embeddable":true,"href":"https:\/\/elglobal.do\/index.php\/wp-json\/wp\/v2\/comments?post=727"}],"version-history":[{"count":2,"href":"https:\/\/elglobal.do\/index.php\/wp-json\/wp\/v2\/posts\/727\/revisions"}],"predecessor-version":[{"id":733,"href":"https:\/\/elglobal.do\/index.php\/wp-json\/wp\/v2\/posts\/727\/revisions\/733"}],"wp:featuredmedia":[{"embeddable":true,"href":"https:\/\/elglobal.do\/index.php\/wp-json\/wp\/v2\/media\/728"}],"wp:attachment":[{"href":"https:\/\/elglobal.do\/index.php\/wp-json\/wp\/v2\/media?parent=727"}],"wp:term":[{"taxonomy":"category","embeddable":true,"href":"https:\/\/elglobal.do\/index.php\/wp-json\/wp\/v2\/categories?post=727"},{"taxonomy":"post_tag","embeddable":true,"href":"https:\/\/elglobal.do\/index.php\/wp-json\/wp\/v2\/tags?post=727"}],"curies":[{"name":"wp","href":"https:\/\/api.w.org\/{rel}","templated":true}]}}