{"id":787,"date":"2025-08-08T09:50:01","date_gmt":"2025-08-08T13:50:01","guid":{"rendered":"https:\/\/elglobal.do\/?p=787"},"modified":"2025-08-08T09:50:02","modified_gmt":"2025-08-08T13:50:02","slug":"polvo-del-sahara-y-vaguada-provocaran-lluvias-en-el-pais-segun-indomet","status":"publish","type":"post","link":"https:\/\/elglobal.do\/index.php\/2025\/08\/08\/polvo-del-sahara-y-vaguada-provocaran-lluvias-en-el-pais-segun-indomet\/","title":{"rendered":"Polvo del Sahara y vaguada provocar\u00e1n lluvias en el pa\u00eds, seg\u00fan INDOMET"},"content":{"rendered":"\n<p><em>Una d\u00e9bil capa del polvo del Sahara elevar\u00e1 las temperaturas.<\/em><\/p>\n\n\n\n<figure class=\"wp-block-image size-full\"><img loading=\"lazy\" decoding=\"async\" width=\"612\" height=\"408\" src=\"https:\/\/elglobal.do\/wp-content\/uploads\/2025\/08\/Calor.jpg\" alt=\"\" class=\"wp-image-792\" srcset=\"https:\/\/elglobal.do\/wp-content\/uploads\/2025\/08\/Calor.jpg 612w, https:\/\/elglobal.do\/wp-content\/uploads\/2025\/08\/Calor-300x200.jpg 300w\" sizes=\"auto, (max-width: 612px) 100vw, 612px\" \/><\/figure>\n\n\n\n<p><em>Durante las horas de la ma\u00f1ana el cielo estar\u00e1 un poco nuboso y de aspecto gris\u00e1ceo, producto de part\u00edculas del polvo proveniente del Sahara<\/em><\/p>\n\n\n\n<p><strong>Santo Domingo. &#8211; El Instituto Dominicano de Meteorolog\u00eda (INDOMET)<\/strong> inform\u00f3 este viernes que una d\u00e9bil vaguada y la presencia de polvo del Sahara estar\u00e1n generando condiciones inestables en algunas regiones del pa\u00eds, con la ocurrencia de aguaceros aislados, tronadas y ocasionales r\u00e1fagas de viento.<\/p>\n\n\n\n<p>Durante horas de la tarde, el calentamiento diurno y los efectos orogr\u00e1ficos, combinados con la vaguada en niveles bajos de la troposfera, favorecer\u00e1n la formaci\u00f3n de aguaceros muy puntuales con posibles tronadas y r\u00e1fagas de viento.<\/p>\n\n\n\n<p>Estas precipitaciones&nbsp;afectar\u00e1n especialmente las provincias&nbsp;de Hato Mayor, Monte Plata, S\u00e1nchez Ram\u00edrez, Monse\u00f1or Nouel, San Juan, El\u00edas Pi\u00f1a, Santiago Rodr\u00edguez y Dajab\u00f3n, y se extender\u00e1n hasta las primeras horas de la noche.<\/p>\n\n\n\n<p>Vigilancia de sistemas tropicales en el Atl\u00e1ntico<\/p>\n\n\n\n<p>INDOMET tambi\u00e9n mantiene bajo vigilancia dos sistemas en el oc\u00e9ano Atl\u00e1ntico:<\/p>\n\n\n\n<ul class=\"wp-block-list\">\n<li>Una vaguada asociada a una baja presi\u00f3n localizada a cientos de kil\u00f3metros al sureste de las costas de los Estados Unidos presenta una\u00a0probabilidad baja de desarrollo cicl\u00f3nico de 10 % en 48 horas, y de\u00a020 % en siete d\u00edas.<\/li>\n\n\n\n<li>Una onda tropical ubicada al este del Atl\u00e1ntico tropical tiene una\u00a0probabilidad de desarrollo de 10 % en 48 horas, pero\u00a0aumenta a un 60 % en siete d\u00edas.<\/li>\n<\/ul>\n\n\n\n<p>Ambos sistemas, por su posici\u00f3n y distancia,&nbsp;no representan peligro para la Rep\u00fablica Dominicana por el momento, aunque se mantiene un monitoreo constante.<\/p>\n\n\n\n<p><strong>Pron\u00f3stico para ma\u00f1ana s\u00e1bado<\/strong><\/p>\n\n\n\n<p>Para el s\u00e1bado, se prev\u00e9 un&nbsp;ligero aumento en el contenido de humedad&nbsp;debido a la vaguada en varios niveles de la troposfera. Esta condici\u00f3n favorecer\u00e1 la ocurrencia de&nbsp;aguaceros moderados a fuertes, tormentas el\u00e9ctricas y r\u00e1fagas de viento en horas de la tarde, principalmente sobre las provincias de Hato Mayor, Monte Plata, San Pedro de Macor\u00eds, La Vega, Azua, San Juan, El\u00edas Pi\u00f1a, Dajab\u00f3n, Santiago Rodr\u00edguez, entre otras.<\/p>\n\n\n\n<p>En el resto del pa\u00eds, predominar\u00e1n condiciones de&nbsp;escasas lluvias.<\/p>\n","protected":false},"excerpt":{"rendered":"<p>Una d\u00e9bil capa del polvo del Sahara elevar\u00e1 las temperaturas. Durante las horas de la ma\u00f1ana el cielo estar\u00e1 un poco nuboso y de aspecto gris\u00e1ceo, producto de part\u00edculas del&hellip; <\/p>\n","protected":false},"author":1,"featured_media":792,"comment_status":"open","ping_status":"open","sticky":false,"template":"","format":"standard","meta":{"_jetpack_memberships_contains_paid_content":false,"footnotes":""},"categories":[120,40],"tags":[311,84,312,98],"class_list":["post-787","post","type-post","status-publish","format-standard","has-post-thumbnail","hentry","category-clima","category-nacionales","tag-calor","tag-climaglobal","tag-climard","tag-elglobalinformativo"],"yoast_head":"<!-- This site is optimized with the Yoast SEO plugin v26.9 - https:\/\/yoast.com\/product\/yoast-seo-wordpress\/ -->\n<title>Polvo del Sahara y vaguada provocar\u00e1n lluvias en el pa\u00eds, seg\u00fan INDOMET - EL GLOBAL INFORMATIVO<\/title>\n<meta name=\"robots\" content=\"index, follow, max-snippet:-1, max-image-preview:large, max-video-preview:-1\" \/>\n<link rel=\"canonical\" href=\"https:\/\/elglobal.do\/index.php\/2025\/08\/08\/polvo-del-sahara-y-vaguada-provocaran-lluvias-en-el-pais-segun-indomet\/\" \/>\n<meta property=\"og:locale\" content=\"es_ES\" \/>\n<meta property=\"og:type\" content=\"article\" \/>\n<meta property=\"og:title\" content=\"Polvo del Sahara y vaguada provocar\u00e1n lluvias en el pa\u00eds, seg\u00fan INDOMET - EL GLOBAL INFORMATIVO\" \/>\n<meta property=\"og:description\" content=\"Una d\u00e9bil capa del polvo del Sahara elevar\u00e1 las temperaturas. Durante las horas de la ma\u00f1ana el cielo estar\u00e1 un poco nuboso y de aspecto gris\u00e1ceo, producto de part\u00edculas del&hellip;\" \/>\n<meta property=\"og:url\" content=\"https:\/\/elglobal.do\/index.php\/2025\/08\/08\/polvo-del-sahara-y-vaguada-provocaran-lluvias-en-el-pais-segun-indomet\/\" \/>\n<meta property=\"og:site_name\" content=\"EL GLOBAL INFORMATIVO\" \/>\n<meta property=\"article:published_time\" content=\"2025-08-08T13:50:01+00:00\" \/>\n<meta property=\"article:modified_time\" content=\"2025-08-08T13:50:02+00:00\" \/>\n<meta property=\"og:image\" content=\"https:\/\/elglobal.do\/wp-content\/uploads\/2025\/08\/Calor.jpg\" \/>\n\t<meta property=\"og:image:width\" content=\"612\" \/>\n\t<meta property=\"og:image:height\" content=\"408\" \/>\n\t<meta property=\"og:image:type\" content=\"image\/jpeg\" \/>\n<meta name=\"author\" content=\"EL GLOBAL\" \/>\n<meta name=\"twitter:card\" content=\"summary_large_image\" \/>\n<meta name=\"twitter:label1\" content=\"Escrito por\" \/>\n\t<meta name=\"twitter:data1\" content=\"EL GLOBAL\" \/>\n\t<meta name=\"twitter:label2\" content=\"Tiempo de lectura\" \/>\n\t<meta name=\"twitter:data2\" content=\"2 minutos\" \/>\n<script type=\"application\/ld+json\" class=\"yoast-schema-graph\">{\"@context\":\"https:\/\/schema.org\",\"@graph\":[{\"@type\":\"Article\",\"@id\":\"https:\/\/elglobal.do\/index.php\/2025\/08\/08\/polvo-del-sahara-y-vaguada-provocaran-lluvias-en-el-pais-segun-indomet\/#article\",\"isPartOf\":{\"@id\":\"https:\/\/elglobal.do\/index.php\/2025\/08\/08\/polvo-del-sahara-y-vaguada-provocaran-lluvias-en-el-pais-segun-indomet\/\"},\"author\":{\"name\":\"EL GLOBAL\",\"@id\":\"https:\/\/elglobal.do\/#\/schema\/person\/0c97ec2c7714fb605d230c292f64d55f\"},\"headline\":\"Polvo del Sahara y vaguada provocar\u00e1n lluvias en el pa\u00eds, seg\u00fan INDOMET\",\"datePublished\":\"2025-08-08T13:50:01+00:00\",\"dateModified\":\"2025-08-08T13:50:02+00:00\",\"mainEntityOfPage\":{\"@id\":\"https:\/\/elglobal.do\/index.php\/2025\/08\/08\/polvo-del-sahara-y-vaguada-provocaran-lluvias-en-el-pais-segun-indomet\/\"},\"wordCount\":401,\"commentCount\":0,\"publisher\":{\"@id\":\"https:\/\/elglobal.do\/#organization\"},\"image\":{\"@id\":\"https:\/\/elglobal.do\/index.php\/2025\/08\/08\/polvo-del-sahara-y-vaguada-provocaran-lluvias-en-el-pais-segun-indomet\/#primaryimage\"},\"thumbnailUrl\":\"https:\/\/elglobal.do\/wp-content\/uploads\/2025\/08\/Calor.jpg\",\"keywords\":[\"#Calor\",\"#ClimaGlobal\",\"#ClimaRD\",\"#ElGlobalInformativo\"],\"articleSection\":[\"CLIMA\",\"NACIONALES\"],\"inLanguage\":\"es\",\"potentialAction\":[{\"@type\":\"CommentAction\",\"name\":\"Comment\",\"target\":[\"https:\/\/elglobal.do\/index.php\/2025\/08\/08\/polvo-del-sahara-y-vaguada-provocaran-lluvias-en-el-pais-segun-indomet\/#respond\"]}]},{\"@type\":\"WebPage\",\"@id\":\"https:\/\/elglobal.do\/index.php\/2025\/08\/08\/polvo-del-sahara-y-vaguada-provocaran-lluvias-en-el-pais-segun-indomet\/\",\"url\":\"https:\/\/elglobal.do\/index.php\/2025\/08\/08\/polvo-del-sahara-y-vaguada-provocaran-lluvias-en-el-pais-segun-indomet\/\",\"name\":\"Polvo del Sahara y vaguada provocar\u00e1n lluvias en el pa\u00eds, seg\u00fan INDOMET - EL GLOBAL INFORMATIVO\",\"isPartOf\":{\"@id\":\"https:\/\/elglobal.do\/#website\"},\"primaryImageOfPage\":{\"@id\":\"https:\/\/elglobal.do\/index.php\/2025\/08\/08\/polvo-del-sahara-y-vaguada-provocaran-lluvias-en-el-pais-segun-indomet\/#primaryimage\"},\"image\":{\"@id\":\"https:\/\/elglobal.do\/index.php\/2025\/08\/08\/polvo-del-sahara-y-vaguada-provocaran-lluvias-en-el-pais-segun-indomet\/#primaryimage\"},\"thumbnailUrl\":\"https:\/\/elglobal.do\/wp-content\/uploads\/2025\/08\/Calor.jpg\",\"datePublished\":\"2025-08-08T13:50:01+00:00\",\"dateModified\":\"2025-08-08T13:50:02+00:00\",\"breadcrumb\":{\"@id\":\"https:\/\/elglobal.do\/index.php\/2025\/08\/08\/polvo-del-sahara-y-vaguada-provocaran-lluvias-en-el-pais-segun-indomet\/#breadcrumb\"},\"inLanguage\":\"es\",\"potentialAction\":[{\"@type\":\"ReadAction\",\"target\":[\"https:\/\/elglobal.do\/index.php\/2025\/08\/08\/polvo-del-sahara-y-vaguada-provocaran-lluvias-en-el-pais-segun-indomet\/\"]}]},{\"@type\":\"ImageObject\",\"inLanguage\":\"es\",\"@id\":\"https:\/\/elglobal.do\/index.php\/2025\/08\/08\/polvo-del-sahara-y-vaguada-provocaran-lluvias-en-el-pais-segun-indomet\/#primaryimage\",\"url\":\"https:\/\/elglobal.do\/wp-content\/uploads\/2025\/08\/Calor.jpg\",\"contentUrl\":\"https:\/\/elglobal.do\/wp-content\/uploads\/2025\/08\/Calor.jpg\",\"width\":612,\"height\":408,\"caption\":\"Child pouring water on himself.\"},{\"@type\":\"BreadcrumbList\",\"@id\":\"https:\/\/elglobal.do\/index.php\/2025\/08\/08\/polvo-del-sahara-y-vaguada-provocaran-lluvias-en-el-pais-segun-indomet\/#breadcrumb\",\"itemListElement\":[{\"@type\":\"ListItem\",\"position\":1,\"name\":\"Portada\",\"item\":\"https:\/\/elglobal.do\/\"},{\"@type\":\"ListItem\",\"position\":2,\"name\":\"Polvo del Sahara y vaguada provocar\u00e1n lluvias en el pa\u00eds, seg\u00fan INDOMET\"}]},{\"@type\":\"WebSite\",\"@id\":\"https:\/\/elglobal.do\/#website\",\"url\":\"https:\/\/elglobal.do\/\",\"name\":\"EL GLOBAL INFORMATIVO\",\"description\":\"Peri\u00f3dico digital de la Rep\u00fablica Dominicana que ofrece noticias, novedades, pol\u00edtica y las \u00faltimas actualidades, con informaci\u00f3n veraz y oportuna para mantenerte siempre informad\",\"publisher\":{\"@id\":\"https:\/\/elglobal.do\/#organization\"},\"potentialAction\":[{\"@type\":\"SearchAction\",\"target\":{\"@type\":\"EntryPoint\",\"urlTemplate\":\"https:\/\/elglobal.do\/?s={search_term_string}\"},\"query-input\":{\"@type\":\"PropertyValueSpecification\",\"valueRequired\":true,\"valueName\":\"search_term_string\"}}],\"inLanguage\":\"es\"},{\"@type\":\"Organization\",\"@id\":\"https:\/\/elglobal.do\/#organization\",\"name\":\"EL GLOBAL.DO INFORMATIVO\",\"url\":\"https:\/\/elglobal.do\/\",\"logo\":{\"@type\":\"ImageObject\",\"inLanguage\":\"es\",\"@id\":\"https:\/\/elglobal.do\/#\/schema\/logo\/image\/\",\"url\":\"https:\/\/elglobal.do\/wp-content\/uploads\/2025\/08\/icon.png\",\"contentUrl\":\"https:\/\/elglobal.do\/wp-content\/uploads\/2025\/08\/icon.png\",\"width\":512,\"height\":512,\"caption\":\"EL GLOBAL.DO INFORMATIVO\"},\"image\":{\"@id\":\"https:\/\/elglobal.do\/#\/schema\/logo\/image\/\"}},{\"@type\":\"Person\",\"@id\":\"https:\/\/elglobal.do\/#\/schema\/person\/0c97ec2c7714fb605d230c292f64d55f\",\"name\":\"EL GLOBAL\",\"image\":{\"@type\":\"ImageObject\",\"inLanguage\":\"es\",\"@id\":\"https:\/\/elglobal.do\/#\/schema\/person\/image\/\",\"url\":\"https:\/\/secure.gravatar.com\/avatar\/081cfb6cf99faddc6f4e23a0c11ab98c5cf302925382d1c88dc3ed757ab910a3?s=96&d=mm&r=g\",\"contentUrl\":\"https:\/\/secure.gravatar.com\/avatar\/081cfb6cf99faddc6f4e23a0c11ab98c5cf302925382d1c88dc3ed757ab910a3?s=96&d=mm&r=g\",\"caption\":\"EL GLOBAL\"},\"description\":\"El Global Informativo es un peri\u00f3dico digital de Rep\u00fablica Dominicana que se dedica a cubrir temas importantes, como la pol\u00edtica local, geopol\u00edtica, econom\u00eda, tecnolog\u00eda, noticias internacionales y eventos relacionados con la gesti\u00f3n social, cultural y humana. Su objetivo principal es mantener a la poblaci\u00f3n informada, ofreciendo una visi\u00f3n amplia y actualizada de lo que sucede tanto en el pa\u00eds como en el mundo. Est\u00e1 dirigido por un grupo de periodistas experimentados, lo que garantiza la calidad y la precisi\u00f3n de la informaci\u00f3n que ofrecen. Tiene su sede en la ciudad de Santo Domingo y es parte integral del portafolio de la empresa, MC Global S.R.L.\",\"sameAs\":[\"https:\/\/elglobal.do\",\"https:\/\/www.instagram.com\/elglobal.do_informativo\/\"],\"url\":\"https:\/\/elglobal.do\/index.php\/author\/elglobaluserpro\/\"}]}<\/script>\n<!-- \/ Yoast SEO plugin. -->","yoast_head_json":{"title":"Polvo del Sahara y vaguada provocar\u00e1n lluvias en el pa\u00eds, seg\u00fan INDOMET - EL GLOBAL INFORMATIVO","robots":{"index":"index","follow":"follow","max-snippet":"max-snippet:-1","max-image-preview":"max-image-preview:large","max-video-preview":"max-video-preview:-1"},"canonical":"https:\/\/elglobal.do\/index.php\/2025\/08\/08\/polvo-del-sahara-y-vaguada-provocaran-lluvias-en-el-pais-segun-indomet\/","og_locale":"es_ES","og_type":"article","og_title":"Polvo del Sahara y vaguada provocar\u00e1n lluvias en el pa\u00eds, seg\u00fan INDOMET - EL GLOBAL INFORMATIVO","og_description":"Una d\u00e9bil capa del polvo del Sahara elevar\u00e1 las temperaturas. Durante las horas de la ma\u00f1ana el cielo estar\u00e1 un poco nuboso y de aspecto gris\u00e1ceo, producto de part\u00edculas del&hellip;","og_url":"https:\/\/elglobal.do\/index.php\/2025\/08\/08\/polvo-del-sahara-y-vaguada-provocaran-lluvias-en-el-pais-segun-indomet\/","og_site_name":"EL GLOBAL INFORMATIVO","article_published_time":"2025-08-08T13:50:01+00:00","article_modified_time":"2025-08-08T13:50:02+00:00","og_image":[{"width":612,"height":408,"url":"https:\/\/elglobal.do\/wp-content\/uploads\/2025\/08\/Calor.jpg","type":"image\/jpeg"}],"author":"EL GLOBAL","twitter_card":"summary_large_image","twitter_misc":{"Escrito por":"EL GLOBAL","Tiempo de lectura":"2 minutos"},"schema":{"@context":"https:\/\/schema.org","@graph":[{"@type":"Article","@id":"https:\/\/elglobal.do\/index.php\/2025\/08\/08\/polvo-del-sahara-y-vaguada-provocaran-lluvias-en-el-pais-segun-indomet\/#article","isPartOf":{"@id":"https:\/\/elglobal.do\/index.php\/2025\/08\/08\/polvo-del-sahara-y-vaguada-provocaran-lluvias-en-el-pais-segun-indomet\/"},"author":{"name":"EL GLOBAL","@id":"https:\/\/elglobal.do\/#\/schema\/person\/0c97ec2c7714fb605d230c292f64d55f"},"headline":"Polvo del Sahara y vaguada provocar\u00e1n lluvias en el pa\u00eds, seg\u00fan INDOMET","datePublished":"2025-08-08T13:50:01+00:00","dateModified":"2025-08-08T13:50:02+00:00","mainEntityOfPage":{"@id":"https:\/\/elglobal.do\/index.php\/2025\/08\/08\/polvo-del-sahara-y-vaguada-provocaran-lluvias-en-el-pais-segun-indomet\/"},"wordCount":401,"commentCount":0,"publisher":{"@id":"https:\/\/elglobal.do\/#organization"},"image":{"@id":"https:\/\/elglobal.do\/index.php\/2025\/08\/08\/polvo-del-sahara-y-vaguada-provocaran-lluvias-en-el-pais-segun-indomet\/#primaryimage"},"thumbnailUrl":"https:\/\/elglobal.do\/wp-content\/uploads\/2025\/08\/Calor.jpg","keywords":["#Calor","#ClimaGlobal","#ClimaRD","#ElGlobalInformativo"],"articleSection":["CLIMA","NACIONALES"],"inLanguage":"es","potentialAction":[{"@type":"CommentAction","name":"Comment","target":["https:\/\/elglobal.do\/index.php\/2025\/08\/08\/polvo-del-sahara-y-vaguada-provocaran-lluvias-en-el-pais-segun-indomet\/#respond"]}]},{"@type":"WebPage","@id":"https:\/\/elglobal.do\/index.php\/2025\/08\/08\/polvo-del-sahara-y-vaguada-provocaran-lluvias-en-el-pais-segun-indomet\/","url":"https:\/\/elglobal.do\/index.php\/2025\/08\/08\/polvo-del-sahara-y-vaguada-provocaran-lluvias-en-el-pais-segun-indomet\/","name":"Polvo del Sahara y vaguada provocar\u00e1n lluvias en el pa\u00eds, seg\u00fan INDOMET - EL GLOBAL INFORMATIVO","isPartOf":{"@id":"https:\/\/elglobal.do\/#website"},"primaryImageOfPage":{"@id":"https:\/\/elglobal.do\/index.php\/2025\/08\/08\/polvo-del-sahara-y-vaguada-provocaran-lluvias-en-el-pais-segun-indomet\/#primaryimage"},"image":{"@id":"https:\/\/elglobal.do\/index.php\/2025\/08\/08\/polvo-del-sahara-y-vaguada-provocaran-lluvias-en-el-pais-segun-indomet\/#primaryimage"},"thumbnailUrl":"https:\/\/elglobal.do\/wp-content\/uploads\/2025\/08\/Calor.jpg","datePublished":"2025-08-08T13:50:01+00:00","dateModified":"2025-08-08T13:50:02+00:00","breadcrumb":{"@id":"https:\/\/elglobal.do\/index.php\/2025\/08\/08\/polvo-del-sahara-y-vaguada-provocaran-lluvias-en-el-pais-segun-indomet\/#breadcrumb"},"inLanguage":"es","potentialAction":[{"@type":"ReadAction","target":["https:\/\/elglobal.do\/index.php\/2025\/08\/08\/polvo-del-sahara-y-vaguada-provocaran-lluvias-en-el-pais-segun-indomet\/"]}]},{"@type":"ImageObject","inLanguage":"es","@id":"https:\/\/elglobal.do\/index.php\/2025\/08\/08\/polvo-del-sahara-y-vaguada-provocaran-lluvias-en-el-pais-segun-indomet\/#primaryimage","url":"https:\/\/elglobal.do\/wp-content\/uploads\/2025\/08\/Calor.jpg","contentUrl":"https:\/\/elglobal.do\/wp-content\/uploads\/2025\/08\/Calor.jpg","width":612,"height":408,"caption":"Child pouring water on himself."},{"@type":"BreadcrumbList","@id":"https:\/\/elglobal.do\/index.php\/2025\/08\/08\/polvo-del-sahara-y-vaguada-provocaran-lluvias-en-el-pais-segun-indomet\/#breadcrumb","itemListElement":[{"@type":"ListItem","position":1,"name":"Portada","item":"https:\/\/elglobal.do\/"},{"@type":"ListItem","position":2,"name":"Polvo del Sahara y vaguada provocar\u00e1n lluvias en el pa\u00eds, seg\u00fan INDOMET"}]},{"@type":"WebSite","@id":"https:\/\/elglobal.do\/#website","url":"https:\/\/elglobal.do\/","name":"EL GLOBAL INFORMATIVO","description":"Peri\u00f3dico digital de la Rep\u00fablica Dominicana que ofrece noticias, novedades, pol\u00edtica y las \u00faltimas actualidades, con informaci\u00f3n veraz y oportuna para mantenerte siempre informad","publisher":{"@id":"https:\/\/elglobal.do\/#organization"},"potentialAction":[{"@type":"SearchAction","target":{"@type":"EntryPoint","urlTemplate":"https:\/\/elglobal.do\/?s={search_term_string}"},"query-input":{"@type":"PropertyValueSpecification","valueRequired":true,"valueName":"search_term_string"}}],"inLanguage":"es"},{"@type":"Organization","@id":"https:\/\/elglobal.do\/#organization","name":"EL GLOBAL.DO INFORMATIVO","url":"https:\/\/elglobal.do\/","logo":{"@type":"ImageObject","inLanguage":"es","@id":"https:\/\/elglobal.do\/#\/schema\/logo\/image\/","url":"https:\/\/elglobal.do\/wp-content\/uploads\/2025\/08\/icon.png","contentUrl":"https:\/\/elglobal.do\/wp-content\/uploads\/2025\/08\/icon.png","width":512,"height":512,"caption":"EL GLOBAL.DO INFORMATIVO"},"image":{"@id":"https:\/\/elglobal.do\/#\/schema\/logo\/image\/"}},{"@type":"Person","@id":"https:\/\/elglobal.do\/#\/schema\/person\/0c97ec2c7714fb605d230c292f64d55f","name":"EL GLOBAL","image":{"@type":"ImageObject","inLanguage":"es","@id":"https:\/\/elglobal.do\/#\/schema\/person\/image\/","url":"https:\/\/secure.gravatar.com\/avatar\/081cfb6cf99faddc6f4e23a0c11ab98c5cf302925382d1c88dc3ed757ab910a3?s=96&d=mm&r=g","contentUrl":"https:\/\/secure.gravatar.com\/avatar\/081cfb6cf99faddc6f4e23a0c11ab98c5cf302925382d1c88dc3ed757ab910a3?s=96&d=mm&r=g","caption":"EL GLOBAL"},"description":"El Global Informativo es un peri\u00f3dico digital de Rep\u00fablica Dominicana que se dedica a cubrir temas importantes, como la pol\u00edtica local, geopol\u00edtica, econom\u00eda, tecnolog\u00eda, noticias internacionales y eventos relacionados con la gesti\u00f3n social, cultural y humana. Su objetivo principal es mantener a la poblaci\u00f3n informada, ofreciendo una visi\u00f3n amplia y actualizada de lo que sucede tanto en el pa\u00eds como en el mundo. Est\u00e1 dirigido por un grupo de periodistas experimentados, lo que garantiza la calidad y la precisi\u00f3n de la informaci\u00f3n que ofrecen. Tiene su sede en la ciudad de Santo Domingo y es parte integral del portafolio de la empresa, MC Global S.R.L.","sameAs":["https:\/\/elglobal.do","https:\/\/www.instagram.com\/elglobal.do_informativo\/"],"url":"https:\/\/elglobal.do\/index.php\/author\/elglobaluserpro\/"}]}},"jetpack_featured_media_url":"https:\/\/elglobal.do\/wp-content\/uploads\/2025\/08\/Calor.jpg","jetpack_sharing_enabled":true,"_links":{"self":[{"href":"https:\/\/elglobal.do\/index.php\/wp-json\/wp\/v2\/posts\/787","targetHints":{"allow":["GET"]}}],"collection":[{"href":"https:\/\/elglobal.do\/index.php\/wp-json\/wp\/v2\/posts"}],"about":[{"href":"https:\/\/elglobal.do\/index.php\/wp-json\/wp\/v2\/types\/post"}],"author":[{"embeddable":true,"href":"https:\/\/elglobal.do\/index.php\/wp-json\/wp\/v2\/users\/1"}],"replies":[{"embeddable":true,"href":"https:\/\/elglobal.do\/index.php\/wp-json\/wp\/v2\/comments?post=787"}],"version-history":[{"count":1,"href":"https:\/\/elglobal.do\/index.php\/wp-json\/wp\/v2\/posts\/787\/revisions"}],"predecessor-version":[{"id":793,"href":"https:\/\/elglobal.do\/index.php\/wp-json\/wp\/v2\/posts\/787\/revisions\/793"}],"wp:featuredmedia":[{"embeddable":true,"href":"https:\/\/elglobal.do\/index.php\/wp-json\/wp\/v2\/media\/792"}],"wp:attachment":[{"href":"https:\/\/elglobal.do\/index.php\/wp-json\/wp\/v2\/media?parent=787"}],"wp:term":[{"taxonomy":"category","embeddable":true,"href":"https:\/\/elglobal.do\/index.php\/wp-json\/wp\/v2\/categories?post=787"},{"taxonomy":"post_tag","embeddable":true,"href":"https:\/\/elglobal.do\/index.php\/wp-json\/wp\/v2\/tags?post=787"}],"curies":[{"name":"wp","href":"https:\/\/api.w.org\/{rel}","templated":true}]}}