{"id":809,"date":"2025-08-08T11:51:55","date_gmt":"2025-08-08T15:51:55","guid":{"rendered":"https:\/\/elglobal.do\/?p=809"},"modified":"2025-08-08T11:51:55","modified_gmt":"2025-08-08T15:51:55","slug":"universal-impulsa-la-educacion-con-el-auspicio-de-un-libro-sobre-seguros","status":"publish","type":"post","link":"https:\/\/elglobal.do\/index.php\/2025\/08\/08\/universal-impulsa-la-educacion-con-el-auspicio-de-un-libro-sobre-seguros\/","title":{"rendered":"Universal impulsa la educaci\u00f3n con el auspicio de un libro sobre seguros"},"content":{"rendered":"\n<p><em>Su autor, el doctor Fernando A. Ballista D\u00edaz, recoge en esta edici\u00f3n de su segunda obra los conceptos claves y ejemplos para comprender la responsabilidad civil en contextos personales, empresariales y profesionales.<\/em><\/p>\n\n\n\n<figure class=\"wp-block-image size-large\"><img loading=\"lazy\" decoding=\"async\" width=\"569\" height=\"853\" src=\"https:\/\/elglobal.do\/wp-content\/uploads\/2025\/08\/Portada-edited.jpeg\" alt=\"\" class=\"wp-image-812\" srcset=\"https:\/\/elglobal.do\/wp-content\/uploads\/2025\/08\/Portada-edited.jpeg 569w, https:\/\/elglobal.do\/wp-content\/uploads\/2025\/08\/Portada-edited-200x300.jpeg 200w\" sizes=\"auto, (max-width: 569px) 100vw, 569px\" \/><\/figure>\n\n\n\n<p><strong>Santo Domingo. &#8211; \u00a0<\/strong>Como parte de su compromiso de contribuir a la educaci\u00f3n de los profesionales de la industria aseguradora, Seguros Universal present\u00f3 el <strong>libro<\/strong> <strong>\u201cSeguros de Responsabilidad Civil: fundamentos, teor\u00edas y modelos\u201d<\/strong>, del doctor Fernando A. Ballista Diaz, que busca acercar conceptos jur\u00eddicos, de forma clara y accesible a emprendedores y empresas que enfrentan riesgos y muchas veces no conocen el alcance legal de sus actos.<\/p>\n\n\n\n<p>El libro, auspiciado por Seguros Universal, se puso en circulaci\u00f3n en el <strong>congreso de la C\u00e1mara Dominicana de Aseguradores y Reaseguradores<\/strong> <strong>(CADOAR)<\/strong>, celebrado en el hotel JW Marriot Blue Mall, ante representantes nacionales e internacionales del sector asegurador.<\/p>\n\n\n\n<p>La lectura del pr\u00f3logo estuvo a cargo de <strong>Ernesto M. Izquierdo, presidente del consejo de administraci\u00f3n de Seguros Universal<\/strong>, quien destac\u00f3 que esta obra tiene el valor de compartir numerosos detalles pr\u00e1cticos y aplicables, incluyendo formatos para la suscripci\u00f3n de p\u00f3lizas y breves ejemplos que funcionan como miniestudios de caso.<\/p>\n\n\n\n<p><strong>\u201cEstos recursos convierten al libro en una valiosa fuente de consulta para la comunidad empresarial y aseguradora ante reclamaciones legales\u201d<\/strong>, expres\u00f3 Izquierdo.<\/p>\n\n\n\n<p>Por su lado, <strong>Fernando A. Ballista<\/strong> explic\u00f3 que la obra est\u00e1 compuesta por ocho cap\u00edtulos que abordan desde los fundamentos te\u00f3ricos hasta los distintos tipos de seguros de responsabilidad civil, incluyendo aquellos dirigidos al transporte terrestre, veh\u00edculos motorizados y transportistas de carga.<\/p>\n\n\n\n<p><strong>\u201cEl autor ha demostrado nuevamente su experiencia en la materia, y este libro se convierte en una valiosa herramienta tanto para la industria aseguradora como para las entidades acad\u00e9micas. Confiamos en que esta obra contribuir\u00e1 significativamente a enriquecer el conocimiento en el campo del seguro en la Rep\u00fablica Dominicana\u201d<\/strong>, expres\u00f3 el Ing. Izquierdo.<\/p>\n\n\n\n<figure class=\"wp-block-image size-large\"><img loading=\"lazy\" decoding=\"async\" width=\"682\" height=\"1024\" src=\"https:\/\/elglobal.do\/wp-content\/uploads\/2025\/08\/Libro-en-mano-682x1024.jpeg\" alt=\"\" class=\"wp-image-813\" srcset=\"https:\/\/elglobal.do\/wp-content\/uploads\/2025\/08\/Libro-en-mano-682x1024.jpeg 682w, https:\/\/elglobal.do\/wp-content\/uploads\/2025\/08\/Libro-en-mano-200x300.jpeg 200w, https:\/\/elglobal.do\/wp-content\/uploads\/2025\/08\/Libro-en-mano-768x1152.jpeg 768w, https:\/\/elglobal.do\/wp-content\/uploads\/2025\/08\/Libro-en-mano.jpeg 853w\" sizes=\"auto, (max-width: 682px) 100vw, 682px\" \/><\/figure>\n\n\n\n<p><strong>El libro estar\u00e1 disponible al p\u00fablico por un per\u00edodo de 30 d\u00edas en la p\u00e1gina web: <\/strong><\/p>\n\n\n\n<p><a href=\"https:\/\/www.universal.com.do\/sala-de-prensa\">https:\/\/www.universal.com.do\/sala-de-prensa<\/a><\/p>\n\n\n\n<p><strong>Sobre el autor Fernando A. Ballista<\/strong><\/p>\n\n\n\n<p>Ballista D\u00edaz, nacido en Santo Domingo, ha dedicado su vida al desarrollo del sector asegurador en el pa\u00eds y en el extranjero. Se gradu\u00f3 como doctor en derecho en la Universidad Aut\u00f3noma de Santo Domingo (UASD) en 1960. e inici\u00f3 su carrera como abogado del Banco Agr\u00edcola y otros bancos del Estado. Posteriormente se traslad\u00f3 a Puerto Rico, donde realiz\u00f3 estudios de posgrado en seguros con calificaciones sobresalientes que lo llevaron a trabajar en ese pa\u00eds y a fundar su primera compa\u00f1\u00eda de corretaje.<\/p>\n\n\n\n<p><strong>Sobre Seguros Universal<\/strong><\/p>\n\n\n\n<p>Seguros Universal es la principal aseguradora dominicana, l\u00edder y referente entre las cinco principales de Centroam\u00e9rica y Rep\u00fablica Dominicana.<\/p>\n\n\n\n<p>Cuenta con 60 a\u00f1os de experiencia en la gesti\u00f3n de riesgos y es filial del Grupo Universal.<\/p>\n\n\n\n<p><\/p>\n","protected":false},"excerpt":{"rendered":"<p>Su autor, el doctor Fernando A. Ballista D\u00edaz, recoge en esta edici\u00f3n de su segunda obra los conceptos claves y ejemplos para comprender la responsabilidad civil en contextos personales, empresariales&hellip; <\/p>\n","protected":false},"author":1,"featured_media":810,"comment_status":"open","ping_status":"open","sticky":false,"template":"","format":"standard","meta":{"_jetpack_memberships_contains_paid_content":false,"footnotes":""},"categories":[119,40],"tags":[320,319,98,317,316,318],"class_list":["post-809","post","type-post","status-publish","format-standard","has-post-thumbnail","hentry","category-educacion","category-nacionales","tag-educacionglobal","tag-educacionjuridica","tag-elglobalinformativo","tag-libro","tag-publion","tag-segurosuniversal"],"yoast_head":"<!-- This site is optimized with the Yoast SEO plugin v26.9 - https:\/\/yoast.com\/product\/yoast-seo-wordpress\/ -->\n<title>Universal impulsa la educaci\u00f3n con el auspicio de un libro sobre seguros - EL GLOBAL INFORMATIVO<\/title>\n<meta name=\"robots\" content=\"index, follow, max-snippet:-1, max-image-preview:large, max-video-preview:-1\" \/>\n<link rel=\"canonical\" href=\"https:\/\/elglobal.do\/index.php\/2025\/08\/08\/universal-impulsa-la-educacion-con-el-auspicio-de-un-libro-sobre-seguros\/\" \/>\n<meta property=\"og:locale\" content=\"es_ES\" \/>\n<meta property=\"og:type\" content=\"article\" \/>\n<meta property=\"og:title\" content=\"Universal impulsa la educaci\u00f3n con el auspicio de un libro sobre seguros - EL GLOBAL INFORMATIVO\" \/>\n<meta property=\"og:description\" content=\"Su autor, el doctor Fernando A. Ballista D\u00edaz, recoge en esta edici\u00f3n de su segunda obra los conceptos claves y ejemplos para comprender la responsabilidad civil en contextos personales, empresariales&hellip;\" \/>\n<meta property=\"og:url\" content=\"https:\/\/elglobal.do\/index.php\/2025\/08\/08\/universal-impulsa-la-educacion-con-el-auspicio-de-un-libro-sobre-seguros\/\" \/>\n<meta property=\"og:site_name\" content=\"EL GLOBAL INFORMATIVO\" \/>\n<meta property=\"article:published_time\" content=\"2025-08-08T15:51:55+00:00\" \/>\n<meta property=\"og:image\" content=\"https:\/\/elglobal.do\/wp-content\/uploads\/2025\/08\/Universal.jpeg\" \/>\n\t<meta property=\"og:image:width\" content=\"1280\" \/>\n\t<meta property=\"og:image:height\" content=\"853\" \/>\n\t<meta property=\"og:image:type\" content=\"image\/jpeg\" \/>\n<meta name=\"author\" content=\"EL GLOBAL\" \/>\n<meta name=\"twitter:card\" content=\"summary_large_image\" \/>\n<meta name=\"twitter:label1\" content=\"Escrito por\" \/>\n\t<meta name=\"twitter:data1\" content=\"EL GLOBAL\" \/>\n\t<meta name=\"twitter:label2\" content=\"Tiempo de lectura\" \/>\n\t<meta name=\"twitter:data2\" content=\"2 minutos\" \/>\n<script type=\"application\/ld+json\" class=\"yoast-schema-graph\">{\"@context\":\"https:\/\/schema.org\",\"@graph\":[{\"@type\":\"Article\",\"@id\":\"https:\/\/elglobal.do\/index.php\/2025\/08\/08\/universal-impulsa-la-educacion-con-el-auspicio-de-un-libro-sobre-seguros\/#article\",\"isPartOf\":{\"@id\":\"https:\/\/elglobal.do\/index.php\/2025\/08\/08\/universal-impulsa-la-educacion-con-el-auspicio-de-un-libro-sobre-seguros\/\"},\"author\":{\"name\":\"EL GLOBAL\",\"@id\":\"https:\/\/elglobal.do\/#\/schema\/person\/0c97ec2c7714fb605d230c292f64d55f\"},\"headline\":\"Universal impulsa la educaci\u00f3n con el auspicio de un libro sobre seguros\",\"datePublished\":\"2025-08-08T15:51:55+00:00\",\"mainEntityOfPage\":{\"@id\":\"https:\/\/elglobal.do\/index.php\/2025\/08\/08\/universal-impulsa-la-educacion-con-el-auspicio-de-un-libro-sobre-seguros\/\"},\"wordCount\":497,\"commentCount\":0,\"publisher\":{\"@id\":\"https:\/\/elglobal.do\/#organization\"},\"image\":{\"@id\":\"https:\/\/elglobal.do\/index.php\/2025\/08\/08\/universal-impulsa-la-educacion-con-el-auspicio-de-un-libro-sobre-seguros\/#primaryimage\"},\"thumbnailUrl\":\"https:\/\/elglobal.do\/wp-content\/uploads\/2025\/08\/Universal.jpeg\",\"keywords\":[\"#Educaci\u00f3nGlobal\",\"#Educaci\u00f3nJur\u00eddica\",\"#ElGlobalInformativo\",\"#Libro\",\"#Publi\u00f3n\",\"#SegurosUniversal\"],\"articleSection\":[\"EDUCACI\u00d3N\",\"NACIONALES\"],\"inLanguage\":\"es\",\"potentialAction\":[{\"@type\":\"CommentAction\",\"name\":\"Comment\",\"target\":[\"https:\/\/elglobal.do\/index.php\/2025\/08\/08\/universal-impulsa-la-educacion-con-el-auspicio-de-un-libro-sobre-seguros\/#respond\"]}]},{\"@type\":\"WebPage\",\"@id\":\"https:\/\/elglobal.do\/index.php\/2025\/08\/08\/universal-impulsa-la-educacion-con-el-auspicio-de-un-libro-sobre-seguros\/\",\"url\":\"https:\/\/elglobal.do\/index.php\/2025\/08\/08\/universal-impulsa-la-educacion-con-el-auspicio-de-un-libro-sobre-seguros\/\",\"name\":\"Universal impulsa la educaci\u00f3n con el auspicio de un libro sobre seguros - EL GLOBAL INFORMATIVO\",\"isPartOf\":{\"@id\":\"https:\/\/elglobal.do\/#website\"},\"primaryImageOfPage\":{\"@id\":\"https:\/\/elglobal.do\/index.php\/2025\/08\/08\/universal-impulsa-la-educacion-con-el-auspicio-de-un-libro-sobre-seguros\/#primaryimage\"},\"image\":{\"@id\":\"https:\/\/elglobal.do\/index.php\/2025\/08\/08\/universal-impulsa-la-educacion-con-el-auspicio-de-un-libro-sobre-seguros\/#primaryimage\"},\"thumbnailUrl\":\"https:\/\/elglobal.do\/wp-content\/uploads\/2025\/08\/Universal.jpeg\",\"datePublished\":\"2025-08-08T15:51:55+00:00\",\"breadcrumb\":{\"@id\":\"https:\/\/elglobal.do\/index.php\/2025\/08\/08\/universal-impulsa-la-educacion-con-el-auspicio-de-un-libro-sobre-seguros\/#breadcrumb\"},\"inLanguage\":\"es\",\"potentialAction\":[{\"@type\":\"ReadAction\",\"target\":[\"https:\/\/elglobal.do\/index.php\/2025\/08\/08\/universal-impulsa-la-educacion-con-el-auspicio-de-un-libro-sobre-seguros\/\"]}]},{\"@type\":\"ImageObject\",\"inLanguage\":\"es\",\"@id\":\"https:\/\/elglobal.do\/index.php\/2025\/08\/08\/universal-impulsa-la-educacion-con-el-auspicio-de-un-libro-sobre-seguros\/#primaryimage\",\"url\":\"https:\/\/elglobal.do\/wp-content\/uploads\/2025\/08\/Universal.jpeg\",\"contentUrl\":\"https:\/\/elglobal.do\/wp-content\/uploads\/2025\/08\/Universal.jpeg\",\"width\":1280,\"height\":853},{\"@type\":\"BreadcrumbList\",\"@id\":\"https:\/\/elglobal.do\/index.php\/2025\/08\/08\/universal-impulsa-la-educacion-con-el-auspicio-de-un-libro-sobre-seguros\/#breadcrumb\",\"itemListElement\":[{\"@type\":\"ListItem\",\"position\":1,\"name\":\"Portada\",\"item\":\"https:\/\/elglobal.do\/\"},{\"@type\":\"ListItem\",\"position\":2,\"name\":\"Universal impulsa la educaci\u00f3n con el auspicio de un libro sobre seguros\"}]},{\"@type\":\"WebSite\",\"@id\":\"https:\/\/elglobal.do\/#website\",\"url\":\"https:\/\/elglobal.do\/\",\"name\":\"EL GLOBAL INFORMATIVO\",\"description\":\"Peri\u00f3dico digital de la Rep\u00fablica Dominicana que ofrece noticias, novedades, pol\u00edtica y las \u00faltimas actualidades, con informaci\u00f3n veraz y oportuna para mantenerte siempre informad\",\"publisher\":{\"@id\":\"https:\/\/elglobal.do\/#organization\"},\"potentialAction\":[{\"@type\":\"SearchAction\",\"target\":{\"@type\":\"EntryPoint\",\"urlTemplate\":\"https:\/\/elglobal.do\/?s={search_term_string}\"},\"query-input\":{\"@type\":\"PropertyValueSpecification\",\"valueRequired\":true,\"valueName\":\"search_term_string\"}}],\"inLanguage\":\"es\"},{\"@type\":\"Organization\",\"@id\":\"https:\/\/elglobal.do\/#organization\",\"name\":\"EL GLOBAL.DO INFORMATIVO\",\"url\":\"https:\/\/elglobal.do\/\",\"logo\":{\"@type\":\"ImageObject\",\"inLanguage\":\"es\",\"@id\":\"https:\/\/elglobal.do\/#\/schema\/logo\/image\/\",\"url\":\"https:\/\/elglobal.do\/wp-content\/uploads\/2025\/08\/icon.png\",\"contentUrl\":\"https:\/\/elglobal.do\/wp-content\/uploads\/2025\/08\/icon.png\",\"width\":512,\"height\":512,\"caption\":\"EL GLOBAL.DO INFORMATIVO\"},\"image\":{\"@id\":\"https:\/\/elglobal.do\/#\/schema\/logo\/image\/\"}},{\"@type\":\"Person\",\"@id\":\"https:\/\/elglobal.do\/#\/schema\/person\/0c97ec2c7714fb605d230c292f64d55f\",\"name\":\"EL GLOBAL\",\"image\":{\"@type\":\"ImageObject\",\"inLanguage\":\"es\",\"@id\":\"https:\/\/elglobal.do\/#\/schema\/person\/image\/\",\"url\":\"https:\/\/secure.gravatar.com\/avatar\/081cfb6cf99faddc6f4e23a0c11ab98c5cf302925382d1c88dc3ed757ab910a3?s=96&d=mm&r=g\",\"contentUrl\":\"https:\/\/secure.gravatar.com\/avatar\/081cfb6cf99faddc6f4e23a0c11ab98c5cf302925382d1c88dc3ed757ab910a3?s=96&d=mm&r=g\",\"caption\":\"EL GLOBAL\"},\"description\":\"El Global Informativo es un peri\u00f3dico digital de Rep\u00fablica Dominicana que se dedica a cubrir temas importantes, como la pol\u00edtica local, geopol\u00edtica, econom\u00eda, tecnolog\u00eda, noticias internacionales y eventos relacionados con la gesti\u00f3n social, cultural y humana. Su objetivo principal es mantener a la poblaci\u00f3n informada, ofreciendo una visi\u00f3n amplia y actualizada de lo que sucede tanto en el pa\u00eds como en el mundo. Est\u00e1 dirigido por un grupo de periodistas experimentados, lo que garantiza la calidad y la precisi\u00f3n de la informaci\u00f3n que ofrecen. Tiene su sede en la ciudad de Santo Domingo y es parte integral del portafolio de la empresa, MC Global S.R.L.\",\"sameAs\":[\"https:\/\/elglobal.do\",\"https:\/\/www.instagram.com\/elglobal.do_informativo\/\"],\"url\":\"https:\/\/elglobal.do\/index.php\/author\/elglobaluserpro\/\"}]}<\/script>\n<!-- \/ Yoast SEO plugin. -->","yoast_head_json":{"title":"Universal impulsa la educaci\u00f3n con el auspicio de un libro sobre seguros - EL GLOBAL INFORMATIVO","robots":{"index":"index","follow":"follow","max-snippet":"max-snippet:-1","max-image-preview":"max-image-preview:large","max-video-preview":"max-video-preview:-1"},"canonical":"https:\/\/elglobal.do\/index.php\/2025\/08\/08\/universal-impulsa-la-educacion-con-el-auspicio-de-un-libro-sobre-seguros\/","og_locale":"es_ES","og_type":"article","og_title":"Universal impulsa la educaci\u00f3n con el auspicio de un libro sobre seguros - EL GLOBAL INFORMATIVO","og_description":"Su autor, el doctor Fernando A. Ballista D\u00edaz, recoge en esta edici\u00f3n de su segunda obra los conceptos claves y ejemplos para comprender la responsabilidad civil en contextos personales, empresariales&hellip;","og_url":"https:\/\/elglobal.do\/index.php\/2025\/08\/08\/universal-impulsa-la-educacion-con-el-auspicio-de-un-libro-sobre-seguros\/","og_site_name":"EL GLOBAL INFORMATIVO","article_published_time":"2025-08-08T15:51:55+00:00","og_image":[{"width":1280,"height":853,"url":"https:\/\/elglobal.do\/wp-content\/uploads\/2025\/08\/Universal.jpeg","type":"image\/jpeg"}],"author":"EL GLOBAL","twitter_card":"summary_large_image","twitter_misc":{"Escrito por":"EL GLOBAL","Tiempo de lectura":"2 minutos"},"schema":{"@context":"https:\/\/schema.org","@graph":[{"@type":"Article","@id":"https:\/\/elglobal.do\/index.php\/2025\/08\/08\/universal-impulsa-la-educacion-con-el-auspicio-de-un-libro-sobre-seguros\/#article","isPartOf":{"@id":"https:\/\/elglobal.do\/index.php\/2025\/08\/08\/universal-impulsa-la-educacion-con-el-auspicio-de-un-libro-sobre-seguros\/"},"author":{"name":"EL GLOBAL","@id":"https:\/\/elglobal.do\/#\/schema\/person\/0c97ec2c7714fb605d230c292f64d55f"},"headline":"Universal impulsa la educaci\u00f3n con el auspicio de un libro sobre seguros","datePublished":"2025-08-08T15:51:55+00:00","mainEntityOfPage":{"@id":"https:\/\/elglobal.do\/index.php\/2025\/08\/08\/universal-impulsa-la-educacion-con-el-auspicio-de-un-libro-sobre-seguros\/"},"wordCount":497,"commentCount":0,"publisher":{"@id":"https:\/\/elglobal.do\/#organization"},"image":{"@id":"https:\/\/elglobal.do\/index.php\/2025\/08\/08\/universal-impulsa-la-educacion-con-el-auspicio-de-un-libro-sobre-seguros\/#primaryimage"},"thumbnailUrl":"https:\/\/elglobal.do\/wp-content\/uploads\/2025\/08\/Universal.jpeg","keywords":["#Educaci\u00f3nGlobal","#Educaci\u00f3nJur\u00eddica","#ElGlobalInformativo","#Libro","#Publi\u00f3n","#SegurosUniversal"],"articleSection":["EDUCACI\u00d3N","NACIONALES"],"inLanguage":"es","potentialAction":[{"@type":"CommentAction","name":"Comment","target":["https:\/\/elglobal.do\/index.php\/2025\/08\/08\/universal-impulsa-la-educacion-con-el-auspicio-de-un-libro-sobre-seguros\/#respond"]}]},{"@type":"WebPage","@id":"https:\/\/elglobal.do\/index.php\/2025\/08\/08\/universal-impulsa-la-educacion-con-el-auspicio-de-un-libro-sobre-seguros\/","url":"https:\/\/elglobal.do\/index.php\/2025\/08\/08\/universal-impulsa-la-educacion-con-el-auspicio-de-un-libro-sobre-seguros\/","name":"Universal impulsa la educaci\u00f3n con el auspicio de un libro sobre seguros - EL GLOBAL INFORMATIVO","isPartOf":{"@id":"https:\/\/elglobal.do\/#website"},"primaryImageOfPage":{"@id":"https:\/\/elglobal.do\/index.php\/2025\/08\/08\/universal-impulsa-la-educacion-con-el-auspicio-de-un-libro-sobre-seguros\/#primaryimage"},"image":{"@id":"https:\/\/elglobal.do\/index.php\/2025\/08\/08\/universal-impulsa-la-educacion-con-el-auspicio-de-un-libro-sobre-seguros\/#primaryimage"},"thumbnailUrl":"https:\/\/elglobal.do\/wp-content\/uploads\/2025\/08\/Universal.jpeg","datePublished":"2025-08-08T15:51:55+00:00","breadcrumb":{"@id":"https:\/\/elglobal.do\/index.php\/2025\/08\/08\/universal-impulsa-la-educacion-con-el-auspicio-de-un-libro-sobre-seguros\/#breadcrumb"},"inLanguage":"es","potentialAction":[{"@type":"ReadAction","target":["https:\/\/elglobal.do\/index.php\/2025\/08\/08\/universal-impulsa-la-educacion-con-el-auspicio-de-un-libro-sobre-seguros\/"]}]},{"@type":"ImageObject","inLanguage":"es","@id":"https:\/\/elglobal.do\/index.php\/2025\/08\/08\/universal-impulsa-la-educacion-con-el-auspicio-de-un-libro-sobre-seguros\/#primaryimage","url":"https:\/\/elglobal.do\/wp-content\/uploads\/2025\/08\/Universal.jpeg","contentUrl":"https:\/\/elglobal.do\/wp-content\/uploads\/2025\/08\/Universal.jpeg","width":1280,"height":853},{"@type":"BreadcrumbList","@id":"https:\/\/elglobal.do\/index.php\/2025\/08\/08\/universal-impulsa-la-educacion-con-el-auspicio-de-un-libro-sobre-seguros\/#breadcrumb","itemListElement":[{"@type":"ListItem","position":1,"name":"Portada","item":"https:\/\/elglobal.do\/"},{"@type":"ListItem","position":2,"name":"Universal impulsa la educaci\u00f3n con el auspicio de un libro sobre seguros"}]},{"@type":"WebSite","@id":"https:\/\/elglobal.do\/#website","url":"https:\/\/elglobal.do\/","name":"EL GLOBAL INFORMATIVO","description":"Peri\u00f3dico digital de la Rep\u00fablica Dominicana que ofrece noticias, novedades, pol\u00edtica y las \u00faltimas actualidades, con informaci\u00f3n veraz y oportuna para mantenerte siempre informad","publisher":{"@id":"https:\/\/elglobal.do\/#organization"},"potentialAction":[{"@type":"SearchAction","target":{"@type":"EntryPoint","urlTemplate":"https:\/\/elglobal.do\/?s={search_term_string}"},"query-input":{"@type":"PropertyValueSpecification","valueRequired":true,"valueName":"search_term_string"}}],"inLanguage":"es"},{"@type":"Organization","@id":"https:\/\/elglobal.do\/#organization","name":"EL GLOBAL.DO INFORMATIVO","url":"https:\/\/elglobal.do\/","logo":{"@type":"ImageObject","inLanguage":"es","@id":"https:\/\/elglobal.do\/#\/schema\/logo\/image\/","url":"https:\/\/elglobal.do\/wp-content\/uploads\/2025\/08\/icon.png","contentUrl":"https:\/\/elglobal.do\/wp-content\/uploads\/2025\/08\/icon.png","width":512,"height":512,"caption":"EL GLOBAL.DO INFORMATIVO"},"image":{"@id":"https:\/\/elglobal.do\/#\/schema\/logo\/image\/"}},{"@type":"Person","@id":"https:\/\/elglobal.do\/#\/schema\/person\/0c97ec2c7714fb605d230c292f64d55f","name":"EL GLOBAL","image":{"@type":"ImageObject","inLanguage":"es","@id":"https:\/\/elglobal.do\/#\/schema\/person\/image\/","url":"https:\/\/secure.gravatar.com\/avatar\/081cfb6cf99faddc6f4e23a0c11ab98c5cf302925382d1c88dc3ed757ab910a3?s=96&d=mm&r=g","contentUrl":"https:\/\/secure.gravatar.com\/avatar\/081cfb6cf99faddc6f4e23a0c11ab98c5cf302925382d1c88dc3ed757ab910a3?s=96&d=mm&r=g","caption":"EL GLOBAL"},"description":"El Global Informativo es un peri\u00f3dico digital de Rep\u00fablica Dominicana que se dedica a cubrir temas importantes, como la pol\u00edtica local, geopol\u00edtica, econom\u00eda, tecnolog\u00eda, noticias internacionales y eventos relacionados con la gesti\u00f3n social, cultural y humana. Su objetivo principal es mantener a la poblaci\u00f3n informada, ofreciendo una visi\u00f3n amplia y actualizada de lo que sucede tanto en el pa\u00eds como en el mundo. Est\u00e1 dirigido por un grupo de periodistas experimentados, lo que garantiza la calidad y la precisi\u00f3n de la informaci\u00f3n que ofrecen. Tiene su sede en la ciudad de Santo Domingo y es parte integral del portafolio de la empresa, MC Global S.R.L.","sameAs":["https:\/\/elglobal.do","https:\/\/www.instagram.com\/elglobal.do_informativo\/"],"url":"https:\/\/elglobal.do\/index.php\/author\/elglobaluserpro\/"}]}},"jetpack_featured_media_url":"https:\/\/elglobal.do\/wp-content\/uploads\/2025\/08\/Universal.jpeg","jetpack_sharing_enabled":true,"_links":{"self":[{"href":"https:\/\/elglobal.do\/index.php\/wp-json\/wp\/v2\/posts\/809","targetHints":{"allow":["GET"]}}],"collection":[{"href":"https:\/\/elglobal.do\/index.php\/wp-json\/wp\/v2\/posts"}],"about":[{"href":"https:\/\/elglobal.do\/index.php\/wp-json\/wp\/v2\/types\/post"}],"author":[{"embeddable":true,"href":"https:\/\/elglobal.do\/index.php\/wp-json\/wp\/v2\/users\/1"}],"replies":[{"embeddable":true,"href":"https:\/\/elglobal.do\/index.php\/wp-json\/wp\/v2\/comments?post=809"}],"version-history":[{"count":1,"href":"https:\/\/elglobal.do\/index.php\/wp-json\/wp\/v2\/posts\/809\/revisions"}],"predecessor-version":[{"id":814,"href":"https:\/\/elglobal.do\/index.php\/wp-json\/wp\/v2\/posts\/809\/revisions\/814"}],"wp:featuredmedia":[{"embeddable":true,"href":"https:\/\/elglobal.do\/index.php\/wp-json\/wp\/v2\/media\/810"}],"wp:attachment":[{"href":"https:\/\/elglobal.do\/index.php\/wp-json\/wp\/v2\/media?parent=809"}],"wp:term":[{"taxonomy":"category","embeddable":true,"href":"https:\/\/elglobal.do\/index.php\/wp-json\/wp\/v2\/categories?post=809"},{"taxonomy":"post_tag","embeddable":true,"href":"https:\/\/elglobal.do\/index.php\/wp-json\/wp\/v2\/tags?post=809"}],"curies":[{"name":"wp","href":"https:\/\/api.w.org\/{rel}","templated":true}]}}