{"id":815,"date":"2025-08-08T12:36:48","date_gmt":"2025-08-08T16:36:48","guid":{"rendered":"https:\/\/elglobal.do\/?p=815"},"modified":"2025-08-08T13:41:56","modified_gmt":"2025-08-08T17:41:56","slug":"viernesyuppi","status":"publish","type":"post","link":"https:\/\/elglobal.do\/index.php\/2025\/08\/08\/viernesyuppi\/","title":{"rendered":"\u00a1viernes,Yuppi!"},"content":{"rendered":"\n<p><strong><em> Yuppi abre sus puertas en la Ciudad Colonial con los <\/em>\u201c<em>Frozen Cocktails<\/em><\/strong>\u201d<strong><em>m\u00e1s refrescantes de Santo Domingo<\/em><\/strong><\/p>\n\n\n\n<figure class=\"wp-block-image size-large\"><img loading=\"lazy\" decoding=\"async\" width=\"1024\" height=\"682\" src=\"https:\/\/elglobal.do\/wp-content\/uploads\/2025\/08\/Equipo-1024x682.jpeg\" alt=\"\" class=\"wp-image-817\" srcset=\"https:\/\/elglobal.do\/wp-content\/uploads\/2025\/08\/Equipo-1024x682.jpeg 1024w, https:\/\/elglobal.do\/wp-content\/uploads\/2025\/08\/Equipo-300x200.jpeg 300w, https:\/\/elglobal.do\/wp-content\/uploads\/2025\/08\/Equipo-768x512.jpeg 768w, https:\/\/elglobal.do\/wp-content\/uploads\/2025\/08\/Equipo.jpeg 1280w\" sizes=\"auto, (max-width: 1024px) 100vw, 1024px\" \/><figcaption class=\"wp-element-caption\"><em>Chicas Yuppi: Celineth And\u00fajar, Leidy Feliz, Yocairi Fajardo y Niurka Mart\u00ednez<\/em><\/figcaption><\/figure>\n\n\n\n<p><strong>Santo Domingo. &#8211;<\/strong> En una apuesta innovadora por el sabor, la frescura y el disfrute urbano, abri\u00f3 sus puertas en la calle arzobispo Meri\u00f1o de la Zona Colonial <strong>\u201cYuppi<\/strong><a>\u201d<\/a>, un nuevo establecimiento especializado en Frozen Cocktails que promete convertirse en la parada obligada para locales y turistas que buscan una experiencia refrescante y divertida en pleno coraz\u00f3n hist\u00f3rico de la ciudad.<\/p>\n\n\n\n<p>Con una oferta original que combina bebidas a base de frutas, opciones con y sin alcohol y una est\u00e9tica pensada para el estilo de vida <strong>\u201cgrab and go\u201d,<\/strong> Yuppi llega a revolucionar el concepto de cocteler\u00eda informal, ofreciendo productos dise\u00f1ados para resistir el calor caribe\u00f1o y acompa\u00f1ar los paseos por la zona.<\/p>\n\n\n\n<p>El evento de apertura cont\u00f3 con las palabras de Ram\u00f3n Jim\u00e9nez, quien lidera junto a John De Carrier, dos socios con m\u00e1s de tres d\u00e9cadas de experiencia en el sector de alimentos y bebidas, incluyendo uno con trayectoria en restaurantes de la costa Oeste de los Estados Unidos, y seg\u00fan explicaron, la idea de Yuppi naci\u00f3 del deseo de ofrecer bebidas de calidad, a buen precio y con un formato ideal para el clima dominicano.<\/p>\n\n\n\n<figure class=\"wp-block-image size-large\"><img loading=\"lazy\" decoding=\"async\" width=\"1024\" height=\"682\" src=\"https:\/\/elglobal.do\/wp-content\/uploads\/2025\/08\/Ejecutivos-1024x682.jpeg\" alt=\"\" class=\"wp-image-816\" srcset=\"https:\/\/elglobal.do\/wp-content\/uploads\/2025\/08\/Ejecutivos-1024x682.jpeg 1024w, https:\/\/elglobal.do\/wp-content\/uploads\/2025\/08\/Ejecutivos-300x200.jpeg 300w, https:\/\/elglobal.do\/wp-content\/uploads\/2025\/08\/Ejecutivos-768x512.jpeg 768w, https:\/\/elglobal.do\/wp-content\/uploads\/2025\/08\/Ejecutivos.jpeg 1280w\" sizes=\"auto, (max-width: 1024px) 100vw, 1024px\" \/><figcaption class=\"wp-element-caption\"><em>John De Carrier, Ram\u00f3n Jim\u00e9nez, Marcelle Landr\u00f3n y Francisco Jim\u00e9nez<\/em><\/figcaption><\/figure>\n\n\n\n<p>Ubicarse en la Ciudad Colonial no fue casualidad, explic\u00f3 Jim\u00e9nez al afirmar que este es el coraz\u00f3n cultural y tur\u00edstico de Santo Domingo, un espacio vibrante donde se puede caminar con seguridad. <strong>\u201cNuestra tienda ten\u00eda que nacer aqu\u00ed\u201d<\/strong>, a solo pasos de uno de los parqueos de <a href=\"https:\/\/parqueatrd.gob.do\/quienes-somos.html\" data-type=\"link\" data-id=\"https:\/\/parqueatrd.gob.do\/quienes-somos.html\">Parqu\u00e9at_RD<\/a>. Jim\u00e9nez cont\u00f3, que tambi\u00e9n tienen planes de expandir la marca a trav\u00e9s de un modelo de franquicias en el Caribe, Centro y Sudam\u00e9rica.<\/p>\n\n\n\n<figure class=\"wp-block-image size-large\"><img loading=\"lazy\" decoding=\"async\" width=\"1024\" height=\"654\" src=\"https:\/\/elglobal.do\/wp-content\/uploads\/2025\/08\/Victoria-Garcia-1024x654.jpeg\" alt=\"\" class=\"wp-image-819\" srcset=\"https:\/\/elglobal.do\/wp-content\/uploads\/2025\/08\/Victoria-Garcia-1024x654.jpeg 1024w, https:\/\/elglobal.do\/wp-content\/uploads\/2025\/08\/Victoria-Garcia-300x191.jpeg 300w, https:\/\/elglobal.do\/wp-content\/uploads\/2025\/08\/Victoria-Garcia-768x490.jpeg 768w, https:\/\/elglobal.do\/wp-content\/uploads\/2025\/08\/Victoria-Garcia.jpeg 1280w\" sizes=\"auto, (max-width: 1024px) 100vw, 1024px\" \/><figcaption class=\"wp-element-caption\">Victoria Queliz y Ironelly Garc\u00eda<\/figcaption><\/figure>\n\n\n\n<p>La actividad incluy\u00f3 degustaciones de todos los sabores del men\u00fa, entre ellos su producto estrella: el Frozen, elaborado con vino rosado, y de bocadillos especialmente maridados con las bebidas, en un ambiente relajado y accesible, fiel al esp\u00edritu de esta nueva marca.<\/p>\n\n\n\n<figure class=\"wp-block-image size-large\"><img loading=\"lazy\" decoding=\"async\" width=\"1024\" height=\"682\" src=\"https:\/\/elglobal.do\/wp-content\/uploads\/2025\/08\/Raeldo-1024x682.jpeg\" alt=\"\" class=\"wp-image-818\" srcset=\"https:\/\/elglobal.do\/wp-content\/uploads\/2025\/08\/Raeldo-1024x682.jpeg 1024w, https:\/\/elglobal.do\/wp-content\/uploads\/2025\/08\/Raeldo-300x200.jpeg 300w, https:\/\/elglobal.do\/wp-content\/uploads\/2025\/08\/Raeldo-768x512.jpeg 768w, https:\/\/elglobal.do\/wp-content\/uploads\/2025\/08\/Raeldo.jpeg 1280w\" sizes=\"auto, (max-width: 1024px) 100vw, 1024px\" \/><figcaption class=\"wp-element-caption\"><em>Raeldo L\u00f3pez y Zobeida Stepan<\/em><\/figcaption><\/figure>\n\n\n\n<p>Yuppi tambi\u00e9n planea colaborar con artistas, emprendedores y marcas locales, como ya lo est\u00e1 haciendo con Vin\u00edcola del Norte en su l\u00ednea de bebidas alcoh\u00f3licas.<\/p>\n\n\n\n<p>Puedes seguir: en Instagram <a href=\"https:\/\/www.instagram.com\/yuppird\/?igsh=NGNub2Q4amdnOTA1#\">@yuppird.<\/a><\/p>\n","protected":false},"excerpt":{"rendered":"<p>Yuppi abre sus puertas en la Ciudad Colonial con los \u201cFrozen Cocktails\u201dm\u00e1s refrescantes de Santo Domingo Santo Domingo. &#8211; En una apuesta innovadora por el sabor, la frescura y el&hellip; <\/p>\n","protected":false},"author":1,"featured_media":816,"comment_status":"open","ping_status":"open","sticky":false,"template":"","format":"standard","meta":{"_jetpack_memberships_contains_paid_content":false,"footnotes":""},"categories":[40,327],"tags":[324,98,323,322,325,321],"class_list":["post-815","post","type-post","status-publish","format-standard","has-post-thumbnail","hentry","category-nacionales","category-sociales","tag-ciudadcolonial","tag-elglobalinformativo","tag-frozencocktails","tag-nuevoproducto","tag-viernesglobal","tag-yuppi"],"yoast_head":"<!-- This site is optimized with the Yoast SEO plugin v26.9 - https:\/\/yoast.com\/product\/yoast-seo-wordpress\/ -->\n<title>\u00a1viernes,Yuppi! - EL GLOBAL INFORMATIVO<\/title>\n<meta name=\"robots\" content=\"index, follow, max-snippet:-1, max-image-preview:large, max-video-preview:-1\" \/>\n<link rel=\"canonical\" href=\"https:\/\/elglobal.do\/index.php\/2025\/08\/08\/viernesyuppi\/\" \/>\n<meta property=\"og:locale\" content=\"es_ES\" \/>\n<meta property=\"og:type\" content=\"article\" \/>\n<meta property=\"og:title\" content=\"\u00a1viernes,Yuppi! - EL GLOBAL INFORMATIVO\" \/>\n<meta property=\"og:description\" content=\"Yuppi abre sus puertas en la Ciudad Colonial con los \u201cFrozen Cocktails\u201dm\u00e1s refrescantes de Santo Domingo Santo Domingo. &#8211; En una apuesta innovadora por el sabor, la frescura y el&hellip;\" \/>\n<meta property=\"og:url\" content=\"https:\/\/elglobal.do\/index.php\/2025\/08\/08\/viernesyuppi\/\" \/>\n<meta property=\"og:site_name\" content=\"EL GLOBAL INFORMATIVO\" \/>\n<meta property=\"article:published_time\" content=\"2025-08-08T16:36:48+00:00\" \/>\n<meta property=\"article:modified_time\" content=\"2025-08-08T17:41:56+00:00\" \/>\n<meta property=\"og:image\" content=\"https:\/\/elglobal.do\/wp-content\/uploads\/2025\/08\/Ejecutivos.jpeg\" \/>\n\t<meta property=\"og:image:width\" content=\"1280\" \/>\n\t<meta property=\"og:image:height\" content=\"853\" \/>\n\t<meta property=\"og:image:type\" content=\"image\/jpeg\" \/>\n<meta name=\"author\" content=\"EL GLOBAL\" \/>\n<meta name=\"twitter:card\" content=\"summary_large_image\" \/>\n<meta name=\"twitter:label1\" content=\"Escrito por\" \/>\n\t<meta name=\"twitter:data1\" content=\"EL GLOBAL\" \/>\n\t<meta name=\"twitter:label2\" content=\"Tiempo de lectura\" \/>\n\t<meta name=\"twitter:data2\" content=\"2 minutos\" \/>\n<script type=\"application\/ld+json\" class=\"yoast-schema-graph\">{\"@context\":\"https:\/\/schema.org\",\"@graph\":[{\"@type\":\"Article\",\"@id\":\"https:\/\/elglobal.do\/index.php\/2025\/08\/08\/viernesyuppi\/#article\",\"isPartOf\":{\"@id\":\"https:\/\/elglobal.do\/index.php\/2025\/08\/08\/viernesyuppi\/\"},\"author\":{\"name\":\"EL GLOBAL\",\"@id\":\"https:\/\/elglobal.do\/#\/schema\/person\/0c97ec2c7714fb605d230c292f64d55f\"},\"headline\":\"\u00a1viernes,Yuppi!\",\"datePublished\":\"2025-08-08T16:36:48+00:00\",\"dateModified\":\"2025-08-08T17:41:56+00:00\",\"mainEntityOfPage\":{\"@id\":\"https:\/\/elglobal.do\/index.php\/2025\/08\/08\/viernesyuppi\/\"},\"wordCount\":418,\"commentCount\":0,\"publisher\":{\"@id\":\"https:\/\/elglobal.do\/#organization\"},\"image\":{\"@id\":\"https:\/\/elglobal.do\/index.php\/2025\/08\/08\/viernesyuppi\/#primaryimage\"},\"thumbnailUrl\":\"https:\/\/elglobal.do\/wp-content\/uploads\/2025\/08\/Ejecutivos.jpeg\",\"keywords\":[\"#CiudadColonial\",\"#ElGlobalInformativo\",\"#FrozenCocktails\",\"#NuevoProducto\",\"#ViernesGlobal\",\"#Yuppi\"],\"articleSection\":[\"NACIONALES\",\"SOCIALES\"],\"inLanguage\":\"es\",\"potentialAction\":[{\"@type\":\"CommentAction\",\"name\":\"Comment\",\"target\":[\"https:\/\/elglobal.do\/index.php\/2025\/08\/08\/viernesyuppi\/#respond\"]}]},{\"@type\":\"WebPage\",\"@id\":\"https:\/\/elglobal.do\/index.php\/2025\/08\/08\/viernesyuppi\/\",\"url\":\"https:\/\/elglobal.do\/index.php\/2025\/08\/08\/viernesyuppi\/\",\"name\":\"\u00a1viernes,Yuppi! - EL GLOBAL INFORMATIVO\",\"isPartOf\":{\"@id\":\"https:\/\/elglobal.do\/#website\"},\"primaryImageOfPage\":{\"@id\":\"https:\/\/elglobal.do\/index.php\/2025\/08\/08\/viernesyuppi\/#primaryimage\"},\"image\":{\"@id\":\"https:\/\/elglobal.do\/index.php\/2025\/08\/08\/viernesyuppi\/#primaryimage\"},\"thumbnailUrl\":\"https:\/\/elglobal.do\/wp-content\/uploads\/2025\/08\/Ejecutivos.jpeg\",\"datePublished\":\"2025-08-08T16:36:48+00:00\",\"dateModified\":\"2025-08-08T17:41:56+00:00\",\"breadcrumb\":{\"@id\":\"https:\/\/elglobal.do\/index.php\/2025\/08\/08\/viernesyuppi\/#breadcrumb\"},\"inLanguage\":\"es\",\"potentialAction\":[{\"@type\":\"ReadAction\",\"target\":[\"https:\/\/elglobal.do\/index.php\/2025\/08\/08\/viernesyuppi\/\"]}]},{\"@type\":\"ImageObject\",\"inLanguage\":\"es\",\"@id\":\"https:\/\/elglobal.do\/index.php\/2025\/08\/08\/viernesyuppi\/#primaryimage\",\"url\":\"https:\/\/elglobal.do\/wp-content\/uploads\/2025\/08\/Ejecutivos.jpeg\",\"contentUrl\":\"https:\/\/elglobal.do\/wp-content\/uploads\/2025\/08\/Ejecutivos.jpeg\",\"width\":1280,\"height\":853},{\"@type\":\"BreadcrumbList\",\"@id\":\"https:\/\/elglobal.do\/index.php\/2025\/08\/08\/viernesyuppi\/#breadcrumb\",\"itemListElement\":[{\"@type\":\"ListItem\",\"position\":1,\"name\":\"Portada\",\"item\":\"https:\/\/elglobal.do\/\"},{\"@type\":\"ListItem\",\"position\":2,\"name\":\"\u00a1viernes,Yuppi!\"}]},{\"@type\":\"WebSite\",\"@id\":\"https:\/\/elglobal.do\/#website\",\"url\":\"https:\/\/elglobal.do\/\",\"name\":\"EL GLOBAL INFORMATIVO\",\"description\":\"Peri\u00f3dico digital de la Rep\u00fablica Dominicana que ofrece noticias, novedades, pol\u00edtica y las \u00faltimas actualidades, con informaci\u00f3n veraz y oportuna para mantenerte siempre informad\",\"publisher\":{\"@id\":\"https:\/\/elglobal.do\/#organization\"},\"potentialAction\":[{\"@type\":\"SearchAction\",\"target\":{\"@type\":\"EntryPoint\",\"urlTemplate\":\"https:\/\/elglobal.do\/?s={search_term_string}\"},\"query-input\":{\"@type\":\"PropertyValueSpecification\",\"valueRequired\":true,\"valueName\":\"search_term_string\"}}],\"inLanguage\":\"es\"},{\"@type\":\"Organization\",\"@id\":\"https:\/\/elglobal.do\/#organization\",\"name\":\"EL GLOBAL.DO INFORMATIVO\",\"url\":\"https:\/\/elglobal.do\/\",\"logo\":{\"@type\":\"ImageObject\",\"inLanguage\":\"es\",\"@id\":\"https:\/\/elglobal.do\/#\/schema\/logo\/image\/\",\"url\":\"https:\/\/elglobal.do\/wp-content\/uploads\/2025\/08\/icon.png\",\"contentUrl\":\"https:\/\/elglobal.do\/wp-content\/uploads\/2025\/08\/icon.png\",\"width\":512,\"height\":512,\"caption\":\"EL GLOBAL.DO INFORMATIVO\"},\"image\":{\"@id\":\"https:\/\/elglobal.do\/#\/schema\/logo\/image\/\"}},{\"@type\":\"Person\",\"@id\":\"https:\/\/elglobal.do\/#\/schema\/person\/0c97ec2c7714fb605d230c292f64d55f\",\"name\":\"EL GLOBAL\",\"image\":{\"@type\":\"ImageObject\",\"inLanguage\":\"es\",\"@id\":\"https:\/\/elglobal.do\/#\/schema\/person\/image\/\",\"url\":\"https:\/\/secure.gravatar.com\/avatar\/081cfb6cf99faddc6f4e23a0c11ab98c5cf302925382d1c88dc3ed757ab910a3?s=96&d=mm&r=g\",\"contentUrl\":\"https:\/\/secure.gravatar.com\/avatar\/081cfb6cf99faddc6f4e23a0c11ab98c5cf302925382d1c88dc3ed757ab910a3?s=96&d=mm&r=g\",\"caption\":\"EL GLOBAL\"},\"description\":\"El Global Informativo es un peri\u00f3dico digital de Rep\u00fablica Dominicana que se dedica a cubrir temas importantes, como la pol\u00edtica local, geopol\u00edtica, econom\u00eda, tecnolog\u00eda, noticias internacionales y eventos relacionados con la gesti\u00f3n social, cultural y humana. Su objetivo principal es mantener a la poblaci\u00f3n informada, ofreciendo una visi\u00f3n amplia y actualizada de lo que sucede tanto en el pa\u00eds como en el mundo. Est\u00e1 dirigido por un grupo de periodistas experimentados, lo que garantiza la calidad y la precisi\u00f3n de la informaci\u00f3n que ofrecen. Tiene su sede en la ciudad de Santo Domingo y es parte integral del portafolio de la empresa, MC Global S.R.L.\",\"sameAs\":[\"https:\/\/elglobal.do\",\"https:\/\/www.instagram.com\/elglobal.do_informativo\/\"],\"url\":\"https:\/\/elglobal.do\/index.php\/author\/elglobaluserpro\/\"}]}<\/script>\n<!-- \/ Yoast SEO plugin. -->","yoast_head_json":{"title":"\u00a1viernes,Yuppi! - EL GLOBAL INFORMATIVO","robots":{"index":"index","follow":"follow","max-snippet":"max-snippet:-1","max-image-preview":"max-image-preview:large","max-video-preview":"max-video-preview:-1"},"canonical":"https:\/\/elglobal.do\/index.php\/2025\/08\/08\/viernesyuppi\/","og_locale":"es_ES","og_type":"article","og_title":"\u00a1viernes,Yuppi! - EL GLOBAL INFORMATIVO","og_description":"Yuppi abre sus puertas en la Ciudad Colonial con los \u201cFrozen Cocktails\u201dm\u00e1s refrescantes de Santo Domingo Santo Domingo. &#8211; En una apuesta innovadora por el sabor, la frescura y el&hellip;","og_url":"https:\/\/elglobal.do\/index.php\/2025\/08\/08\/viernesyuppi\/","og_site_name":"EL GLOBAL INFORMATIVO","article_published_time":"2025-08-08T16:36:48+00:00","article_modified_time":"2025-08-08T17:41:56+00:00","og_image":[{"width":1280,"height":853,"url":"https:\/\/elglobal.do\/wp-content\/uploads\/2025\/08\/Ejecutivos.jpeg","type":"image\/jpeg"}],"author":"EL GLOBAL","twitter_card":"summary_large_image","twitter_misc":{"Escrito por":"EL GLOBAL","Tiempo de lectura":"2 minutos"},"schema":{"@context":"https:\/\/schema.org","@graph":[{"@type":"Article","@id":"https:\/\/elglobal.do\/index.php\/2025\/08\/08\/viernesyuppi\/#article","isPartOf":{"@id":"https:\/\/elglobal.do\/index.php\/2025\/08\/08\/viernesyuppi\/"},"author":{"name":"EL GLOBAL","@id":"https:\/\/elglobal.do\/#\/schema\/person\/0c97ec2c7714fb605d230c292f64d55f"},"headline":"\u00a1viernes,Yuppi!","datePublished":"2025-08-08T16:36:48+00:00","dateModified":"2025-08-08T17:41:56+00:00","mainEntityOfPage":{"@id":"https:\/\/elglobal.do\/index.php\/2025\/08\/08\/viernesyuppi\/"},"wordCount":418,"commentCount":0,"publisher":{"@id":"https:\/\/elglobal.do\/#organization"},"image":{"@id":"https:\/\/elglobal.do\/index.php\/2025\/08\/08\/viernesyuppi\/#primaryimage"},"thumbnailUrl":"https:\/\/elglobal.do\/wp-content\/uploads\/2025\/08\/Ejecutivos.jpeg","keywords":["#CiudadColonial","#ElGlobalInformativo","#FrozenCocktails","#NuevoProducto","#ViernesGlobal","#Yuppi"],"articleSection":["NACIONALES","SOCIALES"],"inLanguage":"es","potentialAction":[{"@type":"CommentAction","name":"Comment","target":["https:\/\/elglobal.do\/index.php\/2025\/08\/08\/viernesyuppi\/#respond"]}]},{"@type":"WebPage","@id":"https:\/\/elglobal.do\/index.php\/2025\/08\/08\/viernesyuppi\/","url":"https:\/\/elglobal.do\/index.php\/2025\/08\/08\/viernesyuppi\/","name":"\u00a1viernes,Yuppi! - EL GLOBAL INFORMATIVO","isPartOf":{"@id":"https:\/\/elglobal.do\/#website"},"primaryImageOfPage":{"@id":"https:\/\/elglobal.do\/index.php\/2025\/08\/08\/viernesyuppi\/#primaryimage"},"image":{"@id":"https:\/\/elglobal.do\/index.php\/2025\/08\/08\/viernesyuppi\/#primaryimage"},"thumbnailUrl":"https:\/\/elglobal.do\/wp-content\/uploads\/2025\/08\/Ejecutivos.jpeg","datePublished":"2025-08-08T16:36:48+00:00","dateModified":"2025-08-08T17:41:56+00:00","breadcrumb":{"@id":"https:\/\/elglobal.do\/index.php\/2025\/08\/08\/viernesyuppi\/#breadcrumb"},"inLanguage":"es","potentialAction":[{"@type":"ReadAction","target":["https:\/\/elglobal.do\/index.php\/2025\/08\/08\/viernesyuppi\/"]}]},{"@type":"ImageObject","inLanguage":"es","@id":"https:\/\/elglobal.do\/index.php\/2025\/08\/08\/viernesyuppi\/#primaryimage","url":"https:\/\/elglobal.do\/wp-content\/uploads\/2025\/08\/Ejecutivos.jpeg","contentUrl":"https:\/\/elglobal.do\/wp-content\/uploads\/2025\/08\/Ejecutivos.jpeg","width":1280,"height":853},{"@type":"BreadcrumbList","@id":"https:\/\/elglobal.do\/index.php\/2025\/08\/08\/viernesyuppi\/#breadcrumb","itemListElement":[{"@type":"ListItem","position":1,"name":"Portada","item":"https:\/\/elglobal.do\/"},{"@type":"ListItem","position":2,"name":"\u00a1viernes,Yuppi!"}]},{"@type":"WebSite","@id":"https:\/\/elglobal.do\/#website","url":"https:\/\/elglobal.do\/","name":"EL GLOBAL INFORMATIVO","description":"Peri\u00f3dico digital de la Rep\u00fablica Dominicana que ofrece noticias, novedades, pol\u00edtica y las \u00faltimas actualidades, con informaci\u00f3n veraz y oportuna para mantenerte siempre informad","publisher":{"@id":"https:\/\/elglobal.do\/#organization"},"potentialAction":[{"@type":"SearchAction","target":{"@type":"EntryPoint","urlTemplate":"https:\/\/elglobal.do\/?s={search_term_string}"},"query-input":{"@type":"PropertyValueSpecification","valueRequired":true,"valueName":"search_term_string"}}],"inLanguage":"es"},{"@type":"Organization","@id":"https:\/\/elglobal.do\/#organization","name":"EL GLOBAL.DO INFORMATIVO","url":"https:\/\/elglobal.do\/","logo":{"@type":"ImageObject","inLanguage":"es","@id":"https:\/\/elglobal.do\/#\/schema\/logo\/image\/","url":"https:\/\/elglobal.do\/wp-content\/uploads\/2025\/08\/icon.png","contentUrl":"https:\/\/elglobal.do\/wp-content\/uploads\/2025\/08\/icon.png","width":512,"height":512,"caption":"EL GLOBAL.DO INFORMATIVO"},"image":{"@id":"https:\/\/elglobal.do\/#\/schema\/logo\/image\/"}},{"@type":"Person","@id":"https:\/\/elglobal.do\/#\/schema\/person\/0c97ec2c7714fb605d230c292f64d55f","name":"EL GLOBAL","image":{"@type":"ImageObject","inLanguage":"es","@id":"https:\/\/elglobal.do\/#\/schema\/person\/image\/","url":"https:\/\/secure.gravatar.com\/avatar\/081cfb6cf99faddc6f4e23a0c11ab98c5cf302925382d1c88dc3ed757ab910a3?s=96&d=mm&r=g","contentUrl":"https:\/\/secure.gravatar.com\/avatar\/081cfb6cf99faddc6f4e23a0c11ab98c5cf302925382d1c88dc3ed757ab910a3?s=96&d=mm&r=g","caption":"EL GLOBAL"},"description":"El Global Informativo es un peri\u00f3dico digital de Rep\u00fablica Dominicana que se dedica a cubrir temas importantes, como la pol\u00edtica local, geopol\u00edtica, econom\u00eda, tecnolog\u00eda, noticias internacionales y eventos relacionados con la gesti\u00f3n social, cultural y humana. Su objetivo principal es mantener a la poblaci\u00f3n informada, ofreciendo una visi\u00f3n amplia y actualizada de lo que sucede tanto en el pa\u00eds como en el mundo. Est\u00e1 dirigido por un grupo de periodistas experimentados, lo que garantiza la calidad y la precisi\u00f3n de la informaci\u00f3n que ofrecen. Tiene su sede en la ciudad de Santo Domingo y es parte integral del portafolio de la empresa, MC Global S.R.L.","sameAs":["https:\/\/elglobal.do","https:\/\/www.instagram.com\/elglobal.do_informativo\/"],"url":"https:\/\/elglobal.do\/index.php\/author\/elglobaluserpro\/"}]}},"jetpack_featured_media_url":"https:\/\/elglobal.do\/wp-content\/uploads\/2025\/08\/Ejecutivos.jpeg","jetpack_sharing_enabled":true,"_links":{"self":[{"href":"https:\/\/elglobal.do\/index.php\/wp-json\/wp\/v2\/posts\/815","targetHints":{"allow":["GET"]}}],"collection":[{"href":"https:\/\/elglobal.do\/index.php\/wp-json\/wp\/v2\/posts"}],"about":[{"href":"https:\/\/elglobal.do\/index.php\/wp-json\/wp\/v2\/types\/post"}],"author":[{"embeddable":true,"href":"https:\/\/elglobal.do\/index.php\/wp-json\/wp\/v2\/users\/1"}],"replies":[{"embeddable":true,"href":"https:\/\/elglobal.do\/index.php\/wp-json\/wp\/v2\/comments?post=815"}],"version-history":[{"count":1,"href":"https:\/\/elglobal.do\/index.php\/wp-json\/wp\/v2\/posts\/815\/revisions"}],"predecessor-version":[{"id":820,"href":"https:\/\/elglobal.do\/index.php\/wp-json\/wp\/v2\/posts\/815\/revisions\/820"}],"wp:featuredmedia":[{"embeddable":true,"href":"https:\/\/elglobal.do\/index.php\/wp-json\/wp\/v2\/media\/816"}],"wp:attachment":[{"href":"https:\/\/elglobal.do\/index.php\/wp-json\/wp\/v2\/media?parent=815"}],"wp:term":[{"taxonomy":"category","embeddable":true,"href":"https:\/\/elglobal.do\/index.php\/wp-json\/wp\/v2\/categories?post=815"},{"taxonomy":"post_tag","embeddable":true,"href":"https:\/\/elglobal.do\/index.php\/wp-json\/wp\/v2\/tags?post=815"}],"curies":[{"name":"wp","href":"https:\/\/api.w.org\/{rel}","templated":true}]}}