{"id":838,"date":"2025-08-08T13:15:28","date_gmt":"2025-08-08T17:15:28","guid":{"rendered":"https:\/\/elglobal.do\/?p=838"},"modified":"2025-08-08T13:15:51","modified_gmt":"2025-08-08T17:15:51","slug":"fallece-en-accidente-el-piloto-de-carreras-hector-el-bori-zayas","status":"publish","type":"post","link":"https:\/\/elglobal.do\/index.php\/2025\/08\/08\/fallece-en-accidente-el-piloto-de-carreras-hector-el-bori-zayas\/","title":{"rendered":"Fallece en accidente el piloto de carreras H\u00e9ctor \u201cEl Bori\u201d Zayas"},"content":{"rendered":"\n<figure class=\"wp-block-image size-full\"><img loading=\"lazy\" decoding=\"async\" width=\"800\" height=\"817\" src=\"https:\/\/elglobal.do\/wp-content\/uploads\/2025\/08\/Hector.jpeg\" alt=\"\" class=\"wp-image-839\" srcset=\"https:\/\/elglobal.do\/wp-content\/uploads\/2025\/08\/Hector.jpeg 800w, https:\/\/elglobal.do\/wp-content\/uploads\/2025\/08\/Hector-294x300.jpeg 294w, https:\/\/elglobal.do\/wp-content\/uploads\/2025\/08\/Hector-768x784.jpeg 768w\" sizes=\"auto, (max-width: 800px) 100vw, 800px\" \/><\/figure>\n\n\n\n<p><strong>Santo Domingo. &#8211; <\/strong>El pasado 9 de julio <strong>Caribbean Drag Racing League (CDRL)<\/strong> a trav\u00e9s de las redes sociales felicitaba a <strong>H\u00e9ctor \u201cEl Bori\u201d Zayas <\/strong>por lograr 180.44 millas por horas en el <strong>\u201cDominican Roll Races\u201d<\/strong>, a casi un mes despu\u00e9s la misma plataforma inform\u00f3 a sus usuarios la muerte de este piloto \u201ctratando de romper su propio record\u201d.<\/p>\n\n\n\n<p>El Bori falleci\u00f3 la noche de este jueves tras un accidente mientras en el Aut\u00f3dromo de Las Am\u00e9ricas. En el audiovisual se ve al polito correr en <strong>su veh\u00edculo todoterreno Trackhawk impactando contra un muro<\/strong>.<\/p>\n\n\n\n<p>En el video se ve, desde lejos, la explosi\u00f3n del veh\u00edculo. <\/p>\n\n\n\n<p>Ver video en portal de  El Fog\u00f3n de San Juan: <a href=\"https:\/\/www.youtube.com\/watch?v=WVV_2Y1Up_4\">https:\/\/www.youtube.com\/watch?v=WVV_2Y1Up_4<\/a><\/p>\n\n\n\n<p><\/p>\n","protected":false},"excerpt":{"rendered":"<p>Santo Domingo. &#8211; El pasado 9 de julio Caribbean Drag Racing League (CDRL) a trav\u00e9s de las redes sociales felicitaba a H\u00e9ctor \u201cEl Bori\u201d Zayas por lograr 180.44 millas por&hellip; <\/p>\n","protected":false},"author":1,"featured_media":839,"comment_status":"open","ping_status":"open","sticky":false,"template":"","format":"standard","meta":{"_jetpack_memberships_contains_paid_content":false,"footnotes":""},"categories":[9],"tags":[335,91,98,334,299],"class_list":["post-838","post","type-post","status-publish","format-standard","has-post-thumbnail","hentry","category-deportes","tag-carrera","tag-deportesglobal","tag-elglobalinformativo","tag-hectorel-borizayas","tag-luto"],"yoast_head":"<!-- This site is optimized with the Yoast SEO plugin v26.9 - https:\/\/yoast.com\/product\/yoast-seo-wordpress\/ -->\n<title>Fallece en accidente el piloto de carreras H\u00e9ctor \u201cEl Bori\u201d Zayas - EL GLOBAL INFORMATIVO<\/title>\n<meta name=\"robots\" content=\"index, follow, max-snippet:-1, max-image-preview:large, max-video-preview:-1\" \/>\n<link rel=\"canonical\" href=\"https:\/\/elglobal.do\/index.php\/2025\/08\/08\/fallece-en-accidente-el-piloto-de-carreras-hector-el-bori-zayas\/\" \/>\n<meta property=\"og:locale\" content=\"es_ES\" \/>\n<meta property=\"og:type\" content=\"article\" \/>\n<meta property=\"og:title\" content=\"Fallece en accidente el piloto de carreras H\u00e9ctor \u201cEl Bori\u201d Zayas - EL GLOBAL INFORMATIVO\" \/>\n<meta property=\"og:description\" content=\"Santo Domingo. &#8211; El pasado 9 de julio Caribbean Drag Racing League (CDRL) a trav\u00e9s de las redes sociales felicitaba a H\u00e9ctor \u201cEl Bori\u201d Zayas por lograr 180.44 millas por&hellip;\" \/>\n<meta property=\"og:url\" content=\"https:\/\/elglobal.do\/index.php\/2025\/08\/08\/fallece-en-accidente-el-piloto-de-carreras-hector-el-bori-zayas\/\" \/>\n<meta property=\"og:site_name\" content=\"EL GLOBAL INFORMATIVO\" \/>\n<meta property=\"article:published_time\" content=\"2025-08-08T17:15:28+00:00\" \/>\n<meta property=\"article:modified_time\" content=\"2025-08-08T17:15:51+00:00\" \/>\n<meta property=\"og:image\" content=\"https:\/\/elglobal.do\/wp-content\/uploads\/2025\/08\/Hector.jpeg\" \/>\n\t<meta property=\"og:image:width\" content=\"800\" \/>\n\t<meta property=\"og:image:height\" content=\"817\" \/>\n\t<meta property=\"og:image:type\" content=\"image\/jpeg\" \/>\n<meta name=\"author\" content=\"EL GLOBAL\" \/>\n<meta name=\"twitter:card\" content=\"summary_large_image\" \/>\n<meta name=\"twitter:label1\" content=\"Escrito por\" \/>\n\t<meta name=\"twitter:data1\" content=\"EL GLOBAL\" \/>\n\t<meta name=\"twitter:label2\" content=\"Tiempo de lectura\" \/>\n\t<meta name=\"twitter:data2\" content=\"1 minuto\" \/>\n<script type=\"application\/ld+json\" class=\"yoast-schema-graph\">{\"@context\":\"https:\/\/schema.org\",\"@graph\":[{\"@type\":\"Article\",\"@id\":\"https:\/\/elglobal.do\/index.php\/2025\/08\/08\/fallece-en-accidente-el-piloto-de-carreras-hector-el-bori-zayas\/#article\",\"isPartOf\":{\"@id\":\"https:\/\/elglobal.do\/index.php\/2025\/08\/08\/fallece-en-accidente-el-piloto-de-carreras-hector-el-bori-zayas\/\"},\"author\":{\"name\":\"EL GLOBAL\",\"@id\":\"https:\/\/elglobal.do\/#\/schema\/person\/0c97ec2c7714fb605d230c292f64d55f\"},\"headline\":\"Fallece en accidente el piloto de carreras H\u00e9ctor \u201cEl Bori\u201d Zayas\",\"datePublished\":\"2025-08-08T17:15:28+00:00\",\"dateModified\":\"2025-08-08T17:15:51+00:00\",\"mainEntityOfPage\":{\"@id\":\"https:\/\/elglobal.do\/index.php\/2025\/08\/08\/fallece-en-accidente-el-piloto-de-carreras-hector-el-bori-zayas\/\"},\"wordCount\":143,\"commentCount\":0,\"publisher\":{\"@id\":\"https:\/\/elglobal.do\/#organization\"},\"image\":{\"@id\":\"https:\/\/elglobal.do\/index.php\/2025\/08\/08\/fallece-en-accidente-el-piloto-de-carreras-hector-el-bori-zayas\/#primaryimage\"},\"thumbnailUrl\":\"https:\/\/elglobal.do\/wp-content\/uploads\/2025\/08\/Hector.jpeg\",\"keywords\":[\"#Carrera\",\"#DeportesGlobal\",\"#ElGlobalInformativo\",\"#H\u00e9ctor\u201cEl Bori\u201dZayas\",\"#Luto\"],\"articleSection\":[\"DEPORTES\"],\"inLanguage\":\"es\",\"potentialAction\":[{\"@type\":\"CommentAction\",\"name\":\"Comment\",\"target\":[\"https:\/\/elglobal.do\/index.php\/2025\/08\/08\/fallece-en-accidente-el-piloto-de-carreras-hector-el-bori-zayas\/#respond\"]}]},{\"@type\":\"WebPage\",\"@id\":\"https:\/\/elglobal.do\/index.php\/2025\/08\/08\/fallece-en-accidente-el-piloto-de-carreras-hector-el-bori-zayas\/\",\"url\":\"https:\/\/elglobal.do\/index.php\/2025\/08\/08\/fallece-en-accidente-el-piloto-de-carreras-hector-el-bori-zayas\/\",\"name\":\"Fallece en accidente el piloto de carreras H\u00e9ctor \u201cEl Bori\u201d Zayas - EL GLOBAL INFORMATIVO\",\"isPartOf\":{\"@id\":\"https:\/\/elglobal.do\/#website\"},\"primaryImageOfPage\":{\"@id\":\"https:\/\/elglobal.do\/index.php\/2025\/08\/08\/fallece-en-accidente-el-piloto-de-carreras-hector-el-bori-zayas\/#primaryimage\"},\"image\":{\"@id\":\"https:\/\/elglobal.do\/index.php\/2025\/08\/08\/fallece-en-accidente-el-piloto-de-carreras-hector-el-bori-zayas\/#primaryimage\"},\"thumbnailUrl\":\"https:\/\/elglobal.do\/wp-content\/uploads\/2025\/08\/Hector.jpeg\",\"datePublished\":\"2025-08-08T17:15:28+00:00\",\"dateModified\":\"2025-08-08T17:15:51+00:00\",\"breadcrumb\":{\"@id\":\"https:\/\/elglobal.do\/index.php\/2025\/08\/08\/fallece-en-accidente-el-piloto-de-carreras-hector-el-bori-zayas\/#breadcrumb\"},\"inLanguage\":\"es\",\"potentialAction\":[{\"@type\":\"ReadAction\",\"target\":[\"https:\/\/elglobal.do\/index.php\/2025\/08\/08\/fallece-en-accidente-el-piloto-de-carreras-hector-el-bori-zayas\/\"]}]},{\"@type\":\"ImageObject\",\"inLanguage\":\"es\",\"@id\":\"https:\/\/elglobal.do\/index.php\/2025\/08\/08\/fallece-en-accidente-el-piloto-de-carreras-hector-el-bori-zayas\/#primaryimage\",\"url\":\"https:\/\/elglobal.do\/wp-content\/uploads\/2025\/08\/Hector.jpeg\",\"contentUrl\":\"https:\/\/elglobal.do\/wp-content\/uploads\/2025\/08\/Hector.jpeg\",\"width\":800,\"height\":817},{\"@type\":\"BreadcrumbList\",\"@id\":\"https:\/\/elglobal.do\/index.php\/2025\/08\/08\/fallece-en-accidente-el-piloto-de-carreras-hector-el-bori-zayas\/#breadcrumb\",\"itemListElement\":[{\"@type\":\"ListItem\",\"position\":1,\"name\":\"Portada\",\"item\":\"https:\/\/elglobal.do\/\"},{\"@type\":\"ListItem\",\"position\":2,\"name\":\"Fallece en accidente el piloto de carreras H\u00e9ctor \u201cEl Bori\u201d Zayas\"}]},{\"@type\":\"WebSite\",\"@id\":\"https:\/\/elglobal.do\/#website\",\"url\":\"https:\/\/elglobal.do\/\",\"name\":\"EL GLOBAL INFORMATIVO\",\"description\":\"Peri\u00f3dico digital de la Rep\u00fablica Dominicana que ofrece noticias, novedades, pol\u00edtica y las \u00faltimas actualidades, con informaci\u00f3n veraz y oportuna para mantenerte siempre informad\",\"publisher\":{\"@id\":\"https:\/\/elglobal.do\/#organization\"},\"potentialAction\":[{\"@type\":\"SearchAction\",\"target\":{\"@type\":\"EntryPoint\",\"urlTemplate\":\"https:\/\/elglobal.do\/?s={search_term_string}\"},\"query-input\":{\"@type\":\"PropertyValueSpecification\",\"valueRequired\":true,\"valueName\":\"search_term_string\"}}],\"inLanguage\":\"es\"},{\"@type\":\"Organization\",\"@id\":\"https:\/\/elglobal.do\/#organization\",\"name\":\"EL GLOBAL.DO INFORMATIVO\",\"url\":\"https:\/\/elglobal.do\/\",\"logo\":{\"@type\":\"ImageObject\",\"inLanguage\":\"es\",\"@id\":\"https:\/\/elglobal.do\/#\/schema\/logo\/image\/\",\"url\":\"https:\/\/elglobal.do\/wp-content\/uploads\/2025\/08\/icon.png\",\"contentUrl\":\"https:\/\/elglobal.do\/wp-content\/uploads\/2025\/08\/icon.png\",\"width\":512,\"height\":512,\"caption\":\"EL GLOBAL.DO INFORMATIVO\"},\"image\":{\"@id\":\"https:\/\/elglobal.do\/#\/schema\/logo\/image\/\"}},{\"@type\":\"Person\",\"@id\":\"https:\/\/elglobal.do\/#\/schema\/person\/0c97ec2c7714fb605d230c292f64d55f\",\"name\":\"EL GLOBAL\",\"image\":{\"@type\":\"ImageObject\",\"inLanguage\":\"es\",\"@id\":\"https:\/\/elglobal.do\/#\/schema\/person\/image\/\",\"url\":\"https:\/\/secure.gravatar.com\/avatar\/081cfb6cf99faddc6f4e23a0c11ab98c5cf302925382d1c88dc3ed757ab910a3?s=96&d=mm&r=g\",\"contentUrl\":\"https:\/\/secure.gravatar.com\/avatar\/081cfb6cf99faddc6f4e23a0c11ab98c5cf302925382d1c88dc3ed757ab910a3?s=96&d=mm&r=g\",\"caption\":\"EL GLOBAL\"},\"description\":\"El Global Informativo es un peri\u00f3dico digital de Rep\u00fablica Dominicana que se dedica a cubrir temas importantes, como la pol\u00edtica local, geopol\u00edtica, econom\u00eda, tecnolog\u00eda, noticias internacionales y eventos relacionados con la gesti\u00f3n social, cultural y humana. Su objetivo principal es mantener a la poblaci\u00f3n informada, ofreciendo una visi\u00f3n amplia y actualizada de lo que sucede tanto en el pa\u00eds como en el mundo. Est\u00e1 dirigido por un grupo de periodistas experimentados, lo que garantiza la calidad y la precisi\u00f3n de la informaci\u00f3n que ofrecen. Tiene su sede en la ciudad de Santo Domingo y es parte integral del portafolio de la empresa, MC Global S.R.L.\",\"sameAs\":[\"https:\/\/elglobal.do\",\"https:\/\/www.instagram.com\/elglobal.do_informativo\/\"],\"url\":\"https:\/\/elglobal.do\/index.php\/author\/elglobaluserpro\/\"}]}<\/script>\n<!-- \/ Yoast SEO plugin. -->","yoast_head_json":{"title":"Fallece en accidente el piloto de carreras H\u00e9ctor \u201cEl Bori\u201d Zayas - EL GLOBAL INFORMATIVO","robots":{"index":"index","follow":"follow","max-snippet":"max-snippet:-1","max-image-preview":"max-image-preview:large","max-video-preview":"max-video-preview:-1"},"canonical":"https:\/\/elglobal.do\/index.php\/2025\/08\/08\/fallece-en-accidente-el-piloto-de-carreras-hector-el-bori-zayas\/","og_locale":"es_ES","og_type":"article","og_title":"Fallece en accidente el piloto de carreras H\u00e9ctor \u201cEl Bori\u201d Zayas - EL GLOBAL INFORMATIVO","og_description":"Santo Domingo. &#8211; El pasado 9 de julio Caribbean Drag Racing League (CDRL) a trav\u00e9s de las redes sociales felicitaba a H\u00e9ctor \u201cEl Bori\u201d Zayas por lograr 180.44 millas por&hellip;","og_url":"https:\/\/elglobal.do\/index.php\/2025\/08\/08\/fallece-en-accidente-el-piloto-de-carreras-hector-el-bori-zayas\/","og_site_name":"EL GLOBAL INFORMATIVO","article_published_time":"2025-08-08T17:15:28+00:00","article_modified_time":"2025-08-08T17:15:51+00:00","og_image":[{"width":800,"height":817,"url":"https:\/\/elglobal.do\/wp-content\/uploads\/2025\/08\/Hector.jpeg","type":"image\/jpeg"}],"author":"EL GLOBAL","twitter_card":"summary_large_image","twitter_misc":{"Escrito por":"EL GLOBAL","Tiempo de lectura":"1 minuto"},"schema":{"@context":"https:\/\/schema.org","@graph":[{"@type":"Article","@id":"https:\/\/elglobal.do\/index.php\/2025\/08\/08\/fallece-en-accidente-el-piloto-de-carreras-hector-el-bori-zayas\/#article","isPartOf":{"@id":"https:\/\/elglobal.do\/index.php\/2025\/08\/08\/fallece-en-accidente-el-piloto-de-carreras-hector-el-bori-zayas\/"},"author":{"name":"EL GLOBAL","@id":"https:\/\/elglobal.do\/#\/schema\/person\/0c97ec2c7714fb605d230c292f64d55f"},"headline":"Fallece en accidente el piloto de carreras H\u00e9ctor \u201cEl Bori\u201d Zayas","datePublished":"2025-08-08T17:15:28+00:00","dateModified":"2025-08-08T17:15:51+00:00","mainEntityOfPage":{"@id":"https:\/\/elglobal.do\/index.php\/2025\/08\/08\/fallece-en-accidente-el-piloto-de-carreras-hector-el-bori-zayas\/"},"wordCount":143,"commentCount":0,"publisher":{"@id":"https:\/\/elglobal.do\/#organization"},"image":{"@id":"https:\/\/elglobal.do\/index.php\/2025\/08\/08\/fallece-en-accidente-el-piloto-de-carreras-hector-el-bori-zayas\/#primaryimage"},"thumbnailUrl":"https:\/\/elglobal.do\/wp-content\/uploads\/2025\/08\/Hector.jpeg","keywords":["#Carrera","#DeportesGlobal","#ElGlobalInformativo","#H\u00e9ctor\u201cEl Bori\u201dZayas","#Luto"],"articleSection":["DEPORTES"],"inLanguage":"es","potentialAction":[{"@type":"CommentAction","name":"Comment","target":["https:\/\/elglobal.do\/index.php\/2025\/08\/08\/fallece-en-accidente-el-piloto-de-carreras-hector-el-bori-zayas\/#respond"]}]},{"@type":"WebPage","@id":"https:\/\/elglobal.do\/index.php\/2025\/08\/08\/fallece-en-accidente-el-piloto-de-carreras-hector-el-bori-zayas\/","url":"https:\/\/elglobal.do\/index.php\/2025\/08\/08\/fallece-en-accidente-el-piloto-de-carreras-hector-el-bori-zayas\/","name":"Fallece en accidente el piloto de carreras H\u00e9ctor \u201cEl Bori\u201d Zayas - EL GLOBAL INFORMATIVO","isPartOf":{"@id":"https:\/\/elglobal.do\/#website"},"primaryImageOfPage":{"@id":"https:\/\/elglobal.do\/index.php\/2025\/08\/08\/fallece-en-accidente-el-piloto-de-carreras-hector-el-bori-zayas\/#primaryimage"},"image":{"@id":"https:\/\/elglobal.do\/index.php\/2025\/08\/08\/fallece-en-accidente-el-piloto-de-carreras-hector-el-bori-zayas\/#primaryimage"},"thumbnailUrl":"https:\/\/elglobal.do\/wp-content\/uploads\/2025\/08\/Hector.jpeg","datePublished":"2025-08-08T17:15:28+00:00","dateModified":"2025-08-08T17:15:51+00:00","breadcrumb":{"@id":"https:\/\/elglobal.do\/index.php\/2025\/08\/08\/fallece-en-accidente-el-piloto-de-carreras-hector-el-bori-zayas\/#breadcrumb"},"inLanguage":"es","potentialAction":[{"@type":"ReadAction","target":["https:\/\/elglobal.do\/index.php\/2025\/08\/08\/fallece-en-accidente-el-piloto-de-carreras-hector-el-bori-zayas\/"]}]},{"@type":"ImageObject","inLanguage":"es","@id":"https:\/\/elglobal.do\/index.php\/2025\/08\/08\/fallece-en-accidente-el-piloto-de-carreras-hector-el-bori-zayas\/#primaryimage","url":"https:\/\/elglobal.do\/wp-content\/uploads\/2025\/08\/Hector.jpeg","contentUrl":"https:\/\/elglobal.do\/wp-content\/uploads\/2025\/08\/Hector.jpeg","width":800,"height":817},{"@type":"BreadcrumbList","@id":"https:\/\/elglobal.do\/index.php\/2025\/08\/08\/fallece-en-accidente-el-piloto-de-carreras-hector-el-bori-zayas\/#breadcrumb","itemListElement":[{"@type":"ListItem","position":1,"name":"Portada","item":"https:\/\/elglobal.do\/"},{"@type":"ListItem","position":2,"name":"Fallece en accidente el piloto de carreras H\u00e9ctor \u201cEl Bori\u201d Zayas"}]},{"@type":"WebSite","@id":"https:\/\/elglobal.do\/#website","url":"https:\/\/elglobal.do\/","name":"EL GLOBAL INFORMATIVO","description":"Peri\u00f3dico digital de la Rep\u00fablica Dominicana que ofrece noticias, novedades, pol\u00edtica y las \u00faltimas actualidades, con informaci\u00f3n veraz y oportuna para mantenerte siempre informad","publisher":{"@id":"https:\/\/elglobal.do\/#organization"},"potentialAction":[{"@type":"SearchAction","target":{"@type":"EntryPoint","urlTemplate":"https:\/\/elglobal.do\/?s={search_term_string}"},"query-input":{"@type":"PropertyValueSpecification","valueRequired":true,"valueName":"search_term_string"}}],"inLanguage":"es"},{"@type":"Organization","@id":"https:\/\/elglobal.do\/#organization","name":"EL GLOBAL.DO INFORMATIVO","url":"https:\/\/elglobal.do\/","logo":{"@type":"ImageObject","inLanguage":"es","@id":"https:\/\/elglobal.do\/#\/schema\/logo\/image\/","url":"https:\/\/elglobal.do\/wp-content\/uploads\/2025\/08\/icon.png","contentUrl":"https:\/\/elglobal.do\/wp-content\/uploads\/2025\/08\/icon.png","width":512,"height":512,"caption":"EL GLOBAL.DO INFORMATIVO"},"image":{"@id":"https:\/\/elglobal.do\/#\/schema\/logo\/image\/"}},{"@type":"Person","@id":"https:\/\/elglobal.do\/#\/schema\/person\/0c97ec2c7714fb605d230c292f64d55f","name":"EL GLOBAL","image":{"@type":"ImageObject","inLanguage":"es","@id":"https:\/\/elglobal.do\/#\/schema\/person\/image\/","url":"https:\/\/secure.gravatar.com\/avatar\/081cfb6cf99faddc6f4e23a0c11ab98c5cf302925382d1c88dc3ed757ab910a3?s=96&d=mm&r=g","contentUrl":"https:\/\/secure.gravatar.com\/avatar\/081cfb6cf99faddc6f4e23a0c11ab98c5cf302925382d1c88dc3ed757ab910a3?s=96&d=mm&r=g","caption":"EL GLOBAL"},"description":"El Global Informativo es un peri\u00f3dico digital de Rep\u00fablica Dominicana que se dedica a cubrir temas importantes, como la pol\u00edtica local, geopol\u00edtica, econom\u00eda, tecnolog\u00eda, noticias internacionales y eventos relacionados con la gesti\u00f3n social, cultural y humana. Su objetivo principal es mantener a la poblaci\u00f3n informada, ofreciendo una visi\u00f3n amplia y actualizada de lo que sucede tanto en el pa\u00eds como en el mundo. Est\u00e1 dirigido por un grupo de periodistas experimentados, lo que garantiza la calidad y la precisi\u00f3n de la informaci\u00f3n que ofrecen. Tiene su sede en la ciudad de Santo Domingo y es parte integral del portafolio de la empresa, MC Global S.R.L.","sameAs":["https:\/\/elglobal.do","https:\/\/www.instagram.com\/elglobal.do_informativo\/"],"url":"https:\/\/elglobal.do\/index.php\/author\/elglobaluserpro\/"}]}},"jetpack_featured_media_url":"https:\/\/elglobal.do\/wp-content\/uploads\/2025\/08\/Hector.jpeg","jetpack_sharing_enabled":true,"_links":{"self":[{"href":"https:\/\/elglobal.do\/index.php\/wp-json\/wp\/v2\/posts\/838","targetHints":{"allow":["GET"]}}],"collection":[{"href":"https:\/\/elglobal.do\/index.php\/wp-json\/wp\/v2\/posts"}],"about":[{"href":"https:\/\/elglobal.do\/index.php\/wp-json\/wp\/v2\/types\/post"}],"author":[{"embeddable":true,"href":"https:\/\/elglobal.do\/index.php\/wp-json\/wp\/v2\/users\/1"}],"replies":[{"embeddable":true,"href":"https:\/\/elglobal.do\/index.php\/wp-json\/wp\/v2\/comments?post=838"}],"version-history":[{"count":1,"href":"https:\/\/elglobal.do\/index.php\/wp-json\/wp\/v2\/posts\/838\/revisions"}],"predecessor-version":[{"id":840,"href":"https:\/\/elglobal.do\/index.php\/wp-json\/wp\/v2\/posts\/838\/revisions\/840"}],"wp:featuredmedia":[{"embeddable":true,"href":"https:\/\/elglobal.do\/index.php\/wp-json\/wp\/v2\/media\/839"}],"wp:attachment":[{"href":"https:\/\/elglobal.do\/index.php\/wp-json\/wp\/v2\/media?parent=838"}],"wp:term":[{"taxonomy":"category","embeddable":true,"href":"https:\/\/elglobal.do\/index.php\/wp-json\/wp\/v2\/categories?post=838"},{"taxonomy":"post_tag","embeddable":true,"href":"https:\/\/elglobal.do\/index.php\/wp-json\/wp\/v2\/tags?post=838"}],"curies":[{"name":"wp","href":"https:\/\/api.w.org\/{rel}","templated":true}]}}