{"id":844,"date":"2025-08-08T15:34:49","date_gmt":"2025-08-08T19:34:49","guid":{"rendered":"https:\/\/elglobal.do\/?p=844"},"modified":"2025-08-08T15:35:50","modified_gmt":"2025-08-08T19:35:50","slug":"a-cuatro-meses-de-la-tragedia-del-jet-set-la-comunidad-exige-justicia-y-un-monumento-en-honor-a-las-victimas","status":"publish","type":"post","link":"https:\/\/elglobal.do\/index.php\/2025\/08\/08\/a-cuatro-meses-de-la-tragedia-del-jet-set-la-comunidad-exige-justicia-y-un-monumento-en-honor-a-las-victimas\/","title":{"rendered":"A cuatro meses de la tragedia del Jet Set, la comunidad exige justicia y un monumento en honor a las v\u00edctimas"},"content":{"rendered":"\n<figure class=\"wp-block-image size-large\"><img loading=\"lazy\" decoding=\"async\" width=\"1024\" height=\"576\" src=\"https:\/\/elglobal.do\/wp-content\/uploads\/2025\/08\/WhatsApp-Image-2025-08-08-at-12.08.08-PM-1024x576.jpeg\" alt=\"\" class=\"wp-image-845\" srcset=\"https:\/\/elglobal.do\/wp-content\/uploads\/2025\/08\/WhatsApp-Image-2025-08-08-at-12.08.08-PM-1024x576.jpeg 1024w, https:\/\/elglobal.do\/wp-content\/uploads\/2025\/08\/WhatsApp-Image-2025-08-08-at-12.08.08-PM-300x169.jpeg 300w, https:\/\/elglobal.do\/wp-content\/uploads\/2025\/08\/WhatsApp-Image-2025-08-08-at-12.08.08-PM-768x432.jpeg 768w, https:\/\/elglobal.do\/wp-content\/uploads\/2025\/08\/WhatsApp-Image-2025-08-08-at-12.08.08-PM-1536x864.jpeg 1536w, https:\/\/elglobal.do\/wp-content\/uploads\/2025\/08\/WhatsApp-Image-2025-08-08-at-12.08.08-PM.jpeg 1600w\" sizes=\"auto, (max-width: 1024px) 100vw, 1024px\" \/><\/figure>\n\n\n\n<p><strong>Santo Domingo<\/strong>.<strong>&#8211;<\/strong>  <strong>La dolorosa tragedia que ocurri\u00f3 hace cuatro meses en la discoteca Jet Set, sigue marcando a la comunidad<\/strong> que hoy clama por justicia y por un acto de memoria en honor a las m\u00e1s de 200 v\u00edctimas fatales.<\/p>\n\n\n\n<p><strong>El edificio, que se ha convertido en un s\u00edmbolo de dolor y p\u00e9rdida, permanece en pie, de color negro y con un aspecto sombr\u00edo, como un recordatorio silencioso de aquella fat\u00eddica noche. <\/strong>Los familiares y residentes del sector El Portal acuden all\u00ed para llorar a sus seres queridos, dejando flores y rezando en un acto de duelo que a\u00fan no encuentra cierre.<\/p>\n\n\n\n<p>Los residentes <strong>exigen que las autoridades declaren el lugar de utilidad p\u00fablica y construyan un monumento o mausoleo que honre la memoria de los fallecidos<\/strong>, en un intento por transformar el dolor en un acto de memoria y esperanza.<\/p>\n\n\n\n<figure class=\"wp-block-image size-large\"><img loading=\"lazy\" decoding=\"async\" width=\"1024\" height=\"576\" src=\"https:\/\/elglobal.do\/wp-content\/uploads\/2025\/08\/WhatsApp-Image-2025-08-08-at-12.08.08-PM-2-1024x576.jpeg\" alt=\"\" class=\"wp-image-846\" srcset=\"https:\/\/elglobal.do\/wp-content\/uploads\/2025\/08\/WhatsApp-Image-2025-08-08-at-12.08.08-PM-2-1024x576.jpeg 1024w, https:\/\/elglobal.do\/wp-content\/uploads\/2025\/08\/WhatsApp-Image-2025-08-08-at-12.08.08-PM-2-300x169.jpeg 300w, https:\/\/elglobal.do\/wp-content\/uploads\/2025\/08\/WhatsApp-Image-2025-08-08-at-12.08.08-PM-2-768x432.jpeg 768w, https:\/\/elglobal.do\/wp-content\/uploads\/2025\/08\/WhatsApp-Image-2025-08-08-at-12.08.08-PM-2-1536x864.jpeg 1536w, https:\/\/elglobal.do\/wp-content\/uploads\/2025\/08\/WhatsApp-Image-2025-08-08-at-12.08.08-PM-2.jpeg 1600w\" sizes=\"auto, (max-width: 1024px) 100vw, 1024px\" \/><\/figure>\n\n\n\n<p><strong>El padre Rogelio, obispo de la Di\u00f3cesis Padre Montesinos,<\/strong> expres\u00f3 su indignaci\u00f3n ante la falta de justicia: \u201cEl resultado del proceso judicial ha sido una burla. Lo m\u00ednimo que podemos exigir es un memorial en honor a los ca\u00eddos\u201d. <\/p>\n\n\n\n<p>El religioso manifest\u00f3 que el 8 de cada mes realizaran una misa por los fallecidos y no callar\u00e1n hasta lograr que se haga justicia.<\/p>\n\n\n\n<p>Mientras tanto, la comunidad sigue enfrentando el impacto emocional y psicol\u00f3gico de la tragedia, <strong>ocurrida el 8 de abril<\/strong> en horas de la madrugda. Aunque en meses pasados aumentaron las visitas de familiares, hoy solo algunos se atreven a volver, dejando flores y compartiendo su angustia.<\/p>\n\n\n\n<p>Por otro lado, la reciente imposici\u00f3n de una multa de 50 millones de pesos a los due\u00f1os de la discoteca ha generado una profunda decepci\u00f3n entre los familiares, quienes esperan que el tribunal fije una fecha para la audiencia de apelaci\u00f3n y que se haga justicia de una vez por todas.<\/p>\n\n\n\n<p><strong>La comunidad no olvida, y exige que la memoria de las v\u00edctimas perdure, que se haga justicia y que nunca se repita una tragedia como esta.<\/strong><\/p>\n\n\n\n<p><\/p>\n","protected":false},"excerpt":{"rendered":"<p>Santo Domingo.&#8211; La dolorosa tragedia que ocurri\u00f3 hace cuatro meses en la discoteca Jet Set, sigue marcando a la comunidad que hoy clama por justicia y por un acto de&hellip; <\/p>\n","protected":false},"author":1,"featured_media":845,"comment_status":"open","ping_status":"open","sticky":false,"template":"","format":"standard","meta":{"_jetpack_memberships_contains_paid_content":false,"footnotes":""},"categories":[330,40],"tags":[340,98,339,344,343,341],"class_list":["post-844","post","type-post","status-publish","format-standard","has-post-thumbnail","hentry","category-justicia-nacionales","category-nacionales","tag-4meses","tag-elglobalinformativo","tag-jet-set","tag-mausoleo","tag-monumento","tag-tragedia-fatal"],"yoast_head":"<!-- This site is optimized with the Yoast SEO plugin v26.9 - https:\/\/yoast.com\/product\/yoast-seo-wordpress\/ -->\n<title>A cuatro meses de la tragedia del Jet Set, la comunidad exige justicia y un monumento en honor a las v\u00edctimas - EL GLOBAL INFORMATIVO<\/title>\n<meta name=\"robots\" content=\"index, follow, max-snippet:-1, max-image-preview:large, max-video-preview:-1\" \/>\n<link rel=\"canonical\" href=\"https:\/\/elglobal.do\/index.php\/2025\/08\/08\/a-cuatro-meses-de-la-tragedia-del-jet-set-la-comunidad-exige-justicia-y-un-monumento-en-honor-a-las-victimas\/\" \/>\n<meta property=\"og:locale\" content=\"es_ES\" \/>\n<meta property=\"og:type\" content=\"article\" \/>\n<meta property=\"og:title\" content=\"A cuatro meses de la tragedia del Jet Set, la comunidad exige justicia y un monumento en honor a las v\u00edctimas - EL GLOBAL INFORMATIVO\" \/>\n<meta property=\"og:description\" content=\"Santo Domingo.&#8211; La dolorosa tragedia que ocurri\u00f3 hace cuatro meses en la discoteca Jet Set, sigue marcando a la comunidad que hoy clama por justicia y por un acto de&hellip;\" \/>\n<meta property=\"og:url\" content=\"https:\/\/elglobal.do\/index.php\/2025\/08\/08\/a-cuatro-meses-de-la-tragedia-del-jet-set-la-comunidad-exige-justicia-y-un-monumento-en-honor-a-las-victimas\/\" \/>\n<meta property=\"og:site_name\" content=\"EL GLOBAL INFORMATIVO\" \/>\n<meta property=\"article:published_time\" content=\"2025-08-08T19:34:49+00:00\" \/>\n<meta property=\"article:modified_time\" content=\"2025-08-08T19:35:50+00:00\" \/>\n<meta property=\"og:image\" content=\"https:\/\/elglobal.do\/wp-content\/uploads\/2025\/08\/WhatsApp-Image-2025-08-08-at-12.08.08-PM.jpeg\" \/>\n\t<meta property=\"og:image:width\" content=\"1600\" \/>\n\t<meta property=\"og:image:height\" content=\"900\" \/>\n\t<meta property=\"og:image:type\" content=\"image\/jpeg\" \/>\n<meta name=\"author\" content=\"EL GLOBAL\" \/>\n<meta name=\"twitter:card\" content=\"summary_large_image\" \/>\n<meta name=\"twitter:label1\" content=\"Escrito por\" \/>\n\t<meta name=\"twitter:data1\" content=\"EL GLOBAL\" \/>\n\t<meta name=\"twitter:label2\" content=\"Tiempo de lectura\" \/>\n\t<meta name=\"twitter:data2\" content=\"2 minutos\" \/>\n<script type=\"application\/ld+json\" class=\"yoast-schema-graph\">{\"@context\":\"https:\/\/schema.org\",\"@graph\":[{\"@type\":\"Article\",\"@id\":\"https:\/\/elglobal.do\/index.php\/2025\/08\/08\/a-cuatro-meses-de-la-tragedia-del-jet-set-la-comunidad-exige-justicia-y-un-monumento-en-honor-a-las-victimas\/#article\",\"isPartOf\":{\"@id\":\"https:\/\/elglobal.do\/index.php\/2025\/08\/08\/a-cuatro-meses-de-la-tragedia-del-jet-set-la-comunidad-exige-justicia-y-un-monumento-en-honor-a-las-victimas\/\"},\"author\":{\"name\":\"EL GLOBAL\",\"@id\":\"https:\/\/elglobal.do\/#\/schema\/person\/0c97ec2c7714fb605d230c292f64d55f\"},\"headline\":\"A cuatro meses de la tragedia del Jet Set, la comunidad exige justicia y un monumento en honor a las v\u00edctimas\",\"datePublished\":\"2025-08-08T19:34:49+00:00\",\"dateModified\":\"2025-08-08T19:35:50+00:00\",\"mainEntityOfPage\":{\"@id\":\"https:\/\/elglobal.do\/index.php\/2025\/08\/08\/a-cuatro-meses-de-la-tragedia-del-jet-set-la-comunidad-exige-justicia-y-un-monumento-en-honor-a-las-victimas\/\"},\"wordCount\":365,\"commentCount\":0,\"publisher\":{\"@id\":\"https:\/\/elglobal.do\/#organization\"},\"image\":{\"@id\":\"https:\/\/elglobal.do\/index.php\/2025\/08\/08\/a-cuatro-meses-de-la-tragedia-del-jet-set-la-comunidad-exige-justicia-y-un-monumento-en-honor-a-las-victimas\/#primaryimage\"},\"thumbnailUrl\":\"https:\/\/elglobal.do\/wp-content\/uploads\/2025\/08\/WhatsApp-Image-2025-08-08-at-12.08.08-PM.jpeg\",\"keywords\":[\"#4meses\",\"#ElGlobalInformativo\",\"#jet set\",\"#mausoleo\",\"#monumento\",\"#tragedia fatal\"],\"articleSection\":[\"JUSTICIA\",\"NACIONALES\"],\"inLanguage\":\"es\",\"potentialAction\":[{\"@type\":\"CommentAction\",\"name\":\"Comment\",\"target\":[\"https:\/\/elglobal.do\/index.php\/2025\/08\/08\/a-cuatro-meses-de-la-tragedia-del-jet-set-la-comunidad-exige-justicia-y-un-monumento-en-honor-a-las-victimas\/#respond\"]}]},{\"@type\":\"WebPage\",\"@id\":\"https:\/\/elglobal.do\/index.php\/2025\/08\/08\/a-cuatro-meses-de-la-tragedia-del-jet-set-la-comunidad-exige-justicia-y-un-monumento-en-honor-a-las-victimas\/\",\"url\":\"https:\/\/elglobal.do\/index.php\/2025\/08\/08\/a-cuatro-meses-de-la-tragedia-del-jet-set-la-comunidad-exige-justicia-y-un-monumento-en-honor-a-las-victimas\/\",\"name\":\"A cuatro meses de la tragedia del Jet Set, la comunidad exige justicia y un monumento en honor a las v\u00edctimas - EL GLOBAL INFORMATIVO\",\"isPartOf\":{\"@id\":\"https:\/\/elglobal.do\/#website\"},\"primaryImageOfPage\":{\"@id\":\"https:\/\/elglobal.do\/index.php\/2025\/08\/08\/a-cuatro-meses-de-la-tragedia-del-jet-set-la-comunidad-exige-justicia-y-un-monumento-en-honor-a-las-victimas\/#primaryimage\"},\"image\":{\"@id\":\"https:\/\/elglobal.do\/index.php\/2025\/08\/08\/a-cuatro-meses-de-la-tragedia-del-jet-set-la-comunidad-exige-justicia-y-un-monumento-en-honor-a-las-victimas\/#primaryimage\"},\"thumbnailUrl\":\"https:\/\/elglobal.do\/wp-content\/uploads\/2025\/08\/WhatsApp-Image-2025-08-08-at-12.08.08-PM.jpeg\",\"datePublished\":\"2025-08-08T19:34:49+00:00\",\"dateModified\":\"2025-08-08T19:35:50+00:00\",\"breadcrumb\":{\"@id\":\"https:\/\/elglobal.do\/index.php\/2025\/08\/08\/a-cuatro-meses-de-la-tragedia-del-jet-set-la-comunidad-exige-justicia-y-un-monumento-en-honor-a-las-victimas\/#breadcrumb\"},\"inLanguage\":\"es\",\"potentialAction\":[{\"@type\":\"ReadAction\",\"target\":[\"https:\/\/elglobal.do\/index.php\/2025\/08\/08\/a-cuatro-meses-de-la-tragedia-del-jet-set-la-comunidad-exige-justicia-y-un-monumento-en-honor-a-las-victimas\/\"]}]},{\"@type\":\"ImageObject\",\"inLanguage\":\"es\",\"@id\":\"https:\/\/elglobal.do\/index.php\/2025\/08\/08\/a-cuatro-meses-de-la-tragedia-del-jet-set-la-comunidad-exige-justicia-y-un-monumento-en-honor-a-las-victimas\/#primaryimage\",\"url\":\"https:\/\/elglobal.do\/wp-content\/uploads\/2025\/08\/WhatsApp-Image-2025-08-08-at-12.08.08-PM.jpeg\",\"contentUrl\":\"https:\/\/elglobal.do\/wp-content\/uploads\/2025\/08\/WhatsApp-Image-2025-08-08-at-12.08.08-PM.jpeg\",\"width\":1600,\"height\":900},{\"@type\":\"BreadcrumbList\",\"@id\":\"https:\/\/elglobal.do\/index.php\/2025\/08\/08\/a-cuatro-meses-de-la-tragedia-del-jet-set-la-comunidad-exige-justicia-y-un-monumento-en-honor-a-las-victimas\/#breadcrumb\",\"itemListElement\":[{\"@type\":\"ListItem\",\"position\":1,\"name\":\"Portada\",\"item\":\"https:\/\/elglobal.do\/\"},{\"@type\":\"ListItem\",\"position\":2,\"name\":\"A cuatro meses de la tragedia del Jet Set, la comunidad exige justicia y un monumento en honor a las v\u00edctimas\"}]},{\"@type\":\"WebSite\",\"@id\":\"https:\/\/elglobal.do\/#website\",\"url\":\"https:\/\/elglobal.do\/\",\"name\":\"EL GLOBAL INFORMATIVO\",\"description\":\"Peri\u00f3dico digital de la Rep\u00fablica Dominicana que ofrece noticias, novedades, pol\u00edtica y las \u00faltimas actualidades, con informaci\u00f3n veraz y oportuna para mantenerte siempre informad\",\"publisher\":{\"@id\":\"https:\/\/elglobal.do\/#organization\"},\"potentialAction\":[{\"@type\":\"SearchAction\",\"target\":{\"@type\":\"EntryPoint\",\"urlTemplate\":\"https:\/\/elglobal.do\/?s={search_term_string}\"},\"query-input\":{\"@type\":\"PropertyValueSpecification\",\"valueRequired\":true,\"valueName\":\"search_term_string\"}}],\"inLanguage\":\"es\"},{\"@type\":\"Organization\",\"@id\":\"https:\/\/elglobal.do\/#organization\",\"name\":\"EL GLOBAL.DO INFORMATIVO\",\"url\":\"https:\/\/elglobal.do\/\",\"logo\":{\"@type\":\"ImageObject\",\"inLanguage\":\"es\",\"@id\":\"https:\/\/elglobal.do\/#\/schema\/logo\/image\/\",\"url\":\"https:\/\/elglobal.do\/wp-content\/uploads\/2025\/08\/icon.png\",\"contentUrl\":\"https:\/\/elglobal.do\/wp-content\/uploads\/2025\/08\/icon.png\",\"width\":512,\"height\":512,\"caption\":\"EL GLOBAL.DO INFORMATIVO\"},\"image\":{\"@id\":\"https:\/\/elglobal.do\/#\/schema\/logo\/image\/\"}},{\"@type\":\"Person\",\"@id\":\"https:\/\/elglobal.do\/#\/schema\/person\/0c97ec2c7714fb605d230c292f64d55f\",\"name\":\"EL GLOBAL\",\"image\":{\"@type\":\"ImageObject\",\"inLanguage\":\"es\",\"@id\":\"https:\/\/elglobal.do\/#\/schema\/person\/image\/\",\"url\":\"https:\/\/secure.gravatar.com\/avatar\/081cfb6cf99faddc6f4e23a0c11ab98c5cf302925382d1c88dc3ed757ab910a3?s=96&d=mm&r=g\",\"contentUrl\":\"https:\/\/secure.gravatar.com\/avatar\/081cfb6cf99faddc6f4e23a0c11ab98c5cf302925382d1c88dc3ed757ab910a3?s=96&d=mm&r=g\",\"caption\":\"EL GLOBAL\"},\"description\":\"El Global Informativo es un peri\u00f3dico digital de Rep\u00fablica Dominicana que se dedica a cubrir temas importantes, como la pol\u00edtica local, geopol\u00edtica, econom\u00eda, tecnolog\u00eda, noticias internacionales y eventos relacionados con la gesti\u00f3n social, cultural y humana. Su objetivo principal es mantener a la poblaci\u00f3n informada, ofreciendo una visi\u00f3n amplia y actualizada de lo que sucede tanto en el pa\u00eds como en el mundo. Est\u00e1 dirigido por un grupo de periodistas experimentados, lo que garantiza la calidad y la precisi\u00f3n de la informaci\u00f3n que ofrecen. Tiene su sede en la ciudad de Santo Domingo y es parte integral del portafolio de la empresa, MC Global S.R.L.\",\"sameAs\":[\"https:\/\/elglobal.do\",\"https:\/\/www.instagram.com\/elglobal.do_informativo\/\"],\"url\":\"https:\/\/elglobal.do\/index.php\/author\/elglobaluserpro\/\"}]}<\/script>\n<!-- \/ Yoast SEO plugin. -->","yoast_head_json":{"title":"A cuatro meses de la tragedia del Jet Set, la comunidad exige justicia y un monumento en honor a las v\u00edctimas - EL GLOBAL INFORMATIVO","robots":{"index":"index","follow":"follow","max-snippet":"max-snippet:-1","max-image-preview":"max-image-preview:large","max-video-preview":"max-video-preview:-1"},"canonical":"https:\/\/elglobal.do\/index.php\/2025\/08\/08\/a-cuatro-meses-de-la-tragedia-del-jet-set-la-comunidad-exige-justicia-y-un-monumento-en-honor-a-las-victimas\/","og_locale":"es_ES","og_type":"article","og_title":"A cuatro meses de la tragedia del Jet Set, la comunidad exige justicia y un monumento en honor a las v\u00edctimas - EL GLOBAL INFORMATIVO","og_description":"Santo Domingo.&#8211; La dolorosa tragedia que ocurri\u00f3 hace cuatro meses en la discoteca Jet Set, sigue marcando a la comunidad que hoy clama por justicia y por un acto de&hellip;","og_url":"https:\/\/elglobal.do\/index.php\/2025\/08\/08\/a-cuatro-meses-de-la-tragedia-del-jet-set-la-comunidad-exige-justicia-y-un-monumento-en-honor-a-las-victimas\/","og_site_name":"EL GLOBAL INFORMATIVO","article_published_time":"2025-08-08T19:34:49+00:00","article_modified_time":"2025-08-08T19:35:50+00:00","og_image":[{"width":1600,"height":900,"url":"https:\/\/elglobal.do\/wp-content\/uploads\/2025\/08\/WhatsApp-Image-2025-08-08-at-12.08.08-PM.jpeg","type":"image\/jpeg"}],"author":"EL GLOBAL","twitter_card":"summary_large_image","twitter_misc":{"Escrito por":"EL GLOBAL","Tiempo de lectura":"2 minutos"},"schema":{"@context":"https:\/\/schema.org","@graph":[{"@type":"Article","@id":"https:\/\/elglobal.do\/index.php\/2025\/08\/08\/a-cuatro-meses-de-la-tragedia-del-jet-set-la-comunidad-exige-justicia-y-un-monumento-en-honor-a-las-victimas\/#article","isPartOf":{"@id":"https:\/\/elglobal.do\/index.php\/2025\/08\/08\/a-cuatro-meses-de-la-tragedia-del-jet-set-la-comunidad-exige-justicia-y-un-monumento-en-honor-a-las-victimas\/"},"author":{"name":"EL GLOBAL","@id":"https:\/\/elglobal.do\/#\/schema\/person\/0c97ec2c7714fb605d230c292f64d55f"},"headline":"A cuatro meses de la tragedia del Jet Set, la comunidad exige justicia y un monumento en honor a las v\u00edctimas","datePublished":"2025-08-08T19:34:49+00:00","dateModified":"2025-08-08T19:35:50+00:00","mainEntityOfPage":{"@id":"https:\/\/elglobal.do\/index.php\/2025\/08\/08\/a-cuatro-meses-de-la-tragedia-del-jet-set-la-comunidad-exige-justicia-y-un-monumento-en-honor-a-las-victimas\/"},"wordCount":365,"commentCount":0,"publisher":{"@id":"https:\/\/elglobal.do\/#organization"},"image":{"@id":"https:\/\/elglobal.do\/index.php\/2025\/08\/08\/a-cuatro-meses-de-la-tragedia-del-jet-set-la-comunidad-exige-justicia-y-un-monumento-en-honor-a-las-victimas\/#primaryimage"},"thumbnailUrl":"https:\/\/elglobal.do\/wp-content\/uploads\/2025\/08\/WhatsApp-Image-2025-08-08-at-12.08.08-PM.jpeg","keywords":["#4meses","#ElGlobalInformativo","#jet set","#mausoleo","#monumento","#tragedia fatal"],"articleSection":["JUSTICIA","NACIONALES"],"inLanguage":"es","potentialAction":[{"@type":"CommentAction","name":"Comment","target":["https:\/\/elglobal.do\/index.php\/2025\/08\/08\/a-cuatro-meses-de-la-tragedia-del-jet-set-la-comunidad-exige-justicia-y-un-monumento-en-honor-a-las-victimas\/#respond"]}]},{"@type":"WebPage","@id":"https:\/\/elglobal.do\/index.php\/2025\/08\/08\/a-cuatro-meses-de-la-tragedia-del-jet-set-la-comunidad-exige-justicia-y-un-monumento-en-honor-a-las-victimas\/","url":"https:\/\/elglobal.do\/index.php\/2025\/08\/08\/a-cuatro-meses-de-la-tragedia-del-jet-set-la-comunidad-exige-justicia-y-un-monumento-en-honor-a-las-victimas\/","name":"A cuatro meses de la tragedia del Jet Set, la comunidad exige justicia y un monumento en honor a las v\u00edctimas - EL GLOBAL INFORMATIVO","isPartOf":{"@id":"https:\/\/elglobal.do\/#website"},"primaryImageOfPage":{"@id":"https:\/\/elglobal.do\/index.php\/2025\/08\/08\/a-cuatro-meses-de-la-tragedia-del-jet-set-la-comunidad-exige-justicia-y-un-monumento-en-honor-a-las-victimas\/#primaryimage"},"image":{"@id":"https:\/\/elglobal.do\/index.php\/2025\/08\/08\/a-cuatro-meses-de-la-tragedia-del-jet-set-la-comunidad-exige-justicia-y-un-monumento-en-honor-a-las-victimas\/#primaryimage"},"thumbnailUrl":"https:\/\/elglobal.do\/wp-content\/uploads\/2025\/08\/WhatsApp-Image-2025-08-08-at-12.08.08-PM.jpeg","datePublished":"2025-08-08T19:34:49+00:00","dateModified":"2025-08-08T19:35:50+00:00","breadcrumb":{"@id":"https:\/\/elglobal.do\/index.php\/2025\/08\/08\/a-cuatro-meses-de-la-tragedia-del-jet-set-la-comunidad-exige-justicia-y-un-monumento-en-honor-a-las-victimas\/#breadcrumb"},"inLanguage":"es","potentialAction":[{"@type":"ReadAction","target":["https:\/\/elglobal.do\/index.php\/2025\/08\/08\/a-cuatro-meses-de-la-tragedia-del-jet-set-la-comunidad-exige-justicia-y-un-monumento-en-honor-a-las-victimas\/"]}]},{"@type":"ImageObject","inLanguage":"es","@id":"https:\/\/elglobal.do\/index.php\/2025\/08\/08\/a-cuatro-meses-de-la-tragedia-del-jet-set-la-comunidad-exige-justicia-y-un-monumento-en-honor-a-las-victimas\/#primaryimage","url":"https:\/\/elglobal.do\/wp-content\/uploads\/2025\/08\/WhatsApp-Image-2025-08-08-at-12.08.08-PM.jpeg","contentUrl":"https:\/\/elglobal.do\/wp-content\/uploads\/2025\/08\/WhatsApp-Image-2025-08-08-at-12.08.08-PM.jpeg","width":1600,"height":900},{"@type":"BreadcrumbList","@id":"https:\/\/elglobal.do\/index.php\/2025\/08\/08\/a-cuatro-meses-de-la-tragedia-del-jet-set-la-comunidad-exige-justicia-y-un-monumento-en-honor-a-las-victimas\/#breadcrumb","itemListElement":[{"@type":"ListItem","position":1,"name":"Portada","item":"https:\/\/elglobal.do\/"},{"@type":"ListItem","position":2,"name":"A cuatro meses de la tragedia del Jet Set, la comunidad exige justicia y un monumento en honor a las v\u00edctimas"}]},{"@type":"WebSite","@id":"https:\/\/elglobal.do\/#website","url":"https:\/\/elglobal.do\/","name":"EL GLOBAL INFORMATIVO","description":"Peri\u00f3dico digital de la Rep\u00fablica Dominicana que ofrece noticias, novedades, pol\u00edtica y las \u00faltimas actualidades, con informaci\u00f3n veraz y oportuna para mantenerte siempre informad","publisher":{"@id":"https:\/\/elglobal.do\/#organization"},"potentialAction":[{"@type":"SearchAction","target":{"@type":"EntryPoint","urlTemplate":"https:\/\/elglobal.do\/?s={search_term_string}"},"query-input":{"@type":"PropertyValueSpecification","valueRequired":true,"valueName":"search_term_string"}}],"inLanguage":"es"},{"@type":"Organization","@id":"https:\/\/elglobal.do\/#organization","name":"EL GLOBAL.DO INFORMATIVO","url":"https:\/\/elglobal.do\/","logo":{"@type":"ImageObject","inLanguage":"es","@id":"https:\/\/elglobal.do\/#\/schema\/logo\/image\/","url":"https:\/\/elglobal.do\/wp-content\/uploads\/2025\/08\/icon.png","contentUrl":"https:\/\/elglobal.do\/wp-content\/uploads\/2025\/08\/icon.png","width":512,"height":512,"caption":"EL GLOBAL.DO INFORMATIVO"},"image":{"@id":"https:\/\/elglobal.do\/#\/schema\/logo\/image\/"}},{"@type":"Person","@id":"https:\/\/elglobal.do\/#\/schema\/person\/0c97ec2c7714fb605d230c292f64d55f","name":"EL GLOBAL","image":{"@type":"ImageObject","inLanguage":"es","@id":"https:\/\/elglobal.do\/#\/schema\/person\/image\/","url":"https:\/\/secure.gravatar.com\/avatar\/081cfb6cf99faddc6f4e23a0c11ab98c5cf302925382d1c88dc3ed757ab910a3?s=96&d=mm&r=g","contentUrl":"https:\/\/secure.gravatar.com\/avatar\/081cfb6cf99faddc6f4e23a0c11ab98c5cf302925382d1c88dc3ed757ab910a3?s=96&d=mm&r=g","caption":"EL GLOBAL"},"description":"El Global Informativo es un peri\u00f3dico digital de Rep\u00fablica Dominicana que se dedica a cubrir temas importantes, como la pol\u00edtica local, geopol\u00edtica, econom\u00eda, tecnolog\u00eda, noticias internacionales y eventos relacionados con la gesti\u00f3n social, cultural y humana. Su objetivo principal es mantener a la poblaci\u00f3n informada, ofreciendo una visi\u00f3n amplia y actualizada de lo que sucede tanto en el pa\u00eds como en el mundo. Est\u00e1 dirigido por un grupo de periodistas experimentados, lo que garantiza la calidad y la precisi\u00f3n de la informaci\u00f3n que ofrecen. Tiene su sede en la ciudad de Santo Domingo y es parte integral del portafolio de la empresa, MC Global S.R.L.","sameAs":["https:\/\/elglobal.do","https:\/\/www.instagram.com\/elglobal.do_informativo\/"],"url":"https:\/\/elglobal.do\/index.php\/author\/elglobaluserpro\/"}]}},"jetpack_featured_media_url":"https:\/\/elglobal.do\/wp-content\/uploads\/2025\/08\/WhatsApp-Image-2025-08-08-at-12.08.08-PM.jpeg","jetpack_sharing_enabled":true,"_links":{"self":[{"href":"https:\/\/elglobal.do\/index.php\/wp-json\/wp\/v2\/posts\/844","targetHints":{"allow":["GET"]}}],"collection":[{"href":"https:\/\/elglobal.do\/index.php\/wp-json\/wp\/v2\/posts"}],"about":[{"href":"https:\/\/elglobal.do\/index.php\/wp-json\/wp\/v2\/types\/post"}],"author":[{"embeddable":true,"href":"https:\/\/elglobal.do\/index.php\/wp-json\/wp\/v2\/users\/1"}],"replies":[{"embeddable":true,"href":"https:\/\/elglobal.do\/index.php\/wp-json\/wp\/v2\/comments?post=844"}],"version-history":[{"count":2,"href":"https:\/\/elglobal.do\/index.php\/wp-json\/wp\/v2\/posts\/844\/revisions"}],"predecessor-version":[{"id":848,"href":"https:\/\/elglobal.do\/index.php\/wp-json\/wp\/v2\/posts\/844\/revisions\/848"}],"wp:featuredmedia":[{"embeddable":true,"href":"https:\/\/elglobal.do\/index.php\/wp-json\/wp\/v2\/media\/845"}],"wp:attachment":[{"href":"https:\/\/elglobal.do\/index.php\/wp-json\/wp\/v2\/media?parent=844"}],"wp:term":[{"taxonomy":"category","embeddable":true,"href":"https:\/\/elglobal.do\/index.php\/wp-json\/wp\/v2\/categories?post=844"},{"taxonomy":"post_tag","embeddable":true,"href":"https:\/\/elglobal.do\/index.php\/wp-json\/wp\/v2\/tags?post=844"}],"curies":[{"name":"wp","href":"https:\/\/api.w.org\/{rel}","templated":true}]}}