{"id":862,"date":"2025-08-08T22:50:37","date_gmt":"2025-08-09T02:50:37","guid":{"rendered":"https:\/\/elglobal.do\/?p=862"},"modified":"2025-08-08T22:50:38","modified_gmt":"2025-08-09T02:50:38","slug":"donald-trump-pide-al-pentagono-atacar-a-los-carteles-de-droga-segun-el-new-york-times","status":"publish","type":"post","link":"https:\/\/elglobal.do\/index.php\/2025\/08\/08\/donald-trump-pide-al-pentagono-atacar-a-los-carteles-de-droga-segun-el-new-york-times\/","title":{"rendered":"Donald Trump pide al Pent\u00e1gono atacar a los carteles de droga, seg\u00fan el New York Times"},"content":{"rendered":"\n<p><em>La orden presidencial proporcionar\u00eda una base legal para que las Fuerzas Armadas estadounidenses lleven a cabo operaciones militares directas y unilaterales en territorio extranjero contra los carteles.<\/em><\/p>\n\n\n\n<figure class=\"wp-block-image size-full\"><img loading=\"lazy\" decoding=\"async\" width=\"1024\" height=\"683\" src=\"https:\/\/elglobal.do\/wp-content\/uploads\/2025\/07\/Trump.jpg\" alt=\"\" class=\"wp-image-360\" srcset=\"https:\/\/elglobal.do\/wp-content\/uploads\/2025\/07\/Trump.jpg 1024w, https:\/\/elglobal.do\/wp-content\/uploads\/2025\/07\/Trump-300x200.jpg 300w, https:\/\/elglobal.do\/wp-content\/uploads\/2025\/07\/Trump-768x512.jpg 768w\" sizes=\"auto, (max-width: 1024px) 100vw, 1024px\" \/><figcaption class=\"wp-element-caption\"><strong><em>El presidente Donald Trump\u00a0<\/em><\/strong><\/figcaption><\/figure>\n\n\n\n<p><\/p>\n\n\n\n<p><strong>Washington D.C.-El presidente de Estados Unidos,&nbsp;Donald Trump, <\/strong>habr\u00eda firmado una orden secreta instruyendo al Pent\u00e1gono a&nbsp;utilizar la fuerza militar&nbsp;contra los carteles del&nbsp;narcotr\u00e1fico en Am\u00e9rica Latina, seg\u00fan inform\u00f3 este viernes&nbsp;The New York Times, citando a fuentes familiarizadas con la decisi\u00f3n.<\/p>\n\n\n\n<p>De acuerdo con el diario neoyorquino, se tratar\u00eda de la&nbsp;medida m\u00e1s agresiva adoptada&nbsp;hasta el momento por la Administraci\u00f3n de Trump contra estas organizaciones, catalogadas por Washington como grupos terroristas desde enero pasado.<\/p>\n\n\n\n<p>La orden presidencial proporcionar\u00eda una base legal para que las&nbsp;Fuerzas Armadas&nbsp;estadounidenses lleven a cabo&nbsp;operaciones militares directas y unilaterales en territorio extranjero&nbsp;contra los carteles.<\/p>\n\n\n\n<p>Seg\u00fan las fuentes, que hablaron bajo condici\u00f3n de anonimato, el alto mando militar estadounidense ya habr\u00eda comenzado a elaborar planes sobre c\u00f3mo llevar a cabo estas acciones.<\/p>\n\n\n\n<p>El asunto plantea serias dudas legales que el Gobierno estar\u00eda evaluando, se\u00f1ala el peri\u00f3dico, como si se considerar\u00eda un \u201casesinato\u201d que las fuerzas estadounidenses mataran a civiles o presuntos delincuentes que no representaran una amenaza inminente, especialmente en operaciones no autorizadas por el Congreso.<\/p>\n\n\n\n<p>La decisi\u00f3n de atacar a estos grupos se enmarcar\u00eda dentro del combate de Trump contra el&nbsp;tr\u00e1fico de fentanilo, un opioide sint\u00e9tico que seg\u00fan Washington es producido principalmente por los c\u00e1rteles mexicanos mediante productos qu\u00edmicos provenientes de China y traficado a Estados Unidos, que sufre una grave crisis de muertes por sobredosis de esa sustancia.<\/p>\n\n\n\n<p>El Gobierno de Trump design\u00f3 en febrero como terroristas a los seis principales carteles mexicanos: <strong>el Cartel de Sinaloa, el Cartel Jalisco Nueva Generaci\u00f3n (CJNG), el Cartel del Noreste, el Cartel del Golfo, Carteles Unidos y la Nueva Familia Mexicana.<\/strong><\/p>\n\n\n\n<p>Tambi\u00e9n a la banda venezolana Tren de Aragua y a la pandilla salvadore\u00f1a Mara Salvatrucha (MS-13).<\/p>\n\n\n\n<p>En julio pasado, agreg\u00f3 en la lista al Cartel de los Soles, que seg\u00fan Washington estar\u00eda liderado por el presidente venezolano, Nicol\u00e1s Maduro, algo que niega Caracas.<\/p>\n\n\n\n<p>El Departamento de Justicia estadounidense elev\u00f3 este jueves hasta los 50 millones de d\u00f3lares la recompensa por informaci\u00f3n que conduzca a la captura de Maduro.<\/p>\n\n\n\n<p>Asimismo, la actual Administraci\u00f3n ha intensificado los vuelos secretos de drones sobre M\u00e9xico para rastrear laboratorios de fentanilo, un programa que inici\u00f3 durante el anterior Gobierno de&nbsp;Joe Biden, pero esos operativos tienen prohibido el uso de la fuerza letal, recuerda el New York Times.<\/p>\n\n\n\n<p>La presidenta mexicana,&nbsp;Claudia Sheinbaum, se ha mostrado abierta a cooperar en materia de seguridad con Estados Unidos, pero insiste en el respeto a la&nbsp;soberan\u00eda territorial&nbsp;de&nbsp;su&nbsp;pa\u00eds.<\/p>\n\n\n\n<p><strong>Agencia EFE: <\/strong><strong><a href=\"https:\/\/listindiario.com\/autor\/agencia-efe\">Agencia EFE<\/a><\/strong><\/p>\n\n\n\n<p><strong><a href=\"https:\/\/listindiario.com\/las-mundiales\/20250808\/donald-trump-pide-pentagono-atacar-carteles-droga-new-york-times_869450.html\">info@efeamerica.com<\/a><\/strong><strong><\/strong><\/p>\n","protected":false},"excerpt":{"rendered":"<p>La orden presidencial proporcionar\u00eda una base legal para que las Fuerzas Armadas estadounidenses lleven a cabo operaciones militares directas y unilaterales en territorio extranjero contra los carteles. Washington D.C.-El presidente&hellip; <\/p>\n","protected":false},"author":1,"featured_media":360,"comment_status":"open","ping_status":"open","sticky":false,"template":"","format":"standard","meta":{"_jetpack_memberships_contains_paid_content":false,"footnotes":""},"categories":[16,1],"tags":[355,347,357,98,356],"class_list":["post-862","post","type-post","status-publish","format-standard","has-post-thumbnail","hentry","category-america","category-categoria-internacionales","tag-pentagono","tag-donald-trump","tag-droga","tag-elglobalinformativo","tag-newyorktimes"],"yoast_head":"<!-- This site is optimized with the Yoast SEO plugin v26.9 - https:\/\/yoast.com\/product\/yoast-seo-wordpress\/ -->\n<title>Donald Trump pide al Pent\u00e1gono atacar a los carteles de droga, seg\u00fan el New York Times - EL GLOBAL INFORMATIVO<\/title>\n<meta name=\"robots\" content=\"index, follow, max-snippet:-1, max-image-preview:large, max-video-preview:-1\" \/>\n<link rel=\"canonical\" href=\"https:\/\/elglobal.do\/index.php\/2025\/08\/08\/donald-trump-pide-al-pentagono-atacar-a-los-carteles-de-droga-segun-el-new-york-times\/\" \/>\n<meta property=\"og:locale\" content=\"es_ES\" \/>\n<meta property=\"og:type\" content=\"article\" \/>\n<meta property=\"og:title\" content=\"Donald Trump pide al Pent\u00e1gono atacar a los carteles de droga, seg\u00fan el New York Times - EL GLOBAL INFORMATIVO\" \/>\n<meta property=\"og:description\" content=\"La orden presidencial proporcionar\u00eda una base legal para que las Fuerzas Armadas estadounidenses lleven a cabo operaciones militares directas y unilaterales en territorio extranjero contra los carteles. Washington D.C.-El presidente&hellip;\" \/>\n<meta property=\"og:url\" content=\"https:\/\/elglobal.do\/index.php\/2025\/08\/08\/donald-trump-pide-al-pentagono-atacar-a-los-carteles-de-droga-segun-el-new-york-times\/\" \/>\n<meta property=\"og:site_name\" content=\"EL GLOBAL INFORMATIVO\" \/>\n<meta property=\"article:published_time\" content=\"2025-08-09T02:50:37+00:00\" \/>\n<meta property=\"article:modified_time\" content=\"2025-08-09T02:50:38+00:00\" \/>\n<meta property=\"og:image\" content=\"https:\/\/elglobal.do\/wp-content\/uploads\/2025\/07\/Trump.jpg\" \/>\n\t<meta property=\"og:image:width\" content=\"1024\" \/>\n\t<meta property=\"og:image:height\" content=\"683\" \/>\n\t<meta property=\"og:image:type\" content=\"image\/jpeg\" \/>\n<meta name=\"author\" content=\"EL GLOBAL\" \/>\n<meta name=\"twitter:card\" content=\"summary_large_image\" \/>\n<meta name=\"twitter:label1\" content=\"Escrito por\" \/>\n\t<meta name=\"twitter:data1\" content=\"EL GLOBAL\" \/>\n\t<meta name=\"twitter:label2\" content=\"Tiempo de lectura\" \/>\n\t<meta name=\"twitter:data2\" content=\"3 minutos\" \/>\n<script type=\"application\/ld+json\" class=\"yoast-schema-graph\">{\"@context\":\"https:\/\/schema.org\",\"@graph\":[{\"@type\":\"Article\",\"@id\":\"https:\/\/elglobal.do\/index.php\/2025\/08\/08\/donald-trump-pide-al-pentagono-atacar-a-los-carteles-de-droga-segun-el-new-york-times\/#article\",\"isPartOf\":{\"@id\":\"https:\/\/elglobal.do\/index.php\/2025\/08\/08\/donald-trump-pide-al-pentagono-atacar-a-los-carteles-de-droga-segun-el-new-york-times\/\"},\"author\":{\"name\":\"EL GLOBAL\",\"@id\":\"https:\/\/elglobal.do\/#\/schema\/person\/0c97ec2c7714fb605d230c292f64d55f\"},\"headline\":\"Donald Trump pide al Pent\u00e1gono atacar a los carteles de droga, seg\u00fan el New York Times\",\"datePublished\":\"2025-08-09T02:50:37+00:00\",\"dateModified\":\"2025-08-09T02:50:38+00:00\",\"mainEntityOfPage\":{\"@id\":\"https:\/\/elglobal.do\/index.php\/2025\/08\/08\/donald-trump-pide-al-pentagono-atacar-a-los-carteles-de-droga-segun-el-new-york-times\/\"},\"wordCount\":527,\"commentCount\":0,\"publisher\":{\"@id\":\"https:\/\/elglobal.do\/#organization\"},\"image\":{\"@id\":\"https:\/\/elglobal.do\/index.php\/2025\/08\/08\/donald-trump-pide-al-pentagono-atacar-a-los-carteles-de-droga-segun-el-new-york-times\/#primaryimage\"},\"thumbnailUrl\":\"https:\/\/elglobal.do\/wp-content\/uploads\/2025\/07\/Trump.jpg\",\"keywords\":[\"# Pent\u00e1gono\",\"#Donald Trump\",\"#droga\",\"#ElGlobalInformativo\",\"#NewYorkTimes\"],\"articleSection\":[\"AM\u00c9RICA\",\"INTERNACIONALES\"],\"inLanguage\":\"es\",\"potentialAction\":[{\"@type\":\"CommentAction\",\"name\":\"Comment\",\"target\":[\"https:\/\/elglobal.do\/index.php\/2025\/08\/08\/donald-trump-pide-al-pentagono-atacar-a-los-carteles-de-droga-segun-el-new-york-times\/#respond\"]}]},{\"@type\":\"WebPage\",\"@id\":\"https:\/\/elglobal.do\/index.php\/2025\/08\/08\/donald-trump-pide-al-pentagono-atacar-a-los-carteles-de-droga-segun-el-new-york-times\/\",\"url\":\"https:\/\/elglobal.do\/index.php\/2025\/08\/08\/donald-trump-pide-al-pentagono-atacar-a-los-carteles-de-droga-segun-el-new-york-times\/\",\"name\":\"Donald Trump pide al Pent\u00e1gono atacar a los carteles de droga, seg\u00fan el New York Times - EL GLOBAL INFORMATIVO\",\"isPartOf\":{\"@id\":\"https:\/\/elglobal.do\/#website\"},\"primaryImageOfPage\":{\"@id\":\"https:\/\/elglobal.do\/index.php\/2025\/08\/08\/donald-trump-pide-al-pentagono-atacar-a-los-carteles-de-droga-segun-el-new-york-times\/#primaryimage\"},\"image\":{\"@id\":\"https:\/\/elglobal.do\/index.php\/2025\/08\/08\/donald-trump-pide-al-pentagono-atacar-a-los-carteles-de-droga-segun-el-new-york-times\/#primaryimage\"},\"thumbnailUrl\":\"https:\/\/elglobal.do\/wp-content\/uploads\/2025\/07\/Trump.jpg\",\"datePublished\":\"2025-08-09T02:50:37+00:00\",\"dateModified\":\"2025-08-09T02:50:38+00:00\",\"breadcrumb\":{\"@id\":\"https:\/\/elglobal.do\/index.php\/2025\/08\/08\/donald-trump-pide-al-pentagono-atacar-a-los-carteles-de-droga-segun-el-new-york-times\/#breadcrumb\"},\"inLanguage\":\"es\",\"potentialAction\":[{\"@type\":\"ReadAction\",\"target\":[\"https:\/\/elglobal.do\/index.php\/2025\/08\/08\/donald-trump-pide-al-pentagono-atacar-a-los-carteles-de-droga-segun-el-new-york-times\/\"]}]},{\"@type\":\"ImageObject\",\"inLanguage\":\"es\",\"@id\":\"https:\/\/elglobal.do\/index.php\/2025\/08\/08\/donald-trump-pide-al-pentagono-atacar-a-los-carteles-de-droga-segun-el-new-york-times\/#primaryimage\",\"url\":\"https:\/\/elglobal.do\/wp-content\/uploads\/2025\/07\/Trump.jpg\",\"contentUrl\":\"https:\/\/elglobal.do\/wp-content\/uploads\/2025\/07\/Trump.jpg\",\"width\":1024,\"height\":683},{\"@type\":\"BreadcrumbList\",\"@id\":\"https:\/\/elglobal.do\/index.php\/2025\/08\/08\/donald-trump-pide-al-pentagono-atacar-a-los-carteles-de-droga-segun-el-new-york-times\/#breadcrumb\",\"itemListElement\":[{\"@type\":\"ListItem\",\"position\":1,\"name\":\"Portada\",\"item\":\"https:\/\/elglobal.do\/\"},{\"@type\":\"ListItem\",\"position\":2,\"name\":\"Donald Trump pide al Pent\u00e1gono atacar a los carteles de droga, seg\u00fan el New York Times\"}]},{\"@type\":\"WebSite\",\"@id\":\"https:\/\/elglobal.do\/#website\",\"url\":\"https:\/\/elglobal.do\/\",\"name\":\"EL GLOBAL INFORMATIVO\",\"description\":\"Peri\u00f3dico digital de la Rep\u00fablica Dominicana que ofrece noticias, novedades, pol\u00edtica y las \u00faltimas actualidades, con informaci\u00f3n veraz y oportuna para mantenerte siempre informad\",\"publisher\":{\"@id\":\"https:\/\/elglobal.do\/#organization\"},\"potentialAction\":[{\"@type\":\"SearchAction\",\"target\":{\"@type\":\"EntryPoint\",\"urlTemplate\":\"https:\/\/elglobal.do\/?s={search_term_string}\"},\"query-input\":{\"@type\":\"PropertyValueSpecification\",\"valueRequired\":true,\"valueName\":\"search_term_string\"}}],\"inLanguage\":\"es\"},{\"@type\":\"Organization\",\"@id\":\"https:\/\/elglobal.do\/#organization\",\"name\":\"EL GLOBAL.DO INFORMATIVO\",\"url\":\"https:\/\/elglobal.do\/\",\"logo\":{\"@type\":\"ImageObject\",\"inLanguage\":\"es\",\"@id\":\"https:\/\/elglobal.do\/#\/schema\/logo\/image\/\",\"url\":\"https:\/\/elglobal.do\/wp-content\/uploads\/2025\/08\/icon.png\",\"contentUrl\":\"https:\/\/elglobal.do\/wp-content\/uploads\/2025\/08\/icon.png\",\"width\":512,\"height\":512,\"caption\":\"EL GLOBAL.DO INFORMATIVO\"},\"image\":{\"@id\":\"https:\/\/elglobal.do\/#\/schema\/logo\/image\/\"}},{\"@type\":\"Person\",\"@id\":\"https:\/\/elglobal.do\/#\/schema\/person\/0c97ec2c7714fb605d230c292f64d55f\",\"name\":\"EL GLOBAL\",\"image\":{\"@type\":\"ImageObject\",\"inLanguage\":\"es\",\"@id\":\"https:\/\/elglobal.do\/#\/schema\/person\/image\/\",\"url\":\"https:\/\/secure.gravatar.com\/avatar\/081cfb6cf99faddc6f4e23a0c11ab98c5cf302925382d1c88dc3ed757ab910a3?s=96&d=mm&r=g\",\"contentUrl\":\"https:\/\/secure.gravatar.com\/avatar\/081cfb6cf99faddc6f4e23a0c11ab98c5cf302925382d1c88dc3ed757ab910a3?s=96&d=mm&r=g\",\"caption\":\"EL GLOBAL\"},\"description\":\"El Global Informativo es un peri\u00f3dico digital de Rep\u00fablica Dominicana que se dedica a cubrir temas importantes, como la pol\u00edtica local, geopol\u00edtica, econom\u00eda, tecnolog\u00eda, noticias internacionales y eventos relacionados con la gesti\u00f3n social, cultural y humana. Su objetivo principal es mantener a la poblaci\u00f3n informada, ofreciendo una visi\u00f3n amplia y actualizada de lo que sucede tanto en el pa\u00eds como en el mundo. Est\u00e1 dirigido por un grupo de periodistas experimentados, lo que garantiza la calidad y la precisi\u00f3n de la informaci\u00f3n que ofrecen. Tiene su sede en la ciudad de Santo Domingo y es parte integral del portafolio de la empresa, MC Global S.R.L.\",\"sameAs\":[\"https:\/\/elglobal.do\",\"https:\/\/www.instagram.com\/elglobal.do_informativo\/\"],\"url\":\"https:\/\/elglobal.do\/index.php\/author\/elglobaluserpro\/\"}]}<\/script>\n<!-- \/ Yoast SEO plugin. -->","yoast_head_json":{"title":"Donald Trump pide al Pent\u00e1gono atacar a los carteles de droga, seg\u00fan el New York Times - EL GLOBAL INFORMATIVO","robots":{"index":"index","follow":"follow","max-snippet":"max-snippet:-1","max-image-preview":"max-image-preview:large","max-video-preview":"max-video-preview:-1"},"canonical":"https:\/\/elglobal.do\/index.php\/2025\/08\/08\/donald-trump-pide-al-pentagono-atacar-a-los-carteles-de-droga-segun-el-new-york-times\/","og_locale":"es_ES","og_type":"article","og_title":"Donald Trump pide al Pent\u00e1gono atacar a los carteles de droga, seg\u00fan el New York Times - EL GLOBAL INFORMATIVO","og_description":"La orden presidencial proporcionar\u00eda una base legal para que las Fuerzas Armadas estadounidenses lleven a cabo operaciones militares directas y unilaterales en territorio extranjero contra los carteles. Washington D.C.-El presidente&hellip;","og_url":"https:\/\/elglobal.do\/index.php\/2025\/08\/08\/donald-trump-pide-al-pentagono-atacar-a-los-carteles-de-droga-segun-el-new-york-times\/","og_site_name":"EL GLOBAL INFORMATIVO","article_published_time":"2025-08-09T02:50:37+00:00","article_modified_time":"2025-08-09T02:50:38+00:00","og_image":[{"width":1024,"height":683,"url":"https:\/\/elglobal.do\/wp-content\/uploads\/2025\/07\/Trump.jpg","type":"image\/jpeg"}],"author":"EL GLOBAL","twitter_card":"summary_large_image","twitter_misc":{"Escrito por":"EL GLOBAL","Tiempo de lectura":"3 minutos"},"schema":{"@context":"https:\/\/schema.org","@graph":[{"@type":"Article","@id":"https:\/\/elglobal.do\/index.php\/2025\/08\/08\/donald-trump-pide-al-pentagono-atacar-a-los-carteles-de-droga-segun-el-new-york-times\/#article","isPartOf":{"@id":"https:\/\/elglobal.do\/index.php\/2025\/08\/08\/donald-trump-pide-al-pentagono-atacar-a-los-carteles-de-droga-segun-el-new-york-times\/"},"author":{"name":"EL GLOBAL","@id":"https:\/\/elglobal.do\/#\/schema\/person\/0c97ec2c7714fb605d230c292f64d55f"},"headline":"Donald Trump pide al Pent\u00e1gono atacar a los carteles de droga, seg\u00fan el New York Times","datePublished":"2025-08-09T02:50:37+00:00","dateModified":"2025-08-09T02:50:38+00:00","mainEntityOfPage":{"@id":"https:\/\/elglobal.do\/index.php\/2025\/08\/08\/donald-trump-pide-al-pentagono-atacar-a-los-carteles-de-droga-segun-el-new-york-times\/"},"wordCount":527,"commentCount":0,"publisher":{"@id":"https:\/\/elglobal.do\/#organization"},"image":{"@id":"https:\/\/elglobal.do\/index.php\/2025\/08\/08\/donald-trump-pide-al-pentagono-atacar-a-los-carteles-de-droga-segun-el-new-york-times\/#primaryimage"},"thumbnailUrl":"https:\/\/elglobal.do\/wp-content\/uploads\/2025\/07\/Trump.jpg","keywords":["# Pent\u00e1gono","#Donald Trump","#droga","#ElGlobalInformativo","#NewYorkTimes"],"articleSection":["AM\u00c9RICA","INTERNACIONALES"],"inLanguage":"es","potentialAction":[{"@type":"CommentAction","name":"Comment","target":["https:\/\/elglobal.do\/index.php\/2025\/08\/08\/donald-trump-pide-al-pentagono-atacar-a-los-carteles-de-droga-segun-el-new-york-times\/#respond"]}]},{"@type":"WebPage","@id":"https:\/\/elglobal.do\/index.php\/2025\/08\/08\/donald-trump-pide-al-pentagono-atacar-a-los-carteles-de-droga-segun-el-new-york-times\/","url":"https:\/\/elglobal.do\/index.php\/2025\/08\/08\/donald-trump-pide-al-pentagono-atacar-a-los-carteles-de-droga-segun-el-new-york-times\/","name":"Donald Trump pide al Pent\u00e1gono atacar a los carteles de droga, seg\u00fan el New York Times - EL GLOBAL INFORMATIVO","isPartOf":{"@id":"https:\/\/elglobal.do\/#website"},"primaryImageOfPage":{"@id":"https:\/\/elglobal.do\/index.php\/2025\/08\/08\/donald-trump-pide-al-pentagono-atacar-a-los-carteles-de-droga-segun-el-new-york-times\/#primaryimage"},"image":{"@id":"https:\/\/elglobal.do\/index.php\/2025\/08\/08\/donald-trump-pide-al-pentagono-atacar-a-los-carteles-de-droga-segun-el-new-york-times\/#primaryimage"},"thumbnailUrl":"https:\/\/elglobal.do\/wp-content\/uploads\/2025\/07\/Trump.jpg","datePublished":"2025-08-09T02:50:37+00:00","dateModified":"2025-08-09T02:50:38+00:00","breadcrumb":{"@id":"https:\/\/elglobal.do\/index.php\/2025\/08\/08\/donald-trump-pide-al-pentagono-atacar-a-los-carteles-de-droga-segun-el-new-york-times\/#breadcrumb"},"inLanguage":"es","potentialAction":[{"@type":"ReadAction","target":["https:\/\/elglobal.do\/index.php\/2025\/08\/08\/donald-trump-pide-al-pentagono-atacar-a-los-carteles-de-droga-segun-el-new-york-times\/"]}]},{"@type":"ImageObject","inLanguage":"es","@id":"https:\/\/elglobal.do\/index.php\/2025\/08\/08\/donald-trump-pide-al-pentagono-atacar-a-los-carteles-de-droga-segun-el-new-york-times\/#primaryimage","url":"https:\/\/elglobal.do\/wp-content\/uploads\/2025\/07\/Trump.jpg","contentUrl":"https:\/\/elglobal.do\/wp-content\/uploads\/2025\/07\/Trump.jpg","width":1024,"height":683},{"@type":"BreadcrumbList","@id":"https:\/\/elglobal.do\/index.php\/2025\/08\/08\/donald-trump-pide-al-pentagono-atacar-a-los-carteles-de-droga-segun-el-new-york-times\/#breadcrumb","itemListElement":[{"@type":"ListItem","position":1,"name":"Portada","item":"https:\/\/elglobal.do\/"},{"@type":"ListItem","position":2,"name":"Donald Trump pide al Pent\u00e1gono atacar a los carteles de droga, seg\u00fan el New York Times"}]},{"@type":"WebSite","@id":"https:\/\/elglobal.do\/#website","url":"https:\/\/elglobal.do\/","name":"EL GLOBAL INFORMATIVO","description":"Peri\u00f3dico digital de la Rep\u00fablica Dominicana que ofrece noticias, novedades, pol\u00edtica y las \u00faltimas actualidades, con informaci\u00f3n veraz y oportuna para mantenerte siempre informad","publisher":{"@id":"https:\/\/elglobal.do\/#organization"},"potentialAction":[{"@type":"SearchAction","target":{"@type":"EntryPoint","urlTemplate":"https:\/\/elglobal.do\/?s={search_term_string}"},"query-input":{"@type":"PropertyValueSpecification","valueRequired":true,"valueName":"search_term_string"}}],"inLanguage":"es"},{"@type":"Organization","@id":"https:\/\/elglobal.do\/#organization","name":"EL GLOBAL.DO INFORMATIVO","url":"https:\/\/elglobal.do\/","logo":{"@type":"ImageObject","inLanguage":"es","@id":"https:\/\/elglobal.do\/#\/schema\/logo\/image\/","url":"https:\/\/elglobal.do\/wp-content\/uploads\/2025\/08\/icon.png","contentUrl":"https:\/\/elglobal.do\/wp-content\/uploads\/2025\/08\/icon.png","width":512,"height":512,"caption":"EL GLOBAL.DO INFORMATIVO"},"image":{"@id":"https:\/\/elglobal.do\/#\/schema\/logo\/image\/"}},{"@type":"Person","@id":"https:\/\/elglobal.do\/#\/schema\/person\/0c97ec2c7714fb605d230c292f64d55f","name":"EL GLOBAL","image":{"@type":"ImageObject","inLanguage":"es","@id":"https:\/\/elglobal.do\/#\/schema\/person\/image\/","url":"https:\/\/secure.gravatar.com\/avatar\/081cfb6cf99faddc6f4e23a0c11ab98c5cf302925382d1c88dc3ed757ab910a3?s=96&d=mm&r=g","contentUrl":"https:\/\/secure.gravatar.com\/avatar\/081cfb6cf99faddc6f4e23a0c11ab98c5cf302925382d1c88dc3ed757ab910a3?s=96&d=mm&r=g","caption":"EL GLOBAL"},"description":"El Global Informativo es un peri\u00f3dico digital de Rep\u00fablica Dominicana que se dedica a cubrir temas importantes, como la pol\u00edtica local, geopol\u00edtica, econom\u00eda, tecnolog\u00eda, noticias internacionales y eventos relacionados con la gesti\u00f3n social, cultural y humana. Su objetivo principal es mantener a la poblaci\u00f3n informada, ofreciendo una visi\u00f3n amplia y actualizada de lo que sucede tanto en el pa\u00eds como en el mundo. Est\u00e1 dirigido por un grupo de periodistas experimentados, lo que garantiza la calidad y la precisi\u00f3n de la informaci\u00f3n que ofrecen. Tiene su sede en la ciudad de Santo Domingo y es parte integral del portafolio de la empresa, MC Global S.R.L.","sameAs":["https:\/\/elglobal.do","https:\/\/www.instagram.com\/elglobal.do_informativo\/"],"url":"https:\/\/elglobal.do\/index.php\/author\/elglobaluserpro\/"}]}},"jetpack_featured_media_url":"https:\/\/elglobal.do\/wp-content\/uploads\/2025\/07\/Trump.jpg","jetpack_sharing_enabled":true,"_links":{"self":[{"href":"https:\/\/elglobal.do\/index.php\/wp-json\/wp\/v2\/posts\/862","targetHints":{"allow":["GET"]}}],"collection":[{"href":"https:\/\/elglobal.do\/index.php\/wp-json\/wp\/v2\/posts"}],"about":[{"href":"https:\/\/elglobal.do\/index.php\/wp-json\/wp\/v2\/types\/post"}],"author":[{"embeddable":true,"href":"https:\/\/elglobal.do\/index.php\/wp-json\/wp\/v2\/users\/1"}],"replies":[{"embeddable":true,"href":"https:\/\/elglobal.do\/index.php\/wp-json\/wp\/v2\/comments?post=862"}],"version-history":[{"count":1,"href":"https:\/\/elglobal.do\/index.php\/wp-json\/wp\/v2\/posts\/862\/revisions"}],"predecessor-version":[{"id":864,"href":"https:\/\/elglobal.do\/index.php\/wp-json\/wp\/v2\/posts\/862\/revisions\/864"}],"wp:featuredmedia":[{"embeddable":true,"href":"https:\/\/elglobal.do\/index.php\/wp-json\/wp\/v2\/media\/360"}],"wp:attachment":[{"href":"https:\/\/elglobal.do\/index.php\/wp-json\/wp\/v2\/media?parent=862"}],"wp:term":[{"taxonomy":"category","embeddable":true,"href":"https:\/\/elglobal.do\/index.php\/wp-json\/wp\/v2\/categories?post=862"},{"taxonomy":"post_tag","embeddable":true,"href":"https:\/\/elglobal.do\/index.php\/wp-json\/wp\/v2\/tags?post=862"}],"curies":[{"name":"wp","href":"https:\/\/api.w.org\/{rel}","templated":true}]}}