{"id":905,"date":"2025-08-09T16:59:10","date_gmt":"2025-08-09T20:59:10","guid":{"rendered":"https:\/\/elglobal.do\/?p=905"},"modified":"2025-08-09T16:59:11","modified_gmt":"2025-08-09T20:59:11","slug":"caesco-entregara-iii-edicion-de-premios-periodismo-de-juventud-2025","status":"publish","type":"post","link":"https:\/\/elglobal.do\/index.php\/2025\/08\/09\/caesco-entregara-iii-edicion-de-premios-periodismo-de-juventud-2025\/","title":{"rendered":"CAESCO entregar\u00e1 III edici\u00f3n de Premios \u201cPeriodismo de Juventud 2025\u201d"},"content":{"rendered":"\n<figure class=\"wp-block-image size-full\"><img loading=\"lazy\" decoding=\"async\" width=\"881\" height=\"720\" src=\"https:\/\/elglobal.do\/wp-content\/uploads\/2025\/08\/Miguel.jpeg\" alt=\"\" class=\"wp-image-906\" srcset=\"https:\/\/elglobal.do\/wp-content\/uploads\/2025\/08\/Miguel.jpeg 881w, https:\/\/elglobal.do\/wp-content\/uploads\/2025\/08\/Miguel-300x245.jpeg 300w, https:\/\/elglobal.do\/wp-content\/uploads\/2025\/08\/Miguel-768x628.jpeg 768w\" sizes=\"auto, (max-width: 881px) 100vw, 881px\" \/><figcaption class=\"wp-element-caption\"><em> Miguel Ot\u00e1\u00f1ez, presidente de <strong>CAESCO<\/strong> <\/em><\/figcaption><\/figure>\n\n\n\n<p><strong>Santo Domingo.<\/strong> &#8211; En el marco del <strong>D\u00eda Internacional de la Juventud, <\/strong>el pr\u00f3ximo martes 12 de agosto, el <strong>Centro de An\u00e1lisis y Estudio de la Comunicaci\u00f3n (CAESCO)<\/strong> realizar\u00e1 la ceremonia de entrega de la tercera edici\u00f3n de los Premios <strong>\u201c<\/strong>Periodismo de Juventud 2025<strong>\u201d<\/strong>.<\/p>\n\n\n\n<p>El presidente de <strong>CAESCO<\/strong>, Miguel Ot\u00e1\u00f1ez, expres\u00f3 que esta nueva edici\u00f3n reafirma el compromiso de la instituci\u00f3n con la promoci\u00f3n del periodismo de calidad y el an\u00e1lisis profundo de las problem\u00e1ticas y los aportes de la juventud dominicana en los diferentes contextos sociales.<\/p>\n\n\n\n<p>\u201cPremios Periodismo de Juventud reconoce trabajos period\u00edsticos que visibilizan problem\u00e1ticas, experiencias y propuestas vinculadas a la juventud dominicana, destacando la labor de periodistas que, desde distintos g\u00e9neros y formatos, contribuyen al debate p\u00fablico y a la construcci\u00f3n de una sociedad m\u00e1s justa y consciente\u201d, se\u00f1al\u00f3 Ot\u00e1\u00f1ez.<\/p>\n\n\n\n<p>Con esta premiaci\u00f3n, <strong>CAESCO<\/strong> contin\u00faa reafirmando su compromiso de promover un periodismo que visibilice realidades, fomente la reflexi\u00f3n colectiva y contribuya a amplificar las voces, luchas y sue\u00f1os de la juventud dominicana<\/p>\n","protected":false},"excerpt":{"rendered":"<p>Santo Domingo. &#8211; En el marco del D\u00eda Internacional de la Juventud, el pr\u00f3ximo martes 12 de agosto, el Centro de An\u00e1lisis y Estudio de la Comunicaci\u00f3n (CAESCO) realizar\u00e1 la&hellip; <\/p>\n","protected":false},"author":1,"featured_media":906,"comment_status":"open","ping_status":"open","sticky":false,"template":"","format":"standard","meta":{"_jetpack_memberships_contains_paid_content":false,"footnotes":""},"categories":[40],"tags":[386,388,387,28],"class_list":["post-905","post","type-post","status-publish","format-standard","has-post-thumbnail","hentry","category-nacionales","tag-caesco","tag-miguelotanez","tag-periodismo","tag-premio"],"yoast_head":"<!-- This site is optimized with the Yoast SEO plugin v26.9 - https:\/\/yoast.com\/product\/yoast-seo-wordpress\/ -->\n<title>CAESCO entregar\u00e1 III edici\u00f3n de Premios \u201cPeriodismo de Juventud 2025\u201d - EL GLOBAL INFORMATIVO<\/title>\n<meta name=\"robots\" content=\"index, follow, max-snippet:-1, max-image-preview:large, max-video-preview:-1\" \/>\n<link rel=\"canonical\" href=\"https:\/\/elglobal.do\/index.php\/2025\/08\/09\/caesco-entregara-iii-edicion-de-premios-periodismo-de-juventud-2025\/\" \/>\n<meta property=\"og:locale\" content=\"es_ES\" \/>\n<meta property=\"og:type\" content=\"article\" \/>\n<meta property=\"og:title\" content=\"CAESCO entregar\u00e1 III edici\u00f3n de Premios \u201cPeriodismo de Juventud 2025\u201d - EL GLOBAL INFORMATIVO\" \/>\n<meta property=\"og:description\" content=\"Santo Domingo. &#8211; En el marco del D\u00eda Internacional de la Juventud, el pr\u00f3ximo martes 12 de agosto, el Centro de An\u00e1lisis y Estudio de la Comunicaci\u00f3n (CAESCO) realizar\u00e1 la&hellip;\" \/>\n<meta property=\"og:url\" content=\"https:\/\/elglobal.do\/index.php\/2025\/08\/09\/caesco-entregara-iii-edicion-de-premios-periodismo-de-juventud-2025\/\" \/>\n<meta property=\"og:site_name\" content=\"EL GLOBAL INFORMATIVO\" \/>\n<meta property=\"article:published_time\" content=\"2025-08-09T20:59:10+00:00\" \/>\n<meta property=\"article:modified_time\" content=\"2025-08-09T20:59:11+00:00\" \/>\n<meta property=\"og:image\" content=\"https:\/\/elglobal.do\/wp-content\/uploads\/2025\/08\/Miguel.jpeg\" \/>\n\t<meta property=\"og:image:width\" content=\"881\" \/>\n\t<meta property=\"og:image:height\" content=\"720\" \/>\n\t<meta property=\"og:image:type\" content=\"image\/jpeg\" \/>\n<meta name=\"author\" content=\"EL GLOBAL\" \/>\n<meta name=\"twitter:card\" content=\"summary_large_image\" \/>\n<meta name=\"twitter:label1\" content=\"Escrito por\" \/>\n\t<meta name=\"twitter:data1\" content=\"EL GLOBAL\" \/>\n\t<meta name=\"twitter:label2\" content=\"Tiempo de lectura\" \/>\n\t<meta name=\"twitter:data2\" content=\"1 minuto\" \/>\n<script type=\"application\/ld+json\" class=\"yoast-schema-graph\">{\"@context\":\"https:\/\/schema.org\",\"@graph\":[{\"@type\":\"Article\",\"@id\":\"https:\/\/elglobal.do\/index.php\/2025\/08\/09\/caesco-entregara-iii-edicion-de-premios-periodismo-de-juventud-2025\/#article\",\"isPartOf\":{\"@id\":\"https:\/\/elglobal.do\/index.php\/2025\/08\/09\/caesco-entregara-iii-edicion-de-premios-periodismo-de-juventud-2025\/\"},\"author\":{\"name\":\"EL GLOBAL\",\"@id\":\"https:\/\/elglobal.do\/#\/schema\/person\/0c97ec2c7714fb605d230c292f64d55f\"},\"headline\":\"CAESCO entregar\u00e1 III edici\u00f3n de Premios \u201cPeriodismo de Juventud 2025\u201d\",\"datePublished\":\"2025-08-09T20:59:10+00:00\",\"dateModified\":\"2025-08-09T20:59:11+00:00\",\"mainEntityOfPage\":{\"@id\":\"https:\/\/elglobal.do\/index.php\/2025\/08\/09\/caesco-entregara-iii-edicion-de-premios-periodismo-de-juventud-2025\/\"},\"wordCount\":202,\"commentCount\":0,\"publisher\":{\"@id\":\"https:\/\/elglobal.do\/#organization\"},\"image\":{\"@id\":\"https:\/\/elglobal.do\/index.php\/2025\/08\/09\/caesco-entregara-iii-edicion-de-premios-periodismo-de-juventud-2025\/#primaryimage\"},\"thumbnailUrl\":\"https:\/\/elglobal.do\/wp-content\/uploads\/2025\/08\/Miguel.jpeg\",\"keywords\":[\"#CAESCO\",\"#MiguelOt\u00e1\u00f1ez\",\"#Periodismo\",\"#Premio\"],\"articleSection\":[\"NACIONALES\"],\"inLanguage\":\"es\",\"potentialAction\":[{\"@type\":\"CommentAction\",\"name\":\"Comment\",\"target\":[\"https:\/\/elglobal.do\/index.php\/2025\/08\/09\/caesco-entregara-iii-edicion-de-premios-periodismo-de-juventud-2025\/#respond\"]}]},{\"@type\":\"WebPage\",\"@id\":\"https:\/\/elglobal.do\/index.php\/2025\/08\/09\/caesco-entregara-iii-edicion-de-premios-periodismo-de-juventud-2025\/\",\"url\":\"https:\/\/elglobal.do\/index.php\/2025\/08\/09\/caesco-entregara-iii-edicion-de-premios-periodismo-de-juventud-2025\/\",\"name\":\"CAESCO entregar\u00e1 III edici\u00f3n de Premios \u201cPeriodismo de Juventud 2025\u201d - EL GLOBAL INFORMATIVO\",\"isPartOf\":{\"@id\":\"https:\/\/elglobal.do\/#website\"},\"primaryImageOfPage\":{\"@id\":\"https:\/\/elglobal.do\/index.php\/2025\/08\/09\/caesco-entregara-iii-edicion-de-premios-periodismo-de-juventud-2025\/#primaryimage\"},\"image\":{\"@id\":\"https:\/\/elglobal.do\/index.php\/2025\/08\/09\/caesco-entregara-iii-edicion-de-premios-periodismo-de-juventud-2025\/#primaryimage\"},\"thumbnailUrl\":\"https:\/\/elglobal.do\/wp-content\/uploads\/2025\/08\/Miguel.jpeg\",\"datePublished\":\"2025-08-09T20:59:10+00:00\",\"dateModified\":\"2025-08-09T20:59:11+00:00\",\"breadcrumb\":{\"@id\":\"https:\/\/elglobal.do\/index.php\/2025\/08\/09\/caesco-entregara-iii-edicion-de-premios-periodismo-de-juventud-2025\/#breadcrumb\"},\"inLanguage\":\"es\",\"potentialAction\":[{\"@type\":\"ReadAction\",\"target\":[\"https:\/\/elglobal.do\/index.php\/2025\/08\/09\/caesco-entregara-iii-edicion-de-premios-periodismo-de-juventud-2025\/\"]}]},{\"@type\":\"ImageObject\",\"inLanguage\":\"es\",\"@id\":\"https:\/\/elglobal.do\/index.php\/2025\/08\/09\/caesco-entregara-iii-edicion-de-premios-periodismo-de-juventud-2025\/#primaryimage\",\"url\":\"https:\/\/elglobal.do\/wp-content\/uploads\/2025\/08\/Miguel.jpeg\",\"contentUrl\":\"https:\/\/elglobal.do\/wp-content\/uploads\/2025\/08\/Miguel.jpeg\",\"width\":881,\"height\":720},{\"@type\":\"BreadcrumbList\",\"@id\":\"https:\/\/elglobal.do\/index.php\/2025\/08\/09\/caesco-entregara-iii-edicion-de-premios-periodismo-de-juventud-2025\/#breadcrumb\",\"itemListElement\":[{\"@type\":\"ListItem\",\"position\":1,\"name\":\"Portada\",\"item\":\"https:\/\/elglobal.do\/\"},{\"@type\":\"ListItem\",\"position\":2,\"name\":\"CAESCO entregar\u00e1 III edici\u00f3n de Premios \u201cPeriodismo de Juventud 2025\u201d\"}]},{\"@type\":\"WebSite\",\"@id\":\"https:\/\/elglobal.do\/#website\",\"url\":\"https:\/\/elglobal.do\/\",\"name\":\"EL GLOBAL INFORMATIVO\",\"description\":\"Peri\u00f3dico digital de la Rep\u00fablica Dominicana que ofrece noticias, novedades, pol\u00edtica y las \u00faltimas actualidades, con informaci\u00f3n veraz y oportuna para mantenerte siempre informad\",\"publisher\":{\"@id\":\"https:\/\/elglobal.do\/#organization\"},\"potentialAction\":[{\"@type\":\"SearchAction\",\"target\":{\"@type\":\"EntryPoint\",\"urlTemplate\":\"https:\/\/elglobal.do\/?s={search_term_string}\"},\"query-input\":{\"@type\":\"PropertyValueSpecification\",\"valueRequired\":true,\"valueName\":\"search_term_string\"}}],\"inLanguage\":\"es\"},{\"@type\":\"Organization\",\"@id\":\"https:\/\/elglobal.do\/#organization\",\"name\":\"EL GLOBAL.DO INFORMATIVO\",\"url\":\"https:\/\/elglobal.do\/\",\"logo\":{\"@type\":\"ImageObject\",\"inLanguage\":\"es\",\"@id\":\"https:\/\/elglobal.do\/#\/schema\/logo\/image\/\",\"url\":\"https:\/\/elglobal.do\/wp-content\/uploads\/2025\/08\/icon.png\",\"contentUrl\":\"https:\/\/elglobal.do\/wp-content\/uploads\/2025\/08\/icon.png\",\"width\":512,\"height\":512,\"caption\":\"EL GLOBAL.DO INFORMATIVO\"},\"image\":{\"@id\":\"https:\/\/elglobal.do\/#\/schema\/logo\/image\/\"}},{\"@type\":\"Person\",\"@id\":\"https:\/\/elglobal.do\/#\/schema\/person\/0c97ec2c7714fb605d230c292f64d55f\",\"name\":\"EL GLOBAL\",\"image\":{\"@type\":\"ImageObject\",\"inLanguage\":\"es\",\"@id\":\"https:\/\/elglobal.do\/#\/schema\/person\/image\/\",\"url\":\"https:\/\/secure.gravatar.com\/avatar\/081cfb6cf99faddc6f4e23a0c11ab98c5cf302925382d1c88dc3ed757ab910a3?s=96&d=mm&r=g\",\"contentUrl\":\"https:\/\/secure.gravatar.com\/avatar\/081cfb6cf99faddc6f4e23a0c11ab98c5cf302925382d1c88dc3ed757ab910a3?s=96&d=mm&r=g\",\"caption\":\"EL GLOBAL\"},\"description\":\"El Global Informativo es un peri\u00f3dico digital de Rep\u00fablica Dominicana que se dedica a cubrir temas importantes, como la pol\u00edtica local, geopol\u00edtica, econom\u00eda, tecnolog\u00eda, noticias internacionales y eventos relacionados con la gesti\u00f3n social, cultural y humana. Su objetivo principal es mantener a la poblaci\u00f3n informada, ofreciendo una visi\u00f3n amplia y actualizada de lo que sucede tanto en el pa\u00eds como en el mundo. Est\u00e1 dirigido por un grupo de periodistas experimentados, lo que garantiza la calidad y la precisi\u00f3n de la informaci\u00f3n que ofrecen. Tiene su sede en la ciudad de Santo Domingo y es parte integral del portafolio de la empresa, MC Global S.R.L.\",\"sameAs\":[\"https:\/\/elglobal.do\",\"https:\/\/www.instagram.com\/elglobal.do_informativo\/\"],\"url\":\"https:\/\/elglobal.do\/index.php\/author\/elglobaluserpro\/\"}]}<\/script>\n<!-- \/ Yoast SEO plugin. -->","yoast_head_json":{"title":"CAESCO entregar\u00e1 III edici\u00f3n de Premios \u201cPeriodismo de Juventud 2025\u201d - EL GLOBAL INFORMATIVO","robots":{"index":"index","follow":"follow","max-snippet":"max-snippet:-1","max-image-preview":"max-image-preview:large","max-video-preview":"max-video-preview:-1"},"canonical":"https:\/\/elglobal.do\/index.php\/2025\/08\/09\/caesco-entregara-iii-edicion-de-premios-periodismo-de-juventud-2025\/","og_locale":"es_ES","og_type":"article","og_title":"CAESCO entregar\u00e1 III edici\u00f3n de Premios \u201cPeriodismo de Juventud 2025\u201d - EL GLOBAL INFORMATIVO","og_description":"Santo Domingo. &#8211; En el marco del D\u00eda Internacional de la Juventud, el pr\u00f3ximo martes 12 de agosto, el Centro de An\u00e1lisis y Estudio de la Comunicaci\u00f3n (CAESCO) realizar\u00e1 la&hellip;","og_url":"https:\/\/elglobal.do\/index.php\/2025\/08\/09\/caesco-entregara-iii-edicion-de-premios-periodismo-de-juventud-2025\/","og_site_name":"EL GLOBAL INFORMATIVO","article_published_time":"2025-08-09T20:59:10+00:00","article_modified_time":"2025-08-09T20:59:11+00:00","og_image":[{"width":881,"height":720,"url":"https:\/\/elglobal.do\/wp-content\/uploads\/2025\/08\/Miguel.jpeg","type":"image\/jpeg"}],"author":"EL GLOBAL","twitter_card":"summary_large_image","twitter_misc":{"Escrito por":"EL GLOBAL","Tiempo de lectura":"1 minuto"},"schema":{"@context":"https:\/\/schema.org","@graph":[{"@type":"Article","@id":"https:\/\/elglobal.do\/index.php\/2025\/08\/09\/caesco-entregara-iii-edicion-de-premios-periodismo-de-juventud-2025\/#article","isPartOf":{"@id":"https:\/\/elglobal.do\/index.php\/2025\/08\/09\/caesco-entregara-iii-edicion-de-premios-periodismo-de-juventud-2025\/"},"author":{"name":"EL GLOBAL","@id":"https:\/\/elglobal.do\/#\/schema\/person\/0c97ec2c7714fb605d230c292f64d55f"},"headline":"CAESCO entregar\u00e1 III edici\u00f3n de Premios \u201cPeriodismo de Juventud 2025\u201d","datePublished":"2025-08-09T20:59:10+00:00","dateModified":"2025-08-09T20:59:11+00:00","mainEntityOfPage":{"@id":"https:\/\/elglobal.do\/index.php\/2025\/08\/09\/caesco-entregara-iii-edicion-de-premios-periodismo-de-juventud-2025\/"},"wordCount":202,"commentCount":0,"publisher":{"@id":"https:\/\/elglobal.do\/#organization"},"image":{"@id":"https:\/\/elglobal.do\/index.php\/2025\/08\/09\/caesco-entregara-iii-edicion-de-premios-periodismo-de-juventud-2025\/#primaryimage"},"thumbnailUrl":"https:\/\/elglobal.do\/wp-content\/uploads\/2025\/08\/Miguel.jpeg","keywords":["#CAESCO","#MiguelOt\u00e1\u00f1ez","#Periodismo","#Premio"],"articleSection":["NACIONALES"],"inLanguage":"es","potentialAction":[{"@type":"CommentAction","name":"Comment","target":["https:\/\/elglobal.do\/index.php\/2025\/08\/09\/caesco-entregara-iii-edicion-de-premios-periodismo-de-juventud-2025\/#respond"]}]},{"@type":"WebPage","@id":"https:\/\/elglobal.do\/index.php\/2025\/08\/09\/caesco-entregara-iii-edicion-de-premios-periodismo-de-juventud-2025\/","url":"https:\/\/elglobal.do\/index.php\/2025\/08\/09\/caesco-entregara-iii-edicion-de-premios-periodismo-de-juventud-2025\/","name":"CAESCO entregar\u00e1 III edici\u00f3n de Premios \u201cPeriodismo de Juventud 2025\u201d - EL GLOBAL INFORMATIVO","isPartOf":{"@id":"https:\/\/elglobal.do\/#website"},"primaryImageOfPage":{"@id":"https:\/\/elglobal.do\/index.php\/2025\/08\/09\/caesco-entregara-iii-edicion-de-premios-periodismo-de-juventud-2025\/#primaryimage"},"image":{"@id":"https:\/\/elglobal.do\/index.php\/2025\/08\/09\/caesco-entregara-iii-edicion-de-premios-periodismo-de-juventud-2025\/#primaryimage"},"thumbnailUrl":"https:\/\/elglobal.do\/wp-content\/uploads\/2025\/08\/Miguel.jpeg","datePublished":"2025-08-09T20:59:10+00:00","dateModified":"2025-08-09T20:59:11+00:00","breadcrumb":{"@id":"https:\/\/elglobal.do\/index.php\/2025\/08\/09\/caesco-entregara-iii-edicion-de-premios-periodismo-de-juventud-2025\/#breadcrumb"},"inLanguage":"es","potentialAction":[{"@type":"ReadAction","target":["https:\/\/elglobal.do\/index.php\/2025\/08\/09\/caesco-entregara-iii-edicion-de-premios-periodismo-de-juventud-2025\/"]}]},{"@type":"ImageObject","inLanguage":"es","@id":"https:\/\/elglobal.do\/index.php\/2025\/08\/09\/caesco-entregara-iii-edicion-de-premios-periodismo-de-juventud-2025\/#primaryimage","url":"https:\/\/elglobal.do\/wp-content\/uploads\/2025\/08\/Miguel.jpeg","contentUrl":"https:\/\/elglobal.do\/wp-content\/uploads\/2025\/08\/Miguel.jpeg","width":881,"height":720},{"@type":"BreadcrumbList","@id":"https:\/\/elglobal.do\/index.php\/2025\/08\/09\/caesco-entregara-iii-edicion-de-premios-periodismo-de-juventud-2025\/#breadcrumb","itemListElement":[{"@type":"ListItem","position":1,"name":"Portada","item":"https:\/\/elglobal.do\/"},{"@type":"ListItem","position":2,"name":"CAESCO entregar\u00e1 III edici\u00f3n de Premios \u201cPeriodismo de Juventud 2025\u201d"}]},{"@type":"WebSite","@id":"https:\/\/elglobal.do\/#website","url":"https:\/\/elglobal.do\/","name":"EL GLOBAL INFORMATIVO","description":"Peri\u00f3dico digital de la Rep\u00fablica Dominicana que ofrece noticias, novedades, pol\u00edtica y las \u00faltimas actualidades, con informaci\u00f3n veraz y oportuna para mantenerte siempre informad","publisher":{"@id":"https:\/\/elglobal.do\/#organization"},"potentialAction":[{"@type":"SearchAction","target":{"@type":"EntryPoint","urlTemplate":"https:\/\/elglobal.do\/?s={search_term_string}"},"query-input":{"@type":"PropertyValueSpecification","valueRequired":true,"valueName":"search_term_string"}}],"inLanguage":"es"},{"@type":"Organization","@id":"https:\/\/elglobal.do\/#organization","name":"EL GLOBAL.DO INFORMATIVO","url":"https:\/\/elglobal.do\/","logo":{"@type":"ImageObject","inLanguage":"es","@id":"https:\/\/elglobal.do\/#\/schema\/logo\/image\/","url":"https:\/\/elglobal.do\/wp-content\/uploads\/2025\/08\/icon.png","contentUrl":"https:\/\/elglobal.do\/wp-content\/uploads\/2025\/08\/icon.png","width":512,"height":512,"caption":"EL GLOBAL.DO INFORMATIVO"},"image":{"@id":"https:\/\/elglobal.do\/#\/schema\/logo\/image\/"}},{"@type":"Person","@id":"https:\/\/elglobal.do\/#\/schema\/person\/0c97ec2c7714fb605d230c292f64d55f","name":"EL GLOBAL","image":{"@type":"ImageObject","inLanguage":"es","@id":"https:\/\/elglobal.do\/#\/schema\/person\/image\/","url":"https:\/\/secure.gravatar.com\/avatar\/081cfb6cf99faddc6f4e23a0c11ab98c5cf302925382d1c88dc3ed757ab910a3?s=96&d=mm&r=g","contentUrl":"https:\/\/secure.gravatar.com\/avatar\/081cfb6cf99faddc6f4e23a0c11ab98c5cf302925382d1c88dc3ed757ab910a3?s=96&d=mm&r=g","caption":"EL GLOBAL"},"description":"El Global Informativo es un peri\u00f3dico digital de Rep\u00fablica Dominicana que se dedica a cubrir temas importantes, como la pol\u00edtica local, geopol\u00edtica, econom\u00eda, tecnolog\u00eda, noticias internacionales y eventos relacionados con la gesti\u00f3n social, cultural y humana. Su objetivo principal es mantener a la poblaci\u00f3n informada, ofreciendo una visi\u00f3n amplia y actualizada de lo que sucede tanto en el pa\u00eds como en el mundo. Est\u00e1 dirigido por un grupo de periodistas experimentados, lo que garantiza la calidad y la precisi\u00f3n de la informaci\u00f3n que ofrecen. Tiene su sede en la ciudad de Santo Domingo y es parte integral del portafolio de la empresa, MC Global S.R.L.","sameAs":["https:\/\/elglobal.do","https:\/\/www.instagram.com\/elglobal.do_informativo\/"],"url":"https:\/\/elglobal.do\/index.php\/author\/elglobaluserpro\/"}]}},"jetpack_featured_media_url":"https:\/\/elglobal.do\/wp-content\/uploads\/2025\/08\/Miguel.jpeg","jetpack_sharing_enabled":true,"_links":{"self":[{"href":"https:\/\/elglobal.do\/index.php\/wp-json\/wp\/v2\/posts\/905","targetHints":{"allow":["GET"]}}],"collection":[{"href":"https:\/\/elglobal.do\/index.php\/wp-json\/wp\/v2\/posts"}],"about":[{"href":"https:\/\/elglobal.do\/index.php\/wp-json\/wp\/v2\/types\/post"}],"author":[{"embeddable":true,"href":"https:\/\/elglobal.do\/index.php\/wp-json\/wp\/v2\/users\/1"}],"replies":[{"embeddable":true,"href":"https:\/\/elglobal.do\/index.php\/wp-json\/wp\/v2\/comments?post=905"}],"version-history":[{"count":1,"href":"https:\/\/elglobal.do\/index.php\/wp-json\/wp\/v2\/posts\/905\/revisions"}],"predecessor-version":[{"id":907,"href":"https:\/\/elglobal.do\/index.php\/wp-json\/wp\/v2\/posts\/905\/revisions\/907"}],"wp:featuredmedia":[{"embeddable":true,"href":"https:\/\/elglobal.do\/index.php\/wp-json\/wp\/v2\/media\/906"}],"wp:attachment":[{"href":"https:\/\/elglobal.do\/index.php\/wp-json\/wp\/v2\/media?parent=905"}],"wp:term":[{"taxonomy":"category","embeddable":true,"href":"https:\/\/elglobal.do\/index.php\/wp-json\/wp\/v2\/categories?post=905"},{"taxonomy":"post_tag","embeddable":true,"href":"https:\/\/elglobal.do\/index.php\/wp-json\/wp\/v2\/tags?post=905"}],"curies":[{"name":"wp","href":"https:\/\/api.w.org\/{rel}","templated":true}]}}