{"id":924,"date":"2025-08-10T21:48:55","date_gmt":"2025-08-11T01:48:55","guid":{"rendered":"https:\/\/elglobal.do\/?p=924"},"modified":"2025-08-10T21:48:56","modified_gmt":"2025-08-11T01:48:56","slug":"presidente-abinader-entrego-este-domingo-46-nuevos-apartamentos-en-el-d-n","status":"publish","type":"post","link":"https:\/\/elglobal.do\/index.php\/2025\/08\/10\/presidente-abinader-entrego-este-domingo-46-nuevos-apartamentos-en-el-d-n\/","title":{"rendered":"Presidente Abinader entreg\u00f3 este domingo 46 nuevos apartamentos en el D.N."},"content":{"rendered":"\n<p><em>M\u00e1s de 50,000 viviendas han sido reconstruidas por el actual Gobierno<\/em><\/p>\n\n\n\n<figure class=\"wp-block-image size-large\"><img loading=\"lazy\" decoding=\"async\" width=\"1024\" height=\"683\" src=\"https:\/\/elglobal.do\/wp-content\/uploads\/2025\/08\/Acto-1024x683.jpeg\" alt=\"\" class=\"wp-image-928\" srcset=\"https:\/\/elglobal.do\/wp-content\/uploads\/2025\/08\/Acto-1024x683.jpeg 1024w, https:\/\/elglobal.do\/wp-content\/uploads\/2025\/08\/Acto-300x200.jpeg 300w, https:\/\/elglobal.do\/wp-content\/uploads\/2025\/08\/Acto-768x512.jpeg 768w, https:\/\/elglobal.do\/wp-content\/uploads\/2025\/08\/Acto-1536x1024.jpeg 1536w, https:\/\/elglobal.do\/wp-content\/uploads\/2025\/08\/Acto-2048x1365.jpeg 2048w\" sizes=\"auto, (max-width: 1024px) 100vw, 1024px\" \/><\/figure>\n\n\n\n<p><strong>Santo Domingo. &#8211;<\/strong> <strong>El Presidente Luis Abinader<\/strong>, ha entregado m\u00e1s de 13,000 viviendas en la Rep\u00fablica Dominicana, siendo el gobernante que m\u00e1s unidades ha aportado, logrando mejorar la calidad de vida de miles de familias.<\/p>\n\n\n\n<p>Este domingo, Abinader encabez\u00f3 la entrega de 46 apartamentos en el Distrito Nacional que benefician directamente a 184 personas y da continuidad al compromiso del gobierno de reducir el d\u00e9ficit habitacional con viviendas dignas.<\/p>\n\n\n\n<p>Ubicados en el residencial Paseo del Arroyo Hondo, las nuevas viviendas forman parte del Plan Nacional de Viviendas Familia Feliz, adem\u00e1s, el proyecto dispone de un total de 80 apartamentos.<\/p>\n\n\n\n<figure class=\"wp-block-image size-large\"><img loading=\"lazy\" decoding=\"async\" width=\"1024\" height=\"683\" src=\"https:\/\/elglobal.do\/wp-content\/uploads\/2025\/08\/Bonilla-1024x683.jpeg\" alt=\"\" class=\"wp-image-926\" srcset=\"https:\/\/elglobal.do\/wp-content\/uploads\/2025\/08\/Bonilla-1024x683.jpeg 1024w, https:\/\/elglobal.do\/wp-content\/uploads\/2025\/08\/Bonilla-300x200.jpeg 300w, https:\/\/elglobal.do\/wp-content\/uploads\/2025\/08\/Bonilla-768x512.jpeg 768w, https:\/\/elglobal.do\/wp-content\/uploads\/2025\/08\/Bonilla-1536x1024.jpeg 1536w, https:\/\/elglobal.do\/wp-content\/uploads\/2025\/08\/Bonilla-2048x1365.jpeg 2048w\" sizes=\"auto, (max-width: 1024px) 100vw, 1024px\" \/><\/figure>\n\n\n\n<p><\/p>\n\n\n\n<p><strong>El ministro de Vivienda y Edificaciones, Carlos Bonilla<\/strong>, indic\u00f3 que, una vez m\u00e1s, gracias al esfuerzo del Estado y el sector privado, se garantiza que m\u00e1s dominicanos puedan acceder a un hogar seguro, digno y propio.<\/p>\n\n\n\n<p>La inversi\u00f3n total es de RD$117,651,000, de los cuales RD$77,821,400 corresponden a aporte privado y RD$ 39,829,600 a inversi\u00f3n subsidiada.<\/p>\n\n\n\n<figure class=\"wp-block-image size-large\"><img loading=\"lazy\" decoding=\"async\" width=\"1024\" height=\"576\" src=\"https:\/\/elglobal.do\/wp-content\/uploads\/2025\/08\/Apartamentos-1024x576.jpeg\" alt=\"\" class=\"wp-image-927\" srcset=\"https:\/\/elglobal.do\/wp-content\/uploads\/2025\/08\/Apartamentos-1024x576.jpeg 1024w, https:\/\/elglobal.do\/wp-content\/uploads\/2025\/08\/Apartamentos-300x169.jpeg 300w, https:\/\/elglobal.do\/wp-content\/uploads\/2025\/08\/Apartamentos-768x432.jpeg 768w, https:\/\/elglobal.do\/wp-content\/uploads\/2025\/08\/Apartamentos-1536x864.jpeg 1536w, https:\/\/elglobal.do\/wp-content\/uploads\/2025\/08\/Apartamentos-2048x1152.jpeg 2048w\" sizes=\"auto, (max-width: 1024px) 100vw, 1024px\" \/><\/figure>\n\n\n\n<p><\/p>\n\n\n\n<p>El residencial cuenta con 14 apartamentos de 44 metros cuadrados y 32 unidades de 63 metros cuadrados, \u00e1rea de lavado, parqueos para residentes y visitantes, \u00e1rea de juegos para ni\u00f1os, cocina-comedor, balc\u00f3n, sala y gazebo. Asimismo, se encuentra en los alrededores del Jard\u00edn Bot\u00e1nico y cuenta con f\u00e1cil acceso a rutas de transporte p\u00fablico.<\/p>\n\n\n\n<p><strong>Inauguraci\u00f3n Escuela en la Armada<\/strong><\/p>\n\n\n\n<p>El mandatario tambi\u00e9n inaugur\u00f3 la Escuela de Graduados de Comando y Estado Mayor Naval (EGCEMN), el Sal\u00f3n de la parroquia Nuestra Se\u00f1ora del Amparo, edifico de Operaciones de la Divisi\u00f3n de Inteligencia Naval (M-2) de la Armada de Rep\u00fablica Dominicana (ARD).<\/p>\n\n\n\n<p><strong>Tambi\u00e9n entreg\u00f3<\/strong><\/p>\n\n\n\n<p>El remozamientodel Comando Naval de Capitan\u00eda de Puertos y Autoridad Marina, la Capitan\u00eda de Puerto de Santo Domingo, el destacamento del Faro a Col\u00f3n, las oficinas de las subdirecciones de Compras y Sueldos, las divisiones de Personal y Orden (M-1) y de Log\u00edstica (M-4), y la reconstrucci\u00f3n de cien metros de pared perimetral de la Base Naval 27 de Febrero.<\/p>\n\n\n\n<p>El Gobierno invirti\u00f3 RD$188.7 millones en infraestructuras y su equipamiento de estas obras.<\/p>\n","protected":false},"excerpt":{"rendered":"<p>M\u00e1s de 50,000 viviendas han sido reconstruidas por el actual Gobierno Santo Domingo. &#8211; El Presidente Luis Abinader, ha entregado m\u00e1s de 13,000 viviendas en la Rep\u00fablica Dominicana, siendo el&hellip; <\/p>\n","protected":false},"author":1,"featured_media":925,"comment_status":"open","ping_status":"open","sticky":false,"template":"","format":"standard","meta":{"_jetpack_memberships_contains_paid_content":false,"footnotes":""},"categories":[40],"tags":[395,98,394,33,396],"class_list":["post-924","post","type-post","status-publish","format-standard","has-post-thumbnail","hentry","category-nacionales","tag-46nuevosapartamentos","tag-elglobalinformativo","tag-entrega","tag-luisabinader","tag-mived"],"yoast_head":"<!-- This site is optimized with the Yoast SEO plugin v26.9 - https:\/\/yoast.com\/product\/yoast-seo-wordpress\/ -->\n<title>Presidente Abinader entreg\u00f3 este domingo 46 nuevos apartamentos en el D.N. - EL GLOBAL INFORMATIVO<\/title>\n<meta name=\"robots\" content=\"index, follow, max-snippet:-1, max-image-preview:large, max-video-preview:-1\" \/>\n<link rel=\"canonical\" href=\"https:\/\/elglobal.do\/index.php\/2025\/08\/10\/presidente-abinader-entrego-este-domingo-46-nuevos-apartamentos-en-el-d-n\/\" \/>\n<meta property=\"og:locale\" content=\"es_ES\" \/>\n<meta property=\"og:type\" content=\"article\" \/>\n<meta property=\"og:title\" content=\"Presidente Abinader entreg\u00f3 este domingo 46 nuevos apartamentos en el D.N. - EL GLOBAL INFORMATIVO\" \/>\n<meta property=\"og:description\" content=\"M\u00e1s de 50,000 viviendas han sido reconstruidas por el actual Gobierno Santo Domingo. &#8211; El Presidente Luis Abinader, ha entregado m\u00e1s de 13,000 viviendas en la Rep\u00fablica Dominicana, siendo el&hellip;\" \/>\n<meta property=\"og:url\" content=\"https:\/\/elglobal.do\/index.php\/2025\/08\/10\/presidente-abinader-entrego-este-domingo-46-nuevos-apartamentos-en-el-d-n\/\" \/>\n<meta property=\"og:site_name\" content=\"EL GLOBAL INFORMATIVO\" \/>\n<meta property=\"article:published_time\" content=\"2025-08-11T01:48:55+00:00\" \/>\n<meta property=\"article:modified_time\" content=\"2025-08-11T01:48:56+00:00\" \/>\n<meta property=\"og:image\" content=\"https:\/\/elglobal.do\/wp-content\/uploads\/2025\/08\/llave-scaled.jpeg\" \/>\n\t<meta property=\"og:image:width\" content=\"2560\" \/>\n\t<meta property=\"og:image:height\" content=\"1706\" \/>\n\t<meta property=\"og:image:type\" content=\"image\/jpeg\" \/>\n<meta name=\"author\" content=\"EL GLOBAL\" \/>\n<meta name=\"twitter:card\" content=\"summary_large_image\" \/>\n<meta name=\"twitter:label1\" content=\"Escrito por\" \/>\n\t<meta name=\"twitter:data1\" content=\"EL GLOBAL\" \/>\n\t<meta name=\"twitter:label2\" content=\"Tiempo de lectura\" \/>\n\t<meta name=\"twitter:data2\" content=\"2 minutos\" \/>\n<script type=\"application\/ld+json\" class=\"yoast-schema-graph\">{\"@context\":\"https:\/\/schema.org\",\"@graph\":[{\"@type\":\"Article\",\"@id\":\"https:\/\/elglobal.do\/index.php\/2025\/08\/10\/presidente-abinader-entrego-este-domingo-46-nuevos-apartamentos-en-el-d-n\/#article\",\"isPartOf\":{\"@id\":\"https:\/\/elglobal.do\/index.php\/2025\/08\/10\/presidente-abinader-entrego-este-domingo-46-nuevos-apartamentos-en-el-d-n\/\"},\"author\":{\"name\":\"EL GLOBAL\",\"@id\":\"https:\/\/elglobal.do\/#\/schema\/person\/0c97ec2c7714fb605d230c292f64d55f\"},\"headline\":\"Presidente Abinader entreg\u00f3 este domingo 46 nuevos apartamentos en el D.N.\",\"datePublished\":\"2025-08-11T01:48:55+00:00\",\"dateModified\":\"2025-08-11T01:48:56+00:00\",\"mainEntityOfPage\":{\"@id\":\"https:\/\/elglobal.do\/index.php\/2025\/08\/10\/presidente-abinader-entrego-este-domingo-46-nuevos-apartamentos-en-el-d-n\/\"},\"wordCount\":369,\"commentCount\":0,\"publisher\":{\"@id\":\"https:\/\/elglobal.do\/#organization\"},\"image\":{\"@id\":\"https:\/\/elglobal.do\/index.php\/2025\/08\/10\/presidente-abinader-entrego-este-domingo-46-nuevos-apartamentos-en-el-d-n\/#primaryimage\"},\"thumbnailUrl\":\"https:\/\/elglobal.do\/wp-content\/uploads\/2025\/08\/llave-scaled.jpeg\",\"keywords\":[\"#46NuevosApartamentos\",\"#ElGlobalInformativo\",\"#Entrega\",\"#LuisAbinader\",\"#MIVED\"],\"articleSection\":[\"NACIONALES\"],\"inLanguage\":\"es\",\"potentialAction\":[{\"@type\":\"CommentAction\",\"name\":\"Comment\",\"target\":[\"https:\/\/elglobal.do\/index.php\/2025\/08\/10\/presidente-abinader-entrego-este-domingo-46-nuevos-apartamentos-en-el-d-n\/#respond\"]}]},{\"@type\":\"WebPage\",\"@id\":\"https:\/\/elglobal.do\/index.php\/2025\/08\/10\/presidente-abinader-entrego-este-domingo-46-nuevos-apartamentos-en-el-d-n\/\",\"url\":\"https:\/\/elglobal.do\/index.php\/2025\/08\/10\/presidente-abinader-entrego-este-domingo-46-nuevos-apartamentos-en-el-d-n\/\",\"name\":\"Presidente Abinader entreg\u00f3 este domingo 46 nuevos apartamentos en el D.N. - EL GLOBAL INFORMATIVO\",\"isPartOf\":{\"@id\":\"https:\/\/elglobal.do\/#website\"},\"primaryImageOfPage\":{\"@id\":\"https:\/\/elglobal.do\/index.php\/2025\/08\/10\/presidente-abinader-entrego-este-domingo-46-nuevos-apartamentos-en-el-d-n\/#primaryimage\"},\"image\":{\"@id\":\"https:\/\/elglobal.do\/index.php\/2025\/08\/10\/presidente-abinader-entrego-este-domingo-46-nuevos-apartamentos-en-el-d-n\/#primaryimage\"},\"thumbnailUrl\":\"https:\/\/elglobal.do\/wp-content\/uploads\/2025\/08\/llave-scaled.jpeg\",\"datePublished\":\"2025-08-11T01:48:55+00:00\",\"dateModified\":\"2025-08-11T01:48:56+00:00\",\"breadcrumb\":{\"@id\":\"https:\/\/elglobal.do\/index.php\/2025\/08\/10\/presidente-abinader-entrego-este-domingo-46-nuevos-apartamentos-en-el-d-n\/#breadcrumb\"},\"inLanguage\":\"es\",\"potentialAction\":[{\"@type\":\"ReadAction\",\"target\":[\"https:\/\/elglobal.do\/index.php\/2025\/08\/10\/presidente-abinader-entrego-este-domingo-46-nuevos-apartamentos-en-el-d-n\/\"]}]},{\"@type\":\"ImageObject\",\"inLanguage\":\"es\",\"@id\":\"https:\/\/elglobal.do\/index.php\/2025\/08\/10\/presidente-abinader-entrego-este-domingo-46-nuevos-apartamentos-en-el-d-n\/#primaryimage\",\"url\":\"https:\/\/elglobal.do\/wp-content\/uploads\/2025\/08\/llave-scaled.jpeg\",\"contentUrl\":\"https:\/\/elglobal.do\/wp-content\/uploads\/2025\/08\/llave-scaled.jpeg\",\"width\":2560,\"height\":1706},{\"@type\":\"BreadcrumbList\",\"@id\":\"https:\/\/elglobal.do\/index.php\/2025\/08\/10\/presidente-abinader-entrego-este-domingo-46-nuevos-apartamentos-en-el-d-n\/#breadcrumb\",\"itemListElement\":[{\"@type\":\"ListItem\",\"position\":1,\"name\":\"Portada\",\"item\":\"https:\/\/elglobal.do\/\"},{\"@type\":\"ListItem\",\"position\":2,\"name\":\"Presidente Abinader entreg\u00f3 este domingo 46 nuevos apartamentos en el D.N.\"}]},{\"@type\":\"WebSite\",\"@id\":\"https:\/\/elglobal.do\/#website\",\"url\":\"https:\/\/elglobal.do\/\",\"name\":\"EL GLOBAL INFORMATIVO\",\"description\":\"Peri\u00f3dico digital de la Rep\u00fablica Dominicana que ofrece noticias, novedades, pol\u00edtica y las \u00faltimas actualidades, con informaci\u00f3n veraz y oportuna para mantenerte siempre informad\",\"publisher\":{\"@id\":\"https:\/\/elglobal.do\/#organization\"},\"potentialAction\":[{\"@type\":\"SearchAction\",\"target\":{\"@type\":\"EntryPoint\",\"urlTemplate\":\"https:\/\/elglobal.do\/?s={search_term_string}\"},\"query-input\":{\"@type\":\"PropertyValueSpecification\",\"valueRequired\":true,\"valueName\":\"search_term_string\"}}],\"inLanguage\":\"es\"},{\"@type\":\"Organization\",\"@id\":\"https:\/\/elglobal.do\/#organization\",\"name\":\"EL GLOBAL.DO INFORMATIVO\",\"url\":\"https:\/\/elglobal.do\/\",\"logo\":{\"@type\":\"ImageObject\",\"inLanguage\":\"es\",\"@id\":\"https:\/\/elglobal.do\/#\/schema\/logo\/image\/\",\"url\":\"https:\/\/elglobal.do\/wp-content\/uploads\/2025\/08\/icon.png\",\"contentUrl\":\"https:\/\/elglobal.do\/wp-content\/uploads\/2025\/08\/icon.png\",\"width\":512,\"height\":512,\"caption\":\"EL GLOBAL.DO INFORMATIVO\"},\"image\":{\"@id\":\"https:\/\/elglobal.do\/#\/schema\/logo\/image\/\"}},{\"@type\":\"Person\",\"@id\":\"https:\/\/elglobal.do\/#\/schema\/person\/0c97ec2c7714fb605d230c292f64d55f\",\"name\":\"EL GLOBAL\",\"image\":{\"@type\":\"ImageObject\",\"inLanguage\":\"es\",\"@id\":\"https:\/\/elglobal.do\/#\/schema\/person\/image\/\",\"url\":\"https:\/\/secure.gravatar.com\/avatar\/081cfb6cf99faddc6f4e23a0c11ab98c5cf302925382d1c88dc3ed757ab910a3?s=96&d=mm&r=g\",\"contentUrl\":\"https:\/\/secure.gravatar.com\/avatar\/081cfb6cf99faddc6f4e23a0c11ab98c5cf302925382d1c88dc3ed757ab910a3?s=96&d=mm&r=g\",\"caption\":\"EL GLOBAL\"},\"description\":\"El Global Informativo es un peri\u00f3dico digital de Rep\u00fablica Dominicana que se dedica a cubrir temas importantes, como la pol\u00edtica local, geopol\u00edtica, econom\u00eda, tecnolog\u00eda, noticias internacionales y eventos relacionados con la gesti\u00f3n social, cultural y humana. Su objetivo principal es mantener a la poblaci\u00f3n informada, ofreciendo una visi\u00f3n amplia y actualizada de lo que sucede tanto en el pa\u00eds como en el mundo. Est\u00e1 dirigido por un grupo de periodistas experimentados, lo que garantiza la calidad y la precisi\u00f3n de la informaci\u00f3n que ofrecen. Tiene su sede en la ciudad de Santo Domingo y es parte integral del portafolio de la empresa, MC Global S.R.L.\",\"sameAs\":[\"https:\/\/elglobal.do\",\"https:\/\/www.instagram.com\/elglobal.do_informativo\/\"],\"url\":\"https:\/\/elglobal.do\/index.php\/author\/elglobaluserpro\/\"}]}<\/script>\n<!-- \/ Yoast SEO plugin. -->","yoast_head_json":{"title":"Presidente Abinader entreg\u00f3 este domingo 46 nuevos apartamentos en el D.N. - EL GLOBAL INFORMATIVO","robots":{"index":"index","follow":"follow","max-snippet":"max-snippet:-1","max-image-preview":"max-image-preview:large","max-video-preview":"max-video-preview:-1"},"canonical":"https:\/\/elglobal.do\/index.php\/2025\/08\/10\/presidente-abinader-entrego-este-domingo-46-nuevos-apartamentos-en-el-d-n\/","og_locale":"es_ES","og_type":"article","og_title":"Presidente Abinader entreg\u00f3 este domingo 46 nuevos apartamentos en el D.N. - EL GLOBAL INFORMATIVO","og_description":"M\u00e1s de 50,000 viviendas han sido reconstruidas por el actual Gobierno Santo Domingo. &#8211; El Presidente Luis Abinader, ha entregado m\u00e1s de 13,000 viviendas en la Rep\u00fablica Dominicana, siendo el&hellip;","og_url":"https:\/\/elglobal.do\/index.php\/2025\/08\/10\/presidente-abinader-entrego-este-domingo-46-nuevos-apartamentos-en-el-d-n\/","og_site_name":"EL GLOBAL INFORMATIVO","article_published_time":"2025-08-11T01:48:55+00:00","article_modified_time":"2025-08-11T01:48:56+00:00","og_image":[{"width":2560,"height":1706,"url":"https:\/\/elglobal.do\/wp-content\/uploads\/2025\/08\/llave-scaled.jpeg","type":"image\/jpeg"}],"author":"EL GLOBAL","twitter_card":"summary_large_image","twitter_misc":{"Escrito por":"EL GLOBAL","Tiempo de lectura":"2 minutos"},"schema":{"@context":"https:\/\/schema.org","@graph":[{"@type":"Article","@id":"https:\/\/elglobal.do\/index.php\/2025\/08\/10\/presidente-abinader-entrego-este-domingo-46-nuevos-apartamentos-en-el-d-n\/#article","isPartOf":{"@id":"https:\/\/elglobal.do\/index.php\/2025\/08\/10\/presidente-abinader-entrego-este-domingo-46-nuevos-apartamentos-en-el-d-n\/"},"author":{"name":"EL GLOBAL","@id":"https:\/\/elglobal.do\/#\/schema\/person\/0c97ec2c7714fb605d230c292f64d55f"},"headline":"Presidente Abinader entreg\u00f3 este domingo 46 nuevos apartamentos en el D.N.","datePublished":"2025-08-11T01:48:55+00:00","dateModified":"2025-08-11T01:48:56+00:00","mainEntityOfPage":{"@id":"https:\/\/elglobal.do\/index.php\/2025\/08\/10\/presidente-abinader-entrego-este-domingo-46-nuevos-apartamentos-en-el-d-n\/"},"wordCount":369,"commentCount":0,"publisher":{"@id":"https:\/\/elglobal.do\/#organization"},"image":{"@id":"https:\/\/elglobal.do\/index.php\/2025\/08\/10\/presidente-abinader-entrego-este-domingo-46-nuevos-apartamentos-en-el-d-n\/#primaryimage"},"thumbnailUrl":"https:\/\/elglobal.do\/wp-content\/uploads\/2025\/08\/llave-scaled.jpeg","keywords":["#46NuevosApartamentos","#ElGlobalInformativo","#Entrega","#LuisAbinader","#MIVED"],"articleSection":["NACIONALES"],"inLanguage":"es","potentialAction":[{"@type":"CommentAction","name":"Comment","target":["https:\/\/elglobal.do\/index.php\/2025\/08\/10\/presidente-abinader-entrego-este-domingo-46-nuevos-apartamentos-en-el-d-n\/#respond"]}]},{"@type":"WebPage","@id":"https:\/\/elglobal.do\/index.php\/2025\/08\/10\/presidente-abinader-entrego-este-domingo-46-nuevos-apartamentos-en-el-d-n\/","url":"https:\/\/elglobal.do\/index.php\/2025\/08\/10\/presidente-abinader-entrego-este-domingo-46-nuevos-apartamentos-en-el-d-n\/","name":"Presidente Abinader entreg\u00f3 este domingo 46 nuevos apartamentos en el D.N. - EL GLOBAL INFORMATIVO","isPartOf":{"@id":"https:\/\/elglobal.do\/#website"},"primaryImageOfPage":{"@id":"https:\/\/elglobal.do\/index.php\/2025\/08\/10\/presidente-abinader-entrego-este-domingo-46-nuevos-apartamentos-en-el-d-n\/#primaryimage"},"image":{"@id":"https:\/\/elglobal.do\/index.php\/2025\/08\/10\/presidente-abinader-entrego-este-domingo-46-nuevos-apartamentos-en-el-d-n\/#primaryimage"},"thumbnailUrl":"https:\/\/elglobal.do\/wp-content\/uploads\/2025\/08\/llave-scaled.jpeg","datePublished":"2025-08-11T01:48:55+00:00","dateModified":"2025-08-11T01:48:56+00:00","breadcrumb":{"@id":"https:\/\/elglobal.do\/index.php\/2025\/08\/10\/presidente-abinader-entrego-este-domingo-46-nuevos-apartamentos-en-el-d-n\/#breadcrumb"},"inLanguage":"es","potentialAction":[{"@type":"ReadAction","target":["https:\/\/elglobal.do\/index.php\/2025\/08\/10\/presidente-abinader-entrego-este-domingo-46-nuevos-apartamentos-en-el-d-n\/"]}]},{"@type":"ImageObject","inLanguage":"es","@id":"https:\/\/elglobal.do\/index.php\/2025\/08\/10\/presidente-abinader-entrego-este-domingo-46-nuevos-apartamentos-en-el-d-n\/#primaryimage","url":"https:\/\/elglobal.do\/wp-content\/uploads\/2025\/08\/llave-scaled.jpeg","contentUrl":"https:\/\/elglobal.do\/wp-content\/uploads\/2025\/08\/llave-scaled.jpeg","width":2560,"height":1706},{"@type":"BreadcrumbList","@id":"https:\/\/elglobal.do\/index.php\/2025\/08\/10\/presidente-abinader-entrego-este-domingo-46-nuevos-apartamentos-en-el-d-n\/#breadcrumb","itemListElement":[{"@type":"ListItem","position":1,"name":"Portada","item":"https:\/\/elglobal.do\/"},{"@type":"ListItem","position":2,"name":"Presidente Abinader entreg\u00f3 este domingo 46 nuevos apartamentos en el D.N."}]},{"@type":"WebSite","@id":"https:\/\/elglobal.do\/#website","url":"https:\/\/elglobal.do\/","name":"EL GLOBAL INFORMATIVO","description":"Peri\u00f3dico digital de la Rep\u00fablica Dominicana que ofrece noticias, novedades, pol\u00edtica y las \u00faltimas actualidades, con informaci\u00f3n veraz y oportuna para mantenerte siempre informad","publisher":{"@id":"https:\/\/elglobal.do\/#organization"},"potentialAction":[{"@type":"SearchAction","target":{"@type":"EntryPoint","urlTemplate":"https:\/\/elglobal.do\/?s={search_term_string}"},"query-input":{"@type":"PropertyValueSpecification","valueRequired":true,"valueName":"search_term_string"}}],"inLanguage":"es"},{"@type":"Organization","@id":"https:\/\/elglobal.do\/#organization","name":"EL GLOBAL.DO INFORMATIVO","url":"https:\/\/elglobal.do\/","logo":{"@type":"ImageObject","inLanguage":"es","@id":"https:\/\/elglobal.do\/#\/schema\/logo\/image\/","url":"https:\/\/elglobal.do\/wp-content\/uploads\/2025\/08\/icon.png","contentUrl":"https:\/\/elglobal.do\/wp-content\/uploads\/2025\/08\/icon.png","width":512,"height":512,"caption":"EL GLOBAL.DO INFORMATIVO"},"image":{"@id":"https:\/\/elglobal.do\/#\/schema\/logo\/image\/"}},{"@type":"Person","@id":"https:\/\/elglobal.do\/#\/schema\/person\/0c97ec2c7714fb605d230c292f64d55f","name":"EL GLOBAL","image":{"@type":"ImageObject","inLanguage":"es","@id":"https:\/\/elglobal.do\/#\/schema\/person\/image\/","url":"https:\/\/secure.gravatar.com\/avatar\/081cfb6cf99faddc6f4e23a0c11ab98c5cf302925382d1c88dc3ed757ab910a3?s=96&d=mm&r=g","contentUrl":"https:\/\/secure.gravatar.com\/avatar\/081cfb6cf99faddc6f4e23a0c11ab98c5cf302925382d1c88dc3ed757ab910a3?s=96&d=mm&r=g","caption":"EL GLOBAL"},"description":"El Global Informativo es un peri\u00f3dico digital de Rep\u00fablica Dominicana que se dedica a cubrir temas importantes, como la pol\u00edtica local, geopol\u00edtica, econom\u00eda, tecnolog\u00eda, noticias internacionales y eventos relacionados con la gesti\u00f3n social, cultural y humana. Su objetivo principal es mantener a la poblaci\u00f3n informada, ofreciendo una visi\u00f3n amplia y actualizada de lo que sucede tanto en el pa\u00eds como en el mundo. Est\u00e1 dirigido por un grupo de periodistas experimentados, lo que garantiza la calidad y la precisi\u00f3n de la informaci\u00f3n que ofrecen. Tiene su sede en la ciudad de Santo Domingo y es parte integral del portafolio de la empresa, MC Global S.R.L.","sameAs":["https:\/\/elglobal.do","https:\/\/www.instagram.com\/elglobal.do_informativo\/"],"url":"https:\/\/elglobal.do\/index.php\/author\/elglobaluserpro\/"}]}},"jetpack_featured_media_url":"https:\/\/elglobal.do\/wp-content\/uploads\/2025\/08\/llave-scaled.jpeg","jetpack_sharing_enabled":true,"_links":{"self":[{"href":"https:\/\/elglobal.do\/index.php\/wp-json\/wp\/v2\/posts\/924","targetHints":{"allow":["GET"]}}],"collection":[{"href":"https:\/\/elglobal.do\/index.php\/wp-json\/wp\/v2\/posts"}],"about":[{"href":"https:\/\/elglobal.do\/index.php\/wp-json\/wp\/v2\/types\/post"}],"author":[{"embeddable":true,"href":"https:\/\/elglobal.do\/index.php\/wp-json\/wp\/v2\/users\/1"}],"replies":[{"embeddable":true,"href":"https:\/\/elglobal.do\/index.php\/wp-json\/wp\/v2\/comments?post=924"}],"version-history":[{"count":1,"href":"https:\/\/elglobal.do\/index.php\/wp-json\/wp\/v2\/posts\/924\/revisions"}],"predecessor-version":[{"id":929,"href":"https:\/\/elglobal.do\/index.php\/wp-json\/wp\/v2\/posts\/924\/revisions\/929"}],"wp:featuredmedia":[{"embeddable":true,"href":"https:\/\/elglobal.do\/index.php\/wp-json\/wp\/v2\/media\/925"}],"wp:attachment":[{"href":"https:\/\/elglobal.do\/index.php\/wp-json\/wp\/v2\/media?parent=924"}],"wp:term":[{"taxonomy":"category","embeddable":true,"href":"https:\/\/elglobal.do\/index.php\/wp-json\/wp\/v2\/categories?post=924"},{"taxonomy":"post_tag","embeddable":true,"href":"https:\/\/elglobal.do\/index.php\/wp-json\/wp\/v2\/tags?post=924"}],"curies":[{"name":"wp","href":"https:\/\/api.w.org\/{rel}","templated":true}]}}