{"id":952,"date":"2025-08-11T09:43:56","date_gmt":"2025-08-11T13:43:56","guid":{"rendered":"https:\/\/elglobal.do\/?p=952"},"modified":"2025-08-12T05:26:00","modified_gmt":"2025-08-12T09:26:00","slug":"muere-miguel-uribe-turbay-el-senador-y-precandidato-presidencial-colombiano-herido-en-atentado","status":"publish","type":"post","link":"https:\/\/elglobal.do\/index.php\/2025\/08\/11\/muere-miguel-uribe-turbay-el-senador-y-precandidato-presidencial-colombiano-herido-en-atentado\/","title":{"rendered":"Muere Miguel Uribe Turbay, el senador y precandidato presidencial colombiano herido en atentado"},"content":{"rendered":"\n<p><em>Uribe Turbay, de 39 a\u00f1os y senador del partido de derecha Centro Democr\u00e1tico, estaba ingresado en la cl\u00ednica Fundaci\u00f3n Santa Fe de Bogot\u00e1<\/em><\/p>\n\n\n\n<figure class=\"wp-block-image size-full\"><img loading=\"lazy\" decoding=\"async\" width=\"628\" height=\"537\" src=\"https:\/\/elglobal.do\/wp-content\/uploads\/2025\/08\/Uribe.jpeg\" alt=\"\" class=\"wp-image-954\" srcset=\"https:\/\/elglobal.do\/wp-content\/uploads\/2025\/08\/Uribe.jpeg 628w, https:\/\/elglobal.do\/wp-content\/uploads\/2025\/08\/Uribe-300x257.jpeg 300w\" sizes=\"auto, (max-width: 628px) 100vw, 628px\" \/><figcaption class=\"wp-element-caption\"><em>Miguel Uribe Turbay, Fuente externa<\/em><\/figcaption><\/figure>\n\n\n\n<p><\/p>\n\n\n\n<p><strong>Bogot\u00e1, Colombia<em>. &#8211;<\/em><\/strong><em>&nbsp; <\/em>El senador y aspirante presidencial&nbsp;<strong>colombiano Muere Miguel Uribe Turbay<\/strong>, herido gravemente en la cabeza en un atentado el pasado 7 de junio en Bogot\u00e1, muri\u00f3 este lunes, inform\u00f3 su esposa,&nbsp;<strong>Mar\u00eda Claudia Tarazona.<\/strong><\/p>\n\n\n\n<p>\u00abPido a Dios me muestre el camino para aprender a vivir sin ti\u00bb,&nbsp;<strong>escribi\u00f3 Tarazona&nbsp;<\/strong>en sus redes sociales, en donde agreg\u00f3: \u00abDescansa en paz amor de mi vida, yo cuidar\u00e9 a nuestros hijos\u00bb, junto con una foto de ambos.<\/p>\n\n\n\n<figure class=\"wp-block-image size-large\"><a href=\"https:\/\/www.instagram.com\/p\/DNNfZGqOLm9\/?utm_source=ig_web_copy_link\"><img loading=\"lazy\" decoding=\"async\" width=\"1024\" height=\"704\" src=\"https:\/\/elglobal.do\/wp-content\/uploads\/2025\/08\/Captura-de-pantalla-65-1024x704.png\" alt=\"\" class=\"wp-image-956\" srcset=\"https:\/\/elglobal.do\/wp-content\/uploads\/2025\/08\/Captura-de-pantalla-65-1024x704.png 1024w, https:\/\/elglobal.do\/wp-content\/uploads\/2025\/08\/Captura-de-pantalla-65-300x206.png 300w, https:\/\/elglobal.do\/wp-content\/uploads\/2025\/08\/Captura-de-pantalla-65-768x528.png 768w, https:\/\/elglobal.do\/wp-content\/uploads\/2025\/08\/Captura-de-pantalla-65.png 1131w\" sizes=\"auto, (max-width: 1024px) 100vw, 1024px\" \/><\/a><\/figure>\n\n\n\n<p><strong>Uribe Turbay, de 39 a\u00f1os&nbsp;<\/strong>y senador del partido de derecha Centro Democr\u00e1tico, estaba ingresado desde el d\u00eda del atentado en la cl\u00ednica&nbsp;<strong>Fundaci\u00f3n Santa Fe de Bogot\u00e1&nbsp;<\/strong>donde se someti\u00f3 a varias intervenciones quir\u00fargicas y aunque lleg\u00f3 a tener alguna mejor\u00eda, nunca super\u00f3 el&nbsp;<strong>estado cr\u00edtico.<\/strong><\/p>\n\n\n\n<p>El pasado s\u00e1bado, la&nbsp;<strong>Santa Fe<\/strong>&nbsp;inform\u00f3 de que el pol\u00edtico hab\u00eda sufrido una hemorragia en el sistema nervioso que agrav\u00f3 su estado de salud.<\/p>\n\n\n\n<p>\u00abEn las \u00faltimas 48 horas su estado cl\u00ednico revirti\u00f3 a una condici\u00f3n cr\u00edtica, debido a un episodio de&nbsp;<strong>hemorragia en el sistema nervioso central<\/strong>. Esta condici\u00f3n requiri\u00f3 nuevos procedimientos neuroquir\u00fargicos de urgencia que han logrado estabilizarlo\u00bb, dijo la Fundaci\u00f3n en un parte m\u00e9dico hace dos d\u00edas.<\/p>\n\n\n\n<p><strong>Uribe Turbay<\/strong>&nbsp;recibi\u00f3 dos disparos en la cabeza y uno en la pierna izquierda cuando encabezaba un mitin pol\u00edtico en un parque del&nbsp;<strong>barrio bogotano de Modelia&nbsp;<\/strong>como parte de su actividad pol\u00edtica de cara a las elecciones presidenciales de 2026, en las que aspiraba a obtener la nominaci\u00f3n del Centro Democr\u00e1tico.<\/p>\n\n\n\n<p>\u00ab<strong>Nuestro amor trasciende este plano f\u00edsico<\/strong>. Esp\u00e9rame, que cuando cumpla mi promesa con nuestros hijos, ir\u00e9 a buscarte y tendremos nuestra segunda oportunidad\u00bb, agreg\u00f3 en su mensaje su&nbsp;<strong>esposa<\/strong>, quien frecuentemente ha usado las&nbsp;<strong>redes sociales&nbsp;<\/strong>para informar de su estado de salud y pedir oraciones por su recuperaci\u00f3n.<\/p>\n\n\n\n<p>Por: <strong><a href=\"https:\/\/efe.com\/mundo\/2025-08-11\/muere-senador-candidato-presidencial-colombia-miguel-uribe-tras-atentado-junio\/\">Agencia EFE<\/a><\/strong><\/p>\n","protected":false},"excerpt":{"rendered":"<p>Uribe Turbay, de 39 a\u00f1os y senador del partido de derecha Centro Democr\u00e1tico, estaba ingresado en la cl\u00ednica Fundaci\u00f3n Santa Fe de Bogot\u00e1 Bogot\u00e1, Colombia. &#8211;&nbsp; El senador y aspirante&hellip; <\/p>\n","protected":false},"author":1,"featured_media":954,"comment_status":"open","ping_status":"open","sticky":false,"template":"","format":"standard","meta":{"_jetpack_memberships_contains_paid_content":false,"footnotes":""},"categories":[16,1,7],"tags":[411,98,410,409],"class_list":["post-952","post","type-post","status-publish","format-standard","has-post-thumbnail","hentry","category-america","category-categoria-internacionales","category-politica","tag-colombia","tag-elglobalinformativo","tag-fallece","tag-migueluribeturbay"],"yoast_head":"<!-- This site is optimized with the Yoast SEO plugin v26.9 - https:\/\/yoast.com\/product\/yoast-seo-wordpress\/ -->\n<title>Muere Miguel Uribe Turbay, el senador y precandidato presidencial colombiano herido en atentado - EL GLOBAL INFORMATIVO<\/title>\n<meta name=\"robots\" content=\"index, follow, max-snippet:-1, max-image-preview:large, max-video-preview:-1\" \/>\n<link rel=\"canonical\" href=\"https:\/\/elglobal.do\/index.php\/2025\/08\/11\/muere-miguel-uribe-turbay-el-senador-y-precandidato-presidencial-colombiano-herido-en-atentado\/\" \/>\n<meta property=\"og:locale\" content=\"es_ES\" \/>\n<meta property=\"og:type\" content=\"article\" \/>\n<meta property=\"og:title\" content=\"Muere Miguel Uribe Turbay, el senador y precandidato presidencial colombiano herido en atentado - EL GLOBAL INFORMATIVO\" \/>\n<meta property=\"og:description\" content=\"Uribe Turbay, de 39 a\u00f1os y senador del partido de derecha Centro Democr\u00e1tico, estaba ingresado en la cl\u00ednica Fundaci\u00f3n Santa Fe de Bogot\u00e1 Bogot\u00e1, Colombia. &#8211;&nbsp; El senador y aspirante&hellip;\" \/>\n<meta property=\"og:url\" content=\"https:\/\/elglobal.do\/index.php\/2025\/08\/11\/muere-miguel-uribe-turbay-el-senador-y-precandidato-presidencial-colombiano-herido-en-atentado\/\" \/>\n<meta property=\"og:site_name\" content=\"EL GLOBAL INFORMATIVO\" \/>\n<meta property=\"article:published_time\" content=\"2025-08-11T13:43:56+00:00\" \/>\n<meta property=\"article:modified_time\" content=\"2025-08-12T09:26:00+00:00\" \/>\n<meta property=\"og:image\" content=\"https:\/\/elglobal.do\/wp-content\/uploads\/2025\/08\/Uribe.jpeg\" \/>\n\t<meta property=\"og:image:width\" content=\"628\" \/>\n\t<meta property=\"og:image:height\" content=\"537\" \/>\n\t<meta property=\"og:image:type\" content=\"image\/jpeg\" \/>\n<meta name=\"author\" content=\"EL GLOBAL\" \/>\n<meta name=\"twitter:card\" content=\"summary_large_image\" \/>\n<meta name=\"twitter:label1\" content=\"Escrito por\" \/>\n\t<meta name=\"twitter:data1\" content=\"EL GLOBAL\" \/>\n\t<meta name=\"twitter:label2\" content=\"Tiempo de lectura\" \/>\n\t<meta name=\"twitter:data2\" content=\"2 minutos\" \/>\n<script type=\"application\/ld+json\" class=\"yoast-schema-graph\">{\"@context\":\"https:\/\/schema.org\",\"@graph\":[{\"@type\":\"Article\",\"@id\":\"https:\/\/elglobal.do\/index.php\/2025\/08\/11\/muere-miguel-uribe-turbay-el-senador-y-precandidato-presidencial-colombiano-herido-en-atentado\/#article\",\"isPartOf\":{\"@id\":\"https:\/\/elglobal.do\/index.php\/2025\/08\/11\/muere-miguel-uribe-turbay-el-senador-y-precandidato-presidencial-colombiano-herido-en-atentado\/\"},\"author\":{\"name\":\"EL GLOBAL\",\"@id\":\"https:\/\/elglobal.do\/#\/schema\/person\/0c97ec2c7714fb605d230c292f64d55f\"},\"headline\":\"Muere Miguel Uribe Turbay, el senador y precandidato presidencial colombiano herido en atentado\",\"datePublished\":\"2025-08-11T13:43:56+00:00\",\"dateModified\":\"2025-08-12T09:26:00+00:00\",\"mainEntityOfPage\":{\"@id\":\"https:\/\/elglobal.do\/index.php\/2025\/08\/11\/muere-miguel-uribe-turbay-el-senador-y-precandidato-presidencial-colombiano-herido-en-atentado\/\"},\"wordCount\":384,\"commentCount\":0,\"publisher\":{\"@id\":\"https:\/\/elglobal.do\/#organization\"},\"image\":{\"@id\":\"https:\/\/elglobal.do\/index.php\/2025\/08\/11\/muere-miguel-uribe-turbay-el-senador-y-precandidato-presidencial-colombiano-herido-en-atentado\/#primaryimage\"},\"thumbnailUrl\":\"https:\/\/elglobal.do\/wp-content\/uploads\/2025\/08\/Uribe.jpeg\",\"keywords\":[\"#Colombia\",\"#ElGlobalInformativo\",\"#Fallece\",\"#MiguelUribeTurbay\"],\"articleSection\":[\"AM\u00c9RICA\",\"INTERNACIONALES\",\"POL\u00cdTICA\"],\"inLanguage\":\"es\",\"potentialAction\":[{\"@type\":\"CommentAction\",\"name\":\"Comment\",\"target\":[\"https:\/\/elglobal.do\/index.php\/2025\/08\/11\/muere-miguel-uribe-turbay-el-senador-y-precandidato-presidencial-colombiano-herido-en-atentado\/#respond\"]}]},{\"@type\":\"WebPage\",\"@id\":\"https:\/\/elglobal.do\/index.php\/2025\/08\/11\/muere-miguel-uribe-turbay-el-senador-y-precandidato-presidencial-colombiano-herido-en-atentado\/\",\"url\":\"https:\/\/elglobal.do\/index.php\/2025\/08\/11\/muere-miguel-uribe-turbay-el-senador-y-precandidato-presidencial-colombiano-herido-en-atentado\/\",\"name\":\"Muere Miguel Uribe Turbay, el senador y precandidato presidencial colombiano herido en atentado - EL GLOBAL INFORMATIVO\",\"isPartOf\":{\"@id\":\"https:\/\/elglobal.do\/#website\"},\"primaryImageOfPage\":{\"@id\":\"https:\/\/elglobal.do\/index.php\/2025\/08\/11\/muere-miguel-uribe-turbay-el-senador-y-precandidato-presidencial-colombiano-herido-en-atentado\/#primaryimage\"},\"image\":{\"@id\":\"https:\/\/elglobal.do\/index.php\/2025\/08\/11\/muere-miguel-uribe-turbay-el-senador-y-precandidato-presidencial-colombiano-herido-en-atentado\/#primaryimage\"},\"thumbnailUrl\":\"https:\/\/elglobal.do\/wp-content\/uploads\/2025\/08\/Uribe.jpeg\",\"datePublished\":\"2025-08-11T13:43:56+00:00\",\"dateModified\":\"2025-08-12T09:26:00+00:00\",\"breadcrumb\":{\"@id\":\"https:\/\/elglobal.do\/index.php\/2025\/08\/11\/muere-miguel-uribe-turbay-el-senador-y-precandidato-presidencial-colombiano-herido-en-atentado\/#breadcrumb\"},\"inLanguage\":\"es\",\"potentialAction\":[{\"@type\":\"ReadAction\",\"target\":[\"https:\/\/elglobal.do\/index.php\/2025\/08\/11\/muere-miguel-uribe-turbay-el-senador-y-precandidato-presidencial-colombiano-herido-en-atentado\/\"]}]},{\"@type\":\"ImageObject\",\"inLanguage\":\"es\",\"@id\":\"https:\/\/elglobal.do\/index.php\/2025\/08\/11\/muere-miguel-uribe-turbay-el-senador-y-precandidato-presidencial-colombiano-herido-en-atentado\/#primaryimage\",\"url\":\"https:\/\/elglobal.do\/wp-content\/uploads\/2025\/08\/Uribe.jpeg\",\"contentUrl\":\"https:\/\/elglobal.do\/wp-content\/uploads\/2025\/08\/Uribe.jpeg\",\"width\":628,\"height\":537},{\"@type\":\"BreadcrumbList\",\"@id\":\"https:\/\/elglobal.do\/index.php\/2025\/08\/11\/muere-miguel-uribe-turbay-el-senador-y-precandidato-presidencial-colombiano-herido-en-atentado\/#breadcrumb\",\"itemListElement\":[{\"@type\":\"ListItem\",\"position\":1,\"name\":\"Portada\",\"item\":\"https:\/\/elglobal.do\/\"},{\"@type\":\"ListItem\",\"position\":2,\"name\":\"Muere Miguel Uribe Turbay, el senador y precandidato presidencial colombiano herido en atentado\"}]},{\"@type\":\"WebSite\",\"@id\":\"https:\/\/elglobal.do\/#website\",\"url\":\"https:\/\/elglobal.do\/\",\"name\":\"EL GLOBAL INFORMATIVO\",\"description\":\"Peri\u00f3dico digital de la Rep\u00fablica Dominicana que ofrece noticias, novedades, pol\u00edtica y las \u00faltimas actualidades, con informaci\u00f3n veraz y oportuna para mantenerte siempre informad\",\"publisher\":{\"@id\":\"https:\/\/elglobal.do\/#organization\"},\"potentialAction\":[{\"@type\":\"SearchAction\",\"target\":{\"@type\":\"EntryPoint\",\"urlTemplate\":\"https:\/\/elglobal.do\/?s={search_term_string}\"},\"query-input\":{\"@type\":\"PropertyValueSpecification\",\"valueRequired\":true,\"valueName\":\"search_term_string\"}}],\"inLanguage\":\"es\"},{\"@type\":\"Organization\",\"@id\":\"https:\/\/elglobal.do\/#organization\",\"name\":\"EL GLOBAL.DO INFORMATIVO\",\"url\":\"https:\/\/elglobal.do\/\",\"logo\":{\"@type\":\"ImageObject\",\"inLanguage\":\"es\",\"@id\":\"https:\/\/elglobal.do\/#\/schema\/logo\/image\/\",\"url\":\"https:\/\/elglobal.do\/wp-content\/uploads\/2025\/08\/icon.png\",\"contentUrl\":\"https:\/\/elglobal.do\/wp-content\/uploads\/2025\/08\/icon.png\",\"width\":512,\"height\":512,\"caption\":\"EL GLOBAL.DO INFORMATIVO\"},\"image\":{\"@id\":\"https:\/\/elglobal.do\/#\/schema\/logo\/image\/\"}},{\"@type\":\"Person\",\"@id\":\"https:\/\/elglobal.do\/#\/schema\/person\/0c97ec2c7714fb605d230c292f64d55f\",\"name\":\"EL GLOBAL\",\"image\":{\"@type\":\"ImageObject\",\"inLanguage\":\"es\",\"@id\":\"https:\/\/elglobal.do\/#\/schema\/person\/image\/\",\"url\":\"https:\/\/secure.gravatar.com\/avatar\/081cfb6cf99faddc6f4e23a0c11ab98c5cf302925382d1c88dc3ed757ab910a3?s=96&d=mm&r=g\",\"contentUrl\":\"https:\/\/secure.gravatar.com\/avatar\/081cfb6cf99faddc6f4e23a0c11ab98c5cf302925382d1c88dc3ed757ab910a3?s=96&d=mm&r=g\",\"caption\":\"EL GLOBAL\"},\"description\":\"El Global Informativo es un peri\u00f3dico digital de Rep\u00fablica Dominicana que se dedica a cubrir temas importantes, como la pol\u00edtica local, geopol\u00edtica, econom\u00eda, tecnolog\u00eda, noticias internacionales y eventos relacionados con la gesti\u00f3n social, cultural y humana. Su objetivo principal es mantener a la poblaci\u00f3n informada, ofreciendo una visi\u00f3n amplia y actualizada de lo que sucede tanto en el pa\u00eds como en el mundo. Est\u00e1 dirigido por un grupo de periodistas experimentados, lo que garantiza la calidad y la precisi\u00f3n de la informaci\u00f3n que ofrecen. Tiene su sede en la ciudad de Santo Domingo y es parte integral del portafolio de la empresa, MC Global S.R.L.\",\"sameAs\":[\"https:\/\/elglobal.do\",\"https:\/\/www.instagram.com\/elglobal.do_informativo\/\"],\"url\":\"https:\/\/elglobal.do\/index.php\/author\/elglobaluserpro\/\"}]}<\/script>\n<!-- \/ Yoast SEO plugin. -->","yoast_head_json":{"title":"Muere Miguel Uribe Turbay, el senador y precandidato presidencial colombiano herido en atentado - EL GLOBAL INFORMATIVO","robots":{"index":"index","follow":"follow","max-snippet":"max-snippet:-1","max-image-preview":"max-image-preview:large","max-video-preview":"max-video-preview:-1"},"canonical":"https:\/\/elglobal.do\/index.php\/2025\/08\/11\/muere-miguel-uribe-turbay-el-senador-y-precandidato-presidencial-colombiano-herido-en-atentado\/","og_locale":"es_ES","og_type":"article","og_title":"Muere Miguel Uribe Turbay, el senador y precandidato presidencial colombiano herido en atentado - EL GLOBAL INFORMATIVO","og_description":"Uribe Turbay, de 39 a\u00f1os y senador del partido de derecha Centro Democr\u00e1tico, estaba ingresado en la cl\u00ednica Fundaci\u00f3n Santa Fe de Bogot\u00e1 Bogot\u00e1, Colombia. &#8211;&nbsp; El senador y aspirante&hellip;","og_url":"https:\/\/elglobal.do\/index.php\/2025\/08\/11\/muere-miguel-uribe-turbay-el-senador-y-precandidato-presidencial-colombiano-herido-en-atentado\/","og_site_name":"EL GLOBAL INFORMATIVO","article_published_time":"2025-08-11T13:43:56+00:00","article_modified_time":"2025-08-12T09:26:00+00:00","og_image":[{"width":628,"height":537,"url":"https:\/\/elglobal.do\/wp-content\/uploads\/2025\/08\/Uribe.jpeg","type":"image\/jpeg"}],"author":"EL GLOBAL","twitter_card":"summary_large_image","twitter_misc":{"Escrito por":"EL GLOBAL","Tiempo de lectura":"2 minutos"},"schema":{"@context":"https:\/\/schema.org","@graph":[{"@type":"Article","@id":"https:\/\/elglobal.do\/index.php\/2025\/08\/11\/muere-miguel-uribe-turbay-el-senador-y-precandidato-presidencial-colombiano-herido-en-atentado\/#article","isPartOf":{"@id":"https:\/\/elglobal.do\/index.php\/2025\/08\/11\/muere-miguel-uribe-turbay-el-senador-y-precandidato-presidencial-colombiano-herido-en-atentado\/"},"author":{"name":"EL GLOBAL","@id":"https:\/\/elglobal.do\/#\/schema\/person\/0c97ec2c7714fb605d230c292f64d55f"},"headline":"Muere Miguel Uribe Turbay, el senador y precandidato presidencial colombiano herido en atentado","datePublished":"2025-08-11T13:43:56+00:00","dateModified":"2025-08-12T09:26:00+00:00","mainEntityOfPage":{"@id":"https:\/\/elglobal.do\/index.php\/2025\/08\/11\/muere-miguel-uribe-turbay-el-senador-y-precandidato-presidencial-colombiano-herido-en-atentado\/"},"wordCount":384,"commentCount":0,"publisher":{"@id":"https:\/\/elglobal.do\/#organization"},"image":{"@id":"https:\/\/elglobal.do\/index.php\/2025\/08\/11\/muere-miguel-uribe-turbay-el-senador-y-precandidato-presidencial-colombiano-herido-en-atentado\/#primaryimage"},"thumbnailUrl":"https:\/\/elglobal.do\/wp-content\/uploads\/2025\/08\/Uribe.jpeg","keywords":["#Colombia","#ElGlobalInformativo","#Fallece","#MiguelUribeTurbay"],"articleSection":["AM\u00c9RICA","INTERNACIONALES","POL\u00cdTICA"],"inLanguage":"es","potentialAction":[{"@type":"CommentAction","name":"Comment","target":["https:\/\/elglobal.do\/index.php\/2025\/08\/11\/muere-miguel-uribe-turbay-el-senador-y-precandidato-presidencial-colombiano-herido-en-atentado\/#respond"]}]},{"@type":"WebPage","@id":"https:\/\/elglobal.do\/index.php\/2025\/08\/11\/muere-miguel-uribe-turbay-el-senador-y-precandidato-presidencial-colombiano-herido-en-atentado\/","url":"https:\/\/elglobal.do\/index.php\/2025\/08\/11\/muere-miguel-uribe-turbay-el-senador-y-precandidato-presidencial-colombiano-herido-en-atentado\/","name":"Muere Miguel Uribe Turbay, el senador y precandidato presidencial colombiano herido en atentado - EL GLOBAL INFORMATIVO","isPartOf":{"@id":"https:\/\/elglobal.do\/#website"},"primaryImageOfPage":{"@id":"https:\/\/elglobal.do\/index.php\/2025\/08\/11\/muere-miguel-uribe-turbay-el-senador-y-precandidato-presidencial-colombiano-herido-en-atentado\/#primaryimage"},"image":{"@id":"https:\/\/elglobal.do\/index.php\/2025\/08\/11\/muere-miguel-uribe-turbay-el-senador-y-precandidato-presidencial-colombiano-herido-en-atentado\/#primaryimage"},"thumbnailUrl":"https:\/\/elglobal.do\/wp-content\/uploads\/2025\/08\/Uribe.jpeg","datePublished":"2025-08-11T13:43:56+00:00","dateModified":"2025-08-12T09:26:00+00:00","breadcrumb":{"@id":"https:\/\/elglobal.do\/index.php\/2025\/08\/11\/muere-miguel-uribe-turbay-el-senador-y-precandidato-presidencial-colombiano-herido-en-atentado\/#breadcrumb"},"inLanguage":"es","potentialAction":[{"@type":"ReadAction","target":["https:\/\/elglobal.do\/index.php\/2025\/08\/11\/muere-miguel-uribe-turbay-el-senador-y-precandidato-presidencial-colombiano-herido-en-atentado\/"]}]},{"@type":"ImageObject","inLanguage":"es","@id":"https:\/\/elglobal.do\/index.php\/2025\/08\/11\/muere-miguel-uribe-turbay-el-senador-y-precandidato-presidencial-colombiano-herido-en-atentado\/#primaryimage","url":"https:\/\/elglobal.do\/wp-content\/uploads\/2025\/08\/Uribe.jpeg","contentUrl":"https:\/\/elglobal.do\/wp-content\/uploads\/2025\/08\/Uribe.jpeg","width":628,"height":537},{"@type":"BreadcrumbList","@id":"https:\/\/elglobal.do\/index.php\/2025\/08\/11\/muere-miguel-uribe-turbay-el-senador-y-precandidato-presidencial-colombiano-herido-en-atentado\/#breadcrumb","itemListElement":[{"@type":"ListItem","position":1,"name":"Portada","item":"https:\/\/elglobal.do\/"},{"@type":"ListItem","position":2,"name":"Muere Miguel Uribe Turbay, el senador y precandidato presidencial colombiano herido en atentado"}]},{"@type":"WebSite","@id":"https:\/\/elglobal.do\/#website","url":"https:\/\/elglobal.do\/","name":"EL GLOBAL INFORMATIVO","description":"Peri\u00f3dico digital de la Rep\u00fablica Dominicana que ofrece noticias, novedades, pol\u00edtica y las \u00faltimas actualidades, con informaci\u00f3n veraz y oportuna para mantenerte siempre informad","publisher":{"@id":"https:\/\/elglobal.do\/#organization"},"potentialAction":[{"@type":"SearchAction","target":{"@type":"EntryPoint","urlTemplate":"https:\/\/elglobal.do\/?s={search_term_string}"},"query-input":{"@type":"PropertyValueSpecification","valueRequired":true,"valueName":"search_term_string"}}],"inLanguage":"es"},{"@type":"Organization","@id":"https:\/\/elglobal.do\/#organization","name":"EL GLOBAL.DO INFORMATIVO","url":"https:\/\/elglobal.do\/","logo":{"@type":"ImageObject","inLanguage":"es","@id":"https:\/\/elglobal.do\/#\/schema\/logo\/image\/","url":"https:\/\/elglobal.do\/wp-content\/uploads\/2025\/08\/icon.png","contentUrl":"https:\/\/elglobal.do\/wp-content\/uploads\/2025\/08\/icon.png","width":512,"height":512,"caption":"EL GLOBAL.DO INFORMATIVO"},"image":{"@id":"https:\/\/elglobal.do\/#\/schema\/logo\/image\/"}},{"@type":"Person","@id":"https:\/\/elglobal.do\/#\/schema\/person\/0c97ec2c7714fb605d230c292f64d55f","name":"EL GLOBAL","image":{"@type":"ImageObject","inLanguage":"es","@id":"https:\/\/elglobal.do\/#\/schema\/person\/image\/","url":"https:\/\/secure.gravatar.com\/avatar\/081cfb6cf99faddc6f4e23a0c11ab98c5cf302925382d1c88dc3ed757ab910a3?s=96&d=mm&r=g","contentUrl":"https:\/\/secure.gravatar.com\/avatar\/081cfb6cf99faddc6f4e23a0c11ab98c5cf302925382d1c88dc3ed757ab910a3?s=96&d=mm&r=g","caption":"EL GLOBAL"},"description":"El Global Informativo es un peri\u00f3dico digital de Rep\u00fablica Dominicana que se dedica a cubrir temas importantes, como la pol\u00edtica local, geopol\u00edtica, econom\u00eda, tecnolog\u00eda, noticias internacionales y eventos relacionados con la gesti\u00f3n social, cultural y humana. Su objetivo principal es mantener a la poblaci\u00f3n informada, ofreciendo una visi\u00f3n amplia y actualizada de lo que sucede tanto en el pa\u00eds como en el mundo. Est\u00e1 dirigido por un grupo de periodistas experimentados, lo que garantiza la calidad y la precisi\u00f3n de la informaci\u00f3n que ofrecen. Tiene su sede en la ciudad de Santo Domingo y es parte integral del portafolio de la empresa, MC Global S.R.L.","sameAs":["https:\/\/elglobal.do","https:\/\/www.instagram.com\/elglobal.do_informativo\/"],"url":"https:\/\/elglobal.do\/index.php\/author\/elglobaluserpro\/"}]}},"jetpack_featured_media_url":"https:\/\/elglobal.do\/wp-content\/uploads\/2025\/08\/Uribe.jpeg","jetpack_sharing_enabled":true,"_links":{"self":[{"href":"https:\/\/elglobal.do\/index.php\/wp-json\/wp\/v2\/posts\/952","targetHints":{"allow":["GET"]}}],"collection":[{"href":"https:\/\/elglobal.do\/index.php\/wp-json\/wp\/v2\/posts"}],"about":[{"href":"https:\/\/elglobal.do\/index.php\/wp-json\/wp\/v2\/types\/post"}],"author":[{"embeddable":true,"href":"https:\/\/elglobal.do\/index.php\/wp-json\/wp\/v2\/users\/1"}],"replies":[{"embeddable":true,"href":"https:\/\/elglobal.do\/index.php\/wp-json\/wp\/v2\/comments?post=952"}],"version-history":[{"count":1,"href":"https:\/\/elglobal.do\/index.php\/wp-json\/wp\/v2\/posts\/952\/revisions"}],"predecessor-version":[{"id":957,"href":"https:\/\/elglobal.do\/index.php\/wp-json\/wp\/v2\/posts\/952\/revisions\/957"}],"wp:featuredmedia":[{"embeddable":true,"href":"https:\/\/elglobal.do\/index.php\/wp-json\/wp\/v2\/media\/954"}],"wp:attachment":[{"href":"https:\/\/elglobal.do\/index.php\/wp-json\/wp\/v2\/media?parent=952"}],"wp:term":[{"taxonomy":"category","embeddable":true,"href":"https:\/\/elglobal.do\/index.php\/wp-json\/wp\/v2\/categories?post=952"},{"taxonomy":"post_tag","embeddable":true,"href":"https:\/\/elglobal.do\/index.php\/wp-json\/wp\/v2\/tags?post=952"}],"curies":[{"name":"wp","href":"https:\/\/api.w.org\/{rel}","templated":true}]}}