{"id":962,"date":"2025-08-11T10:09:25","date_gmt":"2025-08-11T14:09:25","guid":{"rendered":"https:\/\/elglobal.do\/?p=962"},"modified":"2025-08-11T10:09:43","modified_gmt":"2025-08-11T14:09:43","slug":"primera-fase-de-las-parras-sera-entregada-a-la-direccion-de-prisiones-por-el-ministro-del-mived","status":"publish","type":"post","link":"https:\/\/elglobal.do\/index.php\/2025\/08\/11\/primera-fase-de-las-parras-sera-entregada-a-la-direccion-de-prisiones-por-el-ministro-del-mived\/","title":{"rendered":"Primera fase de Las Parras ser\u00e1 entregada a la Direcci\u00f3n de Prisiones por el ministro del MIVED"},"content":{"rendered":"\n<figure class=\"wp-block-image size-full\"><img loading=\"lazy\" decoding=\"async\" width=\"900\" height=\"600\" src=\"https:\/\/elglobal.do\/wp-content\/uploads\/2025\/08\/Carcel.webp\" alt=\"\" class=\"wp-image-963\" srcset=\"https:\/\/elglobal.do\/wp-content\/uploads\/2025\/08\/Carcel.webp 900w, https:\/\/elglobal.do\/wp-content\/uploads\/2025\/08\/Carcel-300x200.webp 300w, https:\/\/elglobal.do\/wp-content\/uploads\/2025\/08\/Carcel-768x512.webp 768w\" sizes=\"auto, (max-width: 900px) 100vw, 900px\" \/><figcaption class=\"wp-element-caption\"><em>Vista del Centro de Correcci\u00f3n y Rehabilitaci\u00f3n Las Parras<\/em><\/figcaption><\/figure>\n\n\n\n<p><strong>Santo Domingo. &#8211;<\/strong> La primera fase del&nbsp;<strong>Complejo del Centro Correccional y de Rehabilitaci\u00f3n Las Parras<\/strong>&nbsp;ser\u00e1 entregada este mes por el&nbsp;<strong>Ministerio de la Vivienda y Edificaciones (MIVED)<\/strong>&nbsp;a la&nbsp;<strong>Direcci\u00f3n General de Servicios Correccionales y Penitenciarios (DGSPC)<\/strong>.<\/p>\n\n\n\n<p>As\u00ed lo inform\u00f3 el ministro&nbsp;<strong>Carlos Bonilla<\/strong>&nbsp;a principios de mayo, indicando que esta entrega corresponde al primer cuadrante del recinto penitenciario, que contar\u00e1 con dos edificios de alojamiento equipados con celdas especiales para visitas conyugales, \u00e1reas para personas con discapacidad, espacios de reflexi\u00f3n y zonas de m\u00e1xima seguridad, entre otras facilidades.<\/p>\n\n\n\n<p>En esta primera fase se prev\u00e9 el traslado de 2,400 privados de libertad provenientes de distintas c\u00e1rceles del pa\u00eds, una vez que la obra sea entregada formalmente al director de Prisiones, el mayor general&nbsp;<strong>Roberto Hern\u00e1ndez Basilio<\/strong>.<\/p>\n\n\n\n<p>El ministro&nbsp;<strong>Bonilla<\/strong>&nbsp;adelant\u00f3 que los dem\u00e1s sectores del&nbsp;<strong>Complejo Penitenciario Las Parras<\/strong>&nbsp;se entregar\u00e1n de forma progresiva entre finales de 2025 y el primer trimestre de 2026.<\/p>\n\n\n\n<p>Ubicado en el municipio&nbsp;<strong>San Antonio de Guerra<\/strong>, el&nbsp;<strong>Complejo Las Parras<\/strong>&nbsp;se construy\u00f3 con una inversi\u00f3n que supera los&nbsp;<strong>RD$8,000 millones<\/strong>, con el objetivo de reducir el hacinamiento en las c\u00e1rceles del pa\u00eds.<\/p>\n\n\n\n<p>Actualmente, la c\u00e1rcel de&nbsp;<strong>La Victoria<\/strong>&nbsp;es una de las m\u00e1s afectadas por el hacinamiento, albergando a m\u00e1s de seis mil internos, cifra que se redujo parcialmente tras dos incendios que provocaron el traslado de alrededor de dos mil reclusos a otros centros.<\/p>\n\n\n\n<p>En general, la mayor\u00eda de los m\u00e1s de 40 centros penitenciarios del pa\u00eds presentan una sobrepoblaci\u00f3n que en algunos casos triplica su capacidad original, situaci\u00f3n que el nuevo complejo busca aliviar.<\/p>\n\n\n\n<p><\/p>\n","protected":false},"excerpt":{"rendered":"<p>Santo Domingo. &#8211; La primera fase del&nbsp;Complejo del Centro Correccional y de Rehabilitaci\u00f3n Las Parras&nbsp;ser\u00e1 entregada este mes por el&nbsp;Ministerio de la Vivienda y Edificaciones (MIVED)&nbsp;a la&nbsp;Direcci\u00f3n General de Servicios&hellip; <\/p>\n","protected":false},"author":1,"featured_media":963,"comment_status":"open","ping_status":"open","sticky":false,"template":"","format":"standard","meta":{"_jetpack_memberships_contains_paid_content":false,"footnotes":""},"categories":[40],"tags":[415,414,98,413,396],"class_list":["post-962","post","type-post","status-publish","format-standard","has-post-thumbnail","hentry","category-nacionales","tag-carlosbonilla","tag-dgspc","tag-elglobalinformativo","tag-lasparras","tag-mived"],"yoast_head":"<!-- This site is optimized with the Yoast SEO plugin v26.9 - https:\/\/yoast.com\/product\/yoast-seo-wordpress\/ -->\n<title>Primera fase de Las Parras ser\u00e1 entregada a la Direcci\u00f3n de Prisiones por el ministro del MIVED - EL GLOBAL INFORMATIVO<\/title>\n<meta name=\"robots\" content=\"index, follow, max-snippet:-1, max-image-preview:large, max-video-preview:-1\" \/>\n<link rel=\"canonical\" href=\"https:\/\/elglobal.do\/index.php\/2025\/08\/11\/primera-fase-de-las-parras-sera-entregada-a-la-direccion-de-prisiones-por-el-ministro-del-mived\/\" \/>\n<meta property=\"og:locale\" content=\"es_ES\" \/>\n<meta property=\"og:type\" content=\"article\" \/>\n<meta property=\"og:title\" content=\"Primera fase de Las Parras ser\u00e1 entregada a la Direcci\u00f3n de Prisiones por el ministro del MIVED - EL GLOBAL INFORMATIVO\" \/>\n<meta property=\"og:description\" content=\"Santo Domingo. &#8211; La primera fase del&nbsp;Complejo del Centro Correccional y de Rehabilitaci\u00f3n Las Parras&nbsp;ser\u00e1 entregada este mes por el&nbsp;Ministerio de la Vivienda y Edificaciones (MIVED)&nbsp;a la&nbsp;Direcci\u00f3n General de Servicios&hellip;\" \/>\n<meta property=\"og:url\" content=\"https:\/\/elglobal.do\/index.php\/2025\/08\/11\/primera-fase-de-las-parras-sera-entregada-a-la-direccion-de-prisiones-por-el-ministro-del-mived\/\" \/>\n<meta property=\"og:site_name\" content=\"EL GLOBAL INFORMATIVO\" \/>\n<meta property=\"article:published_time\" content=\"2025-08-11T14:09:25+00:00\" \/>\n<meta property=\"article:modified_time\" content=\"2025-08-11T14:09:43+00:00\" \/>\n<meta property=\"og:image\" content=\"https:\/\/elglobal.do\/wp-content\/uploads\/2025\/08\/Carcel.webp\" \/>\n\t<meta property=\"og:image:width\" content=\"900\" \/>\n\t<meta property=\"og:image:height\" content=\"600\" \/>\n\t<meta property=\"og:image:type\" content=\"image\/webp\" \/>\n<meta name=\"author\" content=\"EL GLOBAL\" \/>\n<meta name=\"twitter:card\" content=\"summary_large_image\" \/>\n<meta name=\"twitter:label1\" content=\"Escrito por\" \/>\n\t<meta name=\"twitter:data1\" content=\"EL GLOBAL\" \/>\n\t<meta name=\"twitter:label2\" content=\"Tiempo de lectura\" \/>\n\t<meta name=\"twitter:data2\" content=\"2 minutos\" \/>\n<script type=\"application\/ld+json\" class=\"yoast-schema-graph\">{\"@context\":\"https:\/\/schema.org\",\"@graph\":[{\"@type\":\"Article\",\"@id\":\"https:\/\/elglobal.do\/index.php\/2025\/08\/11\/primera-fase-de-las-parras-sera-entregada-a-la-direccion-de-prisiones-por-el-ministro-del-mived\/#article\",\"isPartOf\":{\"@id\":\"https:\/\/elglobal.do\/index.php\/2025\/08\/11\/primera-fase-de-las-parras-sera-entregada-a-la-direccion-de-prisiones-por-el-ministro-del-mived\/\"},\"author\":{\"name\":\"EL GLOBAL\",\"@id\":\"https:\/\/elglobal.do\/#\/schema\/person\/0c97ec2c7714fb605d230c292f64d55f\"},\"headline\":\"Primera fase de Las Parras ser\u00e1 entregada a la Direcci\u00f3n de Prisiones por el ministro del MIVED\",\"datePublished\":\"2025-08-11T14:09:25+00:00\",\"dateModified\":\"2025-08-11T14:09:43+00:00\",\"mainEntityOfPage\":{\"@id\":\"https:\/\/elglobal.do\/index.php\/2025\/08\/11\/primera-fase-de-las-parras-sera-entregada-a-la-direccion-de-prisiones-por-el-ministro-del-mived\/\"},\"wordCount\":327,\"commentCount\":0,\"publisher\":{\"@id\":\"https:\/\/elglobal.do\/#organization\"},\"image\":{\"@id\":\"https:\/\/elglobal.do\/index.php\/2025\/08\/11\/primera-fase-de-las-parras-sera-entregada-a-la-direccion-de-prisiones-por-el-ministro-del-mived\/#primaryimage\"},\"thumbnailUrl\":\"https:\/\/elglobal.do\/wp-content\/uploads\/2025\/08\/Carcel.webp\",\"keywords\":[\"#CarlosBonilla\",\"#DGSPC\",\"#ElGlobalInformativo\",\"#LasParras\",\"#MIVED\"],\"articleSection\":[\"NACIONALES\"],\"inLanguage\":\"es\",\"potentialAction\":[{\"@type\":\"CommentAction\",\"name\":\"Comment\",\"target\":[\"https:\/\/elglobal.do\/index.php\/2025\/08\/11\/primera-fase-de-las-parras-sera-entregada-a-la-direccion-de-prisiones-por-el-ministro-del-mived\/#respond\"]}]},{\"@type\":\"WebPage\",\"@id\":\"https:\/\/elglobal.do\/index.php\/2025\/08\/11\/primera-fase-de-las-parras-sera-entregada-a-la-direccion-de-prisiones-por-el-ministro-del-mived\/\",\"url\":\"https:\/\/elglobal.do\/index.php\/2025\/08\/11\/primera-fase-de-las-parras-sera-entregada-a-la-direccion-de-prisiones-por-el-ministro-del-mived\/\",\"name\":\"Primera fase de Las Parras ser\u00e1 entregada a la Direcci\u00f3n de Prisiones por el ministro del MIVED - EL GLOBAL INFORMATIVO\",\"isPartOf\":{\"@id\":\"https:\/\/elglobal.do\/#website\"},\"primaryImageOfPage\":{\"@id\":\"https:\/\/elglobal.do\/index.php\/2025\/08\/11\/primera-fase-de-las-parras-sera-entregada-a-la-direccion-de-prisiones-por-el-ministro-del-mived\/#primaryimage\"},\"image\":{\"@id\":\"https:\/\/elglobal.do\/index.php\/2025\/08\/11\/primera-fase-de-las-parras-sera-entregada-a-la-direccion-de-prisiones-por-el-ministro-del-mived\/#primaryimage\"},\"thumbnailUrl\":\"https:\/\/elglobal.do\/wp-content\/uploads\/2025\/08\/Carcel.webp\",\"datePublished\":\"2025-08-11T14:09:25+00:00\",\"dateModified\":\"2025-08-11T14:09:43+00:00\",\"breadcrumb\":{\"@id\":\"https:\/\/elglobal.do\/index.php\/2025\/08\/11\/primera-fase-de-las-parras-sera-entregada-a-la-direccion-de-prisiones-por-el-ministro-del-mived\/#breadcrumb\"},\"inLanguage\":\"es\",\"potentialAction\":[{\"@type\":\"ReadAction\",\"target\":[\"https:\/\/elglobal.do\/index.php\/2025\/08\/11\/primera-fase-de-las-parras-sera-entregada-a-la-direccion-de-prisiones-por-el-ministro-del-mived\/\"]}]},{\"@type\":\"ImageObject\",\"inLanguage\":\"es\",\"@id\":\"https:\/\/elglobal.do\/index.php\/2025\/08\/11\/primera-fase-de-las-parras-sera-entregada-a-la-direccion-de-prisiones-por-el-ministro-del-mived\/#primaryimage\",\"url\":\"https:\/\/elglobal.do\/wp-content\/uploads\/2025\/08\/Carcel.webp\",\"contentUrl\":\"https:\/\/elglobal.do\/wp-content\/uploads\/2025\/08\/Carcel.webp\",\"width\":900,\"height\":600},{\"@type\":\"BreadcrumbList\",\"@id\":\"https:\/\/elglobal.do\/index.php\/2025\/08\/11\/primera-fase-de-las-parras-sera-entregada-a-la-direccion-de-prisiones-por-el-ministro-del-mived\/#breadcrumb\",\"itemListElement\":[{\"@type\":\"ListItem\",\"position\":1,\"name\":\"Portada\",\"item\":\"https:\/\/elglobal.do\/\"},{\"@type\":\"ListItem\",\"position\":2,\"name\":\"Primera fase de Las Parras ser\u00e1 entregada a la Direcci\u00f3n de Prisiones por el ministro del MIVED\"}]},{\"@type\":\"WebSite\",\"@id\":\"https:\/\/elglobal.do\/#website\",\"url\":\"https:\/\/elglobal.do\/\",\"name\":\"EL GLOBAL INFORMATIVO\",\"description\":\"Peri\u00f3dico digital de la Rep\u00fablica Dominicana que ofrece noticias, novedades, pol\u00edtica y las \u00faltimas actualidades, con informaci\u00f3n veraz y oportuna para mantenerte siempre informad\",\"publisher\":{\"@id\":\"https:\/\/elglobal.do\/#organization\"},\"potentialAction\":[{\"@type\":\"SearchAction\",\"target\":{\"@type\":\"EntryPoint\",\"urlTemplate\":\"https:\/\/elglobal.do\/?s={search_term_string}\"},\"query-input\":{\"@type\":\"PropertyValueSpecification\",\"valueRequired\":true,\"valueName\":\"search_term_string\"}}],\"inLanguage\":\"es\"},{\"@type\":\"Organization\",\"@id\":\"https:\/\/elglobal.do\/#organization\",\"name\":\"EL GLOBAL.DO INFORMATIVO\",\"url\":\"https:\/\/elglobal.do\/\",\"logo\":{\"@type\":\"ImageObject\",\"inLanguage\":\"es\",\"@id\":\"https:\/\/elglobal.do\/#\/schema\/logo\/image\/\",\"url\":\"https:\/\/elglobal.do\/wp-content\/uploads\/2025\/08\/icon.png\",\"contentUrl\":\"https:\/\/elglobal.do\/wp-content\/uploads\/2025\/08\/icon.png\",\"width\":512,\"height\":512,\"caption\":\"EL GLOBAL.DO INFORMATIVO\"},\"image\":{\"@id\":\"https:\/\/elglobal.do\/#\/schema\/logo\/image\/\"}},{\"@type\":\"Person\",\"@id\":\"https:\/\/elglobal.do\/#\/schema\/person\/0c97ec2c7714fb605d230c292f64d55f\",\"name\":\"EL GLOBAL\",\"image\":{\"@type\":\"ImageObject\",\"inLanguage\":\"es\",\"@id\":\"https:\/\/elglobal.do\/#\/schema\/person\/image\/\",\"url\":\"https:\/\/secure.gravatar.com\/avatar\/081cfb6cf99faddc6f4e23a0c11ab98c5cf302925382d1c88dc3ed757ab910a3?s=96&d=mm&r=g\",\"contentUrl\":\"https:\/\/secure.gravatar.com\/avatar\/081cfb6cf99faddc6f4e23a0c11ab98c5cf302925382d1c88dc3ed757ab910a3?s=96&d=mm&r=g\",\"caption\":\"EL GLOBAL\"},\"description\":\"El Global Informativo es un peri\u00f3dico digital de Rep\u00fablica Dominicana que se dedica a cubrir temas importantes, como la pol\u00edtica local, geopol\u00edtica, econom\u00eda, tecnolog\u00eda, noticias internacionales y eventos relacionados con la gesti\u00f3n social, cultural y humana. Su objetivo principal es mantener a la poblaci\u00f3n informada, ofreciendo una visi\u00f3n amplia y actualizada de lo que sucede tanto en el pa\u00eds como en el mundo. Est\u00e1 dirigido por un grupo de periodistas experimentados, lo que garantiza la calidad y la precisi\u00f3n de la informaci\u00f3n que ofrecen. Tiene su sede en la ciudad de Santo Domingo y es parte integral del portafolio de la empresa, MC Global S.R.L.\",\"sameAs\":[\"https:\/\/elglobal.do\",\"https:\/\/www.instagram.com\/elglobal.do_informativo\/\"],\"url\":\"https:\/\/elglobal.do\/index.php\/author\/elglobaluserpro\/\"}]}<\/script>\n<!-- \/ Yoast SEO plugin. -->","yoast_head_json":{"title":"Primera fase de Las Parras ser\u00e1 entregada a la Direcci\u00f3n de Prisiones por el ministro del MIVED - EL GLOBAL INFORMATIVO","robots":{"index":"index","follow":"follow","max-snippet":"max-snippet:-1","max-image-preview":"max-image-preview:large","max-video-preview":"max-video-preview:-1"},"canonical":"https:\/\/elglobal.do\/index.php\/2025\/08\/11\/primera-fase-de-las-parras-sera-entregada-a-la-direccion-de-prisiones-por-el-ministro-del-mived\/","og_locale":"es_ES","og_type":"article","og_title":"Primera fase de Las Parras ser\u00e1 entregada a la Direcci\u00f3n de Prisiones por el ministro del MIVED - EL GLOBAL INFORMATIVO","og_description":"Santo Domingo. &#8211; La primera fase del&nbsp;Complejo del Centro Correccional y de Rehabilitaci\u00f3n Las Parras&nbsp;ser\u00e1 entregada este mes por el&nbsp;Ministerio de la Vivienda y Edificaciones (MIVED)&nbsp;a la&nbsp;Direcci\u00f3n General de Servicios&hellip;","og_url":"https:\/\/elglobal.do\/index.php\/2025\/08\/11\/primera-fase-de-las-parras-sera-entregada-a-la-direccion-de-prisiones-por-el-ministro-del-mived\/","og_site_name":"EL GLOBAL INFORMATIVO","article_published_time":"2025-08-11T14:09:25+00:00","article_modified_time":"2025-08-11T14:09:43+00:00","og_image":[{"width":900,"height":600,"url":"https:\/\/elglobal.do\/wp-content\/uploads\/2025\/08\/Carcel.webp","type":"image\/webp"}],"author":"EL GLOBAL","twitter_card":"summary_large_image","twitter_misc":{"Escrito por":"EL GLOBAL","Tiempo de lectura":"2 minutos"},"schema":{"@context":"https:\/\/schema.org","@graph":[{"@type":"Article","@id":"https:\/\/elglobal.do\/index.php\/2025\/08\/11\/primera-fase-de-las-parras-sera-entregada-a-la-direccion-de-prisiones-por-el-ministro-del-mived\/#article","isPartOf":{"@id":"https:\/\/elglobal.do\/index.php\/2025\/08\/11\/primera-fase-de-las-parras-sera-entregada-a-la-direccion-de-prisiones-por-el-ministro-del-mived\/"},"author":{"name":"EL GLOBAL","@id":"https:\/\/elglobal.do\/#\/schema\/person\/0c97ec2c7714fb605d230c292f64d55f"},"headline":"Primera fase de Las Parras ser\u00e1 entregada a la Direcci\u00f3n de Prisiones por el ministro del MIVED","datePublished":"2025-08-11T14:09:25+00:00","dateModified":"2025-08-11T14:09:43+00:00","mainEntityOfPage":{"@id":"https:\/\/elglobal.do\/index.php\/2025\/08\/11\/primera-fase-de-las-parras-sera-entregada-a-la-direccion-de-prisiones-por-el-ministro-del-mived\/"},"wordCount":327,"commentCount":0,"publisher":{"@id":"https:\/\/elglobal.do\/#organization"},"image":{"@id":"https:\/\/elglobal.do\/index.php\/2025\/08\/11\/primera-fase-de-las-parras-sera-entregada-a-la-direccion-de-prisiones-por-el-ministro-del-mived\/#primaryimage"},"thumbnailUrl":"https:\/\/elglobal.do\/wp-content\/uploads\/2025\/08\/Carcel.webp","keywords":["#CarlosBonilla","#DGSPC","#ElGlobalInformativo","#LasParras","#MIVED"],"articleSection":["NACIONALES"],"inLanguage":"es","potentialAction":[{"@type":"CommentAction","name":"Comment","target":["https:\/\/elglobal.do\/index.php\/2025\/08\/11\/primera-fase-de-las-parras-sera-entregada-a-la-direccion-de-prisiones-por-el-ministro-del-mived\/#respond"]}]},{"@type":"WebPage","@id":"https:\/\/elglobal.do\/index.php\/2025\/08\/11\/primera-fase-de-las-parras-sera-entregada-a-la-direccion-de-prisiones-por-el-ministro-del-mived\/","url":"https:\/\/elglobal.do\/index.php\/2025\/08\/11\/primera-fase-de-las-parras-sera-entregada-a-la-direccion-de-prisiones-por-el-ministro-del-mived\/","name":"Primera fase de Las Parras ser\u00e1 entregada a la Direcci\u00f3n de Prisiones por el ministro del MIVED - EL GLOBAL INFORMATIVO","isPartOf":{"@id":"https:\/\/elglobal.do\/#website"},"primaryImageOfPage":{"@id":"https:\/\/elglobal.do\/index.php\/2025\/08\/11\/primera-fase-de-las-parras-sera-entregada-a-la-direccion-de-prisiones-por-el-ministro-del-mived\/#primaryimage"},"image":{"@id":"https:\/\/elglobal.do\/index.php\/2025\/08\/11\/primera-fase-de-las-parras-sera-entregada-a-la-direccion-de-prisiones-por-el-ministro-del-mived\/#primaryimage"},"thumbnailUrl":"https:\/\/elglobal.do\/wp-content\/uploads\/2025\/08\/Carcel.webp","datePublished":"2025-08-11T14:09:25+00:00","dateModified":"2025-08-11T14:09:43+00:00","breadcrumb":{"@id":"https:\/\/elglobal.do\/index.php\/2025\/08\/11\/primera-fase-de-las-parras-sera-entregada-a-la-direccion-de-prisiones-por-el-ministro-del-mived\/#breadcrumb"},"inLanguage":"es","potentialAction":[{"@type":"ReadAction","target":["https:\/\/elglobal.do\/index.php\/2025\/08\/11\/primera-fase-de-las-parras-sera-entregada-a-la-direccion-de-prisiones-por-el-ministro-del-mived\/"]}]},{"@type":"ImageObject","inLanguage":"es","@id":"https:\/\/elglobal.do\/index.php\/2025\/08\/11\/primera-fase-de-las-parras-sera-entregada-a-la-direccion-de-prisiones-por-el-ministro-del-mived\/#primaryimage","url":"https:\/\/elglobal.do\/wp-content\/uploads\/2025\/08\/Carcel.webp","contentUrl":"https:\/\/elglobal.do\/wp-content\/uploads\/2025\/08\/Carcel.webp","width":900,"height":600},{"@type":"BreadcrumbList","@id":"https:\/\/elglobal.do\/index.php\/2025\/08\/11\/primera-fase-de-las-parras-sera-entregada-a-la-direccion-de-prisiones-por-el-ministro-del-mived\/#breadcrumb","itemListElement":[{"@type":"ListItem","position":1,"name":"Portada","item":"https:\/\/elglobal.do\/"},{"@type":"ListItem","position":2,"name":"Primera fase de Las Parras ser\u00e1 entregada a la Direcci\u00f3n de Prisiones por el ministro del MIVED"}]},{"@type":"WebSite","@id":"https:\/\/elglobal.do\/#website","url":"https:\/\/elglobal.do\/","name":"EL GLOBAL INFORMATIVO","description":"Peri\u00f3dico digital de la Rep\u00fablica Dominicana que ofrece noticias, novedades, pol\u00edtica y las \u00faltimas actualidades, con informaci\u00f3n veraz y oportuna para mantenerte siempre informad","publisher":{"@id":"https:\/\/elglobal.do\/#organization"},"potentialAction":[{"@type":"SearchAction","target":{"@type":"EntryPoint","urlTemplate":"https:\/\/elglobal.do\/?s={search_term_string}"},"query-input":{"@type":"PropertyValueSpecification","valueRequired":true,"valueName":"search_term_string"}}],"inLanguage":"es"},{"@type":"Organization","@id":"https:\/\/elglobal.do\/#organization","name":"EL GLOBAL.DO INFORMATIVO","url":"https:\/\/elglobal.do\/","logo":{"@type":"ImageObject","inLanguage":"es","@id":"https:\/\/elglobal.do\/#\/schema\/logo\/image\/","url":"https:\/\/elglobal.do\/wp-content\/uploads\/2025\/08\/icon.png","contentUrl":"https:\/\/elglobal.do\/wp-content\/uploads\/2025\/08\/icon.png","width":512,"height":512,"caption":"EL GLOBAL.DO INFORMATIVO"},"image":{"@id":"https:\/\/elglobal.do\/#\/schema\/logo\/image\/"}},{"@type":"Person","@id":"https:\/\/elglobal.do\/#\/schema\/person\/0c97ec2c7714fb605d230c292f64d55f","name":"EL GLOBAL","image":{"@type":"ImageObject","inLanguage":"es","@id":"https:\/\/elglobal.do\/#\/schema\/person\/image\/","url":"https:\/\/secure.gravatar.com\/avatar\/081cfb6cf99faddc6f4e23a0c11ab98c5cf302925382d1c88dc3ed757ab910a3?s=96&d=mm&r=g","contentUrl":"https:\/\/secure.gravatar.com\/avatar\/081cfb6cf99faddc6f4e23a0c11ab98c5cf302925382d1c88dc3ed757ab910a3?s=96&d=mm&r=g","caption":"EL GLOBAL"},"description":"El Global Informativo es un peri\u00f3dico digital de Rep\u00fablica Dominicana que se dedica a cubrir temas importantes, como la pol\u00edtica local, geopol\u00edtica, econom\u00eda, tecnolog\u00eda, noticias internacionales y eventos relacionados con la gesti\u00f3n social, cultural y humana. Su objetivo principal es mantener a la poblaci\u00f3n informada, ofreciendo una visi\u00f3n amplia y actualizada de lo que sucede tanto en el pa\u00eds como en el mundo. Est\u00e1 dirigido por un grupo de periodistas experimentados, lo que garantiza la calidad y la precisi\u00f3n de la informaci\u00f3n que ofrecen. Tiene su sede en la ciudad de Santo Domingo y es parte integral del portafolio de la empresa, MC Global S.R.L.","sameAs":["https:\/\/elglobal.do","https:\/\/www.instagram.com\/elglobal.do_informativo\/"],"url":"https:\/\/elglobal.do\/index.php\/author\/elglobaluserpro\/"}]}},"jetpack_featured_media_url":"https:\/\/elglobal.do\/wp-content\/uploads\/2025\/08\/Carcel.webp","jetpack_sharing_enabled":true,"_links":{"self":[{"href":"https:\/\/elglobal.do\/index.php\/wp-json\/wp\/v2\/posts\/962","targetHints":{"allow":["GET"]}}],"collection":[{"href":"https:\/\/elglobal.do\/index.php\/wp-json\/wp\/v2\/posts"}],"about":[{"href":"https:\/\/elglobal.do\/index.php\/wp-json\/wp\/v2\/types\/post"}],"author":[{"embeddable":true,"href":"https:\/\/elglobal.do\/index.php\/wp-json\/wp\/v2\/users\/1"}],"replies":[{"embeddable":true,"href":"https:\/\/elglobal.do\/index.php\/wp-json\/wp\/v2\/comments?post=962"}],"version-history":[{"count":1,"href":"https:\/\/elglobal.do\/index.php\/wp-json\/wp\/v2\/posts\/962\/revisions"}],"predecessor-version":[{"id":964,"href":"https:\/\/elglobal.do\/index.php\/wp-json\/wp\/v2\/posts\/962\/revisions\/964"}],"wp:featuredmedia":[{"embeddable":true,"href":"https:\/\/elglobal.do\/index.php\/wp-json\/wp\/v2\/media\/963"}],"wp:attachment":[{"href":"https:\/\/elglobal.do\/index.php\/wp-json\/wp\/v2\/media?parent=962"}],"wp:term":[{"taxonomy":"category","embeddable":true,"href":"https:\/\/elglobal.do\/index.php\/wp-json\/wp\/v2\/categories?post=962"},{"taxonomy":"post_tag","embeddable":true,"href":"https:\/\/elglobal.do\/index.php\/wp-json\/wp\/v2\/tags?post=962"}],"curies":[{"name":"wp","href":"https:\/\/api.w.org\/{rel}","templated":true}]}}