{"id":996,"date":"2025-08-11T14:20:10","date_gmt":"2025-08-11T18:20:10","guid":{"rendered":"https:\/\/elglobal.do\/?p=996"},"modified":"2025-08-11T15:14:18","modified_gmt":"2025-08-11T19:14:18","slug":"pro-consumidor-vigila-venta-de-utiles-escolares-para-evitar-ofertas-con-publicidad-enganosa","status":"publish","type":"post","link":"https:\/\/elglobal.do\/index.php\/2025\/08\/11\/pro-consumidor-vigila-venta-de-utiles-escolares-para-evitar-ofertas-con-publicidad-enganosa\/","title":{"rendered":"Pro Consumidor vigila venta de \u00fatiles escolares para evitar ofertas con publicidad enga\u00f1osa"},"content":{"rendered":"\n<p><strong>Santo Domingo. \u2013<\/strong>\u00a0El Instituto Nacional de Protecci\u00f3n de los Derechos del Consumidor\u00a0<strong>(Pro Consumidor)\u00a0<\/strong>inform\u00f3 que mantiene un proceso de vigilancia y supervisi\u00f3n en comercios que venden \u00fatiles escolares, con el objetivo de prevenir la publicidad enga\u00f1osa que atenten contra los bolsillos de los consumidores.<\/p>\n\n\n\n<p>El director ejecutivo de la entidad,<strong>&nbsp;Eddy Alc\u00e1ntara<\/strong>, explic\u00f3 que esos operativos de inspecci\u00f3n que se vienen realizando en tiendas, librer\u00edas, papeler\u00edas de las principales ciudades, incluyendo el Distrito Nacional, buscan que las ofertas cumplan con la veracidad y transparencia requeridas por la ley 3658-05.<\/p>\n\n\n\n<p>Dijo que tambi\u00e9n persiguen garantizar que los productos vendidos cumplan con las caracter\u00edsticas anunciadas.<\/p>\n\n\n\n<figure class=\"wp-block-image size-full\"><img loading=\"lazy\" decoding=\"async\" width=\"750\" height=\"421\" src=\"https:\/\/elglobal.do\/wp-content\/uploads\/2025\/08\/descarga-1.jpg\" alt=\"\" class=\"wp-image-998\" srcset=\"https:\/\/elglobal.do\/wp-content\/uploads\/2025\/08\/descarga-1.jpg 750w, https:\/\/elglobal.do\/wp-content\/uploads\/2025\/08\/descarga-1-300x168.jpg 300w\" sizes=\"auto, (max-width: 750px) 100vw, 750px\" \/><\/figure>\n\n\n\n<p>Indic\u00f3 que el cuerpo de inspectores y los departamentos de Publicidad y Precios y Buenas Pr\u00e1cticas est\u00e1n verificando las ofertas de uniformes, libros de texto, cuadernos, mochilas, loncheras, l\u00e1pices, lapiceros y otros materiales gastables que utilizan los estudiantes.<\/p>\n\n\n\n<p>\u201c<strong>Ya es costumbre realizar este tipo de operativos en per\u00edodos de mayor actividad comercial, porque queremos evitar que padres, madres y tutores sean v\u00edctimas de ofertas enga\u00f1osas en establecimientos que promocionan \u00fatiles escolares como si fueran de alta calidad, pero que en realidad entregan productos defectuosos, de baja durabilidad o distintos a los anunciados\u201d<\/strong>, afirm\u00f3.<\/p>\n\n\n\n<p>ofertas enga\u00f1osas en establecimientos que promocionan \u00fatiles escolares como si fueran de alta calidad, pero que en realidad entregan productos defectuosos, de baja durabilidad o distintos a los anunciados\u201d, afirm\u00f3.<\/p>\n\n\n\n<p>El funcionario dijo que la normativa de protecci\u00f3n al consumidor, en su art\u00edculo 110, sanciona toda publicidad que por acci\u00f3n, omisi\u00f3n o ambig\u00fcedad pueda inducir al error al consumidor respecto a la naturaleza, calidad, cantidad, precio o condiciones de un bien o servicio.<\/p>\n\n\n\n<p>Indic\u00f3 que los negocios que incurran en estas pr\u00e1cticas ser\u00e1n sancionados con multas o suspensi\u00f3n temporal de operaciones, conforme establece la ley.&nbsp;<\/p>\n\n\n\n<p>En ese sentido, Alc\u00e1ntara exhort\u00f3 a la poblaci\u00f3n a&nbsp;<strong>mantenerse vigilante&nbsp;<\/strong>y a denunciar cualquier indicio de publicidad enga\u00f1osa o malas pr\u00e1cticas comerciales mediante sus canales oficiales de atenci\u00f3n al consumidor.<\/p>\n\n\n\n<p>Asimismo, reafirm\u00f3 su compromiso de proteger el bolsillo y la seguridad de las familias dominicanas, especialmente en esta \u00e9poca de regreso a clases.<\/p>\n","protected":false},"excerpt":{"rendered":"<p>Santo Domingo. \u2013\u00a0El Instituto Nacional de Protecci\u00f3n de los Derechos del Consumidor\u00a0(Pro Consumidor)\u00a0inform\u00f3 que mantiene un proceso de vigilancia y supervisi\u00f3n en comercios que venden \u00fatiles escolares, con el objetivo&hellip; <\/p>\n","protected":false},"author":1,"featured_media":1009,"comment_status":"open","ping_status":"open","sticky":false,"template":"","format":"standard","meta":{"_jetpack_memberships_contains_paid_content":false,"footnotes":""},"categories":[40],"tags":[433,98,434],"class_list":["post-996","post","type-post","status-publish","format-standard","has-post-thumbnail","hentry","category-nacionales","tag-compras","tag-elglobalinformativo","tag-utilesescolares"],"yoast_head":"<!-- This site is optimized with the Yoast SEO plugin v26.9 - https:\/\/yoast.com\/product\/yoast-seo-wordpress\/ -->\n<title>Pro Consumidor vigila venta de \u00fatiles escolares para evitar ofertas con publicidad enga\u00f1osa - EL GLOBAL INFORMATIVO<\/title>\n<meta name=\"robots\" content=\"index, follow, max-snippet:-1, max-image-preview:large, max-video-preview:-1\" \/>\n<link rel=\"canonical\" href=\"https:\/\/elglobal.do\/index.php\/2025\/08\/11\/pro-consumidor-vigila-venta-de-utiles-escolares-para-evitar-ofertas-con-publicidad-enganosa\/\" \/>\n<meta property=\"og:locale\" content=\"es_ES\" \/>\n<meta property=\"og:type\" content=\"article\" \/>\n<meta property=\"og:title\" content=\"Pro Consumidor vigila venta de \u00fatiles escolares para evitar ofertas con publicidad enga\u00f1osa - EL GLOBAL INFORMATIVO\" \/>\n<meta property=\"og:description\" content=\"Santo Domingo. \u2013\u00a0El Instituto Nacional de Protecci\u00f3n de los Derechos del Consumidor\u00a0(Pro Consumidor)\u00a0inform\u00f3 que mantiene un proceso de vigilancia y supervisi\u00f3n en comercios que venden \u00fatiles escolares, con el objetivo&hellip;\" \/>\n<meta property=\"og:url\" content=\"https:\/\/elglobal.do\/index.php\/2025\/08\/11\/pro-consumidor-vigila-venta-de-utiles-escolares-para-evitar-ofertas-con-publicidad-enganosa\/\" \/>\n<meta property=\"og:site_name\" content=\"EL GLOBAL INFORMATIVO\" \/>\n<meta property=\"article:published_time\" content=\"2025-08-11T18:20:10+00:00\" \/>\n<meta property=\"article:modified_time\" content=\"2025-08-11T19:14:18+00:00\" \/>\n<meta property=\"og:image\" content=\"https:\/\/elglobal.do\/wp-content\/uploads\/2025\/08\/Screenshot-2025-08-11-151218.png\" \/>\n\t<meta property=\"og:image:width\" content=\"964\" \/>\n\t<meta property=\"og:image:height\" content=\"937\" \/>\n\t<meta property=\"og:image:type\" content=\"image\/png\" \/>\n<meta name=\"author\" content=\"EL GLOBAL\" \/>\n<meta name=\"twitter:card\" content=\"summary_large_image\" \/>\n<meta name=\"twitter:label1\" content=\"Escrito por\" \/>\n\t<meta name=\"twitter:data1\" content=\"EL GLOBAL\" \/>\n\t<meta name=\"twitter:label2\" content=\"Tiempo de lectura\" \/>\n\t<meta name=\"twitter:data2\" content=\"2 minutos\" \/>\n<script type=\"application\/ld+json\" class=\"yoast-schema-graph\">{\"@context\":\"https:\/\/schema.org\",\"@graph\":[{\"@type\":\"Article\",\"@id\":\"https:\/\/elglobal.do\/index.php\/2025\/08\/11\/pro-consumidor-vigila-venta-de-utiles-escolares-para-evitar-ofertas-con-publicidad-enganosa\/#article\",\"isPartOf\":{\"@id\":\"https:\/\/elglobal.do\/index.php\/2025\/08\/11\/pro-consumidor-vigila-venta-de-utiles-escolares-para-evitar-ofertas-con-publicidad-enganosa\/\"},\"author\":{\"name\":\"EL GLOBAL\",\"@id\":\"https:\/\/elglobal.do\/#\/schema\/person\/0c97ec2c7714fb605d230c292f64d55f\"},\"headline\":\"Pro Consumidor vigila venta de \u00fatiles escolares para evitar ofertas con publicidad enga\u00f1osa\",\"datePublished\":\"2025-08-11T18:20:10+00:00\",\"dateModified\":\"2025-08-11T19:14:18+00:00\",\"mainEntityOfPage\":{\"@id\":\"https:\/\/elglobal.do\/index.php\/2025\/08\/11\/pro-consumidor-vigila-venta-de-utiles-escolares-para-evitar-ofertas-con-publicidad-enganosa\/\"},\"wordCount\":392,\"commentCount\":0,\"publisher\":{\"@id\":\"https:\/\/elglobal.do\/#organization\"},\"image\":{\"@id\":\"https:\/\/elglobal.do\/index.php\/2025\/08\/11\/pro-consumidor-vigila-venta-de-utiles-escolares-para-evitar-ofertas-con-publicidad-enganosa\/#primaryimage\"},\"thumbnailUrl\":\"https:\/\/elglobal.do\/wp-content\/uploads\/2025\/08\/Screenshot-2025-08-11-151218.png\",\"keywords\":[\"#Compras\",\"#ElGlobalInformativo\",\"#\u00fatilesescolares\"],\"articleSection\":[\"NACIONALES\"],\"inLanguage\":\"es\",\"potentialAction\":[{\"@type\":\"CommentAction\",\"name\":\"Comment\",\"target\":[\"https:\/\/elglobal.do\/index.php\/2025\/08\/11\/pro-consumidor-vigila-venta-de-utiles-escolares-para-evitar-ofertas-con-publicidad-enganosa\/#respond\"]}]},{\"@type\":\"WebPage\",\"@id\":\"https:\/\/elglobal.do\/index.php\/2025\/08\/11\/pro-consumidor-vigila-venta-de-utiles-escolares-para-evitar-ofertas-con-publicidad-enganosa\/\",\"url\":\"https:\/\/elglobal.do\/index.php\/2025\/08\/11\/pro-consumidor-vigila-venta-de-utiles-escolares-para-evitar-ofertas-con-publicidad-enganosa\/\",\"name\":\"Pro Consumidor vigila venta de \u00fatiles escolares para evitar ofertas con publicidad enga\u00f1osa - EL GLOBAL INFORMATIVO\",\"isPartOf\":{\"@id\":\"https:\/\/elglobal.do\/#website\"},\"primaryImageOfPage\":{\"@id\":\"https:\/\/elglobal.do\/index.php\/2025\/08\/11\/pro-consumidor-vigila-venta-de-utiles-escolares-para-evitar-ofertas-con-publicidad-enganosa\/#primaryimage\"},\"image\":{\"@id\":\"https:\/\/elglobal.do\/index.php\/2025\/08\/11\/pro-consumidor-vigila-venta-de-utiles-escolares-para-evitar-ofertas-con-publicidad-enganosa\/#primaryimage\"},\"thumbnailUrl\":\"https:\/\/elglobal.do\/wp-content\/uploads\/2025\/08\/Screenshot-2025-08-11-151218.png\",\"datePublished\":\"2025-08-11T18:20:10+00:00\",\"dateModified\":\"2025-08-11T19:14:18+00:00\",\"breadcrumb\":{\"@id\":\"https:\/\/elglobal.do\/index.php\/2025\/08\/11\/pro-consumidor-vigila-venta-de-utiles-escolares-para-evitar-ofertas-con-publicidad-enganosa\/#breadcrumb\"},\"inLanguage\":\"es\",\"potentialAction\":[{\"@type\":\"ReadAction\",\"target\":[\"https:\/\/elglobal.do\/index.php\/2025\/08\/11\/pro-consumidor-vigila-venta-de-utiles-escolares-para-evitar-ofertas-con-publicidad-enganosa\/\"]}]},{\"@type\":\"ImageObject\",\"inLanguage\":\"es\",\"@id\":\"https:\/\/elglobal.do\/index.php\/2025\/08\/11\/pro-consumidor-vigila-venta-de-utiles-escolares-para-evitar-ofertas-con-publicidad-enganosa\/#primaryimage\",\"url\":\"https:\/\/elglobal.do\/wp-content\/uploads\/2025\/08\/Screenshot-2025-08-11-151218.png\",\"contentUrl\":\"https:\/\/elglobal.do\/wp-content\/uploads\/2025\/08\/Screenshot-2025-08-11-151218.png\",\"width\":964,\"height\":937},{\"@type\":\"BreadcrumbList\",\"@id\":\"https:\/\/elglobal.do\/index.php\/2025\/08\/11\/pro-consumidor-vigila-venta-de-utiles-escolares-para-evitar-ofertas-con-publicidad-enganosa\/#breadcrumb\",\"itemListElement\":[{\"@type\":\"ListItem\",\"position\":1,\"name\":\"Portada\",\"item\":\"https:\/\/elglobal.do\/\"},{\"@type\":\"ListItem\",\"position\":2,\"name\":\"Pro Consumidor vigila venta de \u00fatiles escolares para evitar ofertas con publicidad enga\u00f1osa\"}]},{\"@type\":\"WebSite\",\"@id\":\"https:\/\/elglobal.do\/#website\",\"url\":\"https:\/\/elglobal.do\/\",\"name\":\"EL GLOBAL INFORMATIVO\",\"description\":\"Peri\u00f3dico digital de la Rep\u00fablica Dominicana que ofrece noticias, novedades, pol\u00edtica y las \u00faltimas actualidades, con informaci\u00f3n veraz y oportuna para mantenerte siempre informad\",\"publisher\":{\"@id\":\"https:\/\/elglobal.do\/#organization\"},\"potentialAction\":[{\"@type\":\"SearchAction\",\"target\":{\"@type\":\"EntryPoint\",\"urlTemplate\":\"https:\/\/elglobal.do\/?s={search_term_string}\"},\"query-input\":{\"@type\":\"PropertyValueSpecification\",\"valueRequired\":true,\"valueName\":\"search_term_string\"}}],\"inLanguage\":\"es\"},{\"@type\":\"Organization\",\"@id\":\"https:\/\/elglobal.do\/#organization\",\"name\":\"EL GLOBAL.DO INFORMATIVO\",\"url\":\"https:\/\/elglobal.do\/\",\"logo\":{\"@type\":\"ImageObject\",\"inLanguage\":\"es\",\"@id\":\"https:\/\/elglobal.do\/#\/schema\/logo\/image\/\",\"url\":\"https:\/\/elglobal.do\/wp-content\/uploads\/2025\/08\/icon.png\",\"contentUrl\":\"https:\/\/elglobal.do\/wp-content\/uploads\/2025\/08\/icon.png\",\"width\":512,\"height\":512,\"caption\":\"EL GLOBAL.DO INFORMATIVO\"},\"image\":{\"@id\":\"https:\/\/elglobal.do\/#\/schema\/logo\/image\/\"}},{\"@type\":\"Person\",\"@id\":\"https:\/\/elglobal.do\/#\/schema\/person\/0c97ec2c7714fb605d230c292f64d55f\",\"name\":\"EL GLOBAL\",\"image\":{\"@type\":\"ImageObject\",\"inLanguage\":\"es\",\"@id\":\"https:\/\/elglobal.do\/#\/schema\/person\/image\/\",\"url\":\"https:\/\/secure.gravatar.com\/avatar\/081cfb6cf99faddc6f4e23a0c11ab98c5cf302925382d1c88dc3ed757ab910a3?s=96&d=mm&r=g\",\"contentUrl\":\"https:\/\/secure.gravatar.com\/avatar\/081cfb6cf99faddc6f4e23a0c11ab98c5cf302925382d1c88dc3ed757ab910a3?s=96&d=mm&r=g\",\"caption\":\"EL GLOBAL\"},\"description\":\"El Global Informativo es un peri\u00f3dico digital de Rep\u00fablica Dominicana que se dedica a cubrir temas importantes, como la pol\u00edtica local, geopol\u00edtica, econom\u00eda, tecnolog\u00eda, noticias internacionales y eventos relacionados con la gesti\u00f3n social, cultural y humana. Su objetivo principal es mantener a la poblaci\u00f3n informada, ofreciendo una visi\u00f3n amplia y actualizada de lo que sucede tanto en el pa\u00eds como en el mundo. Est\u00e1 dirigido por un grupo de periodistas experimentados, lo que garantiza la calidad y la precisi\u00f3n de la informaci\u00f3n que ofrecen. Tiene su sede en la ciudad de Santo Domingo y es parte integral del portafolio de la empresa, MC Global S.R.L.\",\"sameAs\":[\"https:\/\/elglobal.do\",\"https:\/\/www.instagram.com\/elglobal.do_informativo\/\"],\"url\":\"https:\/\/elglobal.do\/index.php\/author\/elglobaluserpro\/\"}]}<\/script>\n<!-- \/ Yoast SEO plugin. -->","yoast_head_json":{"title":"Pro Consumidor vigila venta de \u00fatiles escolares para evitar ofertas con publicidad enga\u00f1osa - EL GLOBAL INFORMATIVO","robots":{"index":"index","follow":"follow","max-snippet":"max-snippet:-1","max-image-preview":"max-image-preview:large","max-video-preview":"max-video-preview:-1"},"canonical":"https:\/\/elglobal.do\/index.php\/2025\/08\/11\/pro-consumidor-vigila-venta-de-utiles-escolares-para-evitar-ofertas-con-publicidad-enganosa\/","og_locale":"es_ES","og_type":"article","og_title":"Pro Consumidor vigila venta de \u00fatiles escolares para evitar ofertas con publicidad enga\u00f1osa - EL GLOBAL INFORMATIVO","og_description":"Santo Domingo. \u2013\u00a0El Instituto Nacional de Protecci\u00f3n de los Derechos del Consumidor\u00a0(Pro Consumidor)\u00a0inform\u00f3 que mantiene un proceso de vigilancia y supervisi\u00f3n en comercios que venden \u00fatiles escolares, con el objetivo&hellip;","og_url":"https:\/\/elglobal.do\/index.php\/2025\/08\/11\/pro-consumidor-vigila-venta-de-utiles-escolares-para-evitar-ofertas-con-publicidad-enganosa\/","og_site_name":"EL GLOBAL INFORMATIVO","article_published_time":"2025-08-11T18:20:10+00:00","article_modified_time":"2025-08-11T19:14:18+00:00","og_image":[{"width":964,"height":937,"url":"https:\/\/elglobal.do\/wp-content\/uploads\/2025\/08\/Screenshot-2025-08-11-151218.png","type":"image\/png"}],"author":"EL GLOBAL","twitter_card":"summary_large_image","twitter_misc":{"Escrito por":"EL GLOBAL","Tiempo de lectura":"2 minutos"},"schema":{"@context":"https:\/\/schema.org","@graph":[{"@type":"Article","@id":"https:\/\/elglobal.do\/index.php\/2025\/08\/11\/pro-consumidor-vigila-venta-de-utiles-escolares-para-evitar-ofertas-con-publicidad-enganosa\/#article","isPartOf":{"@id":"https:\/\/elglobal.do\/index.php\/2025\/08\/11\/pro-consumidor-vigila-venta-de-utiles-escolares-para-evitar-ofertas-con-publicidad-enganosa\/"},"author":{"name":"EL GLOBAL","@id":"https:\/\/elglobal.do\/#\/schema\/person\/0c97ec2c7714fb605d230c292f64d55f"},"headline":"Pro Consumidor vigila venta de \u00fatiles escolares para evitar ofertas con publicidad enga\u00f1osa","datePublished":"2025-08-11T18:20:10+00:00","dateModified":"2025-08-11T19:14:18+00:00","mainEntityOfPage":{"@id":"https:\/\/elglobal.do\/index.php\/2025\/08\/11\/pro-consumidor-vigila-venta-de-utiles-escolares-para-evitar-ofertas-con-publicidad-enganosa\/"},"wordCount":392,"commentCount":0,"publisher":{"@id":"https:\/\/elglobal.do\/#organization"},"image":{"@id":"https:\/\/elglobal.do\/index.php\/2025\/08\/11\/pro-consumidor-vigila-venta-de-utiles-escolares-para-evitar-ofertas-con-publicidad-enganosa\/#primaryimage"},"thumbnailUrl":"https:\/\/elglobal.do\/wp-content\/uploads\/2025\/08\/Screenshot-2025-08-11-151218.png","keywords":["#Compras","#ElGlobalInformativo","#\u00fatilesescolares"],"articleSection":["NACIONALES"],"inLanguage":"es","potentialAction":[{"@type":"CommentAction","name":"Comment","target":["https:\/\/elglobal.do\/index.php\/2025\/08\/11\/pro-consumidor-vigila-venta-de-utiles-escolares-para-evitar-ofertas-con-publicidad-enganosa\/#respond"]}]},{"@type":"WebPage","@id":"https:\/\/elglobal.do\/index.php\/2025\/08\/11\/pro-consumidor-vigila-venta-de-utiles-escolares-para-evitar-ofertas-con-publicidad-enganosa\/","url":"https:\/\/elglobal.do\/index.php\/2025\/08\/11\/pro-consumidor-vigila-venta-de-utiles-escolares-para-evitar-ofertas-con-publicidad-enganosa\/","name":"Pro Consumidor vigila venta de \u00fatiles escolares para evitar ofertas con publicidad enga\u00f1osa - EL GLOBAL INFORMATIVO","isPartOf":{"@id":"https:\/\/elglobal.do\/#website"},"primaryImageOfPage":{"@id":"https:\/\/elglobal.do\/index.php\/2025\/08\/11\/pro-consumidor-vigila-venta-de-utiles-escolares-para-evitar-ofertas-con-publicidad-enganosa\/#primaryimage"},"image":{"@id":"https:\/\/elglobal.do\/index.php\/2025\/08\/11\/pro-consumidor-vigila-venta-de-utiles-escolares-para-evitar-ofertas-con-publicidad-enganosa\/#primaryimage"},"thumbnailUrl":"https:\/\/elglobal.do\/wp-content\/uploads\/2025\/08\/Screenshot-2025-08-11-151218.png","datePublished":"2025-08-11T18:20:10+00:00","dateModified":"2025-08-11T19:14:18+00:00","breadcrumb":{"@id":"https:\/\/elglobal.do\/index.php\/2025\/08\/11\/pro-consumidor-vigila-venta-de-utiles-escolares-para-evitar-ofertas-con-publicidad-enganosa\/#breadcrumb"},"inLanguage":"es","potentialAction":[{"@type":"ReadAction","target":["https:\/\/elglobal.do\/index.php\/2025\/08\/11\/pro-consumidor-vigila-venta-de-utiles-escolares-para-evitar-ofertas-con-publicidad-enganosa\/"]}]},{"@type":"ImageObject","inLanguage":"es","@id":"https:\/\/elglobal.do\/index.php\/2025\/08\/11\/pro-consumidor-vigila-venta-de-utiles-escolares-para-evitar-ofertas-con-publicidad-enganosa\/#primaryimage","url":"https:\/\/elglobal.do\/wp-content\/uploads\/2025\/08\/Screenshot-2025-08-11-151218.png","contentUrl":"https:\/\/elglobal.do\/wp-content\/uploads\/2025\/08\/Screenshot-2025-08-11-151218.png","width":964,"height":937},{"@type":"BreadcrumbList","@id":"https:\/\/elglobal.do\/index.php\/2025\/08\/11\/pro-consumidor-vigila-venta-de-utiles-escolares-para-evitar-ofertas-con-publicidad-enganosa\/#breadcrumb","itemListElement":[{"@type":"ListItem","position":1,"name":"Portada","item":"https:\/\/elglobal.do\/"},{"@type":"ListItem","position":2,"name":"Pro Consumidor vigila venta de \u00fatiles escolares para evitar ofertas con publicidad enga\u00f1osa"}]},{"@type":"WebSite","@id":"https:\/\/elglobal.do\/#website","url":"https:\/\/elglobal.do\/","name":"EL GLOBAL INFORMATIVO","description":"Peri\u00f3dico digital de la Rep\u00fablica Dominicana que ofrece noticias, novedades, pol\u00edtica y las \u00faltimas actualidades, con informaci\u00f3n veraz y oportuna para mantenerte siempre informad","publisher":{"@id":"https:\/\/elglobal.do\/#organization"},"potentialAction":[{"@type":"SearchAction","target":{"@type":"EntryPoint","urlTemplate":"https:\/\/elglobal.do\/?s={search_term_string}"},"query-input":{"@type":"PropertyValueSpecification","valueRequired":true,"valueName":"search_term_string"}}],"inLanguage":"es"},{"@type":"Organization","@id":"https:\/\/elglobal.do\/#organization","name":"EL GLOBAL.DO INFORMATIVO","url":"https:\/\/elglobal.do\/","logo":{"@type":"ImageObject","inLanguage":"es","@id":"https:\/\/elglobal.do\/#\/schema\/logo\/image\/","url":"https:\/\/elglobal.do\/wp-content\/uploads\/2025\/08\/icon.png","contentUrl":"https:\/\/elglobal.do\/wp-content\/uploads\/2025\/08\/icon.png","width":512,"height":512,"caption":"EL GLOBAL.DO INFORMATIVO"},"image":{"@id":"https:\/\/elglobal.do\/#\/schema\/logo\/image\/"}},{"@type":"Person","@id":"https:\/\/elglobal.do\/#\/schema\/person\/0c97ec2c7714fb605d230c292f64d55f","name":"EL GLOBAL","image":{"@type":"ImageObject","inLanguage":"es","@id":"https:\/\/elglobal.do\/#\/schema\/person\/image\/","url":"https:\/\/secure.gravatar.com\/avatar\/081cfb6cf99faddc6f4e23a0c11ab98c5cf302925382d1c88dc3ed757ab910a3?s=96&d=mm&r=g","contentUrl":"https:\/\/secure.gravatar.com\/avatar\/081cfb6cf99faddc6f4e23a0c11ab98c5cf302925382d1c88dc3ed757ab910a3?s=96&d=mm&r=g","caption":"EL GLOBAL"},"description":"El Global Informativo es un peri\u00f3dico digital de Rep\u00fablica Dominicana que se dedica a cubrir temas importantes, como la pol\u00edtica local, geopol\u00edtica, econom\u00eda, tecnolog\u00eda, noticias internacionales y eventos relacionados con la gesti\u00f3n social, cultural y humana. Su objetivo principal es mantener a la poblaci\u00f3n informada, ofreciendo una visi\u00f3n amplia y actualizada de lo que sucede tanto en el pa\u00eds como en el mundo. Est\u00e1 dirigido por un grupo de periodistas experimentados, lo que garantiza la calidad y la precisi\u00f3n de la informaci\u00f3n que ofrecen. Tiene su sede en la ciudad de Santo Domingo y es parte integral del portafolio de la empresa, MC Global S.R.L.","sameAs":["https:\/\/elglobal.do","https:\/\/www.instagram.com\/elglobal.do_informativo\/"],"url":"https:\/\/elglobal.do\/index.php\/author\/elglobaluserpro\/"}]}},"jetpack_featured_media_url":"https:\/\/elglobal.do\/wp-content\/uploads\/2025\/08\/Screenshot-2025-08-11-151218.png","jetpack_sharing_enabled":true,"_links":{"self":[{"href":"https:\/\/elglobal.do\/index.php\/wp-json\/wp\/v2\/posts\/996","targetHints":{"allow":["GET"]}}],"collection":[{"href":"https:\/\/elglobal.do\/index.php\/wp-json\/wp\/v2\/posts"}],"about":[{"href":"https:\/\/elglobal.do\/index.php\/wp-json\/wp\/v2\/types\/post"}],"author":[{"embeddable":true,"href":"https:\/\/elglobal.do\/index.php\/wp-json\/wp\/v2\/users\/1"}],"replies":[{"embeddable":true,"href":"https:\/\/elglobal.do\/index.php\/wp-json\/wp\/v2\/comments?post=996"}],"version-history":[{"count":1,"href":"https:\/\/elglobal.do\/index.php\/wp-json\/wp\/v2\/posts\/996\/revisions"}],"predecessor-version":[{"id":999,"href":"https:\/\/elglobal.do\/index.php\/wp-json\/wp\/v2\/posts\/996\/revisions\/999"}],"wp:featuredmedia":[{"embeddable":true,"href":"https:\/\/elglobal.do\/index.php\/wp-json\/wp\/v2\/media\/1009"}],"wp:attachment":[{"href":"https:\/\/elglobal.do\/index.php\/wp-json\/wp\/v2\/media?parent=996"}],"wp:term":[{"taxonomy":"category","embeddable":true,"href":"https:\/\/elglobal.do\/index.php\/wp-json\/wp\/v2\/categories?post=996"},{"taxonomy":"post_tag","embeddable":true,"href":"https:\/\/elglobal.do\/index.php\/wp-json\/wp\/v2\/tags?post=996"}],"curies":[{"name":"wp","href":"https:\/\/api.w.org\/{rel}","templated":true}]}}